{"id":720,"date":"2022-10-27T14:46:52","date_gmt":"2022-10-27T17:46:52","guid":{"rendered":"https:\/\/dynamictravel.com.br\/blog\/?p=720"},"modified":"2024-12-20T16:22:48","modified_gmt":"2024-12-20T19:22:48","slug":"principais-atualizacoes-do-mes-de-outubro-sobre-o-mercado-das-viagens-corporativas","status":"publish","type":"post","link":"https:\/\/dynamictravel.com.br\/blog\/principais-atualizacoes-do-mes-de-outubro-sobre-o-mercado-das-viagens-corporativas\/","title":{"rendered":"Principais atualiza\u00e7\u00f5es do m\u00eas de outubro sobre o mercado das viagens corporativas"},"content":{"rendered":"\n<p><a href=\"https:\/\/www.linkedin.com\/company\/15260704\" target=\"_blank\" rel=\"noopener\"><br><\/a><br><img loading=\"lazy\" decoding=\"async\" width=\"1024\" height=\"1024\" src=\"http:\/\/dynamictravel.com.br\/blog\/wp-content\/uploads\/2022\/07\/MicrosoftTeams-image-46.jpg\" alt=\"\"><br><br><\/p>\n\n\n\n<p>Com o intuito de manter seus leitores sempre bem informados, a Dynamic Travel publica regularmente, em seu site, as principais atualiza\u00e7\u00f5es do Brasil e do mundo relacionadas \u00e0s viagens corporativas. Confira a seguir o compilado de todas as mat\u00e9rias publicadas no m\u00eas de outubro.<\/p>\n\n\n\n<div class=\"wp-block-uagb-advanced-heading uagb-block-c48e803f\"><h2 class=\"uagb-heading-text\"><strong>Copa do Mundo altera rotina das viagens corporativas<\/strong><\/h2><\/div>\n\n\n\n<div class=\"wp-block-uagb-separator uagb-block-792ffcc6\"><div class=\"wp-block-uagb-separator__inner\" style=\"--my-background-image:\"><\/div><\/div>\n\n\n\n<p>A Copa do Mundo 2022 est\u00e1 se aproximando, e, apesar de acontecer a quase 12 mil quil\u00f4metros de dist\u00e2ncia do Brasil, a Copa tem grande influ\u00eancia na economia brasileira, inclusive no turismo corporativo.<\/p>\n\n\n\n<p>Os jogos da Copa acontecer\u00e3o em dias \u00fateis, dentro do hor\u00e1rio comercial brasileiro, com partidas que se iniciam \u00e0s 13 e \u00e0s 16 horas durante a primeira fase.<\/p>\n\n\n\n<p>Deste modo, a tend\u00eancia dentro das viagens corporativas \u00e9 que os viajantes que circulam a neg\u00f3cios busquem datas alternativas \u00e0s dos jogos do Brasil para visitar clientes, parceiros e realizar encontros com outros colaboradores. Outra consequ\u00eancia \u00e9 o poss\u00edvel aumento de pre\u00e7o nas passagens nesse per\u00edodo.<\/p>\n\n\n\n<p>Por isso, ficar atento para aproveitar as oportunidades ser\u00e1 uma \u00f3tima jogada. No aeroporto, a biometria facial acontece na entrada da sala de embarque, onde totens realizam a leitura biom\u00e9trica da face, verificando o cadastro do passageiro e a exist\u00eancia do cart\u00e3o de embarque v\u00e1lido. Ap\u00f3s essa etapa, a biometria ser\u00e1 realizada novamente no port\u00e3o de embarque, no momento de ingresso na aeronave.<\/p>\n\n\n\n<p>Cabe ressaltar que os viajantes ainda poder\u00e3o optar pelos procedimentos tradicionais de check-in e embarque.<\/p>\n\n\n\n<p><strong>Fonte: Portal O Tempo<\/strong><br>(Publicado: 14\/10\/2022)<\/p>\n\n\n\n<hr class=\"wp-block-separator has-alpha-channel-opacity\" \/>\n\n\n\n<div class=\"wp-block-uagb-advanced-heading uagb-block-3a23b51a\"><h2 class=\"uagb-heading-text\"><strong>Aeroporto de Bras\u00edlia altera numera\u00e7\u00e3o dos port\u00f5es de embarque<\/strong><\/h2><\/div>\n\n\n\n<div class=\"wp-block-uagb-separator uagb-block-b2b63715\"><div class=\"wp-block-uagb-separator__inner\" style=\"--my-background-image:\"><\/div><\/div>\n\n\n\n<p>Desde 18 de outubro, os port\u00f5es de embarque do Aeroporto de Bras\u00edlia t\u00eam uma nova numera\u00e7\u00e3o. A mudan\u00e7a aconteceu devido \u00e0 inclus\u00e3o de dois novos port\u00f5es de embarque que est\u00e3o sendo constru\u00eddos para atender \u00e0 demanda nos hor\u00e1rios mais movimentados.<\/p>\n\n\n\n<p>A nova identifica\u00e7\u00e3o visa melhorar a localiza\u00e7\u00e3o e a orienta\u00e7\u00e3o dos usu\u00e1rios. O aeroporto permanece com o mesmo desenho, por\u00e9m os port\u00f5es internacionais passaram a ganhar uma identifica\u00e7\u00e3o num\u00e9rica, e n\u00e3o mais alfab\u00e9tica. Agora a numera\u00e7\u00e3o de todo o terminal parte do port\u00e3o 1 e vai at\u00e9 o port\u00e3o 51.<\/p>\n\n\n\n<p>\u00c9 recomendado que os viajantes cheguem ao aeroporto com anteced\u00eancia e permane\u00e7am atentos \u00e0s sinaliza\u00e7\u00f5es ao buscarem o seu port\u00e3o de voo.&nbsp;<\/p>\n\n\n\n<p>Todas as equipes do Aeroporto de Bras\u00edlia est\u00e3o recebendo treinamento para atender e auxiliar os passageiros.<\/p>\n\n\n\n<p><strong>Fonte: Panrotas<\/strong><br>(Publicado 20\/10\/2022)<\/p>\n\n\n\n<hr class=\"wp-block-separator has-alpha-channel-opacity\" \/>\n\n\n\n<div class=\"wp-block-uagb-advanced-heading uagb-block-e8002a64\"><h2 class=\"uagb-heading-text\"><strong>Tr\u00eas novos aeroportos brasileiros recebem certifica\u00e7\u00e3o ambiental<\/strong><\/h2><\/div>\n\n\n\n<div class=\"wp-block-uagb-separator uagb-block-10ab13c0\"><div class=\"wp-block-uagb-separator__inner\" style=\"--my-background-image:\"><\/div><\/div>\n\n\n\n<p><span style=\"font-family: Roboto, sans-serif\">O ACI Airport Carbon Accreditation \u00e9 o \u00fanico programa global de certifica\u00e7\u00e3o para o gerenciamento de carbono aprovado para aeroportos. Ele analisa e qualifica, de forma independente, o empenho dos aeroportos para administrar e diminuir suas emiss\u00f5es de carbono.<\/span><\/p>\n\n\n\n<p><span style=\"font-family: Roboto, sans-serif\">No Brasil 6 aeroportos j\u00e1 s\u00e3o certificados e recentemente mais tr\u00eas receberam sua certifica\u00e7\u00e3o:\u00a0 Aeroporto Internacional de Florian\u00f3polis, Aeroporto Internacional de Vit\u00f3ria e Aeroporto de Maca\u00e9, de acordo com o Conselho Internacional de Aeroportos para Am\u00e9rica Latina e Caribe (ACI-LAC).<\/span><\/p>\n\n\n\n<p><span style=\"font-family: Roboto, sans-serif\">O aumento das certifica\u00e7\u00f5es no Brasil comprova e impulsiona o avan\u00e7o da sustentabilidade no ramo a\u00e9reo brasileiro.<\/span><\/p>\n\n\n\n<p><strong>Fonte: Panrotas<\/strong><br>Publicado (27\/10\/2022)<\/p>\n\n\n\n<hr class=\"wp-block-separator has-alpha-channel-opacity\" \/>\n\n\n\n<p><b style=\"letter-spacing: var(--bodyLetterSpacing);text-transform: var(--bodyTextTransform);font-family: var( --e-global-typography-text-font-family ), Sans-serif;font-size: var(--bodyFontSize);background-color: var(--nv-site-bg)\">Acesse o&nbsp;<\/b><a style=\"letter-spacing: var(--bodyLetterSpacing);text-transform: var(--bodyTextTransform);font-family: var( --e-global-typography-text-font-family ), Sans-serif;font-weight: var( --e-global-typography-text-font-weight );font-size: var(--bodyFontSize);background-color: var(--nv-site-bg)\" href=\"https:\/\/dynamictravel.com.br\/\" target=\"_blank\" rel=\"noopener\"><b>site<\/b><\/a><b style=\"letter-spacing: var(--bodyLetterSpacing);text-transform: var(--bodyTextTransform);font-family: var( --e-global-typography-text-font-family ), Sans-serif;font-size: var(--bodyFontSize);background-color: var(--nv-site-bg)\">&nbsp;e esteja sempre bem informado com a Dynamic Travel<\/b><\/p>\n","protected":false},"excerpt":{"rendered":"<p>Outubro: Confira as principais atualiza\u00e7\u00f5es do mercado das viagens corporativas.<\/p>\n","protected":false},"author":4,"featured_media":578,"comment_status":"open","ping_status":"open","sticky":false,"template":"","format":"standard","meta":{"_uag_custom_page_level_css":"","site-sidebar-layout":"default","site-content-layout":"","ast-site-content-layout":"","site-content-style":"default","site-sidebar-style":"default","ast-global-header-display":"","ast-banner-title-visibility":"","ast-main-header-display":"","ast-hfb-above-header-display":"","ast-hfb-below-header-display":"","ast-hfb-mobile-header-display":"","site-post-title":"","ast-breadcrumbs-content":"","ast-featured-img":"","footer-sml-layout":"","theme-transparent-header-meta":"","adv-header-id-meta":"","stick-header-meta":"","header-above-stick-meta":"","header-main-stick-meta":"","header-below-stick-meta":"","astra-migrate-meta-layouts":"default","ast-page-background-enabled":"default","ast-page-background-meta":{"desktop":{"background-color":"var(--ast-global-color-4)","background-image":"","background-repeat":"repeat","background-position":"center center","background-size":"auto","background-attachment":"scroll","background-type":"","background-media":"","overlay-type":"","overlay-color":"","overlay-opacity":"","overlay-gradient":""},"tablet":{"background-color":"","background-image":"","background-repeat":"repeat","background-position":"center center","background-size":"auto","background-attachment":"scroll","background-type":"","background-media":"","overlay-type":"","overlay-color":"","overlay-opacity":"","overlay-gradient":""},"mobile":{"background-color":"","background-image":"","background-repeat":"repeat","background-position":"center center","background-size":"auto","background-attachment":"scroll","background-type":"","background-media":"","overlay-type":"","overlay-color":"","overlay-opacity":"","overlay-gradient":""}},"ast-content-background-meta":{"desktop":{"background-color":"var(--ast-global-color-5)","background-image":"","background-repeat":"repeat","background-position":"center center","background-size":"auto","background-attachment":"scroll","background-type":"","background-media":"","overlay-type":"","overlay-color":"","overlay-opacity":"","overlay-gradient":""},"tablet":{"background-color":"var(--ast-global-color-5)","background-image":"","background-repeat":"repeat","background-position":"center center","background-size":"auto","background-attachment":"scroll","background-type":"","background-media":"","overlay-type":"","overlay-color":"","overlay-opacity":"","overlay-gradient":""},"mobile":{"background-color":"var(--ast-global-color-5)","background-image":"","background-repeat":"repeat","background-position":"center center","background-size":"auto","background-attachment":"scroll","background-type":"","background-media":"","overlay-type":"","overlay-color":"","overlay-opacity":"","overlay-gradient":""}},"footnotes":""},"categories":[3],"tags":[31,48,47,20,22,14,32],"class_list":["post-720","post","type-post","status-publish","format-standard","has-post-thumbnail","hentry","category-mercado","tag-agenciadeviagenscorporativas","tag-atualizacoescovid19","tag-covid-19","tag-gestaodeviagens","tag-turismocorporativo","tag-viagenscorporativas","tag-viagensparaempresas"],"yoast_head":"<!-- This site is optimized with the Yoast SEO plugin v24.4 - https:\/\/yoast.com\/wordpress\/plugins\/seo\/ -->\n<title>Principais atualiza\u00e7\u00f5es do m\u00eas de outubro sobre o mercado das viagens corporativas - Blog Dynamic Travel<\/title>\n<meta name=\"description\" content=\"Confira as principais atualiza\u00e7\u00f5es sobre o mercado das viagens corporativas.\" \/>\n<meta name=\"robots\" content=\"index, follow, max-snippet:-1, max-image-preview:large, max-video-preview:-1\" \/>\n<link rel=\"canonical\" href=\"https:\/\/dynamictravel.com.br\/blog\/principais-atualizacoes-do-mes-de-outubro-sobre-o-mercado-das-viagens-corporativas\/\" \/>\n<meta property=\"og:locale\" content=\"pt_BR\" \/>\n<meta property=\"og:type\" content=\"article\" \/>\n<meta property=\"og:title\" content=\"Principais atualiza\u00e7\u00f5es do m\u00eas de outubro sobre o mercado das viagens corporativas - Blog Dynamic Travel\" \/>\n<meta property=\"og:description\" content=\"Confira as principais atualiza\u00e7\u00f5es sobre o mercado das viagens corporativas.\" \/>\n<meta property=\"og:url\" content=\"https:\/\/dynamictravel.com.br\/blog\/principais-atualizacoes-do-mes-de-outubro-sobre-o-mercado-das-viagens-corporativas\/\" \/>\n<meta property=\"og:site_name\" content=\"Blog Dynamic Travel\" \/>\n<meta property=\"article:published_time\" content=\"2022-10-27T17:46:52+00:00\" \/>\n<meta property=\"article:modified_time\" content=\"2024-12-20T19:22:48+00:00\" \/>\n<meta property=\"og:image\" content=\"https:\/\/dynamictravel.com.br\/blog\/wp-content\/uploads\/2022\/07\/MicrosoftTeams-image-46.jpg\" \/>\n\t<meta property=\"og:image:width\" content=\"1024\" \/>\n\t<meta property=\"og:image:height\" content=\"1024\" \/>\n\t<meta property=\"og:image:type\" content=\"image\/jpeg\" \/>\n<meta name=\"author\" content=\"Reda\u00e7\u00e3o Dynamic Travel\" \/>\n<meta name=\"twitter:card\" content=\"summary_large_image\" \/>\n<meta name=\"twitter:label1\" content=\"Escrito por\" \/>\n\t<meta name=\"twitter:data1\" content=\"Reda\u00e7\u00e3o Dynamic Travel\" \/>\n\t<meta name=\"twitter:label2\" content=\"Est. tempo de leitura\" \/>\n\t<meta name=\"twitter:data2\" content=\"4 minutos\" \/>\n<script type=\"application\/ld+json\" class=\"yoast-schema-graph\">{\"@context\":\"https:\/\/schema.org\",\"@graph\":[{\"@type\":\"Article\",\"@id\":\"https:\/\/dynamictravel.com.br\/blog\/principais-atualizacoes-do-mes-de-outubro-sobre-o-mercado-das-viagens-corporativas\/#article\",\"isPartOf\":{\"@id\":\"https:\/\/dynamictravel.com.br\/blog\/principais-atualizacoes-do-mes-de-outubro-sobre-o-mercado-das-viagens-corporativas\/\"},\"author\":{\"name\":\"Reda\u00e7\u00e3o Dynamic Travel\",\"@id\":\"https:\/\/dynamictravel.com.br\/blog\/#\/schema\/person\/e7178e0a0ffb297c221bb32117d9745f\"},\"headline\":\"Principais atualiza\u00e7\u00f5es do m\u00eas de outubro sobre o mercado das viagens corporativas\",\"datePublished\":\"2022-10-27T17:46:52+00:00\",\"dateModified\":\"2024-12-20T19:22:48+00:00\",\"mainEntityOfPage\":{\"@id\":\"https:\/\/dynamictravel.com.br\/blog\/principais-atualizacoes-do-mes-de-outubro-sobre-o-mercado-das-viagens-corporativas\/\"},\"wordCount\":569,\"commentCount\":0,\"publisher\":{\"@id\":\"https:\/\/dynamictravel.com.br\/blog\/#organization\"},\"image\":{\"@id\":\"https:\/\/dynamictravel.com.br\/blog\/principais-atualizacoes-do-mes-de-outubro-sobre-o-mercado-das-viagens-corporativas\/#primaryimage\"},\"thumbnailUrl\":\"https:\/\/dynamictravel.com.br\/blog\/wp-content\/uploads\/2022\/07\/MicrosoftTeams-image-46.jpg\",\"keywords\":[\"agenciadeviagenscorporativas\",\"atualiza\u00e7\u00f5escovid19\",\"covid-19\",\"gestaodeviagens\",\"turismocorporativo\",\"viagenscorporativas\",\"viagensparaempresas\"],\"articleSection\":[\"Mercado\"],\"inLanguage\":\"pt-BR\",\"potentialAction\":[{\"@type\":\"CommentAction\",\"name\":\"Comment\",\"target\":[\"https:\/\/dynamictravel.com.br\/blog\/principais-atualizacoes-do-mes-de-outubro-sobre-o-mercado-das-viagens-corporativas\/#respond\"]}]},{\"@type\":\"WebPage\",\"@id\":\"https:\/\/dynamictravel.com.br\/blog\/principais-atualizacoes-do-mes-de-outubro-sobre-o-mercado-das-viagens-corporativas\/\",\"url\":\"https:\/\/dynamictravel.com.br\/blog\/principais-atualizacoes-do-mes-de-outubro-sobre-o-mercado-das-viagens-corporativas\/\",\"name\":\"Principais atualiza\u00e7\u00f5es do m\u00eas de outubro sobre o mercado das viagens corporativas - Blog Dynamic Travel\",\"isPartOf\":{\"@id\":\"https:\/\/dynamictravel.com.br\/blog\/#website\"},\"primaryImageOfPage\":{\"@id\":\"https:\/\/dynamictravel.com.br\/blog\/principais-atualizacoes-do-mes-de-outubro-sobre-o-mercado-das-viagens-corporativas\/#primaryimage\"},\"image\":{\"@id\":\"https:\/\/dynamictravel.com.br\/blog\/principais-atualizacoes-do-mes-de-outubro-sobre-o-mercado-das-viagens-corporativas\/#primaryimage\"},\"thumbnailUrl\":\"https:\/\/dynamictravel.com.br\/blog\/wp-content\/uploads\/2022\/07\/MicrosoftTeams-image-46.jpg\",\"datePublished\":\"2022-10-27T17:46:52+00:00\",\"dateModified\":\"2024-12-20T19:22:48+00:00\",\"description\":\"Confira as principais atualiza\u00e7\u00f5es sobre o mercado das viagens corporativas.\",\"breadcrumb\":{\"@id\":\"https:\/\/dynamictravel.com.br\/blog\/principais-atualizacoes-do-mes-de-outubro-sobre-o-mercado-das-viagens-corporativas\/#breadcrumb\"},\"inLanguage\":\"pt-BR\",\"potentialAction\":[{\"@type\":\"ReadAction\",\"target\":[\"https:\/\/dynamictravel.com.br\/blog\/principais-atualizacoes-do-mes-de-outubro-sobre-o-mercado-das-viagens-corporativas\/\"]}]},{\"@type\":\"ImageObject\",\"inLanguage\":\"pt-BR\",\"@id\":\"https:\/\/dynamictravel.com.br\/blog\/principais-atualizacoes-do-mes-de-outubro-sobre-o-mercado-das-viagens-corporativas\/#primaryimage\",\"url\":\"https:\/\/dynamictravel.com.br\/blog\/wp-content\/uploads\/2022\/07\/MicrosoftTeams-image-46.jpg\",\"contentUrl\":\"https:\/\/dynamictravel.com.br\/blog\/wp-content\/uploads\/2022\/07\/MicrosoftTeams-image-46.jpg\",\"width\":1024,\"height\":1024},{\"@type\":\"BreadcrumbList\",\"@id\":\"https:\/\/dynamictravel.com.br\/blog\/principais-atualizacoes-do-mes-de-outubro-sobre-o-mercado-das-viagens-corporativas\/#breadcrumb\",\"itemListElement\":[{\"@type\":\"ListItem\",\"position\":1,\"name\":\"In\u00edcio\",\"item\":\"https:\/\/dynamictravel.com.br\/blog\/\"},{\"@type\":\"ListItem\",\"position\":2,\"name\":\"Principais atualiza\u00e7\u00f5es do m\u00eas de outubro sobre o mercado das viagens corporativas\"}]},{\"@type\":\"WebSite\",\"@id\":\"https:\/\/dynamictravel.com.br\/blog\/#website\",\"url\":\"https:\/\/dynamictravel.com.br\/blog\/\",\"name\":\"Blog Dynamic Travel\",\"description\":\"Ag\u00eancia de Viagens Corporativas\",\"publisher\":{\"@id\":\"https:\/\/dynamictravel.com.br\/blog\/#organization\"},\"potentialAction\":[{\"@type\":\"SearchAction\",\"target\":{\"@type\":\"EntryPoint\",\"urlTemplate\":\"https:\/\/dynamictravel.com.br\/blog\/?s={search_term_string}\"},\"query-input\":{\"@type\":\"PropertyValueSpecification\",\"valueRequired\":true,\"valueName\":\"search_term_string\"}}],\"inLanguage\":\"pt-BR\"},{\"@type\":\"Organization\",\"@id\":\"https:\/\/dynamictravel.com.br\/blog\/#organization\",\"name\":\"Blog Dynamic Travel\",\"url\":\"https:\/\/dynamictravel.com.br\/blog\/\",\"logo\":{\"@type\":\"ImageObject\",\"inLanguage\":\"pt-BR\",\"@id\":\"https:\/\/dynamictravel.com.br\/blog\/#\/schema\/logo\/image\/\",\"url\":\"https:\/\/dynamictravel.com.br\/blog\/wp-content\/uploads\/2024\/10\/logo-dynamic-travel.webp\",\"contentUrl\":\"https:\/\/dynamictravel.com.br\/blog\/wp-content\/uploads\/2024\/10\/logo-dynamic-travel.webp\",\"width\":320,\"height\":111,\"caption\":\"Blog Dynamic Travel\"},\"image\":{\"@id\":\"https:\/\/dynamictravel.com.br\/blog\/#\/schema\/logo\/image\/\"}},{\"@type\":\"Person\",\"@id\":\"https:\/\/dynamictravel.com.br\/blog\/#\/schema\/person\/e7178e0a0ffb297c221bb32117d9745f\",\"name\":\"Reda\u00e7\u00e3o Dynamic Travel\",\"image\":{\"@type\":\"ImageObject\",\"inLanguage\":\"pt-BR\",\"@id\":\"https:\/\/dynamictravel.com.br\/blog\/#\/schema\/person\/image\/\",\"url\":\"https:\/\/secure.gravatar.com\/avatar\/1eb4bf102438663c299bc91dd2b1095c?s=96&d=mm&r=g\",\"contentUrl\":\"https:\/\/secure.gravatar.com\/avatar\/1eb4bf102438663c299bc91dd2b1095c?s=96&d=mm&r=g\",\"caption\":\"Reda\u00e7\u00e3o Dynamic Travel\"},\"sameAs\":[\"https:\/\/dynamictravel.com.br\"],\"url\":\"https:\/\/dynamictravel.com.br\/blog\/author\/redacao\/\"}]}<\/script>\n<!-- \/ Yoast SEO plugin. -->","yoast_head_json":{"title":"Principais atualiza\u00e7\u00f5es do m\u00eas de outubro sobre o mercado das viagens corporativas - Blog Dynamic Travel","description":"Confira as principais atualiza\u00e7\u00f5es sobre o mercado das viagens corporativas.","robots":{"index":"index","follow":"follow","max-snippet":"max-snippet:-1","max-image-preview":"max-image-preview:large","max-video-preview":"max-video-preview:-1"},"canonical":"https:\/\/dynamictravel.com.br\/blog\/principais-atualizacoes-do-mes-de-outubro-sobre-o-mercado-das-viagens-corporativas\/","og_locale":"pt_BR","og_type":"article","og_title":"Principais atualiza\u00e7\u00f5es do m\u00eas de outubro sobre o mercado das viagens corporativas - Blog Dynamic Travel","og_description":"Confira as principais atualiza\u00e7\u00f5es sobre o mercado das viagens corporativas.","og_url":"https:\/\/dynamictravel.com.br\/blog\/principais-atualizacoes-do-mes-de-outubro-sobre-o-mercado-das-viagens-corporativas\/","og_site_name":"Blog Dynamic Travel","article_published_time":"2022-10-27T17:46:52+00:00","article_modified_time":"2024-12-20T19:22:48+00:00","og_image":[{"width":1024,"height":1024,"url":"https:\/\/dynamictravel.com.br\/blog\/wp-content\/uploads\/2022\/07\/MicrosoftTeams-image-46.jpg","type":"image\/jpeg"}],"author":"Reda\u00e7\u00e3o Dynamic Travel","twitter_card":"summary_large_image","twitter_misc":{"Escrito por":"Reda\u00e7\u00e3o Dynamic Travel","Est. tempo de leitura":"4 minutos"},"schema":{"@context":"https:\/\/schema.org","@graph":[{"@type":"Article","@id":"https:\/\/dynamictravel.com.br\/blog\/principais-atualizacoes-do-mes-de-outubro-sobre-o-mercado-das-viagens-corporativas\/#article","isPartOf":{"@id":"https:\/\/dynamictravel.com.br\/blog\/principais-atualizacoes-do-mes-de-outubro-sobre-o-mercado-das-viagens-corporativas\/"},"author":{"name":"Reda\u00e7\u00e3o Dynamic Travel","@id":"https:\/\/dynamictravel.com.br\/blog\/#\/schema\/person\/e7178e0a0ffb297c221bb32117d9745f"},"headline":"Principais atualiza\u00e7\u00f5es do m\u00eas de outubro sobre o mercado das viagens corporativas","datePublished":"2022-10-27T17:46:52+00:00","dateModified":"2024-12-20T19:22:48+00:00","mainEntityOfPage":{"@id":"https:\/\/dynamictravel.com.br\/blog\/principais-atualizacoes-do-mes-de-outubro-sobre-o-mercado-das-viagens-corporativas\/"},"wordCount":569,"commentCount":0,"publisher":{"@id":"https:\/\/dynamictravel.com.br\/blog\/#organization"},"image":{"@id":"https:\/\/dynamictravel.com.br\/blog\/principais-atualizacoes-do-mes-de-outubro-sobre-o-mercado-das-viagens-corporativas\/#primaryimage"},"thumbnailUrl":"https:\/\/dynamictravel.com.br\/blog\/wp-content\/uploads\/2022\/07\/MicrosoftTeams-image-46.jpg","keywords":["agenciadeviagenscorporativas","atualiza\u00e7\u00f5escovid19","covid-19","gestaodeviagens","turismocorporativo","viagenscorporativas","viagensparaempresas"],"articleSection":["Mercado"],"inLanguage":"pt-BR","potentialAction":[{"@type":"CommentAction","name":"Comment","target":["https:\/\/dynamictravel.com.br\/blog\/principais-atualizacoes-do-mes-de-outubro-sobre-o-mercado-das-viagens-corporativas\/#respond"]}]},{"@type":"WebPage","@id":"https:\/\/dynamictravel.com.br\/blog\/principais-atualizacoes-do-mes-de-outubro-sobre-o-mercado-das-viagens-corporativas\/","url":"https:\/\/dynamictravel.com.br\/blog\/principais-atualizacoes-do-mes-de-outubro-sobre-o-mercado-das-viagens-corporativas\/","name":"Principais atualiza\u00e7\u00f5es do m\u00eas de outubro sobre o mercado das viagens corporativas - Blog Dynamic Travel","isPartOf":{"@id":"https:\/\/dynamictravel.com.br\/blog\/#website"},"primaryImageOfPage":{"@id":"https:\/\/dynamictravel.com.br\/blog\/principais-atualizacoes-do-mes-de-outubro-sobre-o-mercado-das-viagens-corporativas\/#primaryimage"},"image":{"@id":"https:\/\/dynamictravel.com.br\/blog\/principais-atualizacoes-do-mes-de-outubro-sobre-o-mercado-das-viagens-corporativas\/#primaryimage"},"thumbnailUrl":"https:\/\/dynamictravel.com.br\/blog\/wp-content\/uploads\/2022\/07\/MicrosoftTeams-image-46.jpg","datePublished":"2022-10-27T17:46:52+00:00","dateModified":"2024-12-20T19:22:48+00:00","description":"Confira as principais atualiza\u00e7\u00f5es sobre o mercado das viagens corporativas.","breadcrumb":{"@id":"https:\/\/dynamictravel.com.br\/blog\/principais-atualizacoes-do-mes-de-outubro-sobre-o-mercado-das-viagens-corporativas\/#breadcrumb"},"inLanguage":"pt-BR","potentialAction":[{"@type":"ReadAction","target":["https:\/\/dynamictravel.com.br\/blog\/principais-atualizacoes-do-mes-de-outubro-sobre-o-mercado-das-viagens-corporativas\/"]}]},{"@type":"ImageObject","inLanguage":"pt-BR","@id":"https:\/\/dynamictravel.com.br\/blog\/principais-atualizacoes-do-mes-de-outubro-sobre-o-mercado-das-viagens-corporativas\/#primaryimage","url":"https:\/\/dynamictravel.com.br\/blog\/wp-content\/uploads\/2022\/07\/MicrosoftTeams-image-46.jpg","contentUrl":"https:\/\/dynamictravel.com.br\/blog\/wp-content\/uploads\/2022\/07\/MicrosoftTeams-image-46.jpg","width":1024,"height":1024},{"@type":"BreadcrumbList","@id":"https:\/\/dynamictravel.com.br\/blog\/principais-atualizacoes-do-mes-de-outubro-sobre-o-mercado-das-viagens-corporativas\/#breadcrumb","itemListElement":[{"@type":"ListItem","position":1,"name":"In\u00edcio","item":"https:\/\/dynamictravel.com.br\/blog\/"},{"@type":"ListItem","position":2,"name":"Principais atualiza\u00e7\u00f5es do m\u00eas de outubro sobre o mercado das viagens corporativas"}]},{"@type":"WebSite","@id":"https:\/\/dynamictravel.com.br\/blog\/#website","url":"https:\/\/dynamictravel.com.br\/blog\/","name":"Blog Dynamic Travel","description":"Ag\u00eancia de Viagens Corporativas","publisher":{"@id":"https:\/\/dynamictravel.com.br\/blog\/#organization"},"potentialAction":[{"@type":"SearchAction","target":{"@type":"EntryPoint","urlTemplate":"https:\/\/dynamictravel.com.br\/blog\/?s={search_term_string}"},"query-input":{"@type":"PropertyValueSpecification","valueRequired":true,"valueName":"search_term_string"}}],"inLanguage":"pt-BR"},{"@type":"Organization","@id":"https:\/\/dynamictravel.com.br\/blog\/#organization","name":"Blog Dynamic Travel","url":"https:\/\/dynamictravel.com.br\/blog\/","logo":{"@type":"ImageObject","inLanguage":"pt-BR","@id":"https:\/\/dynamictravel.com.br\/blog\/#\/schema\/logo\/image\/","url":"https:\/\/dynamictravel.com.br\/blog\/wp-content\/uploads\/2024\/10\/logo-dynamic-travel.webp","contentUrl":"https:\/\/dynamictravel.com.br\/blog\/wp-content\/uploads\/2024\/10\/logo-dynamic-travel.webp","width":320,"height":111,"caption":"Blog Dynamic Travel"},"image":{"@id":"https:\/\/dynamictravel.com.br\/blog\/#\/schema\/logo\/image\/"}},{"@type":"Person","@id":"https:\/\/dynamictravel.com.br\/blog\/#\/schema\/person\/e7178e0a0ffb297c221bb32117d9745f","name":"Reda\u00e7\u00e3o Dynamic Travel","image":{"@type":"ImageObject","inLanguage":"pt-BR","@id":"https:\/\/dynamictravel.com.br\/blog\/#\/schema\/person\/image\/","url":"https:\/\/secure.gravatar.com\/avatar\/1eb4bf102438663c299bc91dd2b1095c?s=96&d=mm&r=g","contentUrl":"https:\/\/secure.gravatar.com\/avatar\/1eb4bf102438663c299bc91dd2b1095c?s=96&d=mm&r=g","caption":"Reda\u00e7\u00e3o Dynamic Travel"},"sameAs":["https:\/\/dynamictravel.com.br"],"url":"https:\/\/dynamictravel.com.br\/blog\/author\/redacao\/"}]}},"uagb_featured_image_src":{"full":["https:\/\/dynamictravel.com.br\/blog\/wp-content\/uploads\/2022\/07\/MicrosoftTeams-image-46.jpg",1024,1024,false],"thumbnail":["https:\/\/dynamictravel.com.br\/blog\/wp-content\/uploads\/2022\/07\/MicrosoftTeams-image-46-150x150.jpg",150,150,true],"medium":["https:\/\/dynamictravel.com.br\/blog\/wp-content\/uploads\/2022\/07\/MicrosoftTeams-image-46-300x300.jpg",300,300,true],"medium_large":["https:\/\/dynamictravel.com.br\/blog\/wp-content\/uploads\/2022\/07\/MicrosoftTeams-image-46-768x768.jpg",768,768,true],"large":["https:\/\/dynamictravel.com.br\/blog\/wp-content\/uploads\/2022\/07\/MicrosoftTeams-image-46.jpg",1024,1024,false],"1536x1536":["https:\/\/dynamictravel.com.br\/blog\/wp-content\/uploads\/2022\/07\/MicrosoftTeams-image-46.jpg",1024,1024,false],"2048x2048":["https:\/\/dynamictravel.com.br\/blog\/wp-content\/uploads\/2022\/07\/MicrosoftTeams-image-46.jpg",1024,1024,false],"trp-custom-language-flag":["https:\/\/dynamictravel.com.br\/blog\/wp-content\/uploads\/2022\/07\/MicrosoftTeams-image-46.jpg",12,12,false]},"uagb_author_info":{"display_name":"Reda\u00e7\u00e3o Dynamic Travel","author_link":"https:\/\/dynamictravel.com.br\/blog\/author\/redacao\/"},"uagb_comment_info":5,"uagb_excerpt":"Outubro: Confira as principais atualiza\u00e7\u00f5es do mercado das viagens corporativas.","_links":{"self":[{"href":"https:\/\/dynamictravel.com.br\/blog\/wp-json\/wp\/v2\/posts\/720","targetHints":{"allow":["GET"]}}],"collection":[{"href":"https:\/\/dynamictravel.com.br\/blog\/wp-json\/wp\/v2\/posts"}],"about":[{"href":"https:\/\/dynamictravel.com.br\/blog\/wp-json\/wp\/v2\/types\/post"}],"author":[{"embeddable":true,"href":"https:\/\/dynamictravel.com.br\/blog\/wp-json\/wp\/v2\/users\/4"}],"replies":[{"embeddable":true,"href":"https:\/\/dynamictravel.com.br\/blog\/wp-json\/wp\/v2\/comments?post=720"}],"version-history":[{"count":5,"href":"https:\/\/dynamictravel.com.br\/blog\/wp-json\/wp\/v2\/posts\/720\/revisions"}],"predecessor-version":[{"id":5632,"href":"https:\/\/dynamictravel.com.br\/blog\/wp-json\/wp\/v2\/posts\/720\/revisions\/5632"}],"wp:featuredmedia":[{"embeddable":true,"href":"https:\/\/dynamictravel.com.br\/blog\/wp-json\/wp\/v2\/media\/578"}],"wp:attachment":[{"href":"https:\/\/dynamictravel.com.br\/blog\/wp-json\/wp\/v2\/media?parent=720"}],"wp:term":[{"taxonomy":"category","embeddable":true,"href":"https:\/\/dynamictravel.com.br\/blog\/wp-json\/wp\/v2\/categories?post=720"},{"taxonomy":"post_tag","embeddable":true,"href":"https:\/\/dynamictravel.com.br\/blog\/wp-json\/wp\/v2\/tags?post=720"}],"curies":[{"name":"wp","href":"https:\/\/api.w.org\/{rel}","templated":true}]}}