{"id":675,"date":"2022-09-29T13:53:30","date_gmt":"2022-09-29T16:53:30","guid":{"rendered":"https:\/\/dynamictravel.com.br\/blog\/?p=675"},"modified":"2024-12-20T16:34:16","modified_gmt":"2024-12-20T19:34:16","slug":"principais-atualizacoes-do-mes-de-setembro-sobre-o-mercado-das-viagens-corporativas","status":"publish","type":"post","link":"https:\/\/dynamictravel.com.br\/blog\/principais-atualizacoes-do-mes-de-setembro-sobre-o-mercado-das-viagens-corporativas\/","title":{"rendered":"Principais atualiza\u00e7\u00f5es do m\u00eas de setembro sobre o mercado das viagens corporativas"},"content":{"rendered":"\n<p><a href=\"https:\/\/www.linkedin.com\/company\/15260704\" target=\"_blank\" rel=\"noopener\"><br><\/a><br><img loading=\"lazy\" decoding=\"async\" width=\"1024\" height=\"1024\" src=\"http:\/\/dynamictravel.com.br\/blog\/wp-content\/uploads\/2022\/07\/MicrosoftTeams-image-46.jpg\" alt=\"\"><br><br><\/p>\n\n\n\n<p>Com o intuito de manter seus leitores sempre bem informados, a Dynamic Travel publica regularmente, em seu <a href=\"https:\/\/dynamictravel.com.br\/blog\/\">site<\/a>, as principais atualiza\u00e7\u00f5es do Brasil e do mundo relacionadas \u00e0s viagens corporativas. Confira a seguir o compilado de todas as mat\u00e9rias publicadas no m\u00eas de setembro.<\/p>\n\n\n\n<hr class=\"wp-block-separator has-alpha-channel-opacity\" \/>\n\n\n\n<div class=\"wp-block-uagb-advanced-heading uagb-block-fbb132bd\"><h2 class=\"uagb-heading-text\"><strong>Argentina remove exig\u00eancia de seguro contra covid-19 para viajantes<\/strong><\/h2><\/div>\n\n\n\n<div class=\"wp-block-uagb-separator uagb-block-826fcffb\"><div class=\"wp-block-uagb-separator__inner\" style=\"--my-background-image:\"><\/div><\/div>\n\n\n\n<p>O governo argentino retirou a obrigatoriedade da apresenta\u00e7\u00e3o de um seguro contra covid-19 para entrar no pa\u00eds. Antes dessa medida, a Argentina j\u00e1 havia removido a necessidade de comprova\u00e7\u00e3o de testes com resultado negativo.<\/p>\n\n\n\n<p>Assim, com a queda da necessidade do seguro, acabaram todas as restri\u00e7\u00f5es para entrada de viajantes no pa\u00eds. Portanto, os requisitos voltaram a ser os mesmos do per\u00edodo pr\u00e9-pandemia. Ou seja, os viajantes devem apresentar um passaporte ou documenta\u00e7\u00e3o de identifica\u00e7\u00e3o v\u00e1lido.<\/p>\n\n\n\n<p><strong>Fonte: Panrotas<\/strong><br>(Publicado: 08\/09\/2022)<\/p>\n\n\n\n<hr class=\"wp-block-separator has-alpha-channel-opacity\" \/>\n\n\n\n<div class=\"wp-block-uagb-advanced-heading uagb-block-cc1bda0a\"><h2 class=\"uagb-heading-text\"><strong>Inaugurado terminal em Orlando com presen\u00e7a de cias. a\u00e9reas brasileiras<\/strong><\/h2><\/div>\n\n\n\n<div class=\"wp-block-uagb-separator uagb-block-a5d80389\"><div class=\"wp-block-uagb-separator__inner\" style=\"--my-background-image:\"><\/div><\/div>\n\n\n\n<p>Na quinta-feira (08\/09), o terminal C do Aeroporto Internacional de Orlando, na Fl\u00f3rida, recebeu sua cerim\u00f4nia de inaugura\u00e7\u00e3o.<\/p>\n\n\n\n<p>Em um dos aeroportos mais movimentados do mundo, as companhias brasileiras que far\u00e3o parte da malha ser\u00e3o a Azul e Gol.<\/p>\n\n\n\n<p>Neste terminal, haver\u00e1 tamb\u00e9m uma \u00e1rea premium para viajantes corporativos, contando com espa\u00e7os de trabalho para desenvolverem suas atividades ao aguardar os voos.<\/p>\n\n\n\n<p>A amplia\u00e7\u00e3o do aeroporto possibilitar\u00e1 maior tr\u00e2nsito de aeronaves e maior conforto no desembarque de milh\u00f5es de passageiros.<\/p>\n\n\n\n<p>Fonte: Panrotas<br>(Publicado 16\/09\/2022)<\/p>\n\n\n\n<hr class=\"wp-block-separator has-alpha-channel-opacity\" \/>\n\n\n\n<h2 class=\"wp-block-heading\"><strong>Jap\u00e3o flexibiliza suas restri\u00e7\u00f5es de entrada<\/strong><\/h2>\n\n\n\n<p>Segundo informa\u00e7\u00f5es do Nikkei Asia, o Jap\u00e3o suspender\u00e1 a proibi\u00e7\u00e3o de visitas tur\u00edsticas individuais e remover\u00e1 o limite para chegadas di\u00e1rias, desde que os viajantes qualificados atendam a certas condi\u00e7\u00f5es, como comprovante de vacina\u00e7\u00e3o.<\/p>\n\n\n\n<p>Conforme o ve\u00edculo asi\u00e1tico, a nova medida deve ocorrer em outubro, contudo a decis\u00e3o final depender\u00e1 da situa\u00e7\u00e3o da covid-19 no Jap\u00e3o e no exterior.<\/p>\n\n\n\n<p><strong>Fonte: Panrotas<\/strong><br><span style=\"font-family: var( --e-global-typography-text-font-family ), Sans-serif\">Publicado (27\/09\/2022)<\/span><\/p>\n\n\n\n<hr class=\"wp-block-separator has-alpha-channel-opacity\" \/>\n\n\n\n<h2 class=\"wp-block-heading\"><strong>BSB, GRU e VCP representam mais de dois ter\u00e7os dos paxs em 2022<\/strong><\/h2>\n\n\n\n<p>Os aeroportos internacionais de Bras\u00edlia, Guarulhos e Viracopos corresponderam mais de 80% do total de passageiros que circularam pelo pa\u00eds desde o in\u00edcio de 2022, com aproximadamente 37 milh\u00f5es de embarques realizados. Este ano, esses aeroportos completam dez anos de concess\u00e3o \u00e0 iniciativa privada.<\/p>\n\n\n\n<p>Em raz\u00e3o do volume elevado de viajantes, os terminais promoveram diversas melhorias ao longo desta d\u00e9cada. Em Viracopos, Campinas (SP), foram investidos aproximadamente R$ 4,1 bilh\u00f5es, destinados, por exemplo, para constru\u00e7\u00e3o de novos p\u00e1tios de aeronaves e para uma nova via de acesso de ve\u00edculos ao aeroporto.&nbsp;<br><br>Outro aeroporto que se beneficiou com a concess\u00e3o foi o de Guarulhos, que realizou a moderniza\u00e7\u00e3o do terminal 2 e a amplia\u00e7\u00e3o do n\u00famero de lojas e restaurantes. Por fim, o Aeroporto de Bras\u00edlia (DF), conquistou, com suas melhorias, o posto de \u00fanico aeroporto nacional com voos para todos os Estados e duas pistas operando conjuntamente.<\/p>\n\n\n\n<p><strong>Fonte: Panrotas<\/strong><br>Publicado (28\/09\/2022)<\/p>\n\n\n\n<hr class=\"wp-block-separator has-alpha-channel-opacity\" \/>\n\n\n\n<p><b style=\"font-family: var( --e-global-typography-text-font-family ), Sans-serif;font-size: var(--bodyFontSize);letter-spacing: var(--bodyLetterSpacing);text-transform: var(--bodyTextTransform);background-color: var(--nv-site-bg)\">Acesse o\u00a0<\/b><a style=\"font-family: var( --e-global-typography-text-font-family ), Sans-serif;font-weight: var( --e-global-typography-text-font-weight );font-size: var(--bodyFontSize);letter-spacing: var(--bodyLetterSpacing);text-transform: var(--bodyTextTransform);background-color: var(--nv-site-bg)\" href=\"https:\/\/dynamictravel.com.br\/\" target=\"_blank\" rel=\"noopener\"><b>site<\/b><\/a><b style=\"font-family: var( --e-global-typography-text-font-family ), Sans-serif;font-size: var(--bodyFontSize);letter-spacing: var(--bodyLetterSpacing);text-transform: var(--bodyTextTransform);background-color: var(--nv-site-bg)\">\u00a0e esteja sempre bem informado com a Dynamic Travel<\/b><\/p>\n","protected":false},"excerpt":{"rendered":"<p>Setembro: Confira as principais atualiza\u00e7\u00f5es do mercado das viagens corporativas.<\/p>\n","protected":false},"author":4,"featured_media":578,"comment_status":"open","ping_status":"open","sticky":false,"template":"","format":"standard","meta":{"_uag_custom_page_level_css":"","site-sidebar-layout":"default","site-content-layout":"","ast-site-content-layout":"","site-content-style":"default","site-sidebar-style":"default","ast-global-header-display":"","ast-banner-title-visibility":"","ast-main-header-display":"","ast-hfb-above-header-display":"","ast-hfb-below-header-display":"","ast-hfb-mobile-header-display":"","site-post-title":"","ast-breadcrumbs-content":"","ast-featured-img":"","footer-sml-layout":"","theme-transparent-header-meta":"","adv-header-id-meta":"","stick-header-meta":"","header-above-stick-meta":"","header-main-stick-meta":"","header-below-stick-meta":"","astra-migrate-meta-layouts":"default","ast-page-background-enabled":"default","ast-page-background-meta":{"desktop":{"background-color":"var(--ast-global-color-4)","background-image":"","background-repeat":"repeat","background-position":"center center","background-size":"auto","background-attachment":"scroll","background-type":"","background-media":"","overlay-type":"","overlay-color":"","overlay-opacity":"","overlay-gradient":""},"tablet":{"background-color":"","background-image":"","background-repeat":"repeat","background-position":"center center","background-size":"auto","background-attachment":"scroll","background-type":"","background-media":"","overlay-type":"","overlay-color":"","overlay-opacity":"","overlay-gradient":""},"mobile":{"background-color":"","background-image":"","background-repeat":"repeat","background-position":"center center","background-size":"auto","background-attachment":"scroll","background-type":"","background-media":"","overlay-type":"","overlay-color":"","overlay-opacity":"","overlay-gradient":""}},"ast-content-background-meta":{"desktop":{"background-color":"var(--ast-global-color-5)","background-image":"","background-repeat":"repeat","background-position":"center center","background-size":"auto","background-attachment":"scroll","background-type":"","background-media":"","overlay-type":"","overlay-color":"","overlay-opacity":"","overlay-gradient":""},"tablet":{"background-color":"var(--ast-global-color-5)","background-image":"","background-repeat":"repeat","background-position":"center center","background-size":"auto","background-attachment":"scroll","background-type":"","background-media":"","overlay-type":"","overlay-color":"","overlay-opacity":"","overlay-gradient":""},"mobile":{"background-color":"var(--ast-global-color-5)","background-image":"","background-repeat":"repeat","background-position":"center center","background-size":"auto","background-attachment":"scroll","background-type":"","background-media":"","overlay-type":"","overlay-color":"","overlay-opacity":"","overlay-gradient":""}},"footnotes":""},"categories":[3],"tags":[31,48,47,20,22,14,32],"class_list":["post-675","post","type-post","status-publish","format-standard","has-post-thumbnail","hentry","category-mercado","tag-agenciadeviagenscorporativas","tag-atualizacoescovid19","tag-covid-19","tag-gestaodeviagens","tag-turismocorporativo","tag-viagenscorporativas","tag-viagensparaempresas"],"yoast_head":"<!-- This site is optimized with the Yoast SEO plugin v24.4 - https:\/\/yoast.com\/wordpress\/plugins\/seo\/ -->\n<title>Principais atualiza\u00e7\u00f5es do m\u00eas de setembro sobre o mercado das viagens corporativas - Blog Dynamic Travel<\/title>\n<meta name=\"description\" content=\"Confira as principais atualiza\u00e7\u00f5es sobre o mercado das viagens corporativas.\" \/>\n<meta name=\"robots\" content=\"index, follow, max-snippet:-1, max-image-preview:large, max-video-preview:-1\" \/>\n<link rel=\"canonical\" href=\"https:\/\/dynamictravel.com.br\/blog\/principais-atualizacoes-do-mes-de-setembro-sobre-o-mercado-das-viagens-corporativas\/\" \/>\n<meta property=\"og:locale\" content=\"pt_BR\" \/>\n<meta property=\"og:type\" content=\"article\" \/>\n<meta property=\"og:title\" content=\"Principais atualiza\u00e7\u00f5es do m\u00eas de setembro sobre o mercado das viagens corporativas - Blog Dynamic Travel\" \/>\n<meta property=\"og:description\" content=\"Confira as principais atualiza\u00e7\u00f5es sobre o mercado das viagens corporativas.\" \/>\n<meta property=\"og:url\" content=\"https:\/\/dynamictravel.com.br\/blog\/principais-atualizacoes-do-mes-de-setembro-sobre-o-mercado-das-viagens-corporativas\/\" \/>\n<meta property=\"og:site_name\" content=\"Blog Dynamic Travel\" \/>\n<meta property=\"article:published_time\" content=\"2022-09-29T16:53:30+00:00\" \/>\n<meta property=\"article:modified_time\" content=\"2024-12-20T19:34:16+00:00\" \/>\n<meta property=\"og:image\" content=\"https:\/\/dynamictravel.com.br\/blog\/wp-content\/uploads\/2022\/07\/MicrosoftTeams-image-46.jpg\" \/>\n\t<meta property=\"og:image:width\" content=\"1024\" \/>\n\t<meta property=\"og:image:height\" content=\"1024\" \/>\n\t<meta property=\"og:image:type\" content=\"image\/jpeg\" \/>\n<meta name=\"author\" content=\"Reda\u00e7\u00e3o Dynamic Travel\" \/>\n<meta name=\"twitter:card\" content=\"summary_large_image\" \/>\n<meta name=\"twitter:label1\" content=\"Escrito por\" \/>\n\t<meta name=\"twitter:data1\" content=\"Reda\u00e7\u00e3o Dynamic Travel\" \/>\n\t<meta name=\"twitter:label2\" content=\"Est. tempo de leitura\" \/>\n\t<meta name=\"twitter:data2\" content=\"4 minutos\" \/>\n<script type=\"application\/ld+json\" class=\"yoast-schema-graph\">{\"@context\":\"https:\/\/schema.org\",\"@graph\":[{\"@type\":\"Article\",\"@id\":\"https:\/\/dynamictravel.com.br\/blog\/principais-atualizacoes-do-mes-de-setembro-sobre-o-mercado-das-viagens-corporativas\/#article\",\"isPartOf\":{\"@id\":\"https:\/\/dynamictravel.com.br\/blog\/principais-atualizacoes-do-mes-de-setembro-sobre-o-mercado-das-viagens-corporativas\/\"},\"author\":{\"name\":\"Reda\u00e7\u00e3o Dynamic Travel\",\"@id\":\"https:\/\/dynamictravel.com.br\/blog\/#\/schema\/person\/e7178e0a0ffb297c221bb32117d9745f\"},\"headline\":\"Principais atualiza\u00e7\u00f5es do m\u00eas de setembro sobre o mercado das viagens corporativas\",\"datePublished\":\"2022-09-29T16:53:30+00:00\",\"dateModified\":\"2024-12-20T19:34:16+00:00\",\"mainEntityOfPage\":{\"@id\":\"https:\/\/dynamictravel.com.br\/blog\/principais-atualizacoes-do-mes-de-setembro-sobre-o-mercado-das-viagens-corporativas\/\"},\"wordCount\":532,\"commentCount\":0,\"publisher\":{\"@id\":\"https:\/\/dynamictravel.com.br\/blog\/#organization\"},\"image\":{\"@id\":\"https:\/\/dynamictravel.com.br\/blog\/principais-atualizacoes-do-mes-de-setembro-sobre-o-mercado-das-viagens-corporativas\/#primaryimage\"},\"thumbnailUrl\":\"https:\/\/dynamictravel.com.br\/blog\/wp-content\/uploads\/2022\/07\/MicrosoftTeams-image-46.jpg\",\"keywords\":[\"agenciadeviagenscorporativas\",\"atualiza\u00e7\u00f5escovid19\",\"covid-19\",\"gestaodeviagens\",\"turismocorporativo\",\"viagenscorporativas\",\"viagensparaempresas\"],\"articleSection\":[\"Mercado\"],\"inLanguage\":\"pt-BR\",\"potentialAction\":[{\"@type\":\"CommentAction\",\"name\":\"Comment\",\"target\":[\"https:\/\/dynamictravel.com.br\/blog\/principais-atualizacoes-do-mes-de-setembro-sobre-o-mercado-das-viagens-corporativas\/#respond\"]}]},{\"@type\":\"WebPage\",\"@id\":\"https:\/\/dynamictravel.com.br\/blog\/principais-atualizacoes-do-mes-de-setembro-sobre-o-mercado-das-viagens-corporativas\/\",\"url\":\"https:\/\/dynamictravel.com.br\/blog\/principais-atualizacoes-do-mes-de-setembro-sobre-o-mercado-das-viagens-corporativas\/\",\"name\":\"Principais atualiza\u00e7\u00f5es do m\u00eas de setembro sobre o mercado das viagens corporativas - Blog Dynamic Travel\",\"isPartOf\":{\"@id\":\"https:\/\/dynamictravel.com.br\/blog\/#website\"},\"primaryImageOfPage\":{\"@id\":\"https:\/\/dynamictravel.com.br\/blog\/principais-atualizacoes-do-mes-de-setembro-sobre-o-mercado-das-viagens-corporativas\/#primaryimage\"},\"image\":{\"@id\":\"https:\/\/dynamictravel.com.br\/blog\/principais-atualizacoes-do-mes-de-setembro-sobre-o-mercado-das-viagens-corporativas\/#primaryimage\"},\"thumbnailUrl\":\"https:\/\/dynamictravel.com.br\/blog\/wp-content\/uploads\/2022\/07\/MicrosoftTeams-image-46.jpg\",\"datePublished\":\"2022-09-29T16:53:30+00:00\",\"dateModified\":\"2024-12-20T19:34:16+00:00\",\"description\":\"Confira as principais atualiza\u00e7\u00f5es sobre o mercado das viagens corporativas.\",\"breadcrumb\":{\"@id\":\"https:\/\/dynamictravel.com.br\/blog\/principais-atualizacoes-do-mes-de-setembro-sobre-o-mercado-das-viagens-corporativas\/#breadcrumb\"},\"inLanguage\":\"pt-BR\",\"potentialAction\":[{\"@type\":\"ReadAction\",\"target\":[\"https:\/\/dynamictravel.com.br\/blog\/principais-atualizacoes-do-mes-de-setembro-sobre-o-mercado-das-viagens-corporativas\/\"]}]},{\"@type\":\"ImageObject\",\"inLanguage\":\"pt-BR\",\"@id\":\"https:\/\/dynamictravel.com.br\/blog\/principais-atualizacoes-do-mes-de-setembro-sobre-o-mercado-das-viagens-corporativas\/#primaryimage\",\"url\":\"https:\/\/dynamictravel.com.br\/blog\/wp-content\/uploads\/2022\/07\/MicrosoftTeams-image-46.jpg\",\"contentUrl\":\"https:\/\/dynamictravel.com.br\/blog\/wp-content\/uploads\/2022\/07\/MicrosoftTeams-image-46.jpg\",\"width\":1024,\"height\":1024},{\"@type\":\"BreadcrumbList\",\"@id\":\"https:\/\/dynamictravel.com.br\/blog\/principais-atualizacoes-do-mes-de-setembro-sobre-o-mercado-das-viagens-corporativas\/#breadcrumb\",\"itemListElement\":[{\"@type\":\"ListItem\",\"position\":1,\"name\":\"In\u00edcio\",\"item\":\"https:\/\/dynamictravel.com.br\/blog\/\"},{\"@type\":\"ListItem\",\"position\":2,\"name\":\"Principais atualiza\u00e7\u00f5es do m\u00eas de setembro sobre o mercado das viagens corporativas\"}]},{\"@type\":\"WebSite\",\"@id\":\"https:\/\/dynamictravel.com.br\/blog\/#website\",\"url\":\"https:\/\/dynamictravel.com.br\/blog\/\",\"name\":\"Blog Dynamic Travel\",\"description\":\"Ag\u00eancia de Viagens Corporativas\",\"publisher\":{\"@id\":\"https:\/\/dynamictravel.com.br\/blog\/#organization\"},\"potentialAction\":[{\"@type\":\"SearchAction\",\"target\":{\"@type\":\"EntryPoint\",\"urlTemplate\":\"https:\/\/dynamictravel.com.br\/blog\/?s={search_term_string}\"},\"query-input\":{\"@type\":\"PropertyValueSpecification\",\"valueRequired\":true,\"valueName\":\"search_term_string\"}}],\"inLanguage\":\"pt-BR\"},{\"@type\":\"Organization\",\"@id\":\"https:\/\/dynamictravel.com.br\/blog\/#organization\",\"name\":\"Blog Dynamic Travel\",\"url\":\"https:\/\/dynamictravel.com.br\/blog\/\",\"logo\":{\"@type\":\"ImageObject\",\"inLanguage\":\"pt-BR\",\"@id\":\"https:\/\/dynamictravel.com.br\/blog\/#\/schema\/logo\/image\/\",\"url\":\"https:\/\/dynamictravel.com.br\/blog\/wp-content\/uploads\/2024\/10\/logo-dynamic-travel.webp\",\"contentUrl\":\"https:\/\/dynamictravel.com.br\/blog\/wp-content\/uploads\/2024\/10\/logo-dynamic-travel.webp\",\"width\":320,\"height\":111,\"caption\":\"Blog Dynamic Travel\"},\"image\":{\"@id\":\"https:\/\/dynamictravel.com.br\/blog\/#\/schema\/logo\/image\/\"}},{\"@type\":\"Person\",\"@id\":\"https:\/\/dynamictravel.com.br\/blog\/#\/schema\/person\/e7178e0a0ffb297c221bb32117d9745f\",\"name\":\"Reda\u00e7\u00e3o Dynamic Travel\",\"image\":{\"@type\":\"ImageObject\",\"inLanguage\":\"pt-BR\",\"@id\":\"https:\/\/dynamictravel.com.br\/blog\/#\/schema\/person\/image\/\",\"url\":\"https:\/\/secure.gravatar.com\/avatar\/1eb4bf102438663c299bc91dd2b1095c?s=96&d=mm&r=g\",\"contentUrl\":\"https:\/\/secure.gravatar.com\/avatar\/1eb4bf102438663c299bc91dd2b1095c?s=96&d=mm&r=g\",\"caption\":\"Reda\u00e7\u00e3o Dynamic Travel\"},\"sameAs\":[\"https:\/\/dynamictravel.com.br\"],\"url\":\"https:\/\/dynamictravel.com.br\/blog\/author\/redacao\/\"}]}<\/script>\n<!-- \/ Yoast SEO plugin. -->","yoast_head_json":{"title":"Principais atualiza\u00e7\u00f5es do m\u00eas de setembro sobre o mercado das viagens corporativas - Blog Dynamic Travel","description":"Confira as principais atualiza\u00e7\u00f5es sobre o mercado das viagens corporativas.","robots":{"index":"index","follow":"follow","max-snippet":"max-snippet:-1","max-image-preview":"max-image-preview:large","max-video-preview":"max-video-preview:-1"},"canonical":"https:\/\/dynamictravel.com.br\/blog\/principais-atualizacoes-do-mes-de-setembro-sobre-o-mercado-das-viagens-corporativas\/","og_locale":"pt_BR","og_type":"article","og_title":"Principais atualiza\u00e7\u00f5es do m\u00eas de setembro sobre o mercado das viagens corporativas - Blog Dynamic Travel","og_description":"Confira as principais atualiza\u00e7\u00f5es sobre o mercado das viagens corporativas.","og_url":"https:\/\/dynamictravel.com.br\/blog\/principais-atualizacoes-do-mes-de-setembro-sobre-o-mercado-das-viagens-corporativas\/","og_site_name":"Blog Dynamic Travel","article_published_time":"2022-09-29T16:53:30+00:00","article_modified_time":"2024-12-20T19:34:16+00:00","og_image":[{"width":1024,"height":1024,"url":"https:\/\/dynamictravel.com.br\/blog\/wp-content\/uploads\/2022\/07\/MicrosoftTeams-image-46.jpg","type":"image\/jpeg"}],"author":"Reda\u00e7\u00e3o Dynamic Travel","twitter_card":"summary_large_image","twitter_misc":{"Escrito por":"Reda\u00e7\u00e3o Dynamic Travel","Est. tempo de leitura":"4 minutos"},"schema":{"@context":"https:\/\/schema.org","@graph":[{"@type":"Article","@id":"https:\/\/dynamictravel.com.br\/blog\/principais-atualizacoes-do-mes-de-setembro-sobre-o-mercado-das-viagens-corporativas\/#article","isPartOf":{"@id":"https:\/\/dynamictravel.com.br\/blog\/principais-atualizacoes-do-mes-de-setembro-sobre-o-mercado-das-viagens-corporativas\/"},"author":{"name":"Reda\u00e7\u00e3o Dynamic Travel","@id":"https:\/\/dynamictravel.com.br\/blog\/#\/schema\/person\/e7178e0a0ffb297c221bb32117d9745f"},"headline":"Principais atualiza\u00e7\u00f5es do m\u00eas de setembro sobre o mercado das viagens corporativas","datePublished":"2022-09-29T16:53:30+00:00","dateModified":"2024-12-20T19:34:16+00:00","mainEntityOfPage":{"@id":"https:\/\/dynamictravel.com.br\/blog\/principais-atualizacoes-do-mes-de-setembro-sobre-o-mercado-das-viagens-corporativas\/"},"wordCount":532,"commentCount":0,"publisher":{"@id":"https:\/\/dynamictravel.com.br\/blog\/#organization"},"image":{"@id":"https:\/\/dynamictravel.com.br\/blog\/principais-atualizacoes-do-mes-de-setembro-sobre-o-mercado-das-viagens-corporativas\/#primaryimage"},"thumbnailUrl":"https:\/\/dynamictravel.com.br\/blog\/wp-content\/uploads\/2022\/07\/MicrosoftTeams-image-46.jpg","keywords":["agenciadeviagenscorporativas","atualiza\u00e7\u00f5escovid19","covid-19","gestaodeviagens","turismocorporativo","viagenscorporativas","viagensparaempresas"],"articleSection":["Mercado"],"inLanguage":"pt-BR","potentialAction":[{"@type":"CommentAction","name":"Comment","target":["https:\/\/dynamictravel.com.br\/blog\/principais-atualizacoes-do-mes-de-setembro-sobre-o-mercado-das-viagens-corporativas\/#respond"]}]},{"@type":"WebPage","@id":"https:\/\/dynamictravel.com.br\/blog\/principais-atualizacoes-do-mes-de-setembro-sobre-o-mercado-das-viagens-corporativas\/","url":"https:\/\/dynamictravel.com.br\/blog\/principais-atualizacoes-do-mes-de-setembro-sobre-o-mercado-das-viagens-corporativas\/","name":"Principais atualiza\u00e7\u00f5es do m\u00eas de setembro sobre o mercado das viagens corporativas - Blog Dynamic Travel","isPartOf":{"@id":"https:\/\/dynamictravel.com.br\/blog\/#website"},"primaryImageOfPage":{"@id":"https:\/\/dynamictravel.com.br\/blog\/principais-atualizacoes-do-mes-de-setembro-sobre-o-mercado-das-viagens-corporativas\/#primaryimage"},"image":{"@id":"https:\/\/dynamictravel.com.br\/blog\/principais-atualizacoes-do-mes-de-setembro-sobre-o-mercado-das-viagens-corporativas\/#primaryimage"},"thumbnailUrl":"https:\/\/dynamictravel.com.br\/blog\/wp-content\/uploads\/2022\/07\/MicrosoftTeams-image-46.jpg","datePublished":"2022-09-29T16:53:30+00:00","dateModified":"2024-12-20T19:34:16+00:00","description":"Confira as principais atualiza\u00e7\u00f5es sobre o mercado das viagens corporativas.","breadcrumb":{"@id":"https:\/\/dynamictravel.com.br\/blog\/principais-atualizacoes-do-mes-de-setembro-sobre-o-mercado-das-viagens-corporativas\/#breadcrumb"},"inLanguage":"pt-BR","potentialAction":[{"@type":"ReadAction","target":["https:\/\/dynamictravel.com.br\/blog\/principais-atualizacoes-do-mes-de-setembro-sobre-o-mercado-das-viagens-corporativas\/"]}]},{"@type":"ImageObject","inLanguage":"pt-BR","@id":"https:\/\/dynamictravel.com.br\/blog\/principais-atualizacoes-do-mes-de-setembro-sobre-o-mercado-das-viagens-corporativas\/#primaryimage","url":"https:\/\/dynamictravel.com.br\/blog\/wp-content\/uploads\/2022\/07\/MicrosoftTeams-image-46.jpg","contentUrl":"https:\/\/dynamictravel.com.br\/blog\/wp-content\/uploads\/2022\/07\/MicrosoftTeams-image-46.jpg","width":1024,"height":1024},{"@type":"BreadcrumbList","@id":"https:\/\/dynamictravel.com.br\/blog\/principais-atualizacoes-do-mes-de-setembro-sobre-o-mercado-das-viagens-corporativas\/#breadcrumb","itemListElement":[{"@type":"ListItem","position":1,"name":"In\u00edcio","item":"https:\/\/dynamictravel.com.br\/blog\/"},{"@type":"ListItem","position":2,"name":"Principais atualiza\u00e7\u00f5es do m\u00eas de setembro sobre o mercado das viagens corporativas"}]},{"@type":"WebSite","@id":"https:\/\/dynamictravel.com.br\/blog\/#website","url":"https:\/\/dynamictravel.com.br\/blog\/","name":"Blog Dynamic Travel","description":"Ag\u00eancia de Viagens Corporativas","publisher":{"@id":"https:\/\/dynamictravel.com.br\/blog\/#organization"},"potentialAction":[{"@type":"SearchAction","target":{"@type":"EntryPoint","urlTemplate":"https:\/\/dynamictravel.com.br\/blog\/?s={search_term_string}"},"query-input":{"@type":"PropertyValueSpecification","valueRequired":true,"valueName":"search_term_string"}}],"inLanguage":"pt-BR"},{"@type":"Organization","@id":"https:\/\/dynamictravel.com.br\/blog\/#organization","name":"Blog Dynamic Travel","url":"https:\/\/dynamictravel.com.br\/blog\/","logo":{"@type":"ImageObject","inLanguage":"pt-BR","@id":"https:\/\/dynamictravel.com.br\/blog\/#\/schema\/logo\/image\/","url":"https:\/\/dynamictravel.com.br\/blog\/wp-content\/uploads\/2024\/10\/logo-dynamic-travel.webp","contentUrl":"https:\/\/dynamictravel.com.br\/blog\/wp-content\/uploads\/2024\/10\/logo-dynamic-travel.webp","width":320,"height":111,"caption":"Blog Dynamic Travel"},"image":{"@id":"https:\/\/dynamictravel.com.br\/blog\/#\/schema\/logo\/image\/"}},{"@type":"Person","@id":"https:\/\/dynamictravel.com.br\/blog\/#\/schema\/person\/e7178e0a0ffb297c221bb32117d9745f","name":"Reda\u00e7\u00e3o Dynamic Travel","image":{"@type":"ImageObject","inLanguage":"pt-BR","@id":"https:\/\/dynamictravel.com.br\/blog\/#\/schema\/person\/image\/","url":"https:\/\/secure.gravatar.com\/avatar\/1eb4bf102438663c299bc91dd2b1095c?s=96&d=mm&r=g","contentUrl":"https:\/\/secure.gravatar.com\/avatar\/1eb4bf102438663c299bc91dd2b1095c?s=96&d=mm&r=g","caption":"Reda\u00e7\u00e3o Dynamic Travel"},"sameAs":["https:\/\/dynamictravel.com.br"],"url":"https:\/\/dynamictravel.com.br\/blog\/author\/redacao\/"}]}},"uagb_featured_image_src":{"full":["https:\/\/dynamictravel.com.br\/blog\/wp-content\/uploads\/2022\/07\/MicrosoftTeams-image-46.jpg",1024,1024,false],"thumbnail":["https:\/\/dynamictravel.com.br\/blog\/wp-content\/uploads\/2022\/07\/MicrosoftTeams-image-46-150x150.jpg",150,150,true],"medium":["https:\/\/dynamictravel.com.br\/blog\/wp-content\/uploads\/2022\/07\/MicrosoftTeams-image-46-300x300.jpg",300,300,true],"medium_large":["https:\/\/dynamictravel.com.br\/blog\/wp-content\/uploads\/2022\/07\/MicrosoftTeams-image-46-768x768.jpg",768,768,true],"large":["https:\/\/dynamictravel.com.br\/blog\/wp-content\/uploads\/2022\/07\/MicrosoftTeams-image-46.jpg",1024,1024,false],"1536x1536":["https:\/\/dynamictravel.com.br\/blog\/wp-content\/uploads\/2022\/07\/MicrosoftTeams-image-46.jpg",1024,1024,false],"2048x2048":["https:\/\/dynamictravel.com.br\/blog\/wp-content\/uploads\/2022\/07\/MicrosoftTeams-image-46.jpg",1024,1024,false],"trp-custom-language-flag":["https:\/\/dynamictravel.com.br\/blog\/wp-content\/uploads\/2022\/07\/MicrosoftTeams-image-46.jpg",12,12,false]},"uagb_author_info":{"display_name":"Reda\u00e7\u00e3o Dynamic Travel","author_link":"https:\/\/dynamictravel.com.br\/blog\/author\/redacao\/"},"uagb_comment_info":0,"uagb_excerpt":"Setembro: Confira as principais atualiza\u00e7\u00f5es do mercado das viagens corporativas.","_links":{"self":[{"href":"https:\/\/dynamictravel.com.br\/blog\/wp-json\/wp\/v2\/posts\/675","targetHints":{"allow":["GET"]}}],"collection":[{"href":"https:\/\/dynamictravel.com.br\/blog\/wp-json\/wp\/v2\/posts"}],"about":[{"href":"https:\/\/dynamictravel.com.br\/blog\/wp-json\/wp\/v2\/types\/post"}],"author":[{"embeddable":true,"href":"https:\/\/dynamictravel.com.br\/blog\/wp-json\/wp\/v2\/users\/4"}],"replies":[{"embeddable":true,"href":"https:\/\/dynamictravel.com.br\/blog\/wp-json\/wp\/v2\/comments?post=675"}],"version-history":[{"count":7,"href":"https:\/\/dynamictravel.com.br\/blog\/wp-json\/wp\/v2\/posts\/675\/revisions"}],"predecessor-version":[{"id":5638,"href":"https:\/\/dynamictravel.com.br\/blog\/wp-json\/wp\/v2\/posts\/675\/revisions\/5638"}],"wp:featuredmedia":[{"embeddable":true,"href":"https:\/\/dynamictravel.com.br\/blog\/wp-json\/wp\/v2\/media\/578"}],"wp:attachment":[{"href":"https:\/\/dynamictravel.com.br\/blog\/wp-json\/wp\/v2\/media?parent=675"}],"wp:term":[{"taxonomy":"category","embeddable":true,"href":"https:\/\/dynamictravel.com.br\/blog\/wp-json\/wp\/v2\/categories?post=675"},{"taxonomy":"post_tag","embeddable":true,"href":"https:\/\/dynamictravel.com.br\/blog\/wp-json\/wp\/v2\/tags?post=675"}],"curies":[{"name":"wp","href":"https:\/\/api.w.org\/{rel}","templated":true}]}}