{"id":6650,"date":"2026-04-30T14:50:01","date_gmt":"2026-04-30T17:50:01","guid":{"rendered":"https:\/\/dynamictravel.com.br\/blog\/?p=6650"},"modified":"2026-04-30T14:54:19","modified_gmt":"2026-04-30T17:54:19","slug":"atualizacoes-abril-viagens-corporativas","status":"publish","type":"post","link":"https:\/\/dynamictravel.com.br\/blog\/atualizacoes-abril-viagens-corporativas\/","title":{"rendered":"Principais atualiza\u00e7\u00f5es de abril sobre o mercado das viagens corporativas\u00a0"},"content":{"rendered":"\n<div class=\"wp-block-uagb-image aligncenter uagb-block-03bedb9e wp-block-uagb-image--layout-default wp-block-uagb-image--effect-static wp-block-uagb-image--align-center\"><figure class=\"wp-block-uagb-image__figure\"><img decoding=\"async\" src=\"https:\/\/dynamictravel.com.br\/blog\/wp-content\/uploads\/2026\/04\/img-blog-abril-1024x1024.webp\" alt=\"\" class=\"uag-image-6651\" width=\"1024\" height=\"1024\" title=\"img-blog-abril\" loading=\"lazy\" role=\"img\" \/><\/figure><\/div>\n\n\n\n<div class=\"wp-block-uagb-separator uagb-block-485c84f4\"><div class=\"uagb-separator-spacing-wrapper\"><div class=\"wp-block-uagb-separator__inner\" style=\"--my-background-image:\"><\/div><\/div><\/div>\n\n\n\n<p>Com o intuito de manter seus leitores sempre bem-informados, a Dynamic Travel publica regularmente, em seu&nbsp;<a href=\"https:\/\/dynamictravel.com.br\/blog\/introducao-a-politica-de-viagens\/\" target=\"_blank\" rel=\"noreferrer noopener\"><strong>site<\/strong><\/a>, as principais atualiza\u00e7\u00f5es do Brasil e do mundo relacionadas \u00e0s viagens corporativas.&nbsp;&nbsp;<\/p>\n\n\n\n<p>Confira a seguir o compilado de todas as mat\u00e9rias publicadas no m\u00eas de abril de 2026.<\/p>\n\n\n\n<p>Para receber em primeira m\u00e3o todas as not\u00edcias, inscreva-se em nossa newsletter&nbsp;<a href=\"https:\/\/dynamictravel.com.br\/#blog\" target=\"_blank\" rel=\"noreferrer noopener\"><strong>clicando aqui.\u202f<\/strong><\/a><\/p>\n\n\n\n<hr class=\"wp-block-separator has-alpha-channel-opacity\" \/>\n\n\n\n<h3 class=\"wp-block-heading\">Novo check-In digital aplicado em todos os hot\u00e9is do Brasil<\/h3>\n\n\n\n<figure class=\"wp-block-table is-style-stripes\"><table class=\"has-fixed-layout\"><tbody><tr><td>Prezados,&nbsp;<br><br>Informamos que entrou em vigor, na \u00faltima segunda-feira (20), um movimento de digitaliza\u00e7\u00e3o da Ficha Nacional de Registro de H\u00f3spedes (FNRH), com incentivo ao uso de formatos digitais pelos meios de hospedagem no Brasil.<br>&nbsp;<br>Com a mudan\u00e7a,&nbsp;<strong>o preenchimento manual vem sendo gradualmente substitu\u00eddo por sistemas online<\/strong>, que permite o envio antecipado das informa\u00e7\u00f5es do h\u00f3spede por meio de link ou QR Code disponibilizado pelo hotel.<br><br>O&nbsp;<strong>objetivo da medida<\/strong>&nbsp;\u00e9 tornar o processo mais \u00e1gil, seguro e reduzir inconsist\u00eancias no preenchimento dos dados.<br>&nbsp;<br><strong>Destacamos que a ado\u00e7\u00e3o ainda varia entre os hot\u00e9is, que se encontram em diferentes est\u00e1gios de adapta\u00e7\u00e3o,&nbsp;<\/strong>e o check-in presencial ocorre normalmente.<br>&nbsp;<br>Para viajantes corporativos, essa mudan\u00e7a tende a trazer ganhos de efici\u00eancia, especialmente na redu\u00e7\u00e3o de tempo de atendimento na chegada ao hotel, embora ainda n\u00e3o haja padroniza\u00e7\u00e3o total entre os diferentes canais e sistemas utilizados pelo mercado.<br><br>Seguimos acompanhando a evolu\u00e7\u00e3o do tema e eventuais atualiza\u00e7\u00f5es relevantes ser\u00e3o compartilhadas por este canal.<\/td><\/tr><\/tbody><\/table><\/figure>\n\n\n\n<p><strong>Fonte: <\/strong>Melhores Destinos<\/p>\n\n\n\n<p>(Publicado em: 27\/04\/2026)<\/p>\n\n\n\n<hr class=\"wp-block-separator has-alpha-channel-opacity\" \/>\n\n\n\n<h3 class=\"wp-block-heading\">Lufthansa volta a parar: greve cancela centenas de voos<\/h3>\n\n\n\n<figure class=\"wp-block-table is-style-stripes\"><table class=\"has-fixed-layout\"><tbody><tr><td>A&nbsp;Lufthansa volta a enfrentar uma paralisa\u00e7\u00e3o em 2026. Tr\u00eas dias ap\u00f3s o fim da greve dos comiss\u00e1rios de bordo, encerrada na&nbsp;<strong>sexta-feira (10)<\/strong>, o sindicato dos pilotos&nbsp;<strong>Vereinigung Cockpit<\/strong>&nbsp;anunciou uma nova mobiliza\u00e7\u00e3o, iniciada nesta&nbsp;<strong>segunda-feira (13)<\/strong>, com dura\u00e7\u00e3o de&nbsp;<strong>48 horas<\/strong>.<br>&nbsp;<br>O movimento envolve pilotos da&nbsp;<strong>Lufthansa, Lufthansa Cargo, Lufthansa CityLine e Eurowings<\/strong>. No caso da Eurowings, a paralisa\u00e7\u00e3o ocorre apenas na segunda-feira, enquanto as demais opera\u00e7\u00f5es do grupo permanecem interrompidas at\u00e9 o fim de&nbsp;<strong>ter\u00e7a-feira (14)<\/strong>.<br>&nbsp;<br>Como reflexo,&nbsp;centenas de voos foram cancelados. Segundo a companhia,&nbsp;<strong>metade das opera\u00e7\u00f5es de longa dist\u00e2ncia<\/strong>&nbsp;e&nbsp;<strong>cerca de dois ter\u00e7os dos voos de curta dist\u00e2ncia<\/strong>&nbsp;foram afetados j\u00e1 no primeiro dia de greve.<br>&nbsp;<br>No&nbsp;<strong>Aeroporto de Frankfurt<\/strong>, o maior da Alemanha, aproximadamente&nbsp;<strong>570 voos (cerca de 43% do total)<\/strong>&nbsp;foram cancelados nesta segunda-feira, incluindo opera\u00e7\u00f5es de outras companhias a\u00e9reas, de acordo com um porta-voz do terminal.<br>&nbsp;<br>Na \u00faltima sexta-feira, a paralisa\u00e7\u00e3o da tripula\u00e7\u00e3o de cabine tamb\u00e9m impactou as opera\u00e7\u00f5es, levando ao cancelamento de&nbsp;<strong>cerca de 90% dos voos da Lufthansa e da CityLine<\/strong>, conforme informou o sindicato UFO.<\/td><\/tr><\/tbody><\/table><\/figure>\n\n\n\n<p><strong>Fonte: Uol e Panrotas<\/strong><\/p>\n\n\n\n<p>(Publicado em: 13\/04\/2026)<\/p>\n\n\n\n<hr class=\"wp-block-separator has-alpha-channel-opacity\" \/>\n\n\n\n<h3 class=\"wp-block-heading\">Falha el\u00e9trica interrompe voos em S\u00e3o Paulo e impacta opera\u00e7\u00f5es<\/h3>\n\n\n\n<figure class=\"wp-block-table is-style-stripes\"><table class=\"has-fixed-layout\"><tbody><tr><td>Na manh\u00e3 desta quinta-feira (9), uma falha no sistema el\u00e9trico levou \u00e0 interrup\u00e7\u00e3o de pousos e decolagens em todo o espa\u00e7o a\u00e9reo de S\u00e3o Paulo, conforme informou a concession\u00e1ria espanhola Aena.<br>&nbsp;<br>De acordo com a empresa, a paralisa\u00e7\u00e3o foi comunicada pela torre de controle e impactou a movimenta\u00e7\u00e3o a\u00e9rea na regi\u00e3o. A orienta\u00e7\u00e3o \u00e9 que passageiros consultem o Departamento de Controle do Espa\u00e7o A\u00e9reo (Decea), respons\u00e1vel pela gest\u00e3o do tr\u00e1fego a\u00e9reo no Brasil, para obter informa\u00e7\u00f5es atualizadas.<br>&nbsp;<br>O Aeroporto Internacional de S\u00e3o Paulo, em Guarulhos, tamb\u00e9m teve suas opera\u00e7\u00f5es temporariamente suspensas. Segundo a GRU Airport, a interrup\u00e7\u00e3o ocorreu devido a uma falha generalizada no controle de tr\u00e1fego a\u00e9reo da regi\u00e3o de S\u00e3o Paulo (TMA-SP).<br>&nbsp;<br>A Aena informou ainda que adotou medidas para reduzir os impactos no Aeroporto de Congonhas. O Aeroporto Internacional de Viracopos, em Campinas, tamb\u00e9m foi afetado e segue monitorando a situa\u00e7\u00e3o, avaliando os reflexos nas opera\u00e7\u00f5es.<br><br>Apesar de o sistema j\u00e1 ter sido restabelecido, as opera\u00e7\u00f5es a\u00e9reas ainda n\u00e3o foram completamente normalizadas, podendo haver atrasos e impactos nos voos.<\/td><\/tr><\/tbody><\/table><\/figure>\n\n\n\n<p><strong>Fonte: <\/strong>Jovem Pan<\/p>\n\n\n\n<p>(Publicado em: 09\/04\/2026)<\/p>\n\n\n\n<hr class=\"wp-block-separator has-alpha-channel-opacity\" \/>\n\n\n\n<h3 class=\"wp-block-heading\">Aumento do QAV: o que muda na gest\u00e3o de viagens corporativas<\/h3>\n\n\n\n<figure class=\"wp-block-table is-style-stripes\"><table class=\"has-fixed-layout\"><tbody><tr><td>Diante das recentes movimenta\u00e7\u00f5es no cen\u00e1rio de combust\u00edveis,&nbsp;<strong>refor\u00e7amos nosso compromisso em atuar de forma estrat\u00e9gica ao lado dos nossos clientes<\/strong>.&nbsp;Mais do que acompanhar as mudan\u00e7as, monitoramos continuamente os impactos nas tarifas a\u00e9reas, buscamos as melhores alternativas, identificamos oportunidades de economia e apoiamos na tomada de decis\u00e3o para que as viagens corporativas sigam acontecendo com efici\u00eancia e controle.<br>&nbsp;<br>A Petrobras anunciou um&nbsp;<strong>aumento superior a 50%<\/strong>&nbsp;no pre\u00e7o m\u00e9dio de venda do querosene de avia\u00e7\u00e3o (QAV) para as distribuidoras neste m\u00eas de abril. Conforme previsto em contrato, os reajustes desse combust\u00edvel s\u00e3o realizados no in\u00edcio de cada m\u00eas.<br>&nbsp;<br>Neste ciclo,&nbsp;<strong>as altas variam entre 53% e 56%<\/strong>, considerando todas as modalidades de venda e as diferentes bases da Petrobras.<br><br>O QAV \u00e9 um dos principais componentes de custo das companhias a\u00e9reas e, no Brasil,<strong>&nbsp;representava em m\u00e9dia 30% do custo operacional, passando de 45% ap\u00f3s o aumento anunciado<\/strong>.&nbsp;Como principal produtora de petr\u00f3leo do pa\u00eds, a Petrobras concentra grande parte do refino e da oferta desse combust\u00edvel no mercado nacional.<br>&nbsp;<br>Refor\u00e7amos que, em um cen\u00e1rio de varia\u00e7\u00f5es relevantes como este,<strong>&nbsp;a organiza\u00e7\u00e3o e a anteced\u00eancia ganham ainda mais protagonismo na gest\u00e3o de viagens corporativas<\/strong>. Seguimos pr\u00f3ximos para transformar esse contexto em decis\u00f5es mais seguras, com foco em efici\u00eancia, equil\u00edbrio de custos e maior previsibilidade ao longo do tempo.<\/td><\/tr><\/tbody><\/table><\/figure>\n\n\n\n<p><strong>Fonte: <\/strong>G1<\/p>\n\n\n\n<p>(Publicado em: 06\/04\/2026)<\/p>\n\n\n\n<hr class=\"wp-block-separator has-alpha-channel-opacity\" \/>\n\n\n\n<h3 class=\"wp-block-heading\">Greves em aeroportos da Espanha pressionam opera\u00e7\u00f5es na Semana Santa<\/h3>\n\n\n\n<figure class=\"wp-block-table is-style-stripes\"><table class=\"has-fixed-layout\"><tbody><tr><td>Quem tem viagem marcada para a Espanha durante a P\u00e1scoa deve redobrar a aten\u00e7\u00e3o:&nbsp;<strong>uma s\u00e9rie de greves em aeroportos do pa\u00eds pode resultar em atrasos e altera\u00e7\u00f5es nos voo<\/strong>s. As paralisa\u00e7\u00f5es acontecem justamente na Semana Santa, um dos per\u00edodos de maior movimenta\u00e7\u00e3o do turismo europeu.<br>&nbsp;<br>O movimento envolve profissionais de servi\u00e7os de solo, respons\u00e1veis por etapas essenciais da opera\u00e7\u00e3o a\u00e9rea,<strong>como embarque<\/strong>,&nbsp;<strong>desembarque<\/strong>,&nbsp;<strong>manuseio de bagagens<\/strong>&nbsp;e<strong>prepara\u00e7\u00e3o das aeronaves<\/strong>. A mobiliza\u00e7\u00e3o foi liderada por sindicatos como UGT, CCOO e USO, em meio a negocia\u00e7\u00f5es relacionadas a sal\u00e1rios, condi\u00e7\u00f5es de trabalho e acordos coletivos.<br>&nbsp;<br>Desde o dia 30 de mar\u00e7o, colaboradores da Groundforce, empresa presente em 12 aeroportos espanh\u00f3is,&nbsp;iniciaram uma greve por tempo indeterminado. As paralisa\u00e7\u00f5es ocorrem \u00e0s&nbsp;<strong>segundas<\/strong>,&nbsp;<strong>quartas&nbsp;<\/strong>e&nbsp;<strong>sextas-feiras<\/strong>, divididas em tr\u00eas per\u00edodos ao longo do dia. Al\u00e9m disso, outros profissionais do setor programaram&nbsp;<strong>greves de 24 horas entre os dias 2 e 6 de abril<\/strong>, com possibilidade de extens\u00e3o at\u00e9 o fim do ano caso n\u00e3o haja acordo.<br>&nbsp;<br>Entre os<strong>&nbsp;principais aeroportos afetados est\u00e3o<\/strong>&nbsp;Madrid-Barajas, Barcelona-El Prat e M\u00e1laga-Costa del Sol, al\u00e9m de terminais em Palma de Mallorca, Alicante, Gran Canaria, Tenerife, Ibiza, Bilbao e Val\u00eancia.<br><br>Mesmo com a exig\u00eancia legal de manuten\u00e7\u00e3o de servi\u00e7os m\u00ednimos, o cen\u00e1rio deve gerar impactos na opera\u00e7\u00e3o. A tend\u00eancia \u00e9 de&nbsp;<strong>aumento nas filas<\/strong>,&nbsp;<strong>atrasos no despacho de bagagens<\/strong>&nbsp;e&nbsp;<strong>mudan\u00e7as nos hor\u00e1rios dos voos<\/strong>. Com menos equipes dispon\u00edveis, o tempo de prepara\u00e7\u00e3o das aeronaves tamb\u00e9m pode se estender, gerando efeitos em cadeia ao longo do dia.<br><br>Orientamos que os passageiros verifiquem o<strong>&nbsp;status dos voos<\/strong>&nbsp;antes de se deslocarem ao aeroporto<\/td><\/tr><\/tbody><\/table><\/figure>\n\n\n\n<p><strong>Fonte: <\/strong>Brasilturis<\/p>\n\n\n\n<p>(Publicado em: 02\/04\/2026)<\/p>\n\n\n\n<div class=\"wp-block-uagb-separator uagb-block-3fe116ec\"><div class=\"wp-block-uagb-separator__inner\" style=\"--my-background-image:\"><\/div><\/div>\n\n\n\n<div class=\"wp-block-group is-nowrap is-layout-flex wp-container-core-group-is-layout-1 wp-block-group-is-layout-flex\">\n<h5 class=\"wp-block-heading\"><strong>Mande uma mensagem no chat ao lado ou envie um WhatsApp e <\/strong><br><strong>deixe Dynamic Travel apoiar voc\u00ea em todo o processo de viagens corporativas.<\/strong><\/h5>\n\n\n\n<div class=\"wp-block-uagb-buttons uagb-buttons__outer-wrap uagb-btn__default-btn uagb-btn-tablet__default-btn uagb-btn-mobile__default-btn uagb-block-f16e25cb\"><div class=\"uagb-buttons__wrap uagb-buttons-layout-wrap \">\n<div class=\"wp-block-uagb-buttons-child uagb-buttons__outer-wrap uagb-block-32e20448 wp-block-button\"><div class=\"uagb-button__wrapper\"><a class=\"uagb-buttons-repeater wp-block-button__link\" aria-label=\"\" href=\"https:\/\/api.whatsapp.com\/send\/?phone=5511941486694&amp;text=Ol%C3%A1+Dynamic%21%0AMe+chamo+%28+preencha+com+seu+nome+%29%2C+sou+da+empresa+%28+preencha+com+nome+e+site+da+sua+empresa+%29%2C+e+preciso+de+uma+ajuda+para+%28+descreva+brevemente+sua+necessidade+aqui+%29.+%0AMeu+e-mail+corporativo+para+contato+%C3%A9%3A+%28+preencha+com+e-mail+%29.+%0A%0APrezados%2C+informamos+que+pedidos+de+viagens+a+lazer+n%C3%B3s+n%C3%A3o+atendemos.+Somos+especializados+em+viagens+e+eventos+corporativos.+Obrigada%21&amp;type=phone_number&amp;app_absent=0\" rel=\"follow noopener\" target=\"_self\" role=\"button\"><div class=\"uagb-button__link\">Clique para WhatsApp<\/div><\/a><\/div><\/div>\n<\/div><\/div>\n<\/div>\n","protected":false},"excerpt":{"rendered":"<p>Confira as \u00faltimas novidades do setor e fique por dentro das novidades!<\/p>\n","protected":false},"author":4,"featured_media":6651,"comment_status":"open","ping_status":"open","sticky":false,"template":"","format":"standard","meta":{"_uag_custom_page_level_css":"","site-sidebar-layout":"default","site-content-layout":"","ast-site-content-layout":"","site-content-style":"default","site-sidebar-style":"default","ast-global-header-display":"","ast-banner-title-visibility":"","ast-main-header-display":"","ast-hfb-above-header-display":"","ast-hfb-below-header-display":"","ast-hfb-mobile-header-display":"","site-post-title":"","ast-breadcrumbs-content":"","ast-featured-img":"","footer-sml-layout":"","theme-transparent-header-meta":"","adv-header-id-meta":"","stick-header-meta":"","header-above-stick-meta":"","header-main-stick-meta":"","header-below-stick-meta":"","astra-migrate-meta-layouts":"default","ast-page-background-enabled":"default","ast-page-background-meta":{"desktop":{"background-color":"var(--ast-global-color-4)","background-image":"","background-repeat":"repeat","background-position":"center center","background-size":"auto","background-attachment":"scroll","background-type":"","background-media":"","overlay-type":"","overlay-color":"","overlay-opacity":"","overlay-gradient":""},"tablet":{"background-color":"","background-image":"","background-repeat":"repeat","background-position":"center center","background-size":"auto","background-attachment":"scroll","background-type":"","background-media":"","overlay-type":"","overlay-color":"","overlay-opacity":"","overlay-gradient":""},"mobile":{"background-color":"","background-image":"","background-repeat":"repeat","background-position":"center center","background-size":"auto","background-attachment":"scroll","background-type":"","background-media":"","overlay-type":"","overlay-color":"","overlay-opacity":"","overlay-gradient":""}},"ast-content-background-meta":{"desktop":{"background-color":"var(--ast-global-color-5)","background-image":"","background-repeat":"repeat","background-position":"center center","background-size":"auto","background-attachment":"scroll","background-type":"","background-media":"","overlay-type":"","overlay-color":"","overlay-opacity":"","overlay-gradient":""},"tablet":{"background-color":"var(--ast-global-color-5)","background-image":"","background-repeat":"repeat","background-position":"center center","background-size":"auto","background-attachment":"scroll","background-type":"","background-media":"","overlay-type":"","overlay-color":"","overlay-opacity":"","overlay-gradient":""},"mobile":{"background-color":"var(--ast-global-color-5)","background-image":"","background-repeat":"repeat","background-position":"center center","background-size":"auto","background-attachment":"scroll","background-type":"","background-media":"","overlay-type":"","overlay-color":"","overlay-opacity":"","overlay-gradient":""}},"footnotes":""},"categories":[3],"tags":[31,228,14,32],"class_list":["post-6650","post","type-post","status-publish","format-standard","has-post-thumbnail","hentry","category-mercado","tag-agenciadeviagenscorporativas","tag-noticias","tag-viagenscorporativas","tag-viagensparaempresas"],"yoast_head":"<!-- This site is optimized with the Yoast SEO plugin v24.4 - https:\/\/yoast.com\/wordpress\/plugins\/seo\/ -->\n<title>Principais atualiza\u00e7\u00f5es de abril sobre o mercado das viagens corporativas\u00a0 - Blog Dynamic Travel<\/title>\n<meta name=\"description\" content=\"Confira um compilado das principais not\u00edcias deste m\u00eas sobre o mercado das viagens corporativas.\" \/>\n<meta name=\"robots\" content=\"index, follow, max-snippet:-1, max-image-preview:large, max-video-preview:-1\" \/>\n<link rel=\"canonical\" href=\"https:\/\/dynamictravel.com.br\/blog\/atualizacoes-abril-viagens-corporativas\/\" \/>\n<meta property=\"og:locale\" content=\"pt_BR\" \/>\n<meta property=\"og:type\" content=\"article\" \/>\n<meta property=\"og:title\" content=\"Principais atualiza\u00e7\u00f5es de abril sobre o mercado das viagens corporativas\u00a0 - Blog Dynamic Travel\" \/>\n<meta property=\"og:description\" content=\"Confira um compilado das principais not\u00edcias deste m\u00eas sobre o mercado das viagens corporativas.\" \/>\n<meta property=\"og:url\" content=\"https:\/\/dynamictravel.com.br\/blog\/atualizacoes-abril-viagens-corporativas\/\" \/>\n<meta property=\"og:site_name\" content=\"Blog Dynamic Travel\" \/>\n<meta property=\"article:published_time\" content=\"2026-04-30T17:50:01+00:00\" \/>\n<meta property=\"article:modified_time\" content=\"2026-04-30T17:54:19+00:00\" \/>\n<meta property=\"og:image\" content=\"https:\/\/dynamictravel.com.br\/blog\/wp-content\/uploads\/2026\/04\/img-blog-abril.webp\" \/>\n\t<meta property=\"og:image:width\" content=\"1200\" \/>\n\t<meta property=\"og:image:height\" content=\"1200\" \/>\n\t<meta property=\"og:image:type\" content=\"image\/webp\" \/>\n<meta name=\"author\" content=\"Reda\u00e7\u00e3o Dynamic Travel\" \/>\n<meta name=\"twitter:card\" content=\"summary_large_image\" \/>\n<meta name=\"twitter:label1\" content=\"Escrito por\" \/>\n\t<meta name=\"twitter:data1\" content=\"Reda\u00e7\u00e3o Dynamic Travel\" \/>\n\t<meta name=\"twitter:label2\" content=\"Est. tempo de leitura\" \/>\n\t<meta name=\"twitter:data2\" content=\"7 minutos\" \/>\n<script type=\"application\/ld+json\" class=\"yoast-schema-graph\">{\"@context\":\"https:\/\/schema.org\",\"@graph\":[{\"@type\":\"Article\",\"@id\":\"https:\/\/dynamictravel.com.br\/blog\/atualizacoes-abril-viagens-corporativas\/#article\",\"isPartOf\":{\"@id\":\"https:\/\/dynamictravel.com.br\/blog\/atualizacoes-abril-viagens-corporativas\/\"},\"author\":{\"name\":\"Reda\u00e7\u00e3o Dynamic Travel\",\"@id\":\"https:\/\/dynamictravel.com.br\/blog\/#\/schema\/person\/e7178e0a0ffb297c221bb32117d9745f\"},\"headline\":\"Principais atualiza\u00e7\u00f5es de abril sobre o mercado das viagens corporativas\u00a0\",\"datePublished\":\"2026-04-30T17:50:01+00:00\",\"dateModified\":\"2026-04-30T17:54:19+00:00\",\"mainEntityOfPage\":{\"@id\":\"https:\/\/dynamictravel.com.br\/blog\/atualizacoes-abril-viagens-corporativas\/\"},\"wordCount\":1360,\"commentCount\":0,\"publisher\":{\"@id\":\"https:\/\/dynamictravel.com.br\/blog\/#organization\"},\"image\":{\"@id\":\"https:\/\/dynamictravel.com.br\/blog\/atualizacoes-abril-viagens-corporativas\/#primaryimage\"},\"thumbnailUrl\":\"https:\/\/dynamictravel.com.br\/blog\/wp-content\/uploads\/2026\/04\/img-blog-abril.webp\",\"keywords\":[\"agenciadeviagenscorporativas\",\"not\u00edcias\",\"viagenscorporativas\",\"viagensparaempresas\"],\"articleSection\":[\"Mercado\"],\"inLanguage\":\"pt-BR\",\"potentialAction\":[{\"@type\":\"CommentAction\",\"name\":\"Comment\",\"target\":[\"https:\/\/dynamictravel.com.br\/blog\/atualizacoes-abril-viagens-corporativas\/#respond\"]}]},{\"@type\":\"WebPage\",\"@id\":\"https:\/\/dynamictravel.com.br\/blog\/atualizacoes-abril-viagens-corporativas\/\",\"url\":\"https:\/\/dynamictravel.com.br\/blog\/atualizacoes-abril-viagens-corporativas\/\",\"name\":\"Principais atualiza\u00e7\u00f5es de abril sobre o mercado das viagens corporativas\u00a0 - Blog Dynamic Travel\",\"isPartOf\":{\"@id\":\"https:\/\/dynamictravel.com.br\/blog\/#website\"},\"primaryImageOfPage\":{\"@id\":\"https:\/\/dynamictravel.com.br\/blog\/atualizacoes-abril-viagens-corporativas\/#primaryimage\"},\"image\":{\"@id\":\"https:\/\/dynamictravel.com.br\/blog\/atualizacoes-abril-viagens-corporativas\/#primaryimage\"},\"thumbnailUrl\":\"https:\/\/dynamictravel.com.br\/blog\/wp-content\/uploads\/2026\/04\/img-blog-abril.webp\",\"datePublished\":\"2026-04-30T17:50:01+00:00\",\"dateModified\":\"2026-04-30T17:54:19+00:00\",\"description\":\"Confira um compilado das principais not\u00edcias deste m\u00eas sobre o mercado das viagens corporativas.\",\"breadcrumb\":{\"@id\":\"https:\/\/dynamictravel.com.br\/blog\/atualizacoes-abril-viagens-corporativas\/#breadcrumb\"},\"inLanguage\":\"pt-BR\",\"potentialAction\":[{\"@type\":\"ReadAction\",\"target\":[\"https:\/\/dynamictravel.com.br\/blog\/atualizacoes-abril-viagens-corporativas\/\"]}]},{\"@type\":\"ImageObject\",\"inLanguage\":\"pt-BR\",\"@id\":\"https:\/\/dynamictravel.com.br\/blog\/atualizacoes-abril-viagens-corporativas\/#primaryimage\",\"url\":\"https:\/\/dynamictravel.com.br\/blog\/wp-content\/uploads\/2026\/04\/img-blog-abril.webp\",\"contentUrl\":\"https:\/\/dynamictravel.com.br\/blog\/wp-content\/uploads\/2026\/04\/img-blog-abril.webp\",\"width\":1200,\"height\":1200,\"caption\":\"executiva apontando para lousa\"},{\"@type\":\"BreadcrumbList\",\"@id\":\"https:\/\/dynamictravel.com.br\/blog\/atualizacoes-abril-viagens-corporativas\/#breadcrumb\",\"itemListElement\":[{\"@type\":\"ListItem\",\"position\":1,\"name\":\"In\u00edcio\",\"item\":\"https:\/\/dynamictravel.com.br\/blog\/\"},{\"@type\":\"ListItem\",\"position\":2,\"name\":\"Principais atualiza\u00e7\u00f5es de abril sobre o mercado das viagens corporativas\u00a0\"}]},{\"@type\":\"WebSite\",\"@id\":\"https:\/\/dynamictravel.com.br\/blog\/#website\",\"url\":\"https:\/\/dynamictravel.com.br\/blog\/\",\"name\":\"Blog Dynamic Travel\",\"description\":\"Ag\u00eancia de Viagens Corporativas\",\"publisher\":{\"@id\":\"https:\/\/dynamictravel.com.br\/blog\/#organization\"},\"potentialAction\":[{\"@type\":\"SearchAction\",\"target\":{\"@type\":\"EntryPoint\",\"urlTemplate\":\"https:\/\/dynamictravel.com.br\/blog\/?s={search_term_string}\"},\"query-input\":{\"@type\":\"PropertyValueSpecification\",\"valueRequired\":true,\"valueName\":\"search_term_string\"}}],\"inLanguage\":\"pt-BR\"},{\"@type\":\"Organization\",\"@id\":\"https:\/\/dynamictravel.com.br\/blog\/#organization\",\"name\":\"Blog Dynamic Travel\",\"url\":\"https:\/\/dynamictravel.com.br\/blog\/\",\"logo\":{\"@type\":\"ImageObject\",\"inLanguage\":\"pt-BR\",\"@id\":\"https:\/\/dynamictravel.com.br\/blog\/#\/schema\/logo\/image\/\",\"url\":\"https:\/\/dynamictravel.com.br\/blog\/wp-content\/uploads\/2024\/10\/logo-dynamic-travel.webp\",\"contentUrl\":\"https:\/\/dynamictravel.com.br\/blog\/wp-content\/uploads\/2024\/10\/logo-dynamic-travel.webp\",\"width\":320,\"height\":111,\"caption\":\"Blog Dynamic Travel\"},\"image\":{\"@id\":\"https:\/\/dynamictravel.com.br\/blog\/#\/schema\/logo\/image\/\"}},{\"@type\":\"Person\",\"@id\":\"https:\/\/dynamictravel.com.br\/blog\/#\/schema\/person\/e7178e0a0ffb297c221bb32117d9745f\",\"name\":\"Reda\u00e7\u00e3o Dynamic Travel\",\"image\":{\"@type\":\"ImageObject\",\"inLanguage\":\"pt-BR\",\"@id\":\"https:\/\/dynamictravel.com.br\/blog\/#\/schema\/person\/image\/\",\"url\":\"https:\/\/secure.gravatar.com\/avatar\/1eb4bf102438663c299bc91dd2b1095c?s=96&d=mm&r=g\",\"contentUrl\":\"https:\/\/secure.gravatar.com\/avatar\/1eb4bf102438663c299bc91dd2b1095c?s=96&d=mm&r=g\",\"caption\":\"Reda\u00e7\u00e3o Dynamic Travel\"},\"sameAs\":[\"https:\/\/dynamictravel.com.br\"],\"url\":\"https:\/\/dynamictravel.com.br\/blog\/author\/redacao\/\"}]}<\/script>\n<!-- \/ Yoast SEO plugin. -->","yoast_head_json":{"title":"Principais atualiza\u00e7\u00f5es de abril sobre o mercado das viagens corporativas\u00a0 - Blog Dynamic Travel","description":"Confira um compilado das principais not\u00edcias deste m\u00eas sobre o mercado das viagens corporativas.","robots":{"index":"index","follow":"follow","max-snippet":"max-snippet:-1","max-image-preview":"max-image-preview:large","max-video-preview":"max-video-preview:-1"},"canonical":"https:\/\/dynamictravel.com.br\/blog\/atualizacoes-abril-viagens-corporativas\/","og_locale":"pt_BR","og_type":"article","og_title":"Principais atualiza\u00e7\u00f5es de abril sobre o mercado das viagens corporativas\u00a0 - Blog Dynamic Travel","og_description":"Confira um compilado das principais not\u00edcias deste m\u00eas sobre o mercado das viagens corporativas.","og_url":"https:\/\/dynamictravel.com.br\/blog\/atualizacoes-abril-viagens-corporativas\/","og_site_name":"Blog Dynamic Travel","article_published_time":"2026-04-30T17:50:01+00:00","article_modified_time":"2026-04-30T17:54:19+00:00","og_image":[{"width":1200,"height":1200,"url":"https:\/\/dynamictravel.com.br\/blog\/wp-content\/uploads\/2026\/04\/img-blog-abril.webp","type":"image\/webp"}],"author":"Reda\u00e7\u00e3o Dynamic Travel","twitter_card":"summary_large_image","twitter_misc":{"Escrito por":"Reda\u00e7\u00e3o Dynamic Travel","Est. tempo de leitura":"7 minutos"},"schema":{"@context":"https:\/\/schema.org","@graph":[{"@type":"Article","@id":"https:\/\/dynamictravel.com.br\/blog\/atualizacoes-abril-viagens-corporativas\/#article","isPartOf":{"@id":"https:\/\/dynamictravel.com.br\/blog\/atualizacoes-abril-viagens-corporativas\/"},"author":{"name":"Reda\u00e7\u00e3o Dynamic Travel","@id":"https:\/\/dynamictravel.com.br\/blog\/#\/schema\/person\/e7178e0a0ffb297c221bb32117d9745f"},"headline":"Principais atualiza\u00e7\u00f5es de abril sobre o mercado das viagens corporativas\u00a0","datePublished":"2026-04-30T17:50:01+00:00","dateModified":"2026-04-30T17:54:19+00:00","mainEntityOfPage":{"@id":"https:\/\/dynamictravel.com.br\/blog\/atualizacoes-abril-viagens-corporativas\/"},"wordCount":1360,"commentCount":0,"publisher":{"@id":"https:\/\/dynamictravel.com.br\/blog\/#organization"},"image":{"@id":"https:\/\/dynamictravel.com.br\/blog\/atualizacoes-abril-viagens-corporativas\/#primaryimage"},"thumbnailUrl":"https:\/\/dynamictravel.com.br\/blog\/wp-content\/uploads\/2026\/04\/img-blog-abril.webp","keywords":["agenciadeviagenscorporativas","not\u00edcias","viagenscorporativas","viagensparaempresas"],"articleSection":["Mercado"],"inLanguage":"pt-BR","potentialAction":[{"@type":"CommentAction","name":"Comment","target":["https:\/\/dynamictravel.com.br\/blog\/atualizacoes-abril-viagens-corporativas\/#respond"]}]},{"@type":"WebPage","@id":"https:\/\/dynamictravel.com.br\/blog\/atualizacoes-abril-viagens-corporativas\/","url":"https:\/\/dynamictravel.com.br\/blog\/atualizacoes-abril-viagens-corporativas\/","name":"Principais atualiza\u00e7\u00f5es de abril sobre o mercado das viagens corporativas\u00a0 - Blog Dynamic Travel","isPartOf":{"@id":"https:\/\/dynamictravel.com.br\/blog\/#website"},"primaryImageOfPage":{"@id":"https:\/\/dynamictravel.com.br\/blog\/atualizacoes-abril-viagens-corporativas\/#primaryimage"},"image":{"@id":"https:\/\/dynamictravel.com.br\/blog\/atualizacoes-abril-viagens-corporativas\/#primaryimage"},"thumbnailUrl":"https:\/\/dynamictravel.com.br\/blog\/wp-content\/uploads\/2026\/04\/img-blog-abril.webp","datePublished":"2026-04-30T17:50:01+00:00","dateModified":"2026-04-30T17:54:19+00:00","description":"Confira um compilado das principais not\u00edcias deste m\u00eas sobre o mercado das viagens corporativas.","breadcrumb":{"@id":"https:\/\/dynamictravel.com.br\/blog\/atualizacoes-abril-viagens-corporativas\/#breadcrumb"},"inLanguage":"pt-BR","potentialAction":[{"@type":"ReadAction","target":["https:\/\/dynamictravel.com.br\/blog\/atualizacoes-abril-viagens-corporativas\/"]}]},{"@type":"ImageObject","inLanguage":"pt-BR","@id":"https:\/\/dynamictravel.com.br\/blog\/atualizacoes-abril-viagens-corporativas\/#primaryimage","url":"https:\/\/dynamictravel.com.br\/blog\/wp-content\/uploads\/2026\/04\/img-blog-abril.webp","contentUrl":"https:\/\/dynamictravel.com.br\/blog\/wp-content\/uploads\/2026\/04\/img-blog-abril.webp","width":1200,"height":1200,"caption":"executiva apontando para lousa"},{"@type":"BreadcrumbList","@id":"https:\/\/dynamictravel.com.br\/blog\/atualizacoes-abril-viagens-corporativas\/#breadcrumb","itemListElement":[{"@type":"ListItem","position":1,"name":"In\u00edcio","item":"https:\/\/dynamictravel.com.br\/blog\/"},{"@type":"ListItem","position":2,"name":"Principais atualiza\u00e7\u00f5es de abril sobre o mercado das viagens corporativas\u00a0"}]},{"@type":"WebSite","@id":"https:\/\/dynamictravel.com.br\/blog\/#website","url":"https:\/\/dynamictravel.com.br\/blog\/","name":"Blog Dynamic Travel","description":"Ag\u00eancia de Viagens Corporativas","publisher":{"@id":"https:\/\/dynamictravel.com.br\/blog\/#organization"},"potentialAction":[{"@type":"SearchAction","target":{"@type":"EntryPoint","urlTemplate":"https:\/\/dynamictravel.com.br\/blog\/?s={search_term_string}"},"query-input":{"@type":"PropertyValueSpecification","valueRequired":true,"valueName":"search_term_string"}}],"inLanguage":"pt-BR"},{"@type":"Organization","@id":"https:\/\/dynamictravel.com.br\/blog\/#organization","name":"Blog Dynamic Travel","url":"https:\/\/dynamictravel.com.br\/blog\/","logo":{"@type":"ImageObject","inLanguage":"pt-BR","@id":"https:\/\/dynamictravel.com.br\/blog\/#\/schema\/logo\/image\/","url":"https:\/\/dynamictravel.com.br\/blog\/wp-content\/uploads\/2024\/10\/logo-dynamic-travel.webp","contentUrl":"https:\/\/dynamictravel.com.br\/blog\/wp-content\/uploads\/2024\/10\/logo-dynamic-travel.webp","width":320,"height":111,"caption":"Blog Dynamic Travel"},"image":{"@id":"https:\/\/dynamictravel.com.br\/blog\/#\/schema\/logo\/image\/"}},{"@type":"Person","@id":"https:\/\/dynamictravel.com.br\/blog\/#\/schema\/person\/e7178e0a0ffb297c221bb32117d9745f","name":"Reda\u00e7\u00e3o Dynamic Travel","image":{"@type":"ImageObject","inLanguage":"pt-BR","@id":"https:\/\/dynamictravel.com.br\/blog\/#\/schema\/person\/image\/","url":"https:\/\/secure.gravatar.com\/avatar\/1eb4bf102438663c299bc91dd2b1095c?s=96&d=mm&r=g","contentUrl":"https:\/\/secure.gravatar.com\/avatar\/1eb4bf102438663c299bc91dd2b1095c?s=96&d=mm&r=g","caption":"Reda\u00e7\u00e3o Dynamic Travel"},"sameAs":["https:\/\/dynamictravel.com.br"],"url":"https:\/\/dynamictravel.com.br\/blog\/author\/redacao\/"}]}},"uagb_featured_image_src":{"full":["https:\/\/dynamictravel.com.br\/blog\/wp-content\/uploads\/2026\/04\/img-blog-abril.webp",1200,1200,false],"thumbnail":["https:\/\/dynamictravel.com.br\/blog\/wp-content\/uploads\/2026\/04\/img-blog-abril-150x150.webp",150,150,true],"medium":["https:\/\/dynamictravel.com.br\/blog\/wp-content\/uploads\/2026\/04\/img-blog-abril-300x300.webp",300,300,true],"medium_large":["https:\/\/dynamictravel.com.br\/blog\/wp-content\/uploads\/2026\/04\/img-blog-abril-768x768.webp",768,768,true],"large":["https:\/\/dynamictravel.com.br\/blog\/wp-content\/uploads\/2026\/04\/img-blog-abril-1024x1024.webp",1024,1024,true],"1536x1536":["https:\/\/dynamictravel.com.br\/blog\/wp-content\/uploads\/2026\/04\/img-blog-abril.webp",1200,1200,false],"2048x2048":["https:\/\/dynamictravel.com.br\/blog\/wp-content\/uploads\/2026\/04\/img-blog-abril.webp",1200,1200,false],"trp-custom-language-flag":["https:\/\/dynamictravel.com.br\/blog\/wp-content\/uploads\/2026\/04\/img-blog-abril-12x12.webp",12,12,true]},"uagb_author_info":{"display_name":"Reda\u00e7\u00e3o Dynamic Travel","author_link":"https:\/\/dynamictravel.com.br\/blog\/author\/redacao\/"},"uagb_comment_info":0,"uagb_excerpt":"Confira as \u00faltimas novidades do setor e fique por dentro das novidades!","_links":{"self":[{"href":"https:\/\/dynamictravel.com.br\/blog\/wp-json\/wp\/v2\/posts\/6650","targetHints":{"allow":["GET"]}}],"collection":[{"href":"https:\/\/dynamictravel.com.br\/blog\/wp-json\/wp\/v2\/posts"}],"about":[{"href":"https:\/\/dynamictravel.com.br\/blog\/wp-json\/wp\/v2\/types\/post"}],"author":[{"embeddable":true,"href":"https:\/\/dynamictravel.com.br\/blog\/wp-json\/wp\/v2\/users\/4"}],"replies":[{"embeddable":true,"href":"https:\/\/dynamictravel.com.br\/blog\/wp-json\/wp\/v2\/comments?post=6650"}],"version-history":[{"count":3,"href":"https:\/\/dynamictravel.com.br\/blog\/wp-json\/wp\/v2\/posts\/6650\/revisions"}],"predecessor-version":[{"id":6654,"href":"https:\/\/dynamictravel.com.br\/blog\/wp-json\/wp\/v2\/posts\/6650\/revisions\/6654"}],"wp:featuredmedia":[{"embeddable":true,"href":"https:\/\/dynamictravel.com.br\/blog\/wp-json\/wp\/v2\/media\/6651"}],"wp:attachment":[{"href":"https:\/\/dynamictravel.com.br\/blog\/wp-json\/wp\/v2\/media?parent=6650"}],"wp:term":[{"taxonomy":"category","embeddable":true,"href":"https:\/\/dynamictravel.com.br\/blog\/wp-json\/wp\/v2\/categories?post=6650"},{"taxonomy":"post_tag","embeddable":true,"href":"https:\/\/dynamictravel.com.br\/blog\/wp-json\/wp\/v2\/tags?post=6650"}],"curies":[{"name":"wp","href":"https:\/\/api.w.org\/{rel}","templated":true}]}}