{"id":6508,"date":"2026-01-22T14:06:19","date_gmt":"2026-01-22T17:06:19","guid":{"rendered":"https:\/\/dynamictravel.com.br\/blog\/?p=6508"},"modified":"2026-01-22T14:36:11","modified_gmt":"2026-01-22T17:36:11","slug":"evolucao-e-plano-de-carreira-como-a-dynamic-travel-desenvolve-e-promove-jovens-talentos","status":"publish","type":"post","link":"https:\/\/dynamictravel.com.br\/blog\/evolucao-e-plano-de-carreira-como-a-dynamic-travel-desenvolve-e-promove-jovens-talentos\/","title":{"rendered":"Evolu\u00e7\u00e3o e Plano de Carreira: como a Dynamic Travel desenvolve e promove jovens talentos"},"content":{"rendered":"\n<div class=\"wp-block-uagb-image aligncenter uagb-block-03bedb9e wp-block-uagb-image--layout-default wp-block-uagb-image--effect-static wp-block-uagb-image--align-center\"><figure class=\"wp-block-uagb-image__figure\"><img decoding=\"async\" src=\"https:\/\/dynamictravel.com.br\/blog\/wp-content\/uploads\/2026\/01\/capa-blog-release-tai-e-ana.jpg\" alt=\"duas mulheres com bra\u00e7os cruzados em frente ao logo da dynamic travel\" class=\"uag-image-6509\" width=\"1024\" height=\"1024\" title=\"capa-blog release tai e ana\" loading=\"lazy\" role=\"img\" \/><\/figure><\/div>\n\n\n\n<div class=\"wp-block-uagb-separator uagb-block-485c84f4\"><div class=\"uagb-separator-spacing-wrapper\"><div class=\"wp-block-uagb-separator__inner\" style=\"--my-background-image:\"><\/div><\/div><\/div>\n\n\n\n<p>Neste conte\u00fado, voc\u00ea conhecer\u00e1 as trajet\u00f3rias de Ana Carolina Castro e Tain\u00e1 Pereira da Dynamic Travel. Ambas ingressaram muito jovens no mercado de trabalho, uma como jovem aprendiz e outra como estagi\u00e1ria, e, ao longo dos anos, constru\u00edram uma evolu\u00e7\u00e3o s\u00f3lida at\u00e9 o cargo de analistas juniores. O conte\u00fado \u201cEvolu\u00e7\u00e3o e Plano de Carreira: como a Dynamic Travel desenvolve e promove jovens talentos\u201d conecta dados atuais sobre jovens no mercado, expectativas da nova gera\u00e7\u00e3o e pr\u00e1ticas de desenvolvimento humano, mostrando como a Dynamic oferece um ambiente estruturado, acolhedor e orientado \u00e0 constru\u00e7\u00e3o de carreira. Um conte\u00fado que inspira jovens talentos e refor\u00e7a o compromisso da empresa com crescimento profissional real.<\/p>\n\n\n\n<hr class=\"wp-block-separator has-alpha-channel-opacity is-style-default\" \/>\n\n\n\n<h1 class=\"wp-block-heading\">Evolu\u00e7\u00e3o e Plano de Carreira: como a Dynamic Travel desenvolve e promove jovens talentos<\/h1>\n\n\n\n<h3 class=\"wp-block-heading\"><strong>Crescimento de jovens ingressantes no mercado de trabalho<\/strong><\/h3>\n\n\n\n<p>No Brasil, o mercado formal de trabalho tem registrado crescimento expressivo na inclus\u00e3o de jovens por meio da aprendizagem profissional, com mais de 715 mil jovens aprendizes registrados at\u00e9 novembro de 2025, o maior saldo hist\u00f3rico no pa\u00eds. Esse aumento evidencia que iniciativas de qualifica\u00e7\u00e3o e ingresso profissional continuam sendo uma das principais portas para o primeiro emprego e desenvolvimento de carreira.<\/p>\n\n\n\n<p>Entender como esse p\u00fablico jovem se organiza, se projeta e evolui em ambientes corporativos \u00e9 essencial para empresas que desejam fortalecer suas estrat\u00e9gias de cultura organizacional e gest\u00e3o de talentos. Nesse contexto, em 2023 a Dynamic Travel criou o <a href=\"https:\/\/dynamictravel.com.br\/blog\/dynamic-is-cool-a-importancia-de-investir-em-jovens-aprendizes\/\"><strong>programa \u201cDynamic is Cool\u201d<\/strong><\/a><strong> <\/strong>com objetivo de desenvolver jovens talentos no setor do turismo, focando em viagens e eventos corporativos. Uma das hist\u00f3rias inspiradoras do conte\u00fado a seguir \u00e9 fruto desse programa. Confira a partir de agora as trajet\u00f3rias de duas colaboradoras que trilharam um caminho de crescimento profissional dentro da pr\u00f3pria empresa.<\/p>\n\n\n\n<hr class=\"wp-block-separator has-alpha-channel-opacity is-style-default\" \/>\n\n\n\n<p><\/p>\n\n\n\n<p><strong><mark class=\"has-inline-color has-ast-global-color-1-color\">Objetivo deste artigo:<br><\/mark><\/strong>Neste conte\u00fado, voc\u00ea vai conhecer e se inspirar na trajet\u00f3ria profissional das duas colaboradoras da Dynamic Travel.<\/p>\n\n\n\t\t\t\t<div class=\"wp-block-uagb-table-of-contents uagb-toc__align-left uagb-toc__columns-1  uagb-block-22cdf7aa      \"\n\t\t\t\t\tdata-scroll= \"1\"\n\t\t\t\t\tdata-offset= \"30\"\n\t\t\t\t\tstyle=\"\"\n\t\t\t\t>\n\t\t\t\t<div class=\"uagb-toc__wrap\">\n\t\t\t\t\t\t<div class=\"uagb-toc__title\">\n\t\t\t\t\t\t\t<strong><mark class=\"has-inline-color has-ast-global-color-1-color\">O que voc\u00ea vai encontrar nesse conte\u00fado<\/mark><\/strong>\t\t\t\t\t\t<\/div>\n\t\t\t\t\t\t\t\t\t\t\t\t\t\t\t\t\t\t\t\t\t\t<div class=\"uagb-toc__list-wrap \">\n\t\t\t\t\t\t<ol class=\"uagb-toc__list\"><li class=\"uagb-toc__list\"><a href=\"#evolu\u00e7\u00e3o-e-plano-de-carreira-como-a-dynamic-travel-desenvolve-e-promove-jovens-talentos\" class=\"uagb-toc-link__trigger\">Evolu\u00e7\u00e3o e Plano de Carreira: como a Dynamic Travel desenvolve e promove jovens talentos<\/a><ul class=\"uagb-toc__list\"><li class=\"uagb-toc__list\"><a href=\"#crescimento-de-jovens-ingressantes-no-mercado-de-trabalho\" class=\"uagb-toc-link__trigger\">Crescimento de jovens ingressantes no mercado de trabalho<\/a><ul class=\"uagb-toc__list\"><li class=\"uagb-toc__list\"><a href=\"#conhe\u00e7a-mais-quem-s\u00e3o-as-profissionais-por-tr\u00e1s-das-hist\u00f3rias-do-conte\u00fado\" class=\"uagb-toc-link__trigger\">Conhe\u00e7a mais quem s\u00e3o as profissionais por tr\u00e1s das hist\u00f3rias do conte\u00fado<\/a><ul class=\"uagb-toc__list\"><li class=\"uagb-toc__list\"><a href=\"#tain\u00e1-pereira\" class=\"uagb-toc-link__trigger\">Tain\u00e1 Pereira<\/a><li class=\"uagb-toc__list\"><li class=\"uagb-toc__list\"><a href=\"#ana-carolina-castro\" class=\"uagb-toc-link__trigger\">Ana Carolina Castro<\/a><\/li><\/ul><\/li><\/ul><li class=\"uagb-toc__list\"><a href=\"#aprendizados-que-constroem-a-evolu\u00e7\u00e3o-e-plano-de-carreira\" class=\"uagb-toc-link__trigger\">Aprendizados que constroem a Evolu\u00e7\u00e3o e Plano de Carreira<\/a><ul class=\"uagb-toc__list\"><li class=\"uagb-toc__list\"><a href=\"#comunica\u00e7\u00e3o-como-base-de-tudo\" class=\"uagb-toc-link__trigger\">Comunica\u00e7\u00e3o como base de tudo<\/a><\/li><\/ul><li class=\"uagb-toc__list\"><a href=\"#voc\u00ea-pode-se-interessar-por-esse-conte\u00fado\" class=\"uagb-toc-link__trigger\">Voc\u00ea pode se interessar por esse conte\u00fado<\/a><ul class=\"uagb-toc__list\"><li class=\"uagb-toc__list\"><a href=\"#trabalho-em-equipe-e-senso-de-pertencimento\" class=\"uagb-toc-link__trigger\">Trabalho em equipe e senso de pertencimento<\/a><li class=\"uagb-toc__list\"><li class=\"uagb-toc__list\"><a href=\"#desafios-da-maturidade-profissional-organiza\u00e7\u00e3o-responsabilidade-e-vis\u00e3o-de-impacto\" class=\"uagb-toc-link__trigger\">Desafios da maturidade profissional: Organiza\u00e7\u00e3o, responsabilidade e vis\u00e3o de impacto<\/a><li class=\"uagb-toc__list\"><li class=\"uagb-toc__list\"><a href=\"#o-papel-da-empresa-no-desenvolvimento-de-jovens-talentos\" class=\"uagb-toc-link__trigger\">O papel da empresa no desenvolvimento de jovens talentos<\/a><\/li><\/ul><li class=\"uagb-toc__list\"><a href=\"#voc\u00ea-pode-se-interessar-por-esse-conte\u00fado\" class=\"uagb-toc-link__trigger\">Voc\u00ea pode se interessar por esse conte\u00fado<\/a><ul class=\"uagb-toc__list\"><li class=\"uagb-toc__list\"><a href=\"#expectativas-de-futuro-e-vis\u00e3o-de-carreira\" class=\"uagb-toc-link__trigger\">Expectativas de futuro e vis\u00e3o de carreira<\/a><li class=\"uagb-toc__list\"><li class=\"uagb-toc__list\"><a href=\"#dicas-para-jovens-que-est\u00e3o-come\u00e7ando-no-mercado-corporativo\" class=\"uagb-toc-link__trigger\">Dicas para jovens que est\u00e3o come\u00e7ando no mercado corporativo<\/a><\/li><\/ul><li class=\"uagb-toc__list\"><a href=\"#voc\u00ea-pode-se-interessar-por-esse-conte\u00fado\" class=\"uagb-toc-link__trigger\">Voc\u00ea pode se interessar por esse conte\u00fado<\/a><ul class=\"uagb-toc__list\"><li class=\"uagb-toc__list\"><a href=\"#o-papel-da-lideran\u00e7a-na-evolu\u00e7\u00e3o-e-plano-de-carreira-de-jovens-talentos\" class=\"uagb-toc-link__trigger\">O papel da lideran\u00e7a na Evolu\u00e7\u00e3o e Plano de Carreira de jovens talentos<\/a><ul class=\"uagb-toc__list\"><li class=\"uagb-toc__list\"><a href=\"#mande-uma-mensagem-no-chat-ao-lado-ou-envie-um-whatsapp-e-deixe-dynamic-travel-apoiar-voc\u00ea-em-todo-o-processo-de-viagens-corporativas\" class=\"uagb-toc-link__trigger\">Mande uma mensagem no chat ao lado ou envie um WhatsApp e deixe Dynamic Travel apoiar voc\u00ea em todo o processo de viagens corporativas.<\/a><\/ul><\/ul><\/ul><\/ol>\t\t\t\t\t<\/div>\n\t\t\t\t\t\t\t\t\t<\/div>\n\t\t\t\t<\/div>\n\t\t\t\n\n\n<p><\/p>\n\n\n\n<p>Quando falamos de Evolu\u00e7\u00e3o e Plano de Carreira, \u00e9 inspirador ver hist\u00f3rias que confirmam isso. Tain\u00e1 Pereira e Ana Carolina s\u00e3o exemplos vivos de que <strong>cultura interna estruturada e planejamento profissional podem transformar trajet\u00f3rias<\/strong>.<\/p>\n\n\n\n<p><\/p>\n\n\n\n<h4 class=\"wp-block-heading\">Conhe\u00e7a mais quem s\u00e3o as profissionais por tr\u00e1s das hist\u00f3rias do conte\u00fado<\/h4>\n\n\n\n<h5 class=\"wp-block-heading\">Tain\u00e1 Pereira<\/h5>\n\n\n\n<p>Com quase <strong>3 anos de trajet\u00f3ria na Dynamic Travel<\/strong>, Tain\u00e1 Pereira representa uma evolu\u00e7\u00e3o profissional constru\u00edda de forma consistente e consciente. Sua jornada come\u00e7ou como <strong>estagi\u00e1ria de marketing<\/strong>, passou pela efetiva\u00e7\u00e3o como <strong>auxiliar<\/strong> e culminou, recentemente, na promo\u00e7\u00e3o para <strong>analista j\u00fanior de marketing<\/strong>.<\/p>\n\n\n\n<p>Formada em Marketing e atualmente cursando <strong>p\u00f3s-gradua\u00e7\u00e3o em Comunica\u00e7\u00e3o e Marketing Digital<\/strong>, Tain\u00e1 encontrou na Dynamic Travel um ambiente onde conseguiu unir aprendizado t\u00e9cnico, desenvolvimento humano e vis\u00e3o estrat\u00e9gica. Ao longo do tempo, ela ampliou sua atua\u00e7\u00e3o, ganhou confian\u00e7a para se posicionar, passou a contribuir com ideias e a participar de decis\u00f5es que impactam diretamente o posicionamento da marca.<\/p>\n\n\n\n<p>Um dos pontos mais marcantes da sua trajet\u00f3ria \u00e9 a valoriza\u00e7\u00e3o da comunica\u00e7\u00e3o e do trabalho em equipe. Para ela, crescer profissionalmente est\u00e1 diretamente ligado ao sentimento de pertencimento e \u00e0 escuta ativa dentro do time.<\/p>\n\n\n\n<div class=\"wp-block-uagb-container uagb-block-63378dc1 alignfull uagb-is-root-container\"><div class=\"uagb-container-inner-blocks-wrap\">\n<div class=\"wp-block-uagb-container uagb-block-ce277011\">\n<div class=\"wp-block-uagb-image uagb-block-d3be5469 wp-block-uagb-image--layout-default wp-block-uagb-image--effect-static wp-block-uagb-image--align-none\"><figure class=\"wp-block-uagb-image__figure\"><img decoding=\"async\" src=\"https:\/\/dynamictravel.com.br\/blog\/wp-content\/uploads\/2026\/01\/tai-depo-1.png\" alt=\"tain\u00e1 pereira\" class=\"uag-image-6510\" width=\"300\" height=\"300\" title=\"tai-depo (1)\" loading=\"lazy\" role=\"img\" \/><\/figure><\/div>\n<\/div>\n\n\n\n<div class=\"wp-block-uagb-container uagb-block-939a2d4b\">\n<p><\/p>\n\n\n\n<p><em>\u201cAqui, n\u00e3o importa o cargo que voc\u00ea ocupa. As ideias s\u00e3o ouvidas e colocadas em pr\u00e1tica, e isso faz toda a diferen\u00e7a para o nosso crescimento.\u201d<\/em><\/p>\n\n\n\n<p class=\"has-text-align-right\">Tain\u00e1 Pereira, Analista de Marketing Jr. da Dynamic Travel<\/p>\n<\/div>\n<\/div><\/div>\n\n\n\n<p>Fora do ambiente corporativo, Tain\u00e1 mant\u00e9m uma rotina equilibrada. Gosta de cozinhar, ler, assistir filmes e s\u00e9ries, al\u00e9m de aproveitar momentos com amigos e fam\u00edlia. Esses momentos de lazer, segundo ela, contribuem diretamente para sua criatividade e desempenho profissional, especialmente em uma \u00e1rea que exige pensamento estrat\u00e9gico constante.<\/p>\n\n\n\n<p>Sua hist\u00f3ria refor\u00e7a que <strong>Evolu\u00e7\u00e3o e Plano de Carreira<\/strong> passam por autoconhecimento, responsabilidade, abertura para aprender e, principalmente, por ambientes que incentivam o desenvolvimento cont\u00ednuo.<\/p>\n\n\n\n<p><\/p>\n\n\n\n<h5 class=\"wp-block-heading\">Ana Carolina Castro<\/h5>\n\n\n\n<p>A trajet\u00f3ria de <strong>Ana Carolina Castro <\/strong>na Dynamic Travel \u00e9 um exemplo claro de como o primeiro emprego pode se transformar em uma carreira s\u00f3lida. Aos 21 anos, ela soma <strong>mais de dois anos de empresa<\/strong>, per\u00edodo em que viveu todas as suas primeiras experi\u00eancias no mundo corporativo.<\/p>\n\n\n\n<p>Ana ingressou como <strong>jovem aprendiz no departamento de opera\u00e7\u00f5es<\/strong>, foi promovida a <strong>auxiliar<\/strong> e, hoje, atua como <strong>analista j\u00fanior<\/strong>, assumindo responsabilidades cada vez mais estrat\u00e9gicas dentro da \u00e1rea. Para ela, cada etapa foi essencial para desenvolver maturidade profissional, senso de responsabilidade e vis\u00e3o de processo.<\/p>\n\n\n\n<p>Ana possui curso especializado em Administra\u00e7\u00e3o de Empresas e atualmente cursa <strong>gradua\u00e7\u00e3o em Arquitetura, <\/strong>compartilha que um dos maiores aprendizados ao longo da sua <strong>Evolu\u00e7\u00e3o e Plano de Carreira<\/strong> foi entender a import\u00e2ncia da organiza\u00e7\u00e3o e da rotina. Com o aumento das demandas, ela passou a estruturar melhor seu dia a dia, reconhecendo que seu trabalho impacta diretamente outras pessoas e \u00e1reas da empresa.<\/p>\n\n\n\n<div class=\"wp-block-uagb-container uagb-block-3ec71cb3 alignfull uagb-is-root-container\"><div class=\"uagb-container-inner-blocks-wrap\">\n<div class=\"wp-block-uagb-container uagb-block-3576a63c\">\n<div class=\"wp-block-uagb-image uagb-block-74d50543 wp-block-uagb-image--layout-default wp-block-uagb-image--effect-static wp-block-uagb-image--align-none\"><figure class=\"wp-block-uagb-image__figure\"><img decoding=\"async\" src=\"https:\/\/dynamictravel.com.br\/blog\/wp-content\/uploads\/2026\/01\/ana-depo-1.png\" alt=\"ana carolina castro\" class=\"uag-image-6511\" width=\"300\" height=\"300\" title=\"ana-depo (1)\" loading=\"lazy\" role=\"img\" \/><\/figure><\/div>\n<\/div>\n\n\n\n<div class=\"wp-block-uagb-container uagb-block-691bdadd\">\n<p><\/p>\n\n\n\n<p><em>\u201cQuando voc\u00ea cresce, entende que n\u00e3o \u00e9 mais s\u00f3 sobre voc\u00ea. Pessoas dependem do seu trabalho, e isso muda completamente a forma como voc\u00ea se organiza e encara as responsabilidades.\u201d<\/em><\/p>\n\n\n\n<p class=\"has-text-align-right\">Ana Carolina Castro, Analista de Opera\u00e7\u00f5es Jr. da Dynamic Travel<\/p>\n<\/div>\n<\/div><\/div>\n\n\n\n<p><\/p>\n\n\n\n<p>Fora do trabalho, Ana \u00e9 movida por experi\u00eancias. Gosta de sair com amigos e fam\u00edlia, ir a shows, parques, praia e eventos culturais. Tamb\u00e9m tem hobbies mais introspectivos, como desenhar, ouvir m\u00fasica, ler e assistir s\u00e9ries. Para ela, o autocuidado e o equil\u00edbrio entre vida pessoal e profissional s\u00e3o fundamentais para manter a produtividade e a sa\u00fade emocional.<\/p>\n\n\n\n<p>A hist\u00f3ria de Ana mostra que <strong>Evolu\u00e7\u00e3o e Plano de Carreira<\/strong> n\u00e3o acontecem da noite para o dia, mas s\u00e3o constru\u00eddas com abertura para aprender, escuta ativa, dedica\u00e7\u00e3o e apoio de uma cultura organizacional estruturada.<\/p>\n\n\n\n<p><\/p>\n\n\n\n<h3 class=\"wp-block-heading\">Aprendizados que constroem a Evolu\u00e7\u00e3o e Plano de Carreira<\/h3>\n\n\n\n<p>Ao longo da entrevista, Ana e Tain\u00e1 destacam aprendizados que foram determinantes para a evolu\u00e7\u00e3o profissional de ambas:<\/p>\n\n\n\n<h4 class=\"wp-block-heading\">Comunica\u00e7\u00e3o como base de tudo<\/h4>\n\n\n\n<p>Ambas ressaltam que aprender a se comunicar, seja com clientes, lideran\u00e7as ou colegas de time, foi um dos maiores desafios e, ao mesmo tempo, uma das maiores conquistas.<\/p>\n\n\n\n<ul class=\"wp-block-list\">\n<li>Superar a timidez<\/li>\n\n\n\n<li>Aprender a se posicionar<\/li>\n\n\n\n<li>Desenvolver clareza na troca de informa\u00e7\u00f5es<\/li>\n\n\n\n<li>Receber e oferecer feedback<\/li>\n<\/ul>\n\n\n\n<p>Esses pontos aparecem como pilares da <strong>Evolu\u00e7\u00e3o e Plano de Carreira<\/strong>, especialmente em ambientes colaborativos.<\/p>\n\n\n\n<p><\/p>\n\n\n\n<div class=\"wp-block-uagb-call-to-action uagb-block-a8793194 wp-block-button\"><div class=\"uagb-cta__wrap\"><h3 class=\"uagb-cta__title\"><strong>Voc\u00ea pode se interessar por esse conte\u00fado<\/strong><\/h3><p class=\"uagb-cta__desc\">Se voc\u00ea est\u00e1 interessado em conhecer outras hist\u00f3rias inspiradoras dentro da Dynamic Travel&#8230; Esse artigo \u00e9 para voc\u00ea!<\/p><\/div><div class=\"uagb-cta__buttons\"><a href=\"https:\/\/dynamictravel.com.br\/blog\/de-analista-a-gerente-trajetoria-inspiradora-de-uma-gerente-de-rh\/\" class=\"uagb-cta__button-link-wrapper wp-block-button__link\" target=\"_blank\" rel=\"noopener noreferrer\">Confira aqui<\/a><\/div><\/div>\n\n\n\n<p><\/p>\n\n\n\n<p><\/p>\n\n\n\n<h4 class=\"wp-block-heading\">Trabalho em equipe e senso de pertencimento<\/h4>\n\n\n\n<p>Outro fator recorrente nas falas \u00e9 a for\u00e7a do trabalho em equipe. Tanto no marketing quanto em opera\u00e7\u00f5es, Ana e Tain\u00e1 destacam a import\u00e2ncia de ambientes onde:<\/p>\n\n\n\n<ul class=\"wp-block-list\">\n<li>As pessoas se ajudam genuinamente<\/li>\n\n\n\n<li>O erro \u00e9 tratado como aprendizado<\/li>\n\n\n\n<li>As ideias s\u00e3o ouvidas, independentemente do cargo<\/li>\n<\/ul>\n\n\n\n<p><a href=\"https:\/\/dynamictravel.com.br\/blog\/quando-a-empresa-cuida-de-gente-gente-cuida-da-empresa\/\"><strong>Esse clima fortalece a confian\u00e7a<\/strong><\/a><strong>,<\/strong> incentiva a participa\u00e7\u00e3o ativa e acelera o desenvolvimento profissional.<\/p>\n\n\n\n<p><\/p>\n\n\n\n<h4 class=\"wp-block-heading\">Desafios da maturidade profissional: Organiza\u00e7\u00e3o, responsabilidade e vis\u00e3o de impacto<\/h4>\n\n\n\n<p>Com o aumento das responsabilidades, novos desafios surgem. Ana aponta a <strong>organiza\u00e7\u00e3o<\/strong> como um divisor de \u00e1guas na sua evolu\u00e7\u00e3o: entender prioridades, estruturar a rotina e reconhecer que outras pessoas dependem do seu trabalho.<\/p>\n\n\n\n<p>Tain\u00e1, por sua vez, destaca o desafio de <strong>assumir responsabilidade sobre processos e apoiar o desenvolvimento de outras pessoas<\/strong>, o que exige comunica\u00e7\u00e3o clara, empatia e vis\u00e3o de lideran\u00e7a.<\/p>\n\n\n\n<p>Esses aprendizados mostram que <strong>Evolu\u00e7\u00e3o e Plano de Carreira<\/strong> n\u00e3o se resumem a promo\u00e7\u00f5es, mas \u00e0 constru\u00e7\u00e3o de maturidade profissional.<\/p>\n\n\n\n<p><\/p>\n\n\n\n<h4 class=\"wp-block-heading\">O papel da empresa no desenvolvimento de jovens talentos<\/h4>\n\n\n\n<p>Na vis\u00e3o das duas colaboradoras, a Dynamic Travel se diferencia por:<\/p>\n\n\n\n<ul class=\"wp-block-list\">\n<li>Investir em feedback constante<\/li>\n\n\n\n<li>Reconhecer talentos internos<\/li>\n\n\n\n<li>Oferecer oportunidades reais de crescimento<\/li>\n\n\n\n<li>Estimular autoconhecimento e responsabilidade<\/li>\n<\/ul>\n\n\n\n<p>Esse modelo cria um ambiente onde jovens profissionais se sentem vistos, valorizados e motivados a evoluir, fator essencial para reten\u00e7\u00e3o de talentos da nova gera\u00e7\u00e3o.<\/p>\n\n\n\n<p><\/p>\n\n\n\n<div class=\"wp-block-uagb-call-to-action uagb-block-27feb5b8 wp-block-button\"><div class=\"uagb-cta__wrap\"><h3 class=\"uagb-cta__title\"><strong>Voc\u00ea pode se interessar por esse conte\u00fado<\/strong><\/h3><p class=\"uagb-cta__desc\">Se voc\u00ea est\u00e1 interessado em conhecer outras hist\u00f3rias inspiradoras dentro da Dynamic Travel&#8230; Esse artigo \u00e9 para voc\u00ea!<\/p><\/div><div class=\"uagb-cta__buttons\"><a href=\"https:\/\/dynamictravel.com.br\/blog\/de-jovem-aprendiz-a-auxiliar-de-suporte-o-impacto-da-valorizacao-profissional\/\" class=\"uagb-cta__button-link-wrapper wp-block-button__link\" target=\"_blank\" rel=\"noopener noreferrer\">Confira aqui<\/a><\/div><\/div>\n\n\n\n<p><\/p>\n\n\n\n<h4 class=\"wp-block-heading\">Expectativas de futuro e vis\u00e3o de carreira<\/h4>\n\n\n\n<p>Ao falarem sobre o futuro, Ana e Tain\u00e1 demonstram clareza: o momento atual \u00e9 de <strong>aprendizado, amplia\u00e7\u00e3o de responsabilidades e constru\u00e7\u00e3o de base<\/strong>.<\/p>\n\n\n\n<p>Ambas refor\u00e7am que desejam:<\/p>\n\n\n\n<ul class=\"wp-block-list\">\n<li>Continuar evoluindo dentro da empresa<\/li>\n\n\n\n<li>Desenvolver novas compet\u00eancias<\/li>\n\n\n\n<li>Ter uma atua\u00e7\u00e3o cada vez mais estrat\u00e9gica<\/li>\n\n\n\n<li>Conquistar posi\u00e7\u00f5es maiores ao longo do tempo<\/li>\n<\/ul>\n\n\n\n<p>Esse olhar refor\u00e7a a import\u00e2ncia de empresas que estruturam esse processo de evolu\u00e7\u00e3o de forma consistente e transparente.<\/p>\n\n\n\n<p><\/p>\n\n\n\n<h4 class=\"wp-block-heading\">Dicas para jovens que est\u00e3o come\u00e7ando no mercado corporativo<\/h4>\n\n\n\n<p>A partir da experi\u00eancia das duas, alguns aprendizados se destacam:<\/p>\n\n\n\n<ul class=\"wp-block-list\">\n<li>Entre com a mente aberta<\/li>\n\n\n\n<li>N\u00e3o se compare excessivamente<\/li>\n\n\n\n<li>Esteja disposto a aprender e ouvir<\/li>\n\n\n\n<li>Desenvolva comunica\u00e7\u00e3o e organiza\u00e7\u00e3o<\/li>\n\n\n\n<li>Valorize feedbacks<\/li>\n\n\n\n<li>Acredite no seu potencial<\/li>\n<\/ul>\n\n\n\n<p>Esses pontos refletem exatamente o que a nova gera\u00e7\u00e3o espera encontrar em empresas que investem em pessoas.<\/p>\n\n\n\n<p><\/p>\n\n\n\n<div class=\"wp-block-uagb-call-to-action uagb-block-98cec3ee wp-block-button\"><div class=\"uagb-cta__wrap\"><h3 class=\"uagb-cta__title\"><strong>Voc\u00ea pode se interessar por esse conte\u00fado<\/strong><\/h3><p class=\"uagb-cta__desc\">Se voc\u00ea est\u00e1 interessado em conhecer outras hist\u00f3rias inspiradoras dentro da Dynamic Travel&#8230; Esse artigo \u00e9 para voc\u00ea!<\/p><\/div><div class=\"uagb-cta__buttons\"><a href=\"https:\/\/dynamictravel.com.br\/blog\/dynamic-travel-promove-colaboradoras-para-cargos-de-lideranca\/\" class=\"uagb-cta__button-link-wrapper wp-block-button__link\" target=\"_blank\" rel=\"noopener noreferrer\">Confira aqui<\/a><\/div><\/div>\n\n\n\n<p><\/p>\n\n\n\n<h4 class=\"wp-block-heading\">O papel da lideran\u00e7a na Evolu\u00e7\u00e3o e Plano de Carreira de jovens talentos<\/h4>\n\n\n\n<p>Nenhuma trajet\u00f3ria de <strong>Evolu\u00e7\u00e3o e Plano de Carreira<\/strong> acontece de forma isolada. Por tr\u00e1s de hist\u00f3rias como as de Tain\u00e1 e Ana Carolina, existe um fator decisivo: <strong>lideran\u00e7as preparadas, acess\u00edveis e alinhadas \u00e0s expectativas da nova gera\u00e7\u00e3o<\/strong>.<\/p>\n\n\n\n<p>No in\u00edcio da carreira, jovens profissionais ainda est\u00e3o construindo repert\u00f3rio t\u00e9cnico, maturidade emocional e vis\u00e3o de neg\u00f3cio. Nesse contexto, a lideran\u00e7a exerce um papel fundamental ao <strong>orientar, acompanhar de perto e oferecer feedbacks cont\u00ednuos<\/strong>, criando um ambiente seguro para <a href=\"https:\/\/dynamictravel.com.br\/blog\/carreira-em-foco-insights-praticos-de-uma-gerente-de-rh-para-desenvolvimento-pessoal-e-profissional\/\"><strong>aprendizado, desenvolvimento e evolu\u00e7\u00e3o.<\/strong><\/a><\/p>\n\n\n\n<p>Mais do que delegar tarefas, l\u00edderes que atuam como mentores ajudam esses profissionais a:<\/p>\n\n\n\n<ul class=\"wp-block-list\">\n<li>Compreender seu papel dentro da organiza\u00e7\u00e3o<\/li>\n\n\n\n<li>Identificar pontos fortes e oportunidades de desenvolvimento<\/li>\n\n\n\n<li>Construir senso de responsabilidade e autonomia de forma gradual<\/li>\n\n\n\n<li>Desenvolver compet\u00eancias comportamentais essenciais, como comunica\u00e7\u00e3o, organiza\u00e7\u00e3o e intelig\u00eancia emocional<\/li>\n<\/ul>\n\n\n\n<p>O acompanhamento pr\u00f3ximo, aliado a <strong>feedbacks claros, construtivos e recorrentes<\/strong>, permite que o jovem profissional entenda onde est\u00e1, para onde pode ir e quais passos precisa dar para alcan\u00e7ar est\u00e1gios mais avan\u00e7ados da carreira. Esse processo evita frustra\u00e7\u00f5es, reduz inseguran\u00e7as e fortalece o engajamento.<\/p>\n\n\n\n<p><\/p>\n\n\n\n<p>Na Dynamic Travel, TMC com mais de 20 anos de experi\u00eancia em viagens e eventos corporativas e acima de tudo, em pessoas, valoriza a <strong>Evolu\u00e7\u00e3o e Plano de Carreira<\/strong> de seus colaboradores, ou melhor dizendo, seus dynamicrs.<\/p>\n\n\n\n<p>Ambos s\u00e3o tratados como um compromisso compartilhado entre colaborador, lideran\u00e7a e RH. Quando lideran\u00e7a e cultura organizacional caminham juntas, o desenvolvimento deixa de ser apenas uma expectativa individual e passa a ser uma constru\u00e7\u00e3o coletiva, com impacto direto na performance, no clima organizacional e na reten\u00e7\u00e3o de talentos.<\/p>\n\n\n\n<p>Preparar jovens profissionais para posi\u00e7\u00f5es futuras exige vis\u00e3o, paci\u00eancia e m\u00e9todo. E \u00e9 exatamente esse olhar estrat\u00e9gico da lideran\u00e7a que transforma potencial em resultado e hist\u00f3rias individuais em cases reais de crescimento sustent\u00e1vel.<\/p>\n\n\n\n<p><\/p>\n\n\n\n<p><\/p>\n\n\n\n<p><\/p>\n\n\n\n<div class=\"wp-block-group is-nowrap is-layout-flex wp-container-core-group-is-layout-1 wp-block-group-is-layout-flex\">\n<h5 class=\"wp-block-heading\"><strong>Mande uma mensagem no chat ao lado ou envie um WhatsApp e <\/strong><br><strong>deixe Dynamic Travel apoiar voc\u00ea em todo o processo de viagens corporativas.<\/strong><\/h5>\n\n\n\n<div class=\"wp-block-uagb-buttons uagb-buttons__outer-wrap uagb-btn__default-btn uagb-btn-tablet__default-btn uagb-btn-mobile__default-btn uagb-block-f16e25cb\"><div class=\"uagb-buttons__wrap uagb-buttons-layout-wrap \">\n<div class=\"wp-block-uagb-buttons-child uagb-buttons__outer-wrap uagb-block-32e20448 wp-block-button\"><div class=\"uagb-button__wrapper\"><a class=\"uagb-buttons-repeater wp-block-button__link\" aria-label=\"\" href=\"https:\/\/api.whatsapp.com\/send\/?phone=5511941486694&amp;text=Ol%C3%A1+Dynamic%21+Vim+pelo+blog+e+quero+iniciar+uma+conversa+com+voc%C3%AAs.&amp;type=phone_number&amp;app_absent=0\" rel=\"follow noopener\" target=\"_blank\" role=\"button\"><div class=\"uagb-button__link\">Clique para WhatsApp<\/div><\/a><\/div><\/div>\n<\/div><\/div>\n<\/div>\n","protected":false},"excerpt":{"rendered":"<p>Inspire-se em trajet\u00f3rias reais de crescimento profissional.<\/p>\n","protected":false},"author":4,"featured_media":6509,"comment_status":"open","ping_status":"open","sticky":false,"template":"","format":"standard","meta":{"_uag_custom_page_level_css":"","site-sidebar-layout":"default","site-content-layout":"","ast-site-content-layout":"","site-content-style":"default","site-sidebar-style":"default","ast-global-header-display":"","ast-banner-title-visibility":"","ast-main-header-display":"","ast-hfb-above-header-display":"","ast-hfb-below-header-display":"","ast-hfb-mobile-header-display":"","site-post-title":"","ast-breadcrumbs-content":"","ast-featured-img":"","footer-sml-layout":"","theme-transparent-header-meta":"","adv-header-id-meta":"","stick-header-meta":"","header-above-stick-meta":"","header-main-stick-meta":"","header-below-stick-meta":"","astra-migrate-meta-layouts":"default","ast-page-background-enabled":"default","ast-page-background-meta":{"desktop":{"background-color":"var(--ast-global-color-4)","background-image":"","background-repeat":"repeat","background-position":"center center","background-size":"auto","background-attachment":"scroll","background-type":"","background-media":"","overlay-type":"","overlay-color":"","overlay-opacity":"","overlay-gradient":""},"tablet":{"background-color":"","background-image":"","background-repeat":"repeat","background-position":"center center","background-size":"auto","background-attachment":"scroll","background-type":"","background-media":"","overlay-type":"","overlay-color":"","overlay-opacity":"","overlay-gradient":""},"mobile":{"background-color":"","background-image":"","background-repeat":"repeat","background-position":"center center","background-size":"auto","background-attachment":"scroll","background-type":"","background-media":"","overlay-type":"","overlay-color":"","overlay-opacity":"","overlay-gradient":""}},"ast-content-background-meta":{"desktop":{"background-color":"var(--ast-global-color-5)","background-image":"","background-repeat":"repeat","background-position":"center center","background-size":"auto","background-attachment":"scroll","background-type":"","background-media":"","overlay-type":"","overlay-color":"","overlay-opacity":"","overlay-gradient":""},"tablet":{"background-color":"var(--ast-global-color-5)","background-image":"","background-repeat":"repeat","background-position":"center center","background-size":"auto","background-attachment":"scroll","background-type":"","background-media":"","overlay-type":"","overlay-color":"","overlay-opacity":"","overlay-gradient":""},"mobile":{"background-color":"var(--ast-global-color-5)","background-image":"","background-repeat":"repeat","background-position":"center center","background-size":"auto","background-attachment":"scroll","background-type":"","background-media":"","overlay-type":"","overlay-color":"","overlay-opacity":"","overlay-gradient":""}},"footnotes":""},"categories":[4,7],"tags":[355,288,71,14],"class_list":["post-6508","post","type-post","status-publish","format-standard","has-post-thumbnail","hentry","category-institucional","category-interno","tag-carreira","tag-desenvolvimentoprofissional","tag-rh","tag-viagenscorporativas"],"yoast_head":"<!-- This site is optimized with the Yoast SEO plugin v24.4 - https:\/\/yoast.com\/wordpress\/plugins\/seo\/ -->\n<title>Evolu\u00e7\u00e3o e Plano de Carreira: como a Dynamic Travel desenvolve e promove jovens talentos - Blog Dynamic Travel<\/title>\n<meta name=\"description\" content=\"Confira a hist\u00f3ria de evolu\u00e7\u00e3o e plano de carreira interno e inspire-se! Conte\u00fado dedicado \u00e0 voc\u00ea que est\u00e1 iniciando no mercado de trabalho.\" \/>\n<meta name=\"robots\" content=\"index, follow, max-snippet:-1, max-image-preview:large, max-video-preview:-1\" \/>\n<link rel=\"canonical\" href=\"https:\/\/dynamictravel.com.br\/blog\/evolucao-e-plano-de-carreira-como-a-dynamic-travel-desenvolve-e-promove-jovens-talentos\/\" \/>\n<meta property=\"og:locale\" content=\"pt_BR\" \/>\n<meta property=\"og:type\" content=\"article\" \/>\n<meta property=\"og:title\" content=\"Evolu\u00e7\u00e3o e Plano de Carreira: como a Dynamic Travel desenvolve e promove jovens talentos - Blog Dynamic Travel\" \/>\n<meta property=\"og:description\" content=\"Confira a hist\u00f3ria de evolu\u00e7\u00e3o e plano de carreira interno e inspire-se! Conte\u00fado dedicado \u00e0 voc\u00ea que est\u00e1 iniciando no mercado de trabalho.\" \/>\n<meta property=\"og:url\" content=\"https:\/\/dynamictravel.com.br\/blog\/evolucao-e-plano-de-carreira-como-a-dynamic-travel-desenvolve-e-promove-jovens-talentos\/\" \/>\n<meta property=\"og:site_name\" content=\"Blog Dynamic Travel\" \/>\n<meta property=\"article:published_time\" content=\"2026-01-22T17:06:19+00:00\" \/>\n<meta property=\"article:modified_time\" content=\"2026-01-22T17:36:11+00:00\" \/>\n<meta property=\"og:image\" content=\"https:\/\/dynamictravel.com.br\/blog\/wp-content\/uploads\/2026\/01\/capa-blog-release-tai-e-ana.jpg\" \/>\n\t<meta property=\"og:image:width\" content=\"1024\" \/>\n\t<meta property=\"og:image:height\" content=\"1024\" \/>\n\t<meta property=\"og:image:type\" content=\"image\/jpeg\" \/>\n<meta name=\"author\" content=\"Reda\u00e7\u00e3o Dynamic Travel\" \/>\n<meta name=\"twitter:card\" content=\"summary_large_image\" \/>\n<meta name=\"twitter:label1\" content=\"Escrito por\" \/>\n\t<meta name=\"twitter:data1\" content=\"Reda\u00e7\u00e3o Dynamic Travel\" \/>\n\t<meta name=\"twitter:label2\" content=\"Est. tempo de leitura\" \/>\n\t<meta name=\"twitter:data2\" content=\"11 minutos\" \/>\n<script type=\"application\/ld+json\" class=\"yoast-schema-graph\">{\"@context\":\"https:\/\/schema.org\",\"@graph\":[{\"@type\":\"Article\",\"@id\":\"https:\/\/dynamictravel.com.br\/blog\/evolucao-e-plano-de-carreira-como-a-dynamic-travel-desenvolve-e-promove-jovens-talentos\/#article\",\"isPartOf\":{\"@id\":\"https:\/\/dynamictravel.com.br\/blog\/evolucao-e-plano-de-carreira-como-a-dynamic-travel-desenvolve-e-promove-jovens-talentos\/\"},\"author\":{\"name\":\"Reda\u00e7\u00e3o Dynamic Travel\",\"@id\":\"https:\/\/dynamictravel.com.br\/blog\/#\/schema\/person\/e7178e0a0ffb297c221bb32117d9745f\"},\"headline\":\"Evolu\u00e7\u00e3o e Plano de Carreira: como a Dynamic Travel desenvolve e promove jovens talentos\",\"datePublished\":\"2026-01-22T17:06:19+00:00\",\"dateModified\":\"2026-01-22T17:36:11+00:00\",\"mainEntityOfPage\":{\"@id\":\"https:\/\/dynamictravel.com.br\/blog\/evolucao-e-plano-de-carreira-como-a-dynamic-travel-desenvolve-e-promove-jovens-talentos\/\"},\"wordCount\":1907,\"commentCount\":0,\"publisher\":{\"@id\":\"https:\/\/dynamictravel.com.br\/blog\/#organization\"},\"image\":{\"@id\":\"https:\/\/dynamictravel.com.br\/blog\/evolucao-e-plano-de-carreira-como-a-dynamic-travel-desenvolve-e-promove-jovens-talentos\/#primaryimage\"},\"thumbnailUrl\":\"https:\/\/dynamictravel.com.br\/blog\/wp-content\/uploads\/2026\/01\/capa-blog-release-tai-e-ana.jpg\",\"keywords\":[\"carreira\",\"desenvolvimentoprofissional\",\"rh\",\"viagenscorporativas\"],\"articleSection\":[\"Institucional\",\"Interno\"],\"inLanguage\":\"pt-BR\",\"potentialAction\":[{\"@type\":\"CommentAction\",\"name\":\"Comment\",\"target\":[\"https:\/\/dynamictravel.com.br\/blog\/evolucao-e-plano-de-carreira-como-a-dynamic-travel-desenvolve-e-promove-jovens-talentos\/#respond\"]}]},{\"@type\":\"WebPage\",\"@id\":\"https:\/\/dynamictravel.com.br\/blog\/evolucao-e-plano-de-carreira-como-a-dynamic-travel-desenvolve-e-promove-jovens-talentos\/\",\"url\":\"https:\/\/dynamictravel.com.br\/blog\/evolucao-e-plano-de-carreira-como-a-dynamic-travel-desenvolve-e-promove-jovens-talentos\/\",\"name\":\"Evolu\u00e7\u00e3o e Plano de Carreira: como a Dynamic Travel desenvolve e promove jovens talentos - Blog Dynamic Travel\",\"isPartOf\":{\"@id\":\"https:\/\/dynamictravel.com.br\/blog\/#website\"},\"primaryImageOfPage\":{\"@id\":\"https:\/\/dynamictravel.com.br\/blog\/evolucao-e-plano-de-carreira-como-a-dynamic-travel-desenvolve-e-promove-jovens-talentos\/#primaryimage\"},\"image\":{\"@id\":\"https:\/\/dynamictravel.com.br\/blog\/evolucao-e-plano-de-carreira-como-a-dynamic-travel-desenvolve-e-promove-jovens-talentos\/#primaryimage\"},\"thumbnailUrl\":\"https:\/\/dynamictravel.com.br\/blog\/wp-content\/uploads\/2026\/01\/capa-blog-release-tai-e-ana.jpg\",\"datePublished\":\"2026-01-22T17:06:19+00:00\",\"dateModified\":\"2026-01-22T17:36:11+00:00\",\"description\":\"Confira a hist\u00f3ria de evolu\u00e7\u00e3o e plano de carreira interno e inspire-se! Conte\u00fado dedicado \u00e0 voc\u00ea que est\u00e1 iniciando no mercado de trabalho.\",\"breadcrumb\":{\"@id\":\"https:\/\/dynamictravel.com.br\/blog\/evolucao-e-plano-de-carreira-como-a-dynamic-travel-desenvolve-e-promove-jovens-talentos\/#breadcrumb\"},\"inLanguage\":\"pt-BR\",\"potentialAction\":[{\"@type\":\"ReadAction\",\"target\":[\"https:\/\/dynamictravel.com.br\/blog\/evolucao-e-plano-de-carreira-como-a-dynamic-travel-desenvolve-e-promove-jovens-talentos\/\"]}]},{\"@type\":\"ImageObject\",\"inLanguage\":\"pt-BR\",\"@id\":\"https:\/\/dynamictravel.com.br\/blog\/evolucao-e-plano-de-carreira-como-a-dynamic-travel-desenvolve-e-promove-jovens-talentos\/#primaryimage\",\"url\":\"https:\/\/dynamictravel.com.br\/blog\/wp-content\/uploads\/2026\/01\/capa-blog-release-tai-e-ana.jpg\",\"contentUrl\":\"https:\/\/dynamictravel.com.br\/blog\/wp-content\/uploads\/2026\/01\/capa-blog-release-tai-e-ana.jpg\",\"width\":1024,\"height\":1024,\"caption\":\"duas mulheres com bra\u00e7os cruzados em frente ao logo da dynamic travel\"},{\"@type\":\"BreadcrumbList\",\"@id\":\"https:\/\/dynamictravel.com.br\/blog\/evolucao-e-plano-de-carreira-como-a-dynamic-travel-desenvolve-e-promove-jovens-talentos\/#breadcrumb\",\"itemListElement\":[{\"@type\":\"ListItem\",\"position\":1,\"name\":\"In\u00edcio\",\"item\":\"https:\/\/dynamictravel.com.br\/blog\/\"},{\"@type\":\"ListItem\",\"position\":2,\"name\":\"Evolu\u00e7\u00e3o e Plano de Carreira: como a Dynamic Travel desenvolve e promove jovens talentos\"}]},{\"@type\":\"WebSite\",\"@id\":\"https:\/\/dynamictravel.com.br\/blog\/#website\",\"url\":\"https:\/\/dynamictravel.com.br\/blog\/\",\"name\":\"Blog Dynamic Travel\",\"description\":\"Ag\u00eancia de Viagens Corporativas\",\"publisher\":{\"@id\":\"https:\/\/dynamictravel.com.br\/blog\/#organization\"},\"potentialAction\":[{\"@type\":\"SearchAction\",\"target\":{\"@type\":\"EntryPoint\",\"urlTemplate\":\"https:\/\/dynamictravel.com.br\/blog\/?s={search_term_string}\"},\"query-input\":{\"@type\":\"PropertyValueSpecification\",\"valueRequired\":true,\"valueName\":\"search_term_string\"}}],\"inLanguage\":\"pt-BR\"},{\"@type\":\"Organization\",\"@id\":\"https:\/\/dynamictravel.com.br\/blog\/#organization\",\"name\":\"Blog Dynamic Travel\",\"url\":\"https:\/\/dynamictravel.com.br\/blog\/\",\"logo\":{\"@type\":\"ImageObject\",\"inLanguage\":\"pt-BR\",\"@id\":\"https:\/\/dynamictravel.com.br\/blog\/#\/schema\/logo\/image\/\",\"url\":\"https:\/\/dynamictravel.com.br\/blog\/wp-content\/uploads\/2024\/10\/logo-dynamic-travel.webp\",\"contentUrl\":\"https:\/\/dynamictravel.com.br\/blog\/wp-content\/uploads\/2024\/10\/logo-dynamic-travel.webp\",\"width\":320,\"height\":111,\"caption\":\"Blog Dynamic Travel\"},\"image\":{\"@id\":\"https:\/\/dynamictravel.com.br\/blog\/#\/schema\/logo\/image\/\"}},{\"@type\":\"Person\",\"@id\":\"https:\/\/dynamictravel.com.br\/blog\/#\/schema\/person\/e7178e0a0ffb297c221bb32117d9745f\",\"name\":\"Reda\u00e7\u00e3o Dynamic Travel\",\"image\":{\"@type\":\"ImageObject\",\"inLanguage\":\"pt-BR\",\"@id\":\"https:\/\/dynamictravel.com.br\/blog\/#\/schema\/person\/image\/\",\"url\":\"https:\/\/secure.gravatar.com\/avatar\/1eb4bf102438663c299bc91dd2b1095c?s=96&d=mm&r=g\",\"contentUrl\":\"https:\/\/secure.gravatar.com\/avatar\/1eb4bf102438663c299bc91dd2b1095c?s=96&d=mm&r=g\",\"caption\":\"Reda\u00e7\u00e3o Dynamic Travel\"},\"sameAs\":[\"https:\/\/dynamictravel.com.br\"],\"url\":\"https:\/\/dynamictravel.com.br\/blog\/author\/redacao\/\"}]}<\/script>\n<!-- \/ Yoast SEO plugin. -->","yoast_head_json":{"title":"Evolu\u00e7\u00e3o e Plano de Carreira: como a Dynamic Travel desenvolve e promove jovens talentos - Blog Dynamic Travel","description":"Confira a hist\u00f3ria de evolu\u00e7\u00e3o e plano de carreira interno e inspire-se! Conte\u00fado dedicado \u00e0 voc\u00ea que est\u00e1 iniciando no mercado de trabalho.","robots":{"index":"index","follow":"follow","max-snippet":"max-snippet:-1","max-image-preview":"max-image-preview:large","max-video-preview":"max-video-preview:-1"},"canonical":"https:\/\/dynamictravel.com.br\/blog\/evolucao-e-plano-de-carreira-como-a-dynamic-travel-desenvolve-e-promove-jovens-talentos\/","og_locale":"pt_BR","og_type":"article","og_title":"Evolu\u00e7\u00e3o e Plano de Carreira: como a Dynamic Travel desenvolve e promove jovens talentos - Blog Dynamic Travel","og_description":"Confira a hist\u00f3ria de evolu\u00e7\u00e3o e plano de carreira interno e inspire-se! Conte\u00fado dedicado \u00e0 voc\u00ea que est\u00e1 iniciando no mercado de trabalho.","og_url":"https:\/\/dynamictravel.com.br\/blog\/evolucao-e-plano-de-carreira-como-a-dynamic-travel-desenvolve-e-promove-jovens-talentos\/","og_site_name":"Blog Dynamic Travel","article_published_time":"2026-01-22T17:06:19+00:00","article_modified_time":"2026-01-22T17:36:11+00:00","og_image":[{"width":1024,"height":1024,"url":"https:\/\/dynamictravel.com.br\/blog\/wp-content\/uploads\/2026\/01\/capa-blog-release-tai-e-ana.jpg","type":"image\/jpeg"}],"author":"Reda\u00e7\u00e3o Dynamic Travel","twitter_card":"summary_large_image","twitter_misc":{"Escrito por":"Reda\u00e7\u00e3o Dynamic Travel","Est. tempo de leitura":"11 minutos"},"schema":{"@context":"https:\/\/schema.org","@graph":[{"@type":"Article","@id":"https:\/\/dynamictravel.com.br\/blog\/evolucao-e-plano-de-carreira-como-a-dynamic-travel-desenvolve-e-promove-jovens-talentos\/#article","isPartOf":{"@id":"https:\/\/dynamictravel.com.br\/blog\/evolucao-e-plano-de-carreira-como-a-dynamic-travel-desenvolve-e-promove-jovens-talentos\/"},"author":{"name":"Reda\u00e7\u00e3o Dynamic Travel","@id":"https:\/\/dynamictravel.com.br\/blog\/#\/schema\/person\/e7178e0a0ffb297c221bb32117d9745f"},"headline":"Evolu\u00e7\u00e3o e Plano de Carreira: como a Dynamic Travel desenvolve e promove jovens talentos","datePublished":"2026-01-22T17:06:19+00:00","dateModified":"2026-01-22T17:36:11+00:00","mainEntityOfPage":{"@id":"https:\/\/dynamictravel.com.br\/blog\/evolucao-e-plano-de-carreira-como-a-dynamic-travel-desenvolve-e-promove-jovens-talentos\/"},"wordCount":1907,"commentCount":0,"publisher":{"@id":"https:\/\/dynamictravel.com.br\/blog\/#organization"},"image":{"@id":"https:\/\/dynamictravel.com.br\/blog\/evolucao-e-plano-de-carreira-como-a-dynamic-travel-desenvolve-e-promove-jovens-talentos\/#primaryimage"},"thumbnailUrl":"https:\/\/dynamictravel.com.br\/blog\/wp-content\/uploads\/2026\/01\/capa-blog-release-tai-e-ana.jpg","keywords":["carreira","desenvolvimentoprofissional","rh","viagenscorporativas"],"articleSection":["Institucional","Interno"],"inLanguage":"pt-BR","potentialAction":[{"@type":"CommentAction","name":"Comment","target":["https:\/\/dynamictravel.com.br\/blog\/evolucao-e-plano-de-carreira-como-a-dynamic-travel-desenvolve-e-promove-jovens-talentos\/#respond"]}]},{"@type":"WebPage","@id":"https:\/\/dynamictravel.com.br\/blog\/evolucao-e-plano-de-carreira-como-a-dynamic-travel-desenvolve-e-promove-jovens-talentos\/","url":"https:\/\/dynamictravel.com.br\/blog\/evolucao-e-plano-de-carreira-como-a-dynamic-travel-desenvolve-e-promove-jovens-talentos\/","name":"Evolu\u00e7\u00e3o e Plano de Carreira: como a Dynamic Travel desenvolve e promove jovens talentos - Blog Dynamic Travel","isPartOf":{"@id":"https:\/\/dynamictravel.com.br\/blog\/#website"},"primaryImageOfPage":{"@id":"https:\/\/dynamictravel.com.br\/blog\/evolucao-e-plano-de-carreira-como-a-dynamic-travel-desenvolve-e-promove-jovens-talentos\/#primaryimage"},"image":{"@id":"https:\/\/dynamictravel.com.br\/blog\/evolucao-e-plano-de-carreira-como-a-dynamic-travel-desenvolve-e-promove-jovens-talentos\/#primaryimage"},"thumbnailUrl":"https:\/\/dynamictravel.com.br\/blog\/wp-content\/uploads\/2026\/01\/capa-blog-release-tai-e-ana.jpg","datePublished":"2026-01-22T17:06:19+00:00","dateModified":"2026-01-22T17:36:11+00:00","description":"Confira a hist\u00f3ria de evolu\u00e7\u00e3o e plano de carreira interno e inspire-se! Conte\u00fado dedicado \u00e0 voc\u00ea que est\u00e1 iniciando no mercado de trabalho.","breadcrumb":{"@id":"https:\/\/dynamictravel.com.br\/blog\/evolucao-e-plano-de-carreira-como-a-dynamic-travel-desenvolve-e-promove-jovens-talentos\/#breadcrumb"},"inLanguage":"pt-BR","potentialAction":[{"@type":"ReadAction","target":["https:\/\/dynamictravel.com.br\/blog\/evolucao-e-plano-de-carreira-como-a-dynamic-travel-desenvolve-e-promove-jovens-talentos\/"]}]},{"@type":"ImageObject","inLanguage":"pt-BR","@id":"https:\/\/dynamictravel.com.br\/blog\/evolucao-e-plano-de-carreira-como-a-dynamic-travel-desenvolve-e-promove-jovens-talentos\/#primaryimage","url":"https:\/\/dynamictravel.com.br\/blog\/wp-content\/uploads\/2026\/01\/capa-blog-release-tai-e-ana.jpg","contentUrl":"https:\/\/dynamictravel.com.br\/blog\/wp-content\/uploads\/2026\/01\/capa-blog-release-tai-e-ana.jpg","width":1024,"height":1024,"caption":"duas mulheres com bra\u00e7os cruzados em frente ao logo da dynamic travel"},{"@type":"BreadcrumbList","@id":"https:\/\/dynamictravel.com.br\/blog\/evolucao-e-plano-de-carreira-como-a-dynamic-travel-desenvolve-e-promove-jovens-talentos\/#breadcrumb","itemListElement":[{"@type":"ListItem","position":1,"name":"In\u00edcio","item":"https:\/\/dynamictravel.com.br\/blog\/"},{"@type":"ListItem","position":2,"name":"Evolu\u00e7\u00e3o e Plano de Carreira: como a Dynamic Travel desenvolve e promove jovens talentos"}]},{"@type":"WebSite","@id":"https:\/\/dynamictravel.com.br\/blog\/#website","url":"https:\/\/dynamictravel.com.br\/blog\/","name":"Blog Dynamic Travel","description":"Ag\u00eancia de Viagens Corporativas","publisher":{"@id":"https:\/\/dynamictravel.com.br\/blog\/#organization"},"potentialAction":[{"@type":"SearchAction","target":{"@type":"EntryPoint","urlTemplate":"https:\/\/dynamictravel.com.br\/blog\/?s={search_term_string}"},"query-input":{"@type":"PropertyValueSpecification","valueRequired":true,"valueName":"search_term_string"}}],"inLanguage":"pt-BR"},{"@type":"Organization","@id":"https:\/\/dynamictravel.com.br\/blog\/#organization","name":"Blog Dynamic Travel","url":"https:\/\/dynamictravel.com.br\/blog\/","logo":{"@type":"ImageObject","inLanguage":"pt-BR","@id":"https:\/\/dynamictravel.com.br\/blog\/#\/schema\/logo\/image\/","url":"https:\/\/dynamictravel.com.br\/blog\/wp-content\/uploads\/2024\/10\/logo-dynamic-travel.webp","contentUrl":"https:\/\/dynamictravel.com.br\/blog\/wp-content\/uploads\/2024\/10\/logo-dynamic-travel.webp","width":320,"height":111,"caption":"Blog Dynamic Travel"},"image":{"@id":"https:\/\/dynamictravel.com.br\/blog\/#\/schema\/logo\/image\/"}},{"@type":"Person","@id":"https:\/\/dynamictravel.com.br\/blog\/#\/schema\/person\/e7178e0a0ffb297c221bb32117d9745f","name":"Reda\u00e7\u00e3o Dynamic Travel","image":{"@type":"ImageObject","inLanguage":"pt-BR","@id":"https:\/\/dynamictravel.com.br\/blog\/#\/schema\/person\/image\/","url":"https:\/\/secure.gravatar.com\/avatar\/1eb4bf102438663c299bc91dd2b1095c?s=96&d=mm&r=g","contentUrl":"https:\/\/secure.gravatar.com\/avatar\/1eb4bf102438663c299bc91dd2b1095c?s=96&d=mm&r=g","caption":"Reda\u00e7\u00e3o Dynamic Travel"},"sameAs":["https:\/\/dynamictravel.com.br"],"url":"https:\/\/dynamictravel.com.br\/blog\/author\/redacao\/"}]}},"uagb_featured_image_src":{"full":["https:\/\/dynamictravel.com.br\/blog\/wp-content\/uploads\/2026\/01\/capa-blog-release-tai-e-ana.jpg",1024,1024,false],"thumbnail":["https:\/\/dynamictravel.com.br\/blog\/wp-content\/uploads\/2026\/01\/capa-blog-release-tai-e-ana-150x150.jpg",150,150,true],"medium":["https:\/\/dynamictravel.com.br\/blog\/wp-content\/uploads\/2026\/01\/capa-blog-release-tai-e-ana-300x300.jpg",300,300,true],"medium_large":["https:\/\/dynamictravel.com.br\/blog\/wp-content\/uploads\/2026\/01\/capa-blog-release-tai-e-ana-768x768.jpg",768,768,true],"large":["https:\/\/dynamictravel.com.br\/blog\/wp-content\/uploads\/2026\/01\/capa-blog-release-tai-e-ana.jpg",1024,1024,false],"1536x1536":["https:\/\/dynamictravel.com.br\/blog\/wp-content\/uploads\/2026\/01\/capa-blog-release-tai-e-ana.jpg",1024,1024,false],"2048x2048":["https:\/\/dynamictravel.com.br\/blog\/wp-content\/uploads\/2026\/01\/capa-blog-release-tai-e-ana.jpg",1024,1024,false],"trp-custom-language-flag":["https:\/\/dynamictravel.com.br\/blog\/wp-content\/uploads\/2026\/01\/capa-blog-release-tai-e-ana-12x12.jpg",12,12,true]},"uagb_author_info":{"display_name":"Reda\u00e7\u00e3o Dynamic Travel","author_link":"https:\/\/dynamictravel.com.br\/blog\/author\/redacao\/"},"uagb_comment_info":0,"uagb_excerpt":"Inspire-se em trajet\u00f3rias reais de crescimento profissional.","_links":{"self":[{"href":"https:\/\/dynamictravel.com.br\/blog\/wp-json\/wp\/v2\/posts\/6508","targetHints":{"allow":["GET"]}}],"collection":[{"href":"https:\/\/dynamictravel.com.br\/blog\/wp-json\/wp\/v2\/posts"}],"about":[{"href":"https:\/\/dynamictravel.com.br\/blog\/wp-json\/wp\/v2\/types\/post"}],"author":[{"embeddable":true,"href":"https:\/\/dynamictravel.com.br\/blog\/wp-json\/wp\/v2\/users\/4"}],"replies":[{"embeddable":true,"href":"https:\/\/dynamictravel.com.br\/blog\/wp-json\/wp\/v2\/comments?post=6508"}],"version-history":[{"count":6,"href":"https:\/\/dynamictravel.com.br\/blog\/wp-json\/wp\/v2\/posts\/6508\/revisions"}],"predecessor-version":[{"id":6518,"href":"https:\/\/dynamictravel.com.br\/blog\/wp-json\/wp\/v2\/posts\/6508\/revisions\/6518"}],"wp:featuredmedia":[{"embeddable":true,"href":"https:\/\/dynamictravel.com.br\/blog\/wp-json\/wp\/v2\/media\/6509"}],"wp:attachment":[{"href":"https:\/\/dynamictravel.com.br\/blog\/wp-json\/wp\/v2\/media?parent=6508"}],"wp:term":[{"taxonomy":"category","embeddable":true,"href":"https:\/\/dynamictravel.com.br\/blog\/wp-json\/wp\/v2\/categories?post=6508"},{"taxonomy":"post_tag","embeddable":true,"href":"https:\/\/dynamictravel.com.br\/blog\/wp-json\/wp\/v2\/tags?post=6508"}],"curies":[{"name":"wp","href":"https:\/\/api.w.org\/{rel}","templated":true}]}}