{"id":6150,"date":"2025-07-04T14:08:45","date_gmt":"2025-07-04T17:08:45","guid":{"rendered":"https:\/\/dynamictravel.com.br\/blog\/?p=6150"},"modified":"2025-10-01T09:21:06","modified_gmt":"2025-10-01T12:21:06","slug":"dynamic-travel-realiza-a-4-edicao-do-dois-dias-d-e-reforca-cultura-de-inovacao-e-proximidade-com-o-mercado","status":"publish","type":"post","link":"https:\/\/dynamictravel.com.br\/blog\/dynamic-travel-realiza-a-4-edicao-do-dois-dias-d-e-reforca-cultura-de-inovacao-e-proximidade-com-o-mercado\/","title":{"rendered":"Dynamic Travel realiza a 4\u00aa edi\u00e7\u00e3o do Dois Dias D+ e refor\u00e7a cultura de inova\u00e7\u00e3o e proximidade com o mercado"},"content":{"rendered":"\n<div class=\"wp-block-uagb-image aligncenter uagb-block-03bedb9e wp-block-uagb-image--layout-default wp-block-uagb-image--effect-static wp-block-uagb-image--align-center\"><figure class=\"wp-block-uagb-image__figure\"><img decoding=\"async\" src=\"https:\/\/dynamictravel.com.br\/blog\/wp-content\/uploads\/2025\/07\/Dynamic-Travel-realiza-a-4a-edicao-do-Dois-Dias-D-e-reforca-cultura-de-inovacao-e-proximidade-com-o-mercado.webp\" alt=\"Na foto temos, uma arte realizada como se fosse um post no Instagram, que tem todos os colaboradores na foto.\" class=\"uag-image-6179\" width=\"1024\" height=\"1024\" title=\"Dynamic Travel realiza a 4\u00aa edi\u00e7\u00e3o do Dois Dias D+ e refor\u00e7a cultura de inova\u00e7\u00e3o e proximidade com o mercado\" loading=\"lazy\" role=\"img\" \/><\/figure><\/div>\n\n\n\n<div class=\"wp-block-uagb-separator uagb-block-485c84f4\"><div class=\"uagb-separator-spacing-wrapper\"><div class=\"wp-block-uagb-separator__inner\" style=\"--my-background-image:\"><\/div><\/div><\/div>\n\n\n\n<p>A Dynamic Travel, TMC especializada em gest\u00e3o de viagens corporativas e eventos, realizou em S\u00e3o Paulo a quarta edi\u00e7\u00e3o de sua conven\u00e7\u00e3o, nomeada este ano como Dois Dias D+, evento que j\u00e1 se consolidou como um dos principais momentos de integra\u00e7\u00e3o e inova\u00e7\u00e3o da empresa. <\/p>\n\n\n\n<p>Realizado nos dias 27 e 28 de junho, o encontro reuniu aproximadamente 100 pessoas, entre colaboradores, <a href=\"https:\/\/dynamictravel.com.br\/blog\/como-o-relacionamento-com-fornecedores-influencia-os-resultados-da-sua-empresa\/\">parceiros e fornecedores<\/a>, e teve como foco o fortalecimento da cultura de inova\u00e7\u00e3o e o est\u00edmulo ao <a href=\"https:\/\/dynamictravel.com.br\/blog\/como-o-relacionamento-com-fornecedores-influencia-os-resultados-da-sua-empresa\/\">relacionamento pr\u00f3ximo<\/a>, dois pilares estrat\u00e9gicos para o <a href=\"https:\/\/dynamictravel.com.br\/blog\/como-podemos-preservar-a-agua-e-construir-um-futuro-sustentavel\/\">crescimento sustent\u00e1vel<\/a> da companhia.<\/p>\n\n\n\n<p>Com um <a href=\"https:\/\/dynamictravel.com.br\/blog\/modelo-hibrido-de-trabalho\/\">formato h\u00edbrido<\/a>, a edi\u00e7\u00e3o deste ano uniu o melhor das iniciativas anteriores: no primeiro dia, o escrit\u00f3rio da Dynamic na Avenida Paulista abriu as portas para atividades de capacita\u00e7\u00e3o, din\u00e2micas com fornecedores e ativa\u00e7\u00f5es interativas. <\/p>\n\n\n\n<p>J\u00e1 o segundo dia foi dedicado a conte\u00fados institucionais,<a href=\"https:\/\/dynamictravel.com.br\/blog\/viagens-corporativas-tendencias-tecnologias-e-estrategias-para-maximizar-os-resultados\/\"> tend\u00eancias e inova\u00e7\u00f5es,<\/a> em um ambiente externo pensado para inspirar e provocar reflex\u00f5es.<\/p>\n\n\n\n<div class=\"wp-block-uagb-advanced-heading uagb-block-0c22f40a\"><h2 class=\"uagb-heading-text\"><strong><strong><strong><strong><strong><strong><strong><strong><strong><strong><strong>Inova\u00e7\u00e3o e conex\u00e3o humana<\/strong><\/strong><\/strong><\/strong><\/strong><\/strong><\/strong><\/strong><\/strong><\/strong><\/strong><\/h2><\/div>\n\n\n\n<div class=\"wp-block-uagb-separator uagb-block-4e6bf8b9\"><div class=\"wp-block-uagb-separator__inner\" style=\"--my-background-image:\"><\/div><\/div>\n\n\n\n<p>Durante o evento, os participantes conheceram a nova vis\u00e3o da Dynamic Travel, que aposta no uso estrat\u00e9gico de tecnologia para potencializar resultados e aprimorar a experi\u00eancia de colaboradores e clientes. Um dos destaques foi o lan\u00e7amento da Dyna, assistente virtual baseada em Intelig\u00eancia Artificial, desenvolvida para ser a ponte entre tecnologia e o calor humano nas intera\u00e7\u00f5es di\u00e1rias e nos <a href=\"https:\/\/dynamictravel.com.br\/blog\/gestao-de-eventos-confira-quais-sao-os-principais-tipos-de-eventos-corporativos\/\">eventos corporativos.<\/a><\/p>\n\n\n\n<p>Para o S\u00f3cio Diretor da Dynamic Travel, Rafael Malfar\u00e1, o evento Dois Dias D+ traduz na pr\u00e1tica os valores que norteiam a empresa. <\/p>\n\n\n\n<blockquote class=\"wp-block-quote is-layout-flow wp-block-quote-is-layout-flow\">\n<p>\u201cO evento mostra como combinamos inova\u00e7\u00e3o e proximidade. \u00c9 uma oportunidade real de ouvir, aprender e construir juntos, valores que levamos para o mercado diariamente\u201d, afirmou.<\/p>\n<\/blockquote>\n\n\n\n<p>O primeiro dia do evento foi marcado por ativa\u00e7\u00f5es, com salas exclusivas para intera\u00e7\u00e3o entre fornecedores e colaboradores, al\u00e9m de um painel de ideias que estimulou a participa\u00e7\u00e3o ativa dos times. Como resultado, foram geradas 143 sugest\u00f5es de inova\u00e7\u00e3o focadas na melhoria de processos e atividades da empresa, todas compiladas e analisadas por meio da assistente virtual Dyna.<\/p>\n\n\n\n<p>O segundo dia, realizado no Hotel Meli\u00e1 Paulista, trouxe conte\u00fados estrat\u00e9gicos e inspiradores. Al\u00e9m da apresenta\u00e7\u00e3o oficial da nova vis\u00e3o da Dynamic, os participantes acompanharam a <a href=\"https:\/\/dynamictravel.com.br\/blog\/dynamic-travel-fortalece-seu-compromisso-com-inovacao-e-crescimento-com-a-chegada-de-um-novo-conselheiro\/\">chegada de Marcos Inocencio ao conselho da empresa<\/a>, refor\u00e7ando o compromisso com a cultura de inova\u00e7\u00e3o. O patrocinador ouro, Flytour Consolidadora, tamb\u00e9m marcou presen\u00e7a com uma apresenta\u00e7\u00e3o sobre o uso de intelig\u00eancia artificial e uma nova plataforma de reservas.<\/p>\n\n\n\n<p>Representando a Flytour Consolidadora, o Gerente de Vendas Miguel Ramos destacou a import\u00e2ncia da parceria com a Dynamic Travel.<\/p>\n\n\n\n<blockquote class=\"wp-block-quote is-layout-flow wp-block-quote-is-layout-flow\">\n<p>\u201cEstar nesse evento \u00e9 a cereja do bolo. A cultura de inova\u00e7\u00e3o se constr\u00f3i todos os dias e, para n\u00f3s, \u00e9 um orgulho enorme poder estar com voc\u00eas, trazendo um conte\u00fado t\u00e3o rico e alinhado ao tema do evento\u201d, afirmou.<\/p>\n<\/blockquote>\n\n\n\n<p>Segundo ele, a participa\u00e7\u00e3o no Dois Dias D+ refor\u00e7a uma rela\u00e7\u00e3o s\u00f3lida e de longa data entre as empresas.<\/p>\n\n\n\n<blockquote class=\"wp-block-quote is-layout-flow wp-block-quote-is-layout-flow\">\n<p>\u201cTodo mundo espera por esse momento. Quando abrem as cotas ouro, levantamos a m\u00e3o correndo, porque fazemos muita quest\u00e3o de estar perto de voc\u00eas. Estamos todos os dias juntos, mas este evento \u00e9 simb\u00f3lico e muito importante para mostrarmos a todos que estamos juntos\u201d, completou.<\/p>\n<\/blockquote>\n\n\n\n<p>O encerramento contou com a palestra do Prof. Gil Giardelli, especialista em inova\u00e7\u00e3o e intelig\u00eancia artificial, que trouxe reflex\u00f5es sobre o equil\u00edbrio entre tecnologia e<a href=\"https:\/\/dynamictravel.com.br\/blog\/flexibilidade-no-trabalho-um-investimento-em-produtividade-e-satisfacao\/\"> humaniza\u00e7\u00e3o no ambiente corporativo<\/a>. Giardelli, que tem passagens por institui\u00e7\u00f5es como Stanford e MIT e \u00e9 refer\u00eancia em transforma\u00e7\u00e3o digital, conectou as discuss\u00f5es do evento \u00e0s principais tend\u00eancias globais do setor.<\/p>\n\n\n\n<div class=\"wp-block-uagb-advanced-heading uagb-block-aca9aa18\"><h2 class=\"uagb-heading-text\"><strong>Gerando resultados<\/strong><\/h2><\/div>\n\n\n\n<div class=\"wp-block-uagb-separator uagb-block-c6972a92\"><div class=\"wp-block-uagb-separator__inner\" style=\"--my-background-image:\"><\/div><\/div>\n\n\n\n<p>Al\u00e9m de promover um ambiente de troca e capacita\u00e7\u00e3o, o Dois Dias D+ tamb\u00e9m reconheceu o trabalho e a <a href=\"https:\/\/dynamictravel.com.br\/blog\/de-jovem-aprendiz-a-auxiliar-de-suporte-o-impacto-da-valorizacao-profissional\/\">trajet\u00f3ria dos colaboradores<\/a> com mais de cinco e dez anos de empresa, refor\u00e7ando o compromisso da Dynamic com o <a href=\"https:\/\/dynamictravel.com.br\/blog\/carreira-em-foco-insights-praticos-de-uma-gerente-de-rh-para-desenvolvimento-pessoal-e-profissional\/\">desenvolvimento humano e a valoriza\u00e7\u00e3o do time.<\/a><\/p>\n\n\n\n<blockquote class=\"wp-block-quote is-layout-flow wp-block-quote-is-layout-flow\">\n<p>\u201cSomos uma empresa que cresce porque sabemos equilibrar tecnologia com relacionamento pr\u00f3ximo. Estar junto, entender o mercado e ouvir as pessoas faz parte do nosso DNA, e o evento Dois Dias D+ simboliza tudo isso\u201d, concluiu Rafael Malfar\u00e1.<\/p>\n<\/blockquote>\n\n\n\n<p>Com um crescimento de aproximadamente 20% no segmento corporativo em 2024, a Dynamic Travel segue investindo em inova\u00e7\u00e3o, <a href=\"https:\/\/dynamictravel.com.br\/blog\/atendimento-humanizado-um-dos-caminhos-para-a-fidelizacao-de-clientes\/\">atendimento humanizado<\/a> e no fortalecimento das rela\u00e7\u00f5es que movem o setor de viagens e <a href=\"https:\/\/dynamictravel.com.br\/blog\/os-elementos-essenciais-para-encantar-convidados-em-um-evento-corporativo\/\">eventos corporativos.<\/a><\/p>\n\n\n\n<div class=\"wp-block-uagb-separator uagb-block-2df8d896\"><div class=\"wp-block-uagb-separator__inner\" style=\"--my-background-image:\"><\/div><\/div>\n\n\n\n<div class=\"wp-block-uagb-separator uagb-block-3fe116ec\"><div class=\"wp-block-uagb-separator__inner\" style=\"--my-background-image:\"><\/div><\/div>\n\n\n\n<div class=\"wp-block-uagb-separator uagb-block-fe7ffe6a\"><div class=\"uagb-separator-spacing-wrapper\"><div class=\"wp-block-uagb-separator__inner\" style=\"--my-background-image:\"><\/div><\/div><\/div>\n\n\n\n<ul class=\"wp-block-list\"><\/ul>\n\n\n\n<ul class=\"wp-block-list\"><\/ul>\n\n\n\n<div class=\"wp-block-uagb-separator uagb-block-889fccfb\"><div class=\"wp-block-uagb-separator__inner\" style=\"--my-background-image:\"><\/div><\/div>\n\n\n\n<div class=\"wp-block-uagb-separator uagb-block-7aa19964\"><div class=\"wp-block-uagb-separator__inner\" style=\"--my-background-image:\"><\/div><\/div>\n","protected":false},"excerpt":{"rendered":"<p>Evento refor\u00e7a a cultura de inova\u00e7\u00e3o e o relacionamento pr\u00f3ximo da Dynamic Travel com parceiros e colaboradores.<\/p>\n","protected":false},"author":4,"featured_media":6179,"comment_status":"open","ping_status":"open","sticky":false,"template":"","format":"standard","meta":{"_uag_custom_page_level_css":"","site-sidebar-layout":"default","site-content-layout":"","ast-site-content-layout":"","site-content-style":"default","site-sidebar-style":"default","ast-global-header-display":"","ast-banner-title-visibility":"","ast-main-header-display":"","ast-hfb-above-header-display":"","ast-hfb-below-header-display":"","ast-hfb-mobile-header-display":"","site-post-title":"","ast-breadcrumbs-content":"","ast-featured-img":"","footer-sml-layout":"","theme-transparent-header-meta":"","adv-header-id-meta":"","stick-header-meta":"","header-above-stick-meta":"","header-main-stick-meta":"","header-below-stick-meta":"","astra-migrate-meta-layouts":"default","ast-page-background-enabled":"default","ast-page-background-meta":{"desktop":{"background-color":"var(--ast-global-color-4)","background-image":"","background-repeat":"repeat","background-position":"center center","background-size":"auto","background-attachment":"scroll","background-type":"","background-media":"","overlay-type":"","overlay-color":"","overlay-opacity":"","overlay-gradient":""},"tablet":{"background-color":"","background-image":"","background-repeat":"repeat","background-position":"center center","background-size":"auto","background-attachment":"scroll","background-type":"","background-media":"","overlay-type":"","overlay-color":"","overlay-opacity":"","overlay-gradient":""},"mobile":{"background-color":"","background-image":"","background-repeat":"repeat","background-position":"center center","background-size":"auto","background-attachment":"scroll","background-type":"","background-media":"","overlay-type":"","overlay-color":"","overlay-opacity":"","overlay-gradient":""}},"ast-content-background-meta":{"desktop":{"background-color":"var(--ast-global-color-5)","background-image":"","background-repeat":"repeat","background-position":"center center","background-size":"auto","background-attachment":"scroll","background-type":"","background-media":"","overlay-type":"","overlay-color":"","overlay-opacity":"","overlay-gradient":""},"tablet":{"background-color":"var(--ast-global-color-5)","background-image":"","background-repeat":"repeat","background-position":"center center","background-size":"auto","background-attachment":"scroll","background-type":"","background-media":"","overlay-type":"","overlay-color":"","overlay-opacity":"","overlay-gradient":""},"mobile":{"background-color":"var(--ast-global-color-5)","background-image":"","background-repeat":"repeat","background-position":"center center","background-size":"auto","background-attachment":"scroll","background-type":"","background-media":"","overlay-type":"","overlay-color":"","overlay-opacity":"","overlay-gradient":""}},"footnotes":""},"categories":[4,7],"tags":[31,312,60,205,311,313,241,14,32],"class_list":["post-6150","post","type-post","status-publish","format-standard","has-post-thumbnail","hentry","category-institucional","category-interno","tag-agenciadeviagenscorporativas","tag-culturadeinovacao","tag-eventoscorporativos","tag-inovacao","tag-inteligenciaartificial","tag-liderancaeinovacao","tag-tecnologia","tag-viagenscorporativas","tag-viagensparaempresas"],"yoast_head":"<!-- This site is optimized with the Yoast SEO plugin v24.4 - https:\/\/yoast.com\/wordpress\/plugins\/seo\/ -->\n<title>Dynamic Travel realiza a 4\u00aa edi\u00e7\u00e3o do Dois Dias D+ e refor\u00e7a cultura de inova\u00e7\u00e3o e proximidade com o mercado - Blog Dynamic Travel<\/title>\n<meta name=\"description\" content=\"A 4\u00aa edi\u00e7\u00e3o do Dois Dias D+ refor\u00e7a a cultura de inova\u00e7\u00e3o da Dynamic Travel com tecnologia, conex\u00e3o humana e novos caminhos.\" \/>\n<meta name=\"robots\" content=\"index, follow, max-snippet:-1, max-image-preview:large, max-video-preview:-1\" \/>\n<link rel=\"canonical\" href=\"https:\/\/dynamictravel.com.br\/blog\/dynamic-travel-realiza-a-4-edicao-do-dois-dias-d-e-reforca-cultura-de-inovacao-e-proximidade-com-o-mercado\/\" \/>\n<meta property=\"og:locale\" content=\"pt_BR\" \/>\n<meta property=\"og:type\" content=\"article\" \/>\n<meta property=\"og:title\" content=\"Dynamic Travel realiza a 4\u00aa edi\u00e7\u00e3o do Dois Dias D+ e refor\u00e7a cultura de inova\u00e7\u00e3o e proximidade com o mercado - Blog Dynamic Travel\" \/>\n<meta property=\"og:description\" content=\"A 4\u00aa edi\u00e7\u00e3o do Dois Dias D+ refor\u00e7a a cultura de inova\u00e7\u00e3o da Dynamic Travel com tecnologia, conex\u00e3o humana e novos caminhos.\" \/>\n<meta property=\"og:url\" content=\"https:\/\/dynamictravel.com.br\/blog\/dynamic-travel-realiza-a-4-edicao-do-dois-dias-d-e-reforca-cultura-de-inovacao-e-proximidade-com-o-mercado\/\" \/>\n<meta property=\"og:site_name\" content=\"Blog Dynamic Travel\" \/>\n<meta property=\"article:published_time\" content=\"2025-07-04T17:08:45+00:00\" \/>\n<meta property=\"article:modified_time\" content=\"2025-10-01T12:21:06+00:00\" \/>\n<meta property=\"og:image\" content=\"https:\/\/dynamictravel.com.br\/blog\/wp-content\/uploads\/2025\/07\/Dynamic-Travel-realiza-a-4a-edicao-do-Dois-Dias-D-e-reforca-cultura-de-inovacao-e-proximidade-com-o-mercado.webp\" \/>\n\t<meta property=\"og:image:width\" content=\"1024\" \/>\n\t<meta property=\"og:image:height\" content=\"1024\" \/>\n\t<meta property=\"og:image:type\" content=\"image\/webp\" \/>\n<meta name=\"author\" content=\"Reda\u00e7\u00e3o Dynamic Travel\" \/>\n<meta name=\"twitter:card\" content=\"summary_large_image\" \/>\n<meta name=\"twitter:label1\" content=\"Escrito por\" \/>\n\t<meta name=\"twitter:data1\" content=\"Reda\u00e7\u00e3o Dynamic Travel\" \/>\n\t<meta name=\"twitter:label2\" content=\"Est. tempo de leitura\" \/>\n\t<meta name=\"twitter:data2\" content=\"4 minutos\" \/>\n<script type=\"application\/ld+json\" class=\"yoast-schema-graph\">{\"@context\":\"https:\/\/schema.org\",\"@graph\":[{\"@type\":\"Article\",\"@id\":\"https:\/\/dynamictravel.com.br\/blog\/dynamic-travel-realiza-a-4-edicao-do-dois-dias-d-e-reforca-cultura-de-inovacao-e-proximidade-com-o-mercado\/#article\",\"isPartOf\":{\"@id\":\"https:\/\/dynamictravel.com.br\/blog\/dynamic-travel-realiza-a-4-edicao-do-dois-dias-d-e-reforca-cultura-de-inovacao-e-proximidade-com-o-mercado\/\"},\"author\":{\"name\":\"Reda\u00e7\u00e3o Dynamic Travel\",\"@id\":\"https:\/\/dynamictravel.com.br\/blog\/#\/schema\/person\/e7178e0a0ffb297c221bb32117d9745f\"},\"headline\":\"Dynamic Travel realiza a 4\u00aa edi\u00e7\u00e3o do Dois Dias D+ e refor\u00e7a cultura de inova\u00e7\u00e3o e proximidade com o mercado\",\"datePublished\":\"2025-07-04T17:08:45+00:00\",\"dateModified\":\"2025-10-01T12:21:06+00:00\",\"mainEntityOfPage\":{\"@id\":\"https:\/\/dynamictravel.com.br\/blog\/dynamic-travel-realiza-a-4-edicao-do-dois-dias-d-e-reforca-cultura-de-inovacao-e-proximidade-com-o-mercado\/\"},\"wordCount\":779,\"commentCount\":0,\"publisher\":{\"@id\":\"https:\/\/dynamictravel.com.br\/blog\/#organization\"},\"image\":{\"@id\":\"https:\/\/dynamictravel.com.br\/blog\/dynamic-travel-realiza-a-4-edicao-do-dois-dias-d-e-reforca-cultura-de-inovacao-e-proximidade-com-o-mercado\/#primaryimage\"},\"thumbnailUrl\":\"https:\/\/dynamictravel.com.br\/blog\/wp-content\/uploads\/2025\/07\/Dynamic-Travel-realiza-a-4a-edicao-do-Dois-Dias-D-e-reforca-cultura-de-inovacao-e-proximidade-com-o-mercado.webp\",\"keywords\":[\"agenciadeviagenscorporativas\",\"Culturadeinova\u00e7\u00e3o\",\"eventoscorporativos\",\"inova\u00e7\u00e3o\",\"Intelig\u00eanciaArtificial\",\"Lideran\u00e7aeinova\u00e7\u00e3o\",\"tecnologia\",\"viagenscorporativas\",\"viagensparaempresas\"],\"articleSection\":[\"Institucional\",\"Interno\"],\"inLanguage\":\"pt-BR\",\"potentialAction\":[{\"@type\":\"CommentAction\",\"name\":\"Comment\",\"target\":[\"https:\/\/dynamictravel.com.br\/blog\/dynamic-travel-realiza-a-4-edicao-do-dois-dias-d-e-reforca-cultura-de-inovacao-e-proximidade-com-o-mercado\/#respond\"]}]},{\"@type\":\"WebPage\",\"@id\":\"https:\/\/dynamictravel.com.br\/blog\/dynamic-travel-realiza-a-4-edicao-do-dois-dias-d-e-reforca-cultura-de-inovacao-e-proximidade-com-o-mercado\/\",\"url\":\"https:\/\/dynamictravel.com.br\/blog\/dynamic-travel-realiza-a-4-edicao-do-dois-dias-d-e-reforca-cultura-de-inovacao-e-proximidade-com-o-mercado\/\",\"name\":\"Dynamic Travel realiza a 4\u00aa edi\u00e7\u00e3o do Dois Dias D+ e refor\u00e7a cultura de inova\u00e7\u00e3o e proximidade com o mercado - Blog Dynamic Travel\",\"isPartOf\":{\"@id\":\"https:\/\/dynamictravel.com.br\/blog\/#website\"},\"primaryImageOfPage\":{\"@id\":\"https:\/\/dynamictravel.com.br\/blog\/dynamic-travel-realiza-a-4-edicao-do-dois-dias-d-e-reforca-cultura-de-inovacao-e-proximidade-com-o-mercado\/#primaryimage\"},\"image\":{\"@id\":\"https:\/\/dynamictravel.com.br\/blog\/dynamic-travel-realiza-a-4-edicao-do-dois-dias-d-e-reforca-cultura-de-inovacao-e-proximidade-com-o-mercado\/#primaryimage\"},\"thumbnailUrl\":\"https:\/\/dynamictravel.com.br\/blog\/wp-content\/uploads\/2025\/07\/Dynamic-Travel-realiza-a-4a-edicao-do-Dois-Dias-D-e-reforca-cultura-de-inovacao-e-proximidade-com-o-mercado.webp\",\"datePublished\":\"2025-07-04T17:08:45+00:00\",\"dateModified\":\"2025-10-01T12:21:06+00:00\",\"description\":\"A 4\u00aa edi\u00e7\u00e3o do Dois Dias D+ refor\u00e7a a cultura de inova\u00e7\u00e3o da Dynamic Travel com tecnologia, conex\u00e3o humana e novos caminhos.\",\"breadcrumb\":{\"@id\":\"https:\/\/dynamictravel.com.br\/blog\/dynamic-travel-realiza-a-4-edicao-do-dois-dias-d-e-reforca-cultura-de-inovacao-e-proximidade-com-o-mercado\/#breadcrumb\"},\"inLanguage\":\"pt-BR\",\"potentialAction\":[{\"@type\":\"ReadAction\",\"target\":[\"https:\/\/dynamictravel.com.br\/blog\/dynamic-travel-realiza-a-4-edicao-do-dois-dias-d-e-reforca-cultura-de-inovacao-e-proximidade-com-o-mercado\/\"]}]},{\"@type\":\"ImageObject\",\"inLanguage\":\"pt-BR\",\"@id\":\"https:\/\/dynamictravel.com.br\/blog\/dynamic-travel-realiza-a-4-edicao-do-dois-dias-d-e-reforca-cultura-de-inovacao-e-proximidade-com-o-mercado\/#primaryimage\",\"url\":\"https:\/\/dynamictravel.com.br\/blog\/wp-content\/uploads\/2025\/07\/Dynamic-Travel-realiza-a-4a-edicao-do-Dois-Dias-D-e-reforca-cultura-de-inovacao-e-proximidade-com-o-mercado.webp\",\"contentUrl\":\"https:\/\/dynamictravel.com.br\/blog\/wp-content\/uploads\/2025\/07\/Dynamic-Travel-realiza-a-4a-edicao-do-Dois-Dias-D-e-reforca-cultura-de-inovacao-e-proximidade-com-o-mercado.webp\",\"width\":1024,\"height\":1024,\"caption\":\"Na arte, temos uma arte de uma publica\u00e7\u00e3o no Instagram com a foto do evento, em que aparece todos os colaboradores.\"},{\"@type\":\"BreadcrumbList\",\"@id\":\"https:\/\/dynamictravel.com.br\/blog\/dynamic-travel-realiza-a-4-edicao-do-dois-dias-d-e-reforca-cultura-de-inovacao-e-proximidade-com-o-mercado\/#breadcrumb\",\"itemListElement\":[{\"@type\":\"ListItem\",\"position\":1,\"name\":\"In\u00edcio\",\"item\":\"https:\/\/dynamictravel.com.br\/blog\/\"},{\"@type\":\"ListItem\",\"position\":2,\"name\":\"Dynamic Travel realiza a 4\u00aa edi\u00e7\u00e3o do Dois Dias D+ e refor\u00e7a cultura de inova\u00e7\u00e3o e proximidade com o mercado\"}]},{\"@type\":\"WebSite\",\"@id\":\"https:\/\/dynamictravel.com.br\/blog\/#website\",\"url\":\"https:\/\/dynamictravel.com.br\/blog\/\",\"name\":\"Blog Dynamic Travel\",\"description\":\"Ag\u00eancia de Viagens Corporativas\",\"publisher\":{\"@id\":\"https:\/\/dynamictravel.com.br\/blog\/#organization\"},\"potentialAction\":[{\"@type\":\"SearchAction\",\"target\":{\"@type\":\"EntryPoint\",\"urlTemplate\":\"https:\/\/dynamictravel.com.br\/blog\/?s={search_term_string}\"},\"query-input\":{\"@type\":\"PropertyValueSpecification\",\"valueRequired\":true,\"valueName\":\"search_term_string\"}}],\"inLanguage\":\"pt-BR\"},{\"@type\":\"Organization\",\"@id\":\"https:\/\/dynamictravel.com.br\/blog\/#organization\",\"name\":\"Blog Dynamic Travel\",\"url\":\"https:\/\/dynamictravel.com.br\/blog\/\",\"logo\":{\"@type\":\"ImageObject\",\"inLanguage\":\"pt-BR\",\"@id\":\"https:\/\/dynamictravel.com.br\/blog\/#\/schema\/logo\/image\/\",\"url\":\"https:\/\/dynamictravel.com.br\/blog\/wp-content\/uploads\/2024\/10\/logo-dynamic-travel.webp\",\"contentUrl\":\"https:\/\/dynamictravel.com.br\/blog\/wp-content\/uploads\/2024\/10\/logo-dynamic-travel.webp\",\"width\":320,\"height\":111,\"caption\":\"Blog Dynamic Travel\"},\"image\":{\"@id\":\"https:\/\/dynamictravel.com.br\/blog\/#\/schema\/logo\/image\/\"}},{\"@type\":\"Person\",\"@id\":\"https:\/\/dynamictravel.com.br\/blog\/#\/schema\/person\/e7178e0a0ffb297c221bb32117d9745f\",\"name\":\"Reda\u00e7\u00e3o Dynamic Travel\",\"image\":{\"@type\":\"ImageObject\",\"inLanguage\":\"pt-BR\",\"@id\":\"https:\/\/dynamictravel.com.br\/blog\/#\/schema\/person\/image\/\",\"url\":\"https:\/\/secure.gravatar.com\/avatar\/1eb4bf102438663c299bc91dd2b1095c?s=96&d=mm&r=g\",\"contentUrl\":\"https:\/\/secure.gravatar.com\/avatar\/1eb4bf102438663c299bc91dd2b1095c?s=96&d=mm&r=g\",\"caption\":\"Reda\u00e7\u00e3o Dynamic Travel\"},\"sameAs\":[\"https:\/\/dynamictravel.com.br\"],\"url\":\"https:\/\/dynamictravel.com.br\/blog\/author\/redacao\/\"}]}<\/script>\n<!-- \/ Yoast SEO plugin. -->","yoast_head_json":{"title":"Dynamic Travel realiza a 4\u00aa edi\u00e7\u00e3o do Dois Dias D+ e refor\u00e7a cultura de inova\u00e7\u00e3o e proximidade com o mercado - Blog Dynamic Travel","description":"A 4\u00aa edi\u00e7\u00e3o do Dois Dias D+ refor\u00e7a a cultura de inova\u00e7\u00e3o da Dynamic Travel com tecnologia, conex\u00e3o humana e novos caminhos.","robots":{"index":"index","follow":"follow","max-snippet":"max-snippet:-1","max-image-preview":"max-image-preview:large","max-video-preview":"max-video-preview:-1"},"canonical":"https:\/\/dynamictravel.com.br\/blog\/dynamic-travel-realiza-a-4-edicao-do-dois-dias-d-e-reforca-cultura-de-inovacao-e-proximidade-com-o-mercado\/","og_locale":"pt_BR","og_type":"article","og_title":"Dynamic Travel realiza a 4\u00aa edi\u00e7\u00e3o do Dois Dias D+ e refor\u00e7a cultura de inova\u00e7\u00e3o e proximidade com o mercado - Blog Dynamic Travel","og_description":"A 4\u00aa edi\u00e7\u00e3o do Dois Dias D+ refor\u00e7a a cultura de inova\u00e7\u00e3o da Dynamic Travel com tecnologia, conex\u00e3o humana e novos caminhos.","og_url":"https:\/\/dynamictravel.com.br\/blog\/dynamic-travel-realiza-a-4-edicao-do-dois-dias-d-e-reforca-cultura-de-inovacao-e-proximidade-com-o-mercado\/","og_site_name":"Blog Dynamic Travel","article_published_time":"2025-07-04T17:08:45+00:00","article_modified_time":"2025-10-01T12:21:06+00:00","og_image":[{"width":1024,"height":1024,"url":"https:\/\/dynamictravel.com.br\/blog\/wp-content\/uploads\/2025\/07\/Dynamic-Travel-realiza-a-4a-edicao-do-Dois-Dias-D-e-reforca-cultura-de-inovacao-e-proximidade-com-o-mercado.webp","type":"image\/webp"}],"author":"Reda\u00e7\u00e3o Dynamic Travel","twitter_card":"summary_large_image","twitter_misc":{"Escrito por":"Reda\u00e7\u00e3o Dynamic Travel","Est. tempo de leitura":"4 minutos"},"schema":{"@context":"https:\/\/schema.org","@graph":[{"@type":"Article","@id":"https:\/\/dynamictravel.com.br\/blog\/dynamic-travel-realiza-a-4-edicao-do-dois-dias-d-e-reforca-cultura-de-inovacao-e-proximidade-com-o-mercado\/#article","isPartOf":{"@id":"https:\/\/dynamictravel.com.br\/blog\/dynamic-travel-realiza-a-4-edicao-do-dois-dias-d-e-reforca-cultura-de-inovacao-e-proximidade-com-o-mercado\/"},"author":{"name":"Reda\u00e7\u00e3o Dynamic Travel","@id":"https:\/\/dynamictravel.com.br\/blog\/#\/schema\/person\/e7178e0a0ffb297c221bb32117d9745f"},"headline":"Dynamic Travel realiza a 4\u00aa edi\u00e7\u00e3o do Dois Dias D+ e refor\u00e7a cultura de inova\u00e7\u00e3o e proximidade com o mercado","datePublished":"2025-07-04T17:08:45+00:00","dateModified":"2025-10-01T12:21:06+00:00","mainEntityOfPage":{"@id":"https:\/\/dynamictravel.com.br\/blog\/dynamic-travel-realiza-a-4-edicao-do-dois-dias-d-e-reforca-cultura-de-inovacao-e-proximidade-com-o-mercado\/"},"wordCount":779,"commentCount":0,"publisher":{"@id":"https:\/\/dynamictravel.com.br\/blog\/#organization"},"image":{"@id":"https:\/\/dynamictravel.com.br\/blog\/dynamic-travel-realiza-a-4-edicao-do-dois-dias-d-e-reforca-cultura-de-inovacao-e-proximidade-com-o-mercado\/#primaryimage"},"thumbnailUrl":"https:\/\/dynamictravel.com.br\/blog\/wp-content\/uploads\/2025\/07\/Dynamic-Travel-realiza-a-4a-edicao-do-Dois-Dias-D-e-reforca-cultura-de-inovacao-e-proximidade-com-o-mercado.webp","keywords":["agenciadeviagenscorporativas","Culturadeinova\u00e7\u00e3o","eventoscorporativos","inova\u00e7\u00e3o","Intelig\u00eanciaArtificial","Lideran\u00e7aeinova\u00e7\u00e3o","tecnologia","viagenscorporativas","viagensparaempresas"],"articleSection":["Institucional","Interno"],"inLanguage":"pt-BR","potentialAction":[{"@type":"CommentAction","name":"Comment","target":["https:\/\/dynamictravel.com.br\/blog\/dynamic-travel-realiza-a-4-edicao-do-dois-dias-d-e-reforca-cultura-de-inovacao-e-proximidade-com-o-mercado\/#respond"]}]},{"@type":"WebPage","@id":"https:\/\/dynamictravel.com.br\/blog\/dynamic-travel-realiza-a-4-edicao-do-dois-dias-d-e-reforca-cultura-de-inovacao-e-proximidade-com-o-mercado\/","url":"https:\/\/dynamictravel.com.br\/blog\/dynamic-travel-realiza-a-4-edicao-do-dois-dias-d-e-reforca-cultura-de-inovacao-e-proximidade-com-o-mercado\/","name":"Dynamic Travel realiza a 4\u00aa edi\u00e7\u00e3o do Dois Dias D+ e refor\u00e7a cultura de inova\u00e7\u00e3o e proximidade com o mercado - Blog Dynamic Travel","isPartOf":{"@id":"https:\/\/dynamictravel.com.br\/blog\/#website"},"primaryImageOfPage":{"@id":"https:\/\/dynamictravel.com.br\/blog\/dynamic-travel-realiza-a-4-edicao-do-dois-dias-d-e-reforca-cultura-de-inovacao-e-proximidade-com-o-mercado\/#primaryimage"},"image":{"@id":"https:\/\/dynamictravel.com.br\/blog\/dynamic-travel-realiza-a-4-edicao-do-dois-dias-d-e-reforca-cultura-de-inovacao-e-proximidade-com-o-mercado\/#primaryimage"},"thumbnailUrl":"https:\/\/dynamictravel.com.br\/blog\/wp-content\/uploads\/2025\/07\/Dynamic-Travel-realiza-a-4a-edicao-do-Dois-Dias-D-e-reforca-cultura-de-inovacao-e-proximidade-com-o-mercado.webp","datePublished":"2025-07-04T17:08:45+00:00","dateModified":"2025-10-01T12:21:06+00:00","description":"A 4\u00aa edi\u00e7\u00e3o do Dois Dias D+ refor\u00e7a a cultura de inova\u00e7\u00e3o da Dynamic Travel com tecnologia, conex\u00e3o humana e novos caminhos.","breadcrumb":{"@id":"https:\/\/dynamictravel.com.br\/blog\/dynamic-travel-realiza-a-4-edicao-do-dois-dias-d-e-reforca-cultura-de-inovacao-e-proximidade-com-o-mercado\/#breadcrumb"},"inLanguage":"pt-BR","potentialAction":[{"@type":"ReadAction","target":["https:\/\/dynamictravel.com.br\/blog\/dynamic-travel-realiza-a-4-edicao-do-dois-dias-d-e-reforca-cultura-de-inovacao-e-proximidade-com-o-mercado\/"]}]},{"@type":"ImageObject","inLanguage":"pt-BR","@id":"https:\/\/dynamictravel.com.br\/blog\/dynamic-travel-realiza-a-4-edicao-do-dois-dias-d-e-reforca-cultura-de-inovacao-e-proximidade-com-o-mercado\/#primaryimage","url":"https:\/\/dynamictravel.com.br\/blog\/wp-content\/uploads\/2025\/07\/Dynamic-Travel-realiza-a-4a-edicao-do-Dois-Dias-D-e-reforca-cultura-de-inovacao-e-proximidade-com-o-mercado.webp","contentUrl":"https:\/\/dynamictravel.com.br\/blog\/wp-content\/uploads\/2025\/07\/Dynamic-Travel-realiza-a-4a-edicao-do-Dois-Dias-D-e-reforca-cultura-de-inovacao-e-proximidade-com-o-mercado.webp","width":1024,"height":1024,"caption":"Na arte, temos uma arte de uma publica\u00e7\u00e3o no Instagram com a foto do evento, em que aparece todos os colaboradores."},{"@type":"BreadcrumbList","@id":"https:\/\/dynamictravel.com.br\/blog\/dynamic-travel-realiza-a-4-edicao-do-dois-dias-d-e-reforca-cultura-de-inovacao-e-proximidade-com-o-mercado\/#breadcrumb","itemListElement":[{"@type":"ListItem","position":1,"name":"In\u00edcio","item":"https:\/\/dynamictravel.com.br\/blog\/"},{"@type":"ListItem","position":2,"name":"Dynamic Travel realiza a 4\u00aa edi\u00e7\u00e3o do Dois Dias D+ e refor\u00e7a cultura de inova\u00e7\u00e3o e proximidade com o mercado"}]},{"@type":"WebSite","@id":"https:\/\/dynamictravel.com.br\/blog\/#website","url":"https:\/\/dynamictravel.com.br\/blog\/","name":"Blog Dynamic Travel","description":"Ag\u00eancia de Viagens Corporativas","publisher":{"@id":"https:\/\/dynamictravel.com.br\/blog\/#organization"},"potentialAction":[{"@type":"SearchAction","target":{"@type":"EntryPoint","urlTemplate":"https:\/\/dynamictravel.com.br\/blog\/?s={search_term_string}"},"query-input":{"@type":"PropertyValueSpecification","valueRequired":true,"valueName":"search_term_string"}}],"inLanguage":"pt-BR"},{"@type":"Organization","@id":"https:\/\/dynamictravel.com.br\/blog\/#organization","name":"Blog Dynamic Travel","url":"https:\/\/dynamictravel.com.br\/blog\/","logo":{"@type":"ImageObject","inLanguage":"pt-BR","@id":"https:\/\/dynamictravel.com.br\/blog\/#\/schema\/logo\/image\/","url":"https:\/\/dynamictravel.com.br\/blog\/wp-content\/uploads\/2024\/10\/logo-dynamic-travel.webp","contentUrl":"https:\/\/dynamictravel.com.br\/blog\/wp-content\/uploads\/2024\/10\/logo-dynamic-travel.webp","width":320,"height":111,"caption":"Blog Dynamic Travel"},"image":{"@id":"https:\/\/dynamictravel.com.br\/blog\/#\/schema\/logo\/image\/"}},{"@type":"Person","@id":"https:\/\/dynamictravel.com.br\/blog\/#\/schema\/person\/e7178e0a0ffb297c221bb32117d9745f","name":"Reda\u00e7\u00e3o Dynamic Travel","image":{"@type":"ImageObject","inLanguage":"pt-BR","@id":"https:\/\/dynamictravel.com.br\/blog\/#\/schema\/person\/image\/","url":"https:\/\/secure.gravatar.com\/avatar\/1eb4bf102438663c299bc91dd2b1095c?s=96&d=mm&r=g","contentUrl":"https:\/\/secure.gravatar.com\/avatar\/1eb4bf102438663c299bc91dd2b1095c?s=96&d=mm&r=g","caption":"Reda\u00e7\u00e3o Dynamic Travel"},"sameAs":["https:\/\/dynamictravel.com.br"],"url":"https:\/\/dynamictravel.com.br\/blog\/author\/redacao\/"}]}},"uagb_featured_image_src":{"full":["https:\/\/dynamictravel.com.br\/blog\/wp-content\/uploads\/2025\/07\/Dynamic-Travel-realiza-a-4a-edicao-do-Dois-Dias-D-e-reforca-cultura-de-inovacao-e-proximidade-com-o-mercado.webp",1024,1024,false],"thumbnail":["https:\/\/dynamictravel.com.br\/blog\/wp-content\/uploads\/2025\/07\/Dynamic-Travel-realiza-a-4a-edicao-do-Dois-Dias-D-e-reforca-cultura-de-inovacao-e-proximidade-com-o-mercado-150x150.webp",150,150,true],"medium":["https:\/\/dynamictravel.com.br\/blog\/wp-content\/uploads\/2025\/07\/Dynamic-Travel-realiza-a-4a-edicao-do-Dois-Dias-D-e-reforca-cultura-de-inovacao-e-proximidade-com-o-mercado-300x300.webp",300,300,true],"medium_large":["https:\/\/dynamictravel.com.br\/blog\/wp-content\/uploads\/2025\/07\/Dynamic-Travel-realiza-a-4a-edicao-do-Dois-Dias-D-e-reforca-cultura-de-inovacao-e-proximidade-com-o-mercado-768x768.webp",768,768,true],"large":["https:\/\/dynamictravel.com.br\/blog\/wp-content\/uploads\/2025\/07\/Dynamic-Travel-realiza-a-4a-edicao-do-Dois-Dias-D-e-reforca-cultura-de-inovacao-e-proximidade-com-o-mercado.webp",1024,1024,false],"1536x1536":["https:\/\/dynamictravel.com.br\/blog\/wp-content\/uploads\/2025\/07\/Dynamic-Travel-realiza-a-4a-edicao-do-Dois-Dias-D-e-reforca-cultura-de-inovacao-e-proximidade-com-o-mercado.webp",1024,1024,false],"2048x2048":["https:\/\/dynamictravel.com.br\/blog\/wp-content\/uploads\/2025\/07\/Dynamic-Travel-realiza-a-4a-edicao-do-Dois-Dias-D-e-reforca-cultura-de-inovacao-e-proximidade-com-o-mercado.webp",1024,1024,false],"trp-custom-language-flag":["https:\/\/dynamictravel.com.br\/blog\/wp-content\/uploads\/2025\/07\/Dynamic-Travel-realiza-a-4a-edicao-do-Dois-Dias-D-e-reforca-cultura-de-inovacao-e-proximidade-com-o-mercado-12x12.webp",12,12,true]},"uagb_author_info":{"display_name":"Reda\u00e7\u00e3o Dynamic Travel","author_link":"https:\/\/dynamictravel.com.br\/blog\/author\/redacao\/"},"uagb_comment_info":0,"uagb_excerpt":"Evento refor\u00e7a a cultura de inova\u00e7\u00e3o e o relacionamento pr\u00f3ximo da Dynamic Travel com parceiros e colaboradores.","_links":{"self":[{"href":"https:\/\/dynamictravel.com.br\/blog\/wp-json\/wp\/v2\/posts\/6150","targetHints":{"allow":["GET"]}}],"collection":[{"href":"https:\/\/dynamictravel.com.br\/blog\/wp-json\/wp\/v2\/posts"}],"about":[{"href":"https:\/\/dynamictravel.com.br\/blog\/wp-json\/wp\/v2\/types\/post"}],"author":[{"embeddable":true,"href":"https:\/\/dynamictravel.com.br\/blog\/wp-json\/wp\/v2\/users\/4"}],"replies":[{"embeddable":true,"href":"https:\/\/dynamictravel.com.br\/blog\/wp-json\/wp\/v2\/comments?post=6150"}],"version-history":[{"count":4,"href":"https:\/\/dynamictravel.com.br\/blog\/wp-json\/wp\/v2\/posts\/6150\/revisions"}],"predecessor-version":[{"id":6181,"href":"https:\/\/dynamictravel.com.br\/blog\/wp-json\/wp\/v2\/posts\/6150\/revisions\/6181"}],"wp:featuredmedia":[{"embeddable":true,"href":"https:\/\/dynamictravel.com.br\/blog\/wp-json\/wp\/v2\/media\/6179"}],"wp:attachment":[{"href":"https:\/\/dynamictravel.com.br\/blog\/wp-json\/wp\/v2\/media?parent=6150"}],"wp:term":[{"taxonomy":"category","embeddable":true,"href":"https:\/\/dynamictravel.com.br\/blog\/wp-json\/wp\/v2\/categories?post=6150"},{"taxonomy":"post_tag","embeddable":true,"href":"https:\/\/dynamictravel.com.br\/blog\/wp-json\/wp\/v2\/tags?post=6150"}],"curies":[{"name":"wp","href":"https:\/\/api.w.org\/{rel}","templated":true}]}}