{"id":6044,"date":"2025-05-29T10:12:29","date_gmt":"2025-05-29T13:12:29","guid":{"rendered":"https:\/\/dynamictravel.com.br\/blog\/?p=6044"},"modified":"2025-05-30T14:17:35","modified_gmt":"2025-05-30T17:17:35","slug":"principais-noticias-do-mes-de-maio-sobre-o-mercado-de-viagens-corporativas","status":"publish","type":"post","link":"https:\/\/dynamictravel.com.br\/blog\/principais-noticias-do-mes-de-maio-sobre-o-mercado-de-viagens-corporativas\/","title":{"rendered":"Principais not\u00edcias do m\u00eas de maio sobre o mercado de viagens corporativas"},"content":{"rendered":"\n<div class=\"wp-block-uagb-image aligncenter uagb-block-03bedb9e wp-block-uagb-image--layout-default wp-block-uagb-image--effect-static wp-block-uagb-image--align-center\"><figure class=\"wp-block-uagb-image__figure\"><img decoding=\"async\" src=\"https:\/\/dynamictravel.com.br\/blog\/wp-content\/uploads\/2025\/05\/demetrius-blog-1024x1024.webp\" alt=\"Demetrius apontando para lousa escrito: as principais atualiza\u00e7\u00f5es do m\u00eas de maio sobre o mercado de viagens corporativas\" class=\"uag-image-6050\" width=\"1024\" height=\"1024\" title=\"Principais atualiza\u00e7\u00f5es do m\u00eas de maio sobre o mercado de viagens corporativas\" loading=\"lazy\" role=\"img\" \/><\/figure><\/div>\n\n\n\n<div class=\"wp-block-uagb-separator uagb-block-485c84f4\"><div class=\"uagb-separator-spacing-wrapper\"><div class=\"wp-block-uagb-separator__inner\" style=\"--my-background-image:\"><\/div><\/div><\/div>\n\n\n\n<p>Com o intuito de manter seus leitores sempre bem-informados, a Dynamic Travel publica regularmente, em seu <a href=\"https:\/\/dynamictravel.com.br\/blog\/introducao-a-politica-de-viagens\/\" target=\"_blank\" rel=\"noreferrer noopener\"><strong>site<\/strong><\/a>, as principais atualiza\u00e7\u00f5es do Brasil e do mundo relacionadas \u00e0s viagens corporativas.&nbsp;&nbsp;<\/p>\n\n\n\n<p>Confira a seguir o compilado de todas as mat\u00e9rias publicadas no m\u00eas de maio.\u202f&nbsp;<\/p>\n\n\n\n<p>Para receber em primeira m\u00e3o todas as not\u00edcias, inscreva-se em nossa newsletter <a href=\"https:\/\/dynamictravel.com.br\/#blog\" target=\"_blank\" rel=\"noreferrer noopener\"><strong>clicando aqui.\u202f<\/strong><\/a>&nbsp;<\/p>\n\n\n\n<hr class=\"wp-block-separator has-alpha-channel-opacity is-style-default\" \/>\n\n\n\n<div class=\"wp-block-uagb-advanced-heading uagb-block-0c22f40a\"><h2 class=\"uagb-heading-text\"><strong><strong><strong><strong><strong><strong><strong><strong><strong>Quando o ETIAS passar\u00e1 a ser obrigat\u00f3rio?<\/strong><\/strong><\/strong><\/strong><\/strong><\/strong><\/strong><\/strong><\/strong><\/h2><\/div>\n\n\n\n<div class=\"wp-block-uagb-separator uagb-block-2df8d896\"><div class=\"wp-block-uagb-separator__inner\" style=\"--my-background-image:\"><\/div><\/div>\n\n\n\n<p>A partir do \u00faltimo trimestre de 2026, brasileiros e cidad\u00e3os de mais de 50 pa\u00edses isentos de visto para a Europa precisar\u00e3o obter uma autoriza\u00e7\u00e3o eletr\u00f4nica de viagem, chamada ETIAS (Sistema Europeu de Informa\u00e7\u00e3o e Autoriza\u00e7\u00e3o de Viagem), para entrar em pa\u00edses do Espa\u00e7o Schengen e associados.<\/p>\n\n\n\n<p>Embora o ETIAS n\u00e3o seja um visto tradicional, ele se tornar\u00e1 obrigat\u00f3rio para turismo, neg\u00f3cios e outras estadias de curta dura\u00e7\u00e3o de at\u00e9 90 dias. A exig\u00eancia se aplicar\u00e1 a quem deseja visitar pa\u00edses como Fran\u00e7a, Alemanha, Espanha, It\u00e1lia, Portugal, al\u00e9m de destinos menos tradicionais, como Cro\u00e1cia, Bulg\u00e1ria e Rom\u00eania.<\/p>\n\n\n\n<p><strong>Como vai funcionar?<\/strong><\/p>\n\n\n\n<p>\u2022 Solicita\u00e7\u00e3o online, via site ou app oficial;<br>\u2022 Taxa \u00fanica de \u20ac7;<br>\u2022 Validade de at\u00e9 3 anos (ou at\u00e9 o vencimento do passaporte);<br>\u2022 Isen\u00e7\u00e3o para menores de 18 e maiores de 70 anos.<\/p>\n\n\n\n<p><strong>Quando ser\u00e1 exigido?<\/strong><\/p>\n\n\n\n<p>O ETIAS come\u00e7ar\u00e1 a ser implementado no \u00faltimo trimestre de 2026, mas sua obrigatoriedade ser\u00e1 gradual. Haver\u00e1 um per\u00edodo de transi\u00e7\u00e3o entre outubro de 2026 e abril de 2027, durante o qual os viajantes isentos de visto ser\u00e3o incentivados a solicitar o ETIAS, embora ainda possam entrar na <a href=\"https:\/\/dynamictravel.com.br\/blog\/descubra-as-regras-do-tratado-de-schengen-para-suas-viagens-corporativas\/\">\u00c1rea Schengen<\/a> sem a autoriza\u00e7\u00e3o eletr\u00f4nica, desde que cumpram os demais requisitos de entrada (como passaporte v\u00e1lido e dura\u00e7\u00e3o da estadia).<\/p>\n\n\n\n<p>Na pr\u00e1tica, a exig\u00eancia come\u00e7ar\u00e1 a valer para alguns pa\u00edses a partir de abril de 2027, e se tornar\u00e1 plenamente obrigat\u00f3ria em todos os pa\u00edses participantes em outubro de 2027.<\/p>\n\n\n\n<p>Para brasileiros, o ETIAS n\u00e3o substitui o visto tradicional; ele ser\u00e1 um passo obrigat\u00f3rio para quem viaja para a Europa sem a necessidade de visto.<\/p>\n\n\n\n<p><strong>Fonte: <\/strong>Panrotas<\/p>\n\n\n\n<p><strong>(Publicado em: <strong>15\/05\/2025<\/strong>)<\/strong><\/p>\n\n\n\n<hr class=\"wp-block-separator has-alpha-channel-opacity\" \/>\n\n\n\n<div class=\"wp-block-uagb-separator uagb-block-3fe116ec\"><div class=\"wp-block-uagb-separator__inner\" style=\"--my-background-image:\"><\/div><\/div>\n\n\n\n<div class=\"wp-block-uagb-advanced-heading uagb-block-d673f540\"><h2 class=\"uagb-heading-text\"><strong><strong><strong><strong><strong><strong><strong><strong><strong>Mudan\u00e7a obrigat\u00f3ria na forma de login do OBT Argo<\/strong><\/strong><\/strong><\/strong><\/strong><\/strong><\/strong><\/strong><\/strong><\/h2><\/div>\n\n\n\n<div class=\"wp-block-uagb-separator uagb-block-fe7ffe6a\"><div class=\"uagb-separator-spacing-wrapper\"><div class=\"wp-block-uagb-separator__inner\" style=\"--my-background-image:\"><\/div><\/div><\/div>\n\n\n\n<p>A Argo est\u00e1 em constante evolu\u00e7\u00e3o para entregar mais tecnologia e seguran\u00e7a para voc\u00ea. E, a partir do dia 01\/07, ser\u00e1 implementada uma mudan\u00e7a obrigat\u00f3ria na forma de login do OBT.<\/p>\n\n\n\n<p>Ao acessar o sistema pela tela de login da Argo, o usu\u00e1rio dever\u00e1 seguir o novo fluxo:<\/p>\n\n\n\n<p>1. Inserir o e-mail cadastrado;<br>2. Receber automaticamente um token de acesso no e-mail;<br>3. Utilizar esse token para entrar na plataforma.<\/p>\n\n\n\n<p><strong>Importante<\/strong><\/p>\n\n\n\n<p>Essa atualiza\u00e7\u00e3o atende a uma exig\u00eancia da certifica\u00e7\u00e3o internacional PCI-DSS (Payment Card Industry Data Security Standard), que estabelece os mais rigorosos padr\u00f5es de seguran\u00e7a para o armazenamento, processamento e transmiss\u00e3o de dados de cart\u00f5es de cr\u00e9dito.<\/p>\n\n\n\n<p>A nova camada de autentica\u00e7\u00e3o refor\u00e7a a prote\u00e7\u00e3o contra acessos indevidos e fraudes, garantindo mais seguran\u00e7a para os usu\u00e1rios e para as transa\u00e7\u00f5es realizadas na plataforma.<\/p>\n\n\n\n<p>Por se tratar de uma exig\u00eancia obrigat\u00f3ria de conformidade com a PCI-DSS, essa autentica\u00e7\u00e3o n\u00e3o \u00e9 opcional e dever\u00e1 ser adotada por todos os usu\u00e1rios da Argo.<\/p>\n\n\n\n<ul class=\"wp-block-list\"><\/ul>\n\n\n\n<ul class=\"wp-block-list\"><\/ul>\n\n\n\n<p>(Publicado em: <strong>21\/05\/2025<\/strong>)&nbsp;<\/p>\n\n\n\n<hr class=\"wp-block-separator has-alpha-channel-opacity\" \/>\n\n\n\n<div class=\"wp-block-uagb-advanced-heading uagb-block-40f8d71e\"><h2 class=\"uagb-heading-text\"><strong><strong><strong>Novas regras: isen\u00e7\u00e3o de visto na China e seguro obrigat\u00f3rio na Argentina<\/strong><\/strong><\/strong><\/h2><\/div>\n\n\n\n<div class=\"wp-block-uagb-separator uagb-block-889fccfb\"><div class=\"wp-block-uagb-separator__inner\" style=\"--my-background-image:\"><\/div><\/div>\n\n\n\n<p>Em um an\u00fancio feito nesta quinta-feira (15), o Ministro das Rela\u00e7\u00f5es Exteriores da China, Lian Jian, revelou que o pa\u00eds deixar\u00e1 de exigir visto de brasileiros em viagens de at\u00e9 30 dias.<\/p>\n\n\n\n<p>A novidade entra em vigor a partir de 1\u00ba de junho de 2025 e, inicialmente, ter\u00e1 validade de um ano, at\u00e9 31 de maio de 2026.<\/p>\n\n\n\n<p>Al\u00e9m do Brasil, pa\u00edses como Argentina, Peru, Uruguai e Chile tamb\u00e9m foram inclu\u00eddos na isen\u00e7\u00e3o.<\/p>\n\n\n\n<p><strong>Em quais casos a isen\u00e7\u00e3o \u00e9 v\u00e1lida?<\/strong><\/p>\n\n\n\n<p>A dispensa do visto se aplica a viagens com fins de:<\/p>\n\n\n\n<p>\u2022 Turismo;<br>\u2022 Neg\u00f3cios;<br>\u2022 Interc\u00e2mbio;<br>\u2022 Visita a familiares;<br>\u2022 Tr\u00e2nsito.<\/p>\n\n\n\n<p>Desde o ano passado, a China j\u00e1 havia flexibilizado exig\u00eancias para diversos pa\u00edses europeus e tamb\u00e9m para na\u00e7\u00f5es asi\u00e1ticas como Jap\u00e3o e Coreia do Sul.<\/p>\n\n\n\n<p>Agora, com a nova medida, o Brasil passa a ter as mesmas condi\u00e7\u00f5es de entrada que muitos pa\u00edses asi\u00e1ticos e europeus, fortalecendo ainda mais os la\u00e7os entre os dois pa\u00edses e facilitando a mobilidade internacional.<\/p>\n\n\n\n<p><strong>Seguro viagem passar\u00e1 a ser obrigat\u00f3rio para entrada na Argentina<\/strong><\/p>\n\n\n\n<p>A partir dos pr\u00f3ximos dias, a Argentina exigir\u00e1 a apresenta\u00e7\u00e3o de <a href=\"https:\/\/dynamictravel.com.br\/blog\/seguro-viagem-um-guia-para-viagens-corporativas-sem-imprevistos\/\">seguro viagem<\/a> para a entrada de turistas estrangeiros no pa\u00eds. A medida foi anunciada pelo governo argentino e entrar\u00e1 em vigor assim que for publicada oficialmente.<\/p>\n\n\n\n<p><strong>O que muda na pr\u00e1tica?<\/strong><\/p>\n\n\n\n<p>Todos os visitantes dever\u00e3o apresentar, no momento da entrada, um comprovante de seguro com cobertura m\u00e9dica v\u00e1lida por todo o per\u00edodo da estadia.<\/p>\n\n\n\n<p>Essa exig\u00eancia se aplica inclusive aos viajantes brasileiros, mesmo para visitas curtas.<\/p>\n\n\n\n<p><strong>Por que essa exig\u00eancia foi criada?<\/strong><\/p>\n\n\n\n<p>Segundo o governo argentino, o objetivo \u00e9 evitar a sobrecarga no sistema p\u00fablico de sa\u00fade, garantindo que os turistas estejam protegidos por conta pr\u00f3pria em caso de emerg\u00eancias m\u00e9dicas, pr\u00e1tica j\u00e1 adotada por diversos pa\u00edses da Europa e da \u00c1sia.<\/p>\n\n\n\n<p><strong>(Publicado: <strong><strong>16\/05\/2025<\/strong><\/strong>)<\/strong><\/p>\n\n\n\n<div class=\"wp-block-uagb-advanced-heading uagb-block-c5caa540\"><h2 class=\"uagb-heading-text\"><strong>CIVP: o que \u00e9, quando emitir e por que ele \u00e9 essencial em algumas viagens<\/strong><\/h2><\/div>\n\n\n\n<div class=\"wp-block-uagb-separator uagb-block-7aa19964\"><div class=\"wp-block-uagb-separator__inner\" style=\"--my-background-image:\"><\/div><\/div>\n\n\n\n<p>O Certificado Internacional de Vacina\u00e7\u00e3o (CIVP) \u00e9 vital\u00edcio, mas a vacina contra febre amarela deve ser tomada com, no m\u00ednimo, 15 dias de anteced\u00eancia da viagem para garantir a imuniza\u00e7\u00e3o e evitar problemas no embarque.<\/p>\n\n\n\n<p>A febre amarela \u00e9 a \u00fanica vacina exigida para entrada em diversos pa\u00edses da Am\u00e9rica Central, Am\u00e9rica do Sul e \u00c1frica, onde h\u00e1 maior risco de dissemina\u00e7\u00e3o e a infraestrutura de sa\u00fade \u00e9 limitada. J\u00e1 Estados Unidos e Canad\u00e1 n\u00e3o exigem o certificado, mas recomendam ao passageiro estar vacinado.<\/p>\n\n\n\n<p><strong>Erros mais comuns ao viajar<\/strong><\/p>\n\n\n\n<p>\u2022 N\u00e3o verificar com anteced\u00eancia se o destino (ou o pa\u00eds de conex\u00e3o) exige a vacina.<br>\u2022 Achar que o comprovante de vacina\u00e7\u00e3o substitui o certificado internacional.<br>\u2022  Tomar a vacina muito pr\u00f3ximo da data da viagem.<\/p>\n\n\n\n<p><strong>Como obter o CIVP<\/strong><\/p>\n\n\n\n<p>\u2022 Acesse o Conecte SUS com login do Gov.br, ou<br>\u2022 Emita pelo portal do Governo Federal, apresentando o comprovante da vacina.<\/p>\n\n\n\n<p><strong>Aten\u00e7\u00e3o:<\/strong> se a vacina foi tomada em cl\u00ednica particular, o certificado s\u00f3 \u00e9 v\u00e1lido se o local for autorizado e credenciado pela Anvisa.<\/p>\n\n\n\n<p><strong>Dica importante!<\/strong><\/p>\n\n\n\n<p>Mesmo com a vers\u00e3o digital dispon\u00edvel no Conecte SUS, recomendamos levar o certificado impresso. Nem todos os aeroportos ou autoridades de imigra\u00e7\u00e3o aceitam a vers\u00e3o digital e imprevistos podem acontecer.<\/p>\n\n\n\n<p>(Publicado em: <strong>15\/05\/2025<\/strong>)<\/p>\n","protected":false},"excerpt":{"rendered":"<p>Confira as \u00faltimas novidades do setor e fique por dentro das novidades!<\/p>\n","protected":false},"author":4,"featured_media":6050,"comment_status":"open","ping_status":"open","sticky":false,"template":"","format":"standard","meta":{"_uag_custom_page_level_css":"","site-sidebar-layout":"default","site-content-layout":"","ast-site-content-layout":"","site-content-style":"default","site-sidebar-style":"default","ast-global-header-display":"","ast-banner-title-visibility":"","ast-main-header-display":"","ast-hfb-above-header-display":"","ast-hfb-below-header-display":"","ast-hfb-mobile-header-display":"","site-post-title":"","ast-breadcrumbs-content":"","ast-featured-img":"","footer-sml-layout":"","theme-transparent-header-meta":"","adv-header-id-meta":"","stick-header-meta":"","header-above-stick-meta":"","header-main-stick-meta":"","header-below-stick-meta":"","astra-migrate-meta-layouts":"default","ast-page-background-enabled":"default","ast-page-background-meta":{"desktop":{"background-color":"var(--ast-global-color-4)","background-image":"","background-repeat":"repeat","background-position":"center center","background-size":"auto","background-attachment":"scroll","background-type":"","background-media":"","overlay-type":"","overlay-color":"","overlay-opacity":"","overlay-gradient":""},"tablet":{"background-color":"","background-image":"","background-repeat":"repeat","background-position":"center center","background-size":"auto","background-attachment":"scroll","background-type":"","background-media":"","overlay-type":"","overlay-color":"","overlay-opacity":"","overlay-gradient":""},"mobile":{"background-color":"","background-image":"","background-repeat":"repeat","background-position":"center center","background-size":"auto","background-attachment":"scroll","background-type":"","background-media":"","overlay-type":"","overlay-color":"","overlay-opacity":"","overlay-gradient":""}},"ast-content-background-meta":{"desktop":{"background-color":"var(--ast-global-color-5)","background-image":"","background-repeat":"repeat","background-position":"center center","background-size":"auto","background-attachment":"scroll","background-type":"","background-media":"","overlay-type":"","overlay-color":"","overlay-opacity":"","overlay-gradient":""},"tablet":{"background-color":"var(--ast-global-color-5)","background-image":"","background-repeat":"repeat","background-position":"center center","background-size":"auto","background-attachment":"scroll","background-type":"","background-media":"","overlay-type":"","overlay-color":"","overlay-opacity":"","overlay-gradient":""},"mobile":{"background-color":"var(--ast-global-color-5)","background-image":"","background-repeat":"repeat","background-position":"center center","background-size":"auto","background-attachment":"scroll","background-type":"","background-media":"","overlay-type":"","overlay-color":"","overlay-opacity":"","overlay-gradient":""}},"footnotes":""},"categories":[3],"tags":[31,208,298,297,228,97,22,272,289,14,32,120],"class_list":["post-6044","post","type-post","status-publish","format-standard","has-post-thumbnail","hentry","category-mercado","tag-agenciadeviagenscorporativas","tag-atualizacoes","tag-civp","tag-etias","tag-noticias","tag-obt","tag-turismocorporativo","tag-ultimasnovidades","tag-vacinacao","tag-viagenscorporativas","tag-viagensparaempresas","tag-visto"],"yoast_head":"<!-- This site is optimized with the Yoast SEO plugin v24.4 - https:\/\/yoast.com\/wordpress\/plugins\/seo\/ -->\n<title>Principais not\u00edcias do m\u00eas de maio sobre o mercado de viagens corporativas - Blog Dynamic Travel<\/title>\n<meta name=\"description\" content=\"Fique por dentro das principais novidades de maio sobre o mercado do turismo corporativo. Acesse e confira as \u00faltimas atualiza\u00e7\u00f5es do setor!\" \/>\n<meta name=\"robots\" content=\"index, follow, max-snippet:-1, max-image-preview:large, max-video-preview:-1\" \/>\n<link rel=\"canonical\" href=\"https:\/\/dynamictravel.com.br\/blog\/principais-noticias-do-mes-de-maio-sobre-o-mercado-de-viagens-corporativas\/\" \/>\n<meta property=\"og:locale\" content=\"pt_BR\" \/>\n<meta property=\"og:type\" content=\"article\" \/>\n<meta property=\"og:title\" content=\"Principais not\u00edcias do m\u00eas de maio sobre o mercado de viagens corporativas - Blog Dynamic Travel\" \/>\n<meta property=\"og:description\" content=\"Fique por dentro das principais novidades de maio sobre o mercado do turismo corporativo. Acesse e confira as \u00faltimas atualiza\u00e7\u00f5es do setor!\" \/>\n<meta property=\"og:url\" content=\"https:\/\/dynamictravel.com.br\/blog\/principais-noticias-do-mes-de-maio-sobre-o-mercado-de-viagens-corporativas\/\" \/>\n<meta property=\"og:site_name\" content=\"Blog Dynamic Travel\" \/>\n<meta property=\"article:published_time\" content=\"2025-05-29T13:12:29+00:00\" \/>\n<meta property=\"article:modified_time\" content=\"2025-05-30T17:17:35+00:00\" \/>\n<meta property=\"og:image\" content=\"https:\/\/dynamictravel.com.br\/blog\/wp-content\/uploads\/2025\/05\/demetrius-blog.webp\" \/>\n\t<meta property=\"og:image:width\" content=\"1200\" \/>\n\t<meta property=\"og:image:height\" content=\"1200\" \/>\n\t<meta property=\"og:image:type\" content=\"image\/webp\" \/>\n<meta name=\"author\" content=\"Reda\u00e7\u00e3o Dynamic Travel\" \/>\n<meta name=\"twitter:card\" content=\"summary_large_image\" \/>\n<meta name=\"twitter:label1\" content=\"Escrito por\" \/>\n\t<meta name=\"twitter:data1\" content=\"Reda\u00e7\u00e3o Dynamic Travel\" \/>\n\t<meta name=\"twitter:label2\" content=\"Est. tempo de leitura\" \/>\n\t<meta name=\"twitter:data2\" content=\"7 minutos\" \/>\n<script type=\"application\/ld+json\" class=\"yoast-schema-graph\">{\"@context\":\"https:\/\/schema.org\",\"@graph\":[{\"@type\":\"Article\",\"@id\":\"https:\/\/dynamictravel.com.br\/blog\/principais-noticias-do-mes-de-maio-sobre-o-mercado-de-viagens-corporativas\/#article\",\"isPartOf\":{\"@id\":\"https:\/\/dynamictravel.com.br\/blog\/principais-noticias-do-mes-de-maio-sobre-o-mercado-de-viagens-corporativas\/\"},\"author\":{\"name\":\"Reda\u00e7\u00e3o Dynamic Travel\",\"@id\":\"https:\/\/dynamictravel.com.br\/blog\/#\/schema\/person\/e7178e0a0ffb297c221bb32117d9745f\"},\"headline\":\"Principais not\u00edcias do m\u00eas de maio sobre o mercado de viagens corporativas\",\"datePublished\":\"2025-05-29T13:12:29+00:00\",\"dateModified\":\"2025-05-30T17:17:35+00:00\",\"mainEntityOfPage\":{\"@id\":\"https:\/\/dynamictravel.com.br\/blog\/principais-noticias-do-mes-de-maio-sobre-o-mercado-de-viagens-corporativas\/\"},\"wordCount\":1148,\"commentCount\":0,\"publisher\":{\"@id\":\"https:\/\/dynamictravel.com.br\/blog\/#organization\"},\"image\":{\"@id\":\"https:\/\/dynamictravel.com.br\/blog\/principais-noticias-do-mes-de-maio-sobre-o-mercado-de-viagens-corporativas\/#primaryimage\"},\"thumbnailUrl\":\"https:\/\/dynamictravel.com.br\/blog\/wp-content\/uploads\/2025\/05\/demetrius-blog.webp\",\"keywords\":[\"agenciadeviagenscorporativas\",\"atualiza\u00e7\u00f5es\",\"CIVP\",\"ETIAS\",\"not\u00edcias\",\"OBT\",\"turismocorporativo\",\"ultimasnovidades\",\"Vacina\u00e7\u00e3o\",\"viagenscorporativas\",\"viagensparaempresas\",\"visto\"],\"articleSection\":[\"Mercado\"],\"inLanguage\":\"pt-BR\",\"potentialAction\":[{\"@type\":\"CommentAction\",\"name\":\"Comment\",\"target\":[\"https:\/\/dynamictravel.com.br\/blog\/principais-noticias-do-mes-de-maio-sobre-o-mercado-de-viagens-corporativas\/#respond\"]}]},{\"@type\":\"WebPage\",\"@id\":\"https:\/\/dynamictravel.com.br\/blog\/principais-noticias-do-mes-de-maio-sobre-o-mercado-de-viagens-corporativas\/\",\"url\":\"https:\/\/dynamictravel.com.br\/blog\/principais-noticias-do-mes-de-maio-sobre-o-mercado-de-viagens-corporativas\/\",\"name\":\"Principais not\u00edcias do m\u00eas de maio sobre o mercado de viagens corporativas - Blog Dynamic Travel\",\"isPartOf\":{\"@id\":\"https:\/\/dynamictravel.com.br\/blog\/#website\"},\"primaryImageOfPage\":{\"@id\":\"https:\/\/dynamictravel.com.br\/blog\/principais-noticias-do-mes-de-maio-sobre-o-mercado-de-viagens-corporativas\/#primaryimage\"},\"image\":{\"@id\":\"https:\/\/dynamictravel.com.br\/blog\/principais-noticias-do-mes-de-maio-sobre-o-mercado-de-viagens-corporativas\/#primaryimage\"},\"thumbnailUrl\":\"https:\/\/dynamictravel.com.br\/blog\/wp-content\/uploads\/2025\/05\/demetrius-blog.webp\",\"datePublished\":\"2025-05-29T13:12:29+00:00\",\"dateModified\":\"2025-05-30T17:17:35+00:00\",\"description\":\"Fique por dentro das principais novidades de maio sobre o mercado do turismo corporativo. Acesse e confira as \u00faltimas atualiza\u00e7\u00f5es do setor!\",\"breadcrumb\":{\"@id\":\"https:\/\/dynamictravel.com.br\/blog\/principais-noticias-do-mes-de-maio-sobre-o-mercado-de-viagens-corporativas\/#breadcrumb\"},\"inLanguage\":\"pt-BR\",\"potentialAction\":[{\"@type\":\"ReadAction\",\"target\":[\"https:\/\/dynamictravel.com.br\/blog\/principais-noticias-do-mes-de-maio-sobre-o-mercado-de-viagens-corporativas\/\"]}]},{\"@type\":\"ImageObject\",\"inLanguage\":\"pt-BR\",\"@id\":\"https:\/\/dynamictravel.com.br\/blog\/principais-noticias-do-mes-de-maio-sobre-o-mercado-de-viagens-corporativas\/#primaryimage\",\"url\":\"https:\/\/dynamictravel.com.br\/blog\/wp-content\/uploads\/2025\/05\/demetrius-blog.webp\",\"contentUrl\":\"https:\/\/dynamictravel.com.br\/blog\/wp-content\/uploads\/2025\/05\/demetrius-blog.webp\",\"width\":1200,\"height\":1200,\"caption\":\"Demetrius apontando para a lousa\"},{\"@type\":\"BreadcrumbList\",\"@id\":\"https:\/\/dynamictravel.com.br\/blog\/principais-noticias-do-mes-de-maio-sobre-o-mercado-de-viagens-corporativas\/#breadcrumb\",\"itemListElement\":[{\"@type\":\"ListItem\",\"position\":1,\"name\":\"In\u00edcio\",\"item\":\"https:\/\/dynamictravel.com.br\/blog\/\"},{\"@type\":\"ListItem\",\"position\":2,\"name\":\"Principais not\u00edcias do m\u00eas de maio sobre o mercado de viagens corporativas\"}]},{\"@type\":\"WebSite\",\"@id\":\"https:\/\/dynamictravel.com.br\/blog\/#website\",\"url\":\"https:\/\/dynamictravel.com.br\/blog\/\",\"name\":\"Blog Dynamic Travel\",\"description\":\"Ag\u00eancia de Viagens Corporativas\",\"publisher\":{\"@id\":\"https:\/\/dynamictravel.com.br\/blog\/#organization\"},\"potentialAction\":[{\"@type\":\"SearchAction\",\"target\":{\"@type\":\"EntryPoint\",\"urlTemplate\":\"https:\/\/dynamictravel.com.br\/blog\/?s={search_term_string}\"},\"query-input\":{\"@type\":\"PropertyValueSpecification\",\"valueRequired\":true,\"valueName\":\"search_term_string\"}}],\"inLanguage\":\"pt-BR\"},{\"@type\":\"Organization\",\"@id\":\"https:\/\/dynamictravel.com.br\/blog\/#organization\",\"name\":\"Blog Dynamic Travel\",\"url\":\"https:\/\/dynamictravel.com.br\/blog\/\",\"logo\":{\"@type\":\"ImageObject\",\"inLanguage\":\"pt-BR\",\"@id\":\"https:\/\/dynamictravel.com.br\/blog\/#\/schema\/logo\/image\/\",\"url\":\"https:\/\/dynamictravel.com.br\/blog\/wp-content\/uploads\/2024\/10\/logo-dynamic-travel.webp\",\"contentUrl\":\"https:\/\/dynamictravel.com.br\/blog\/wp-content\/uploads\/2024\/10\/logo-dynamic-travel.webp\",\"width\":320,\"height\":111,\"caption\":\"Blog Dynamic Travel\"},\"image\":{\"@id\":\"https:\/\/dynamictravel.com.br\/blog\/#\/schema\/logo\/image\/\"}},{\"@type\":\"Person\",\"@id\":\"https:\/\/dynamictravel.com.br\/blog\/#\/schema\/person\/e7178e0a0ffb297c221bb32117d9745f\",\"name\":\"Reda\u00e7\u00e3o Dynamic Travel\",\"image\":{\"@type\":\"ImageObject\",\"inLanguage\":\"pt-BR\",\"@id\":\"https:\/\/dynamictravel.com.br\/blog\/#\/schema\/person\/image\/\",\"url\":\"https:\/\/secure.gravatar.com\/avatar\/1eb4bf102438663c299bc91dd2b1095c?s=96&d=mm&r=g\",\"contentUrl\":\"https:\/\/secure.gravatar.com\/avatar\/1eb4bf102438663c299bc91dd2b1095c?s=96&d=mm&r=g\",\"caption\":\"Reda\u00e7\u00e3o Dynamic Travel\"},\"sameAs\":[\"https:\/\/dynamictravel.com.br\"],\"url\":\"https:\/\/dynamictravel.com.br\/blog\/author\/redacao\/\"}]}<\/script>\n<!-- \/ Yoast SEO plugin. -->","yoast_head_json":{"title":"Principais not\u00edcias do m\u00eas de maio sobre o mercado de viagens corporativas - Blog Dynamic Travel","description":"Fique por dentro das principais novidades de maio sobre o mercado do turismo corporativo. Acesse e confira as \u00faltimas atualiza\u00e7\u00f5es do setor!","robots":{"index":"index","follow":"follow","max-snippet":"max-snippet:-1","max-image-preview":"max-image-preview:large","max-video-preview":"max-video-preview:-1"},"canonical":"https:\/\/dynamictravel.com.br\/blog\/principais-noticias-do-mes-de-maio-sobre-o-mercado-de-viagens-corporativas\/","og_locale":"pt_BR","og_type":"article","og_title":"Principais not\u00edcias do m\u00eas de maio sobre o mercado de viagens corporativas - Blog Dynamic Travel","og_description":"Fique por dentro das principais novidades de maio sobre o mercado do turismo corporativo. Acesse e confira as \u00faltimas atualiza\u00e7\u00f5es do setor!","og_url":"https:\/\/dynamictravel.com.br\/blog\/principais-noticias-do-mes-de-maio-sobre-o-mercado-de-viagens-corporativas\/","og_site_name":"Blog Dynamic Travel","article_published_time":"2025-05-29T13:12:29+00:00","article_modified_time":"2025-05-30T17:17:35+00:00","og_image":[{"width":1200,"height":1200,"url":"https:\/\/dynamictravel.com.br\/blog\/wp-content\/uploads\/2025\/05\/demetrius-blog.webp","type":"image\/webp"}],"author":"Reda\u00e7\u00e3o Dynamic Travel","twitter_card":"summary_large_image","twitter_misc":{"Escrito por":"Reda\u00e7\u00e3o Dynamic Travel","Est. tempo de leitura":"7 minutos"},"schema":{"@context":"https:\/\/schema.org","@graph":[{"@type":"Article","@id":"https:\/\/dynamictravel.com.br\/blog\/principais-noticias-do-mes-de-maio-sobre-o-mercado-de-viagens-corporativas\/#article","isPartOf":{"@id":"https:\/\/dynamictravel.com.br\/blog\/principais-noticias-do-mes-de-maio-sobre-o-mercado-de-viagens-corporativas\/"},"author":{"name":"Reda\u00e7\u00e3o Dynamic Travel","@id":"https:\/\/dynamictravel.com.br\/blog\/#\/schema\/person\/e7178e0a0ffb297c221bb32117d9745f"},"headline":"Principais not\u00edcias do m\u00eas de maio sobre o mercado de viagens corporativas","datePublished":"2025-05-29T13:12:29+00:00","dateModified":"2025-05-30T17:17:35+00:00","mainEntityOfPage":{"@id":"https:\/\/dynamictravel.com.br\/blog\/principais-noticias-do-mes-de-maio-sobre-o-mercado-de-viagens-corporativas\/"},"wordCount":1148,"commentCount":0,"publisher":{"@id":"https:\/\/dynamictravel.com.br\/blog\/#organization"},"image":{"@id":"https:\/\/dynamictravel.com.br\/blog\/principais-noticias-do-mes-de-maio-sobre-o-mercado-de-viagens-corporativas\/#primaryimage"},"thumbnailUrl":"https:\/\/dynamictravel.com.br\/blog\/wp-content\/uploads\/2025\/05\/demetrius-blog.webp","keywords":["agenciadeviagenscorporativas","atualiza\u00e7\u00f5es","CIVP","ETIAS","not\u00edcias","OBT","turismocorporativo","ultimasnovidades","Vacina\u00e7\u00e3o","viagenscorporativas","viagensparaempresas","visto"],"articleSection":["Mercado"],"inLanguage":"pt-BR","potentialAction":[{"@type":"CommentAction","name":"Comment","target":["https:\/\/dynamictravel.com.br\/blog\/principais-noticias-do-mes-de-maio-sobre-o-mercado-de-viagens-corporativas\/#respond"]}]},{"@type":"WebPage","@id":"https:\/\/dynamictravel.com.br\/blog\/principais-noticias-do-mes-de-maio-sobre-o-mercado-de-viagens-corporativas\/","url":"https:\/\/dynamictravel.com.br\/blog\/principais-noticias-do-mes-de-maio-sobre-o-mercado-de-viagens-corporativas\/","name":"Principais not\u00edcias do m\u00eas de maio sobre o mercado de viagens corporativas - Blog Dynamic Travel","isPartOf":{"@id":"https:\/\/dynamictravel.com.br\/blog\/#website"},"primaryImageOfPage":{"@id":"https:\/\/dynamictravel.com.br\/blog\/principais-noticias-do-mes-de-maio-sobre-o-mercado-de-viagens-corporativas\/#primaryimage"},"image":{"@id":"https:\/\/dynamictravel.com.br\/blog\/principais-noticias-do-mes-de-maio-sobre-o-mercado-de-viagens-corporativas\/#primaryimage"},"thumbnailUrl":"https:\/\/dynamictravel.com.br\/blog\/wp-content\/uploads\/2025\/05\/demetrius-blog.webp","datePublished":"2025-05-29T13:12:29+00:00","dateModified":"2025-05-30T17:17:35+00:00","description":"Fique por dentro das principais novidades de maio sobre o mercado do turismo corporativo. Acesse e confira as \u00faltimas atualiza\u00e7\u00f5es do setor!","breadcrumb":{"@id":"https:\/\/dynamictravel.com.br\/blog\/principais-noticias-do-mes-de-maio-sobre-o-mercado-de-viagens-corporativas\/#breadcrumb"},"inLanguage":"pt-BR","potentialAction":[{"@type":"ReadAction","target":["https:\/\/dynamictravel.com.br\/blog\/principais-noticias-do-mes-de-maio-sobre-o-mercado-de-viagens-corporativas\/"]}]},{"@type":"ImageObject","inLanguage":"pt-BR","@id":"https:\/\/dynamictravel.com.br\/blog\/principais-noticias-do-mes-de-maio-sobre-o-mercado-de-viagens-corporativas\/#primaryimage","url":"https:\/\/dynamictravel.com.br\/blog\/wp-content\/uploads\/2025\/05\/demetrius-blog.webp","contentUrl":"https:\/\/dynamictravel.com.br\/blog\/wp-content\/uploads\/2025\/05\/demetrius-blog.webp","width":1200,"height":1200,"caption":"Demetrius apontando para a lousa"},{"@type":"BreadcrumbList","@id":"https:\/\/dynamictravel.com.br\/blog\/principais-noticias-do-mes-de-maio-sobre-o-mercado-de-viagens-corporativas\/#breadcrumb","itemListElement":[{"@type":"ListItem","position":1,"name":"In\u00edcio","item":"https:\/\/dynamictravel.com.br\/blog\/"},{"@type":"ListItem","position":2,"name":"Principais not\u00edcias do m\u00eas de maio sobre o mercado de viagens corporativas"}]},{"@type":"WebSite","@id":"https:\/\/dynamictravel.com.br\/blog\/#website","url":"https:\/\/dynamictravel.com.br\/blog\/","name":"Blog Dynamic Travel","description":"Ag\u00eancia de Viagens Corporativas","publisher":{"@id":"https:\/\/dynamictravel.com.br\/blog\/#organization"},"potentialAction":[{"@type":"SearchAction","target":{"@type":"EntryPoint","urlTemplate":"https:\/\/dynamictravel.com.br\/blog\/?s={search_term_string}"},"query-input":{"@type":"PropertyValueSpecification","valueRequired":true,"valueName":"search_term_string"}}],"inLanguage":"pt-BR"},{"@type":"Organization","@id":"https:\/\/dynamictravel.com.br\/blog\/#organization","name":"Blog Dynamic Travel","url":"https:\/\/dynamictravel.com.br\/blog\/","logo":{"@type":"ImageObject","inLanguage":"pt-BR","@id":"https:\/\/dynamictravel.com.br\/blog\/#\/schema\/logo\/image\/","url":"https:\/\/dynamictravel.com.br\/blog\/wp-content\/uploads\/2024\/10\/logo-dynamic-travel.webp","contentUrl":"https:\/\/dynamictravel.com.br\/blog\/wp-content\/uploads\/2024\/10\/logo-dynamic-travel.webp","width":320,"height":111,"caption":"Blog Dynamic Travel"},"image":{"@id":"https:\/\/dynamictravel.com.br\/blog\/#\/schema\/logo\/image\/"}},{"@type":"Person","@id":"https:\/\/dynamictravel.com.br\/blog\/#\/schema\/person\/e7178e0a0ffb297c221bb32117d9745f","name":"Reda\u00e7\u00e3o Dynamic Travel","image":{"@type":"ImageObject","inLanguage":"pt-BR","@id":"https:\/\/dynamictravel.com.br\/blog\/#\/schema\/person\/image\/","url":"https:\/\/secure.gravatar.com\/avatar\/1eb4bf102438663c299bc91dd2b1095c?s=96&d=mm&r=g","contentUrl":"https:\/\/secure.gravatar.com\/avatar\/1eb4bf102438663c299bc91dd2b1095c?s=96&d=mm&r=g","caption":"Reda\u00e7\u00e3o Dynamic Travel"},"sameAs":["https:\/\/dynamictravel.com.br"],"url":"https:\/\/dynamictravel.com.br\/blog\/author\/redacao\/"}]}},"uagb_featured_image_src":{"full":["https:\/\/dynamictravel.com.br\/blog\/wp-content\/uploads\/2025\/05\/demetrius-blog.webp",1200,1200,false],"thumbnail":["https:\/\/dynamictravel.com.br\/blog\/wp-content\/uploads\/2025\/05\/demetrius-blog-150x150.webp",150,150,true],"medium":["https:\/\/dynamictravel.com.br\/blog\/wp-content\/uploads\/2025\/05\/demetrius-blog-300x300.webp",300,300,true],"medium_large":["https:\/\/dynamictravel.com.br\/blog\/wp-content\/uploads\/2025\/05\/demetrius-blog-768x768.webp",768,768,true],"large":["https:\/\/dynamictravel.com.br\/blog\/wp-content\/uploads\/2025\/05\/demetrius-blog-1024x1024.webp",1024,1024,true],"1536x1536":["https:\/\/dynamictravel.com.br\/blog\/wp-content\/uploads\/2025\/05\/demetrius-blog.webp",1200,1200,false],"2048x2048":["https:\/\/dynamictravel.com.br\/blog\/wp-content\/uploads\/2025\/05\/demetrius-blog.webp",1200,1200,false],"trp-custom-language-flag":["https:\/\/dynamictravel.com.br\/blog\/wp-content\/uploads\/2025\/05\/demetrius-blog-12x12.webp",12,12,true]},"uagb_author_info":{"display_name":"Reda\u00e7\u00e3o Dynamic Travel","author_link":"https:\/\/dynamictravel.com.br\/blog\/author\/redacao\/"},"uagb_comment_info":0,"uagb_excerpt":"Confira as \u00faltimas novidades do setor e fique por dentro das novidades!","_links":{"self":[{"href":"https:\/\/dynamictravel.com.br\/blog\/wp-json\/wp\/v2\/posts\/6044","targetHints":{"allow":["GET"]}}],"collection":[{"href":"https:\/\/dynamictravel.com.br\/blog\/wp-json\/wp\/v2\/posts"}],"about":[{"href":"https:\/\/dynamictravel.com.br\/blog\/wp-json\/wp\/v2\/types\/post"}],"author":[{"embeddable":true,"href":"https:\/\/dynamictravel.com.br\/blog\/wp-json\/wp\/v2\/users\/4"}],"replies":[{"embeddable":true,"href":"https:\/\/dynamictravel.com.br\/blog\/wp-json\/wp\/v2\/comments?post=6044"}],"version-history":[{"count":8,"href":"https:\/\/dynamictravel.com.br\/blog\/wp-json\/wp\/v2\/posts\/6044\/revisions"}],"predecessor-version":[{"id":6055,"href":"https:\/\/dynamictravel.com.br\/blog\/wp-json\/wp\/v2\/posts\/6044\/revisions\/6055"}],"wp:featuredmedia":[{"embeddable":true,"href":"https:\/\/dynamictravel.com.br\/blog\/wp-json\/wp\/v2\/media\/6050"}],"wp:attachment":[{"href":"https:\/\/dynamictravel.com.br\/blog\/wp-json\/wp\/v2\/media?parent=6044"}],"wp:term":[{"taxonomy":"category","embeddable":true,"href":"https:\/\/dynamictravel.com.br\/blog\/wp-json\/wp\/v2\/categories?post=6044"},{"taxonomy":"post_tag","embeddable":true,"href":"https:\/\/dynamictravel.com.br\/blog\/wp-json\/wp\/v2\/tags?post=6044"}],"curies":[{"name":"wp","href":"https:\/\/api.w.org\/{rel}","templated":true}]}}