{"id":5815,"date":"2025-03-06T12:30:24","date_gmt":"2025-03-06T15:30:24","guid":{"rendered":"https:\/\/dynamictravel.com.br\/blog\/?p=5815"},"modified":"2025-10-01T09:27:31","modified_gmt":"2025-10-01T12:27:31","slug":"de-estagiaria-a-analista-pleno-o-impacto-da-valorizacao-profissional","status":"publish","type":"post","link":"https:\/\/dynamictravel.com.br\/blog\/de-estagiaria-a-analista-pleno-o-impacto-da-valorizacao-profissional\/","title":{"rendered":"De estagi\u00e1ria a analista pleno: o impacto da valoriza\u00e7\u00e3o profissional"},"content":{"rendered":"\n<div class=\"wp-block-uagb-image aligncenter uagb-block-03bedb9e wp-block-uagb-image--layout-default wp-block-uagb-image--effect-static wp-block-uagb-image--align-center\"><figure class=\"wp-block-uagb-image__figure\"><img decoding=\"async\" src=\"https:\/\/dynamictravel.com.br\/blog\/wp-content\/uploads\/2025\/03\/de-estagiaria-a-analista-pleno-a-importancia-da-valorizacao-profissional.webp\" alt=\"Raquel sorrindo e ao fundo temos o fundo da Dynamic Travel (azul)\" class=\"uag-image-5817\" width=\"1024\" height=\"1024\" title=\"de estagi\u00e1ria a analista pleno - a import\u00e2ncia da valoriza\u00e7\u00e3o profissional\" loading=\"lazy\" role=\"img\" \/><\/figure><\/div>\n\n\n\n<div class=\"wp-block-uagb-separator uagb-block-485c84f4\"><div class=\"uagb-separator-spacing-wrapper\"><div class=\"wp-block-uagb-separator__inner\" style=\"--my-background-image:\"><\/div><\/div><\/div>\n\n\n\n<p><a href=\"https:\/\/dynamictravel.com.br\/blog\/dynamic-travel-promove-colaboradoras-para-cargos-de-lideranca\/\">Investir no crescimento dos colaboradores<\/a> n\u00e3o apenas fortalece a equipe, mas tamb\u00e9m impulsiona o sucesso da empresa. Neste conte\u00fado vamos contar a trajet\u00f3ria inspiradora de Raquel Neves, que iniciou sua jornada como estagi\u00e1ria no Departamento Financeiro e hoje atua como analista pleno.<\/p>\n\n\n\n<p>Mas quais fatores foram decisivos para essa conquista? Quais desafios ela enfrentou e como superou cada etapa? Continue a leitura e descubra os segredos por tr\u00e1s desse crescimento profissional.<\/p>\n\n\n\n<div class=\"wp-block-uagb-advanced-heading uagb-block-bb3f57a7\"><h2 class=\"uagb-heading-text\"><strong>O papel de valoriza\u00e7\u00e3o no crescimento profissional<\/strong><\/h2><\/div>\n\n\n\n<div class=\"wp-block-uagb-separator uagb-block-8a40a1bd\"><div class=\"wp-block-uagb-separator__inner\" style=\"--my-background-image:\"><\/div><\/div>\n\n\n\n<p>O crescimento de um colaborador dentro da empresa n\u00e3o acontece por acaso. Para que <a href=\"https:\/\/dynamictravel.com.br\/blog\/dynamic-is-cool-a-importancia-de-investir-em-jovens-aprendizes\/\">talentos<\/a> alcancem novos patamares, \u00e9 essencial contar com um ambiente que incentive o aprendizado cont\u00ednuo e o desenvolvimento profissional.<\/p>\n\n\n\n<p>Por isso, adotamos avalia\u00e7\u00f5es peri\u00f3dicas, treinamentos especializados, workshops e um plano de desenvolvimento individual estruturado. Esses recursos permitam que os l\u00edderes forne\u00e7am feedbacks construtivos, auxiliando os profissionais a aprimorarem suas habilidades e conquistarem novos desafios.<\/p>\n\n\n\n<p>Al\u00e9m disso, a <a href=\"https:\/\/dynamictravel.com.br\/blog\/pesquisa-de-clima-organizacional-um-termometro-para-o-sucesso-de-sua-empresa\/\">valoriza\u00e7\u00e3o interna<\/a> desempenha um papel fundamental na motiva\u00e7\u00e3o e reten\u00e7\u00e3o de talentos. Quando um colaborador percebe que seu esfor\u00e7o \u00e9 reconhecido e que h\u00e1 um caminho claro para o seu crescimento, ele se dedica ainda mais ao seu desenvolvimento. Na Dynamic Travel, acreditamos que um plano de carreira bem definido \u00e9 um diferencial tanto para os profissionais quanto para a organiza\u00e7\u00e3o.<\/p>\n\n\n\n<div class=\"wp-block-uagb-advanced-heading uagb-block-4f4c1b1f\"><h2 class=\"uagb-heading-text\"><strong>O que motivou Raquel a crescer na carreira?<\/strong><\/h2><\/div>\n\n\n\n<div class=\"wp-block-uagb-separator uagb-block-ad56ed93\"><div class=\"wp-block-uagb-separator__inner\" style=\"--my-background-image:\"><\/div><\/div>\n\n\n\n<p>Quando Raquel Neves iniciou sua trajet\u00f3ria na Dynamic Travel, ainda como estagi\u00e1ria no setor financeiro, estava empolgada com as oportunidades que teria pela frente. Desde o primeiro dia, percebeu que estava em um ambiente que valorizava o aprendizado e o crescimento dos colaboradores.<\/p>\n\n\n\n<blockquote class=\"wp-block-quote is-layout-flow wp-block-quote-is-layout-flow\">\n<p><em>\u201cDesde o in\u00edcio, senti que a empresa investia no meu desenvolvimento. Sempre tive acesso a treinamentos, mentorias e, o mais importante, a confian\u00e7a da equipe para colocar em pr\u00e1tica o que eu aprendia\u201d, destaca Raquel.<\/em><\/p>\n<\/blockquote>\n\n\n\n<p>Durante essa fase inicial, ela teve a oportunidade de adquirir conhecimentos pr\u00e1ticos essenciais e receber suporte de l\u00edderes que a incentivaram a crescer. Al\u00e9m disso, os constantes feedbacks e avalia\u00e7\u00f5es de desempenho ajudaram a direcionar sua evolu\u00e7\u00e3o dentro da empresa.<\/p>\n\n\n\n<blockquote class=\"wp-block-quote is-layout-flow wp-block-quote-is-layout-flow\">\n<p><em>\u201cTer um plano de desenvolvimento individual fez toda a diferen\u00e7a. Eu sabia exatamente o que precisava melhorar e quais passos seguir para alcan\u00e7ar novos desafios\u201d, conta Raquel.<\/em><\/p>\n<\/blockquote>\n\n\n\n<p>Mas a trajet\u00f3ria n\u00e3o foi isenta de desafios. Tomar decis\u00f5es estrat\u00e9gicas e lidar com responsabilidades cada vez maiores exigiu dedica\u00e7\u00e3o e resili\u00eancia, mas a <a href=\"https:\/\/dynamictravel.com.br\/blog\/como-a-cultura-organizacional-influi-no-ambiente-de-trabalho-e-quais-os-seus-beneficios\/\">cultura organizacional<\/a> fez toda a diferen\u00e7a. Hoje, como analista pleno, Raquel v\u00ea sua trajet\u00f3ria como um reflexo do ambiente de crescimento que a Dynamic Travel proporciona. Para ela, a valoriza\u00e7\u00e3o dos colaboradores \u00e9 um dos diferenciais da empresa.<\/p>\n\n\n\n<blockquote class=\"wp-block-quote is-layout-flow wp-block-quote-is-layout-flow\">\n<p><em>\u201cAqui n\u00e3o se trata apenas de realizar tarefas, a&nbsp;empresa realmente promove o crescimento profissional. Compreender que existe espa\u00e7o para evolu\u00e7\u00e3o nos motiva a sempre procurar o melhor\u201d, diz Raquel.<\/em><\/p>\n<\/blockquote>\n\n\n\n<div class=\"wp-block-uagb-advanced-heading uagb-block-cbe6fe4d\"><h2 class=\"uagb-heading-text\"><strong>Qual dica voc\u00ea daria para quem quer seguir uma trajet\u00f3ria de crescimento como a sua?<\/strong><\/h2><\/div>\n\n\n\n<div class=\"wp-block-uagb-separator uagb-block-da0acf9f\"><div class=\"wp-block-uagb-separator__inner\" style=\"--my-background-image:\"><\/div><\/div>\n\n\n\n<blockquote class=\"wp-block-quote is-layout-flow wp-block-quote-is-layout-flow\">\n<p><em>\u201cAproveitem todas as oportunidades de aprendizado, sejam proativos e confiem no processo. O crescimento acontece quando nos desafiamos constantemente\u201d, finaliza.<\/em><\/p>\n<\/blockquote>\n\n\n\n<p>Se voc\u00ea deseja fazer parte de um ambiente que valoriza o crescimento e oferece oportunidades reais de evolu\u00e7\u00e3o, inscreva-se em nosso <a href=\"https:\/\/dynamictravel.vagas.solides.com.br\/\">banco de talentos<\/a>! Quem sabe sua hist\u00f3ria pode ser a pr\u00f3xima a ser contada?<\/p>\n\n\n\n<p><\/p>\n","protected":false},"excerpt":{"rendered":"<p>Uma trajet\u00f3ria profissional marcada por aprendizado e conhecimento. Confira agora mesmo essa hist\u00f3ria inspiradora!<\/p>\n","protected":false},"author":4,"featured_media":5817,"comment_status":"open","ping_status":"open","sticky":false,"template":"","format":"standard","meta":{"_uag_custom_page_level_css":"","site-sidebar-layout":"default","site-content-layout":"","ast-site-content-layout":"","site-content-style":"default","site-sidebar-style":"default","ast-global-header-display":"","ast-banner-title-visibility":"","ast-main-header-display":"","ast-hfb-above-header-display":"","ast-hfb-below-header-display":"","ast-hfb-mobile-header-display":"","site-post-title":"","ast-breadcrumbs-content":"","ast-featured-img":"","footer-sml-layout":"","theme-transparent-header-meta":"","adv-header-id-meta":"","stick-header-meta":"","header-above-stick-meta":"","header-main-stick-meta":"","header-below-stick-meta":"","astra-migrate-meta-layouts":"default","ast-page-background-enabled":"default","ast-page-background-meta":{"desktop":{"background-color":"var(--ast-global-color-4)","background-image":"","background-repeat":"repeat","background-position":"center center","background-size":"auto","background-attachment":"scroll","background-type":"","background-media":"","overlay-type":"","overlay-color":"","overlay-opacity":"","overlay-gradient":""},"tablet":{"background-color":"","background-image":"","background-repeat":"repeat","background-position":"center center","background-size":"auto","background-attachment":"scroll","background-type":"","background-media":"","overlay-type":"","overlay-color":"","overlay-opacity":"","overlay-gradient":""},"mobile":{"background-color":"","background-image":"","background-repeat":"repeat","background-position":"center center","background-size":"auto","background-attachment":"scroll","background-type":"","background-media":"","overlay-type":"","overlay-color":"","overlay-opacity":"","overlay-gradient":""}},"ast-content-background-meta":{"desktop":{"background-color":"var(--ast-global-color-5)","background-image":"","background-repeat":"repeat","background-position":"center center","background-size":"auto","background-attachment":"scroll","background-type":"","background-media":"","overlay-type":"","overlay-color":"","overlay-opacity":"","overlay-gradient":""},"tablet":{"background-color":"var(--ast-global-color-5)","background-image":"","background-repeat":"repeat","background-position":"center center","background-size":"auto","background-attachment":"scroll","background-type":"","background-media":"","overlay-type":"","overlay-color":"","overlay-opacity":"","overlay-gradient":""},"mobile":{"background-color":"var(--ast-global-color-5)","background-image":"","background-repeat":"repeat","background-position":"center center","background-size":"auto","background-attachment":"scroll","background-type":"","background-media":"","overlay-type":"","overlay-color":"","overlay-opacity":"","overlay-gradient":""}},"footnotes":""},"categories":[4,7],"tags":[31,232,67,266,265,264,263,22,14,32],"class_list":["post-5815","post","type-post","status-publish","format-standard","has-post-thumbnail","hentry","category-institucional","category-interno","tag-agenciadeviagenscorporativas","tag-crescimento","tag-culturaorganizacional","tag-desenvolvimento-de-carreira","tag-efetivacao","tag-reconhecimento","tag-trajetoriadesucesso","tag-turismocorporativo","tag-viagenscorporativas","tag-viagensparaempresas"],"yoast_head":"<!-- This site is optimized with the Yoast SEO plugin v24.4 - https:\/\/yoast.com\/wordpress\/plugins\/seo\/ -->\n<title>De estagi\u00e1ria a analista pleno: o impacto da valoriza\u00e7\u00e3o profissional - Blog Dynamic Travel<\/title>\n<meta name=\"description\" content=\"Descubra como Raquel transformou seu est\u00e1gio em uma carreira de sucesso e conquistou o cargo de analista pleno. Inspire-se com essa hist\u00f3ria!\" \/>\n<meta name=\"robots\" content=\"index, follow, max-snippet:-1, max-image-preview:large, max-video-preview:-1\" \/>\n<link rel=\"canonical\" href=\"https:\/\/dynamictravel.com.br\/blog\/de-estagiaria-a-analista-pleno-o-impacto-da-valorizacao-profissional\/\" \/>\n<meta property=\"og:locale\" content=\"pt_BR\" \/>\n<meta property=\"og:type\" content=\"article\" \/>\n<meta property=\"og:title\" content=\"De estagi\u00e1ria a analista pleno: o impacto da valoriza\u00e7\u00e3o profissional - Blog Dynamic Travel\" \/>\n<meta property=\"og:description\" content=\"Descubra como Raquel transformou seu est\u00e1gio em uma carreira de sucesso e conquistou o cargo de analista pleno. Inspire-se com essa hist\u00f3ria!\" \/>\n<meta property=\"og:url\" content=\"https:\/\/dynamictravel.com.br\/blog\/de-estagiaria-a-analista-pleno-o-impacto-da-valorizacao-profissional\/\" \/>\n<meta property=\"og:site_name\" content=\"Blog Dynamic Travel\" \/>\n<meta property=\"article:published_time\" content=\"2025-03-06T15:30:24+00:00\" \/>\n<meta property=\"article:modified_time\" content=\"2025-10-01T12:27:31+00:00\" \/>\n<meta property=\"og:image\" content=\"https:\/\/dynamictravel.com.br\/blog\/wp-content\/uploads\/2025\/03\/de-estagiaria-a-analista-pleno-a-importancia-da-valorizacao-profissional.webp\" \/>\n\t<meta property=\"og:image:width\" content=\"1024\" \/>\n\t<meta property=\"og:image:height\" content=\"1024\" \/>\n\t<meta property=\"og:image:type\" content=\"image\/webp\" \/>\n<meta name=\"author\" content=\"Reda\u00e7\u00e3o Dynamic Travel\" \/>\n<meta name=\"twitter:card\" content=\"summary_large_image\" \/>\n<meta name=\"twitter:label1\" content=\"Escrito por\" \/>\n\t<meta name=\"twitter:data1\" content=\"Reda\u00e7\u00e3o Dynamic Travel\" \/>\n\t<meta name=\"twitter:label2\" content=\"Est. tempo de leitura\" \/>\n\t<meta name=\"twitter:data2\" content=\"3 minutos\" \/>\n<script type=\"application\/ld+json\" class=\"yoast-schema-graph\">{\"@context\":\"https:\/\/schema.org\",\"@graph\":[{\"@type\":\"Article\",\"@id\":\"https:\/\/dynamictravel.com.br\/blog\/de-estagiaria-a-analista-pleno-o-impacto-da-valorizacao-profissional\/#article\",\"isPartOf\":{\"@id\":\"https:\/\/dynamictravel.com.br\/blog\/de-estagiaria-a-analista-pleno-o-impacto-da-valorizacao-profissional\/\"},\"author\":{\"name\":\"Reda\u00e7\u00e3o Dynamic Travel\",\"@id\":\"https:\/\/dynamictravel.com.br\/blog\/#\/schema\/person\/e7178e0a0ffb297c221bb32117d9745f\"},\"headline\":\"De estagi\u00e1ria a analista pleno: o impacto da valoriza\u00e7\u00e3o profissional\",\"datePublished\":\"2025-03-06T15:30:24+00:00\",\"dateModified\":\"2025-10-01T12:27:31+00:00\",\"mainEntityOfPage\":{\"@id\":\"https:\/\/dynamictravel.com.br\/blog\/de-estagiaria-a-analista-pleno-o-impacto-da-valorizacao-profissional\/\"},\"wordCount\":581,\"commentCount\":0,\"publisher\":{\"@id\":\"https:\/\/dynamictravel.com.br\/blog\/#organization\"},\"image\":{\"@id\":\"https:\/\/dynamictravel.com.br\/blog\/de-estagiaria-a-analista-pleno-o-impacto-da-valorizacao-profissional\/#primaryimage\"},\"thumbnailUrl\":\"https:\/\/dynamictravel.com.br\/blog\/wp-content\/uploads\/2025\/03\/de-estagiaria-a-analista-pleno-a-importancia-da-valorizacao-profissional.webp\",\"keywords\":[\"agenciadeviagenscorporativas\",\"crescimento\",\"culturaorganizacional\",\"desenvolvimento de carreira\",\"efetiva\u00e7\u00e3o\",\"reconhecimento\",\"trajetoriadesucesso\",\"turismocorporativo\",\"viagenscorporativas\",\"viagensparaempresas\"],\"articleSection\":[\"Institucional\",\"Interno\"],\"inLanguage\":\"pt-BR\",\"potentialAction\":[{\"@type\":\"CommentAction\",\"name\":\"Comment\",\"target\":[\"https:\/\/dynamictravel.com.br\/blog\/de-estagiaria-a-analista-pleno-o-impacto-da-valorizacao-profissional\/#respond\"]}]},{\"@type\":\"WebPage\",\"@id\":\"https:\/\/dynamictravel.com.br\/blog\/de-estagiaria-a-analista-pleno-o-impacto-da-valorizacao-profissional\/\",\"url\":\"https:\/\/dynamictravel.com.br\/blog\/de-estagiaria-a-analista-pleno-o-impacto-da-valorizacao-profissional\/\",\"name\":\"De estagi\u00e1ria a analista pleno: o impacto da valoriza\u00e7\u00e3o profissional - Blog Dynamic Travel\",\"isPartOf\":{\"@id\":\"https:\/\/dynamictravel.com.br\/blog\/#website\"},\"primaryImageOfPage\":{\"@id\":\"https:\/\/dynamictravel.com.br\/blog\/de-estagiaria-a-analista-pleno-o-impacto-da-valorizacao-profissional\/#primaryimage\"},\"image\":{\"@id\":\"https:\/\/dynamictravel.com.br\/blog\/de-estagiaria-a-analista-pleno-o-impacto-da-valorizacao-profissional\/#primaryimage\"},\"thumbnailUrl\":\"https:\/\/dynamictravel.com.br\/blog\/wp-content\/uploads\/2025\/03\/de-estagiaria-a-analista-pleno-a-importancia-da-valorizacao-profissional.webp\",\"datePublished\":\"2025-03-06T15:30:24+00:00\",\"dateModified\":\"2025-10-01T12:27:31+00:00\",\"description\":\"Descubra como Raquel transformou seu est\u00e1gio em uma carreira de sucesso e conquistou o cargo de analista pleno. Inspire-se com essa hist\u00f3ria!\",\"breadcrumb\":{\"@id\":\"https:\/\/dynamictravel.com.br\/blog\/de-estagiaria-a-analista-pleno-o-impacto-da-valorizacao-profissional\/#breadcrumb\"},\"inLanguage\":\"pt-BR\",\"potentialAction\":[{\"@type\":\"ReadAction\",\"target\":[\"https:\/\/dynamictravel.com.br\/blog\/de-estagiaria-a-analista-pleno-o-impacto-da-valorizacao-profissional\/\"]}]},{\"@type\":\"ImageObject\",\"inLanguage\":\"pt-BR\",\"@id\":\"https:\/\/dynamictravel.com.br\/blog\/de-estagiaria-a-analista-pleno-o-impacto-da-valorizacao-profissional\/#primaryimage\",\"url\":\"https:\/\/dynamictravel.com.br\/blog\/wp-content\/uploads\/2025\/03\/de-estagiaria-a-analista-pleno-a-importancia-da-valorizacao-profissional.webp\",\"contentUrl\":\"https:\/\/dynamictravel.com.br\/blog\/wp-content\/uploads\/2025\/03\/de-estagiaria-a-analista-pleno-a-importancia-da-valorizacao-profissional.webp\",\"width\":1024,\"height\":1024,\"caption\":\"Raquel sorrindo\"},{\"@type\":\"BreadcrumbList\",\"@id\":\"https:\/\/dynamictravel.com.br\/blog\/de-estagiaria-a-analista-pleno-o-impacto-da-valorizacao-profissional\/#breadcrumb\",\"itemListElement\":[{\"@type\":\"ListItem\",\"position\":1,\"name\":\"In\u00edcio\",\"item\":\"https:\/\/dynamictravel.com.br\/blog\/\"},{\"@type\":\"ListItem\",\"position\":2,\"name\":\"De estagi\u00e1ria a analista pleno: o impacto da valoriza\u00e7\u00e3o profissional\"}]},{\"@type\":\"WebSite\",\"@id\":\"https:\/\/dynamictravel.com.br\/blog\/#website\",\"url\":\"https:\/\/dynamictravel.com.br\/blog\/\",\"name\":\"Blog Dynamic Travel\",\"description\":\"Ag\u00eancia de Viagens Corporativas\",\"publisher\":{\"@id\":\"https:\/\/dynamictravel.com.br\/blog\/#organization\"},\"potentialAction\":[{\"@type\":\"SearchAction\",\"target\":{\"@type\":\"EntryPoint\",\"urlTemplate\":\"https:\/\/dynamictravel.com.br\/blog\/?s={search_term_string}\"},\"query-input\":{\"@type\":\"PropertyValueSpecification\",\"valueRequired\":true,\"valueName\":\"search_term_string\"}}],\"inLanguage\":\"pt-BR\"},{\"@type\":\"Organization\",\"@id\":\"https:\/\/dynamictravel.com.br\/blog\/#organization\",\"name\":\"Blog Dynamic Travel\",\"url\":\"https:\/\/dynamictravel.com.br\/blog\/\",\"logo\":{\"@type\":\"ImageObject\",\"inLanguage\":\"pt-BR\",\"@id\":\"https:\/\/dynamictravel.com.br\/blog\/#\/schema\/logo\/image\/\",\"url\":\"https:\/\/dynamictravel.com.br\/blog\/wp-content\/uploads\/2024\/10\/logo-dynamic-travel.webp\",\"contentUrl\":\"https:\/\/dynamictravel.com.br\/blog\/wp-content\/uploads\/2024\/10\/logo-dynamic-travel.webp\",\"width\":320,\"height\":111,\"caption\":\"Blog Dynamic Travel\"},\"image\":{\"@id\":\"https:\/\/dynamictravel.com.br\/blog\/#\/schema\/logo\/image\/\"}},{\"@type\":\"Person\",\"@id\":\"https:\/\/dynamictravel.com.br\/blog\/#\/schema\/person\/e7178e0a0ffb297c221bb32117d9745f\",\"name\":\"Reda\u00e7\u00e3o Dynamic Travel\",\"image\":{\"@type\":\"ImageObject\",\"inLanguage\":\"pt-BR\",\"@id\":\"https:\/\/dynamictravel.com.br\/blog\/#\/schema\/person\/image\/\",\"url\":\"https:\/\/secure.gravatar.com\/avatar\/1eb4bf102438663c299bc91dd2b1095c?s=96&d=mm&r=g\",\"contentUrl\":\"https:\/\/secure.gravatar.com\/avatar\/1eb4bf102438663c299bc91dd2b1095c?s=96&d=mm&r=g\",\"caption\":\"Reda\u00e7\u00e3o Dynamic Travel\"},\"sameAs\":[\"https:\/\/dynamictravel.com.br\"],\"url\":\"https:\/\/dynamictravel.com.br\/blog\/author\/redacao\/\"}]}<\/script>\n<!-- \/ Yoast SEO plugin. -->","yoast_head_json":{"title":"De estagi\u00e1ria a analista pleno: o impacto da valoriza\u00e7\u00e3o profissional - Blog Dynamic Travel","description":"Descubra como Raquel transformou seu est\u00e1gio em uma carreira de sucesso e conquistou o cargo de analista pleno. Inspire-se com essa hist\u00f3ria!","robots":{"index":"index","follow":"follow","max-snippet":"max-snippet:-1","max-image-preview":"max-image-preview:large","max-video-preview":"max-video-preview:-1"},"canonical":"https:\/\/dynamictravel.com.br\/blog\/de-estagiaria-a-analista-pleno-o-impacto-da-valorizacao-profissional\/","og_locale":"pt_BR","og_type":"article","og_title":"De estagi\u00e1ria a analista pleno: o impacto da valoriza\u00e7\u00e3o profissional - Blog Dynamic Travel","og_description":"Descubra como Raquel transformou seu est\u00e1gio em uma carreira de sucesso e conquistou o cargo de analista pleno. Inspire-se com essa hist\u00f3ria!","og_url":"https:\/\/dynamictravel.com.br\/blog\/de-estagiaria-a-analista-pleno-o-impacto-da-valorizacao-profissional\/","og_site_name":"Blog Dynamic Travel","article_published_time":"2025-03-06T15:30:24+00:00","article_modified_time":"2025-10-01T12:27:31+00:00","og_image":[{"width":1024,"height":1024,"url":"https:\/\/dynamictravel.com.br\/blog\/wp-content\/uploads\/2025\/03\/de-estagiaria-a-analista-pleno-a-importancia-da-valorizacao-profissional.webp","type":"image\/webp"}],"author":"Reda\u00e7\u00e3o Dynamic Travel","twitter_card":"summary_large_image","twitter_misc":{"Escrito por":"Reda\u00e7\u00e3o Dynamic Travel","Est. tempo de leitura":"3 minutos"},"schema":{"@context":"https:\/\/schema.org","@graph":[{"@type":"Article","@id":"https:\/\/dynamictravel.com.br\/blog\/de-estagiaria-a-analista-pleno-o-impacto-da-valorizacao-profissional\/#article","isPartOf":{"@id":"https:\/\/dynamictravel.com.br\/blog\/de-estagiaria-a-analista-pleno-o-impacto-da-valorizacao-profissional\/"},"author":{"name":"Reda\u00e7\u00e3o Dynamic Travel","@id":"https:\/\/dynamictravel.com.br\/blog\/#\/schema\/person\/e7178e0a0ffb297c221bb32117d9745f"},"headline":"De estagi\u00e1ria a analista pleno: o impacto da valoriza\u00e7\u00e3o profissional","datePublished":"2025-03-06T15:30:24+00:00","dateModified":"2025-10-01T12:27:31+00:00","mainEntityOfPage":{"@id":"https:\/\/dynamictravel.com.br\/blog\/de-estagiaria-a-analista-pleno-o-impacto-da-valorizacao-profissional\/"},"wordCount":581,"commentCount":0,"publisher":{"@id":"https:\/\/dynamictravel.com.br\/blog\/#organization"},"image":{"@id":"https:\/\/dynamictravel.com.br\/blog\/de-estagiaria-a-analista-pleno-o-impacto-da-valorizacao-profissional\/#primaryimage"},"thumbnailUrl":"https:\/\/dynamictravel.com.br\/blog\/wp-content\/uploads\/2025\/03\/de-estagiaria-a-analista-pleno-a-importancia-da-valorizacao-profissional.webp","keywords":["agenciadeviagenscorporativas","crescimento","culturaorganizacional","desenvolvimento de carreira","efetiva\u00e7\u00e3o","reconhecimento","trajetoriadesucesso","turismocorporativo","viagenscorporativas","viagensparaempresas"],"articleSection":["Institucional","Interno"],"inLanguage":"pt-BR","potentialAction":[{"@type":"CommentAction","name":"Comment","target":["https:\/\/dynamictravel.com.br\/blog\/de-estagiaria-a-analista-pleno-o-impacto-da-valorizacao-profissional\/#respond"]}]},{"@type":"WebPage","@id":"https:\/\/dynamictravel.com.br\/blog\/de-estagiaria-a-analista-pleno-o-impacto-da-valorizacao-profissional\/","url":"https:\/\/dynamictravel.com.br\/blog\/de-estagiaria-a-analista-pleno-o-impacto-da-valorizacao-profissional\/","name":"De estagi\u00e1ria a analista pleno: o impacto da valoriza\u00e7\u00e3o profissional - Blog Dynamic Travel","isPartOf":{"@id":"https:\/\/dynamictravel.com.br\/blog\/#website"},"primaryImageOfPage":{"@id":"https:\/\/dynamictravel.com.br\/blog\/de-estagiaria-a-analista-pleno-o-impacto-da-valorizacao-profissional\/#primaryimage"},"image":{"@id":"https:\/\/dynamictravel.com.br\/blog\/de-estagiaria-a-analista-pleno-o-impacto-da-valorizacao-profissional\/#primaryimage"},"thumbnailUrl":"https:\/\/dynamictravel.com.br\/blog\/wp-content\/uploads\/2025\/03\/de-estagiaria-a-analista-pleno-a-importancia-da-valorizacao-profissional.webp","datePublished":"2025-03-06T15:30:24+00:00","dateModified":"2025-10-01T12:27:31+00:00","description":"Descubra como Raquel transformou seu est\u00e1gio em uma carreira de sucesso e conquistou o cargo de analista pleno. Inspire-se com essa hist\u00f3ria!","breadcrumb":{"@id":"https:\/\/dynamictravel.com.br\/blog\/de-estagiaria-a-analista-pleno-o-impacto-da-valorizacao-profissional\/#breadcrumb"},"inLanguage":"pt-BR","potentialAction":[{"@type":"ReadAction","target":["https:\/\/dynamictravel.com.br\/blog\/de-estagiaria-a-analista-pleno-o-impacto-da-valorizacao-profissional\/"]}]},{"@type":"ImageObject","inLanguage":"pt-BR","@id":"https:\/\/dynamictravel.com.br\/blog\/de-estagiaria-a-analista-pleno-o-impacto-da-valorizacao-profissional\/#primaryimage","url":"https:\/\/dynamictravel.com.br\/blog\/wp-content\/uploads\/2025\/03\/de-estagiaria-a-analista-pleno-a-importancia-da-valorizacao-profissional.webp","contentUrl":"https:\/\/dynamictravel.com.br\/blog\/wp-content\/uploads\/2025\/03\/de-estagiaria-a-analista-pleno-a-importancia-da-valorizacao-profissional.webp","width":1024,"height":1024,"caption":"Raquel sorrindo"},{"@type":"BreadcrumbList","@id":"https:\/\/dynamictravel.com.br\/blog\/de-estagiaria-a-analista-pleno-o-impacto-da-valorizacao-profissional\/#breadcrumb","itemListElement":[{"@type":"ListItem","position":1,"name":"In\u00edcio","item":"https:\/\/dynamictravel.com.br\/blog\/"},{"@type":"ListItem","position":2,"name":"De estagi\u00e1ria a analista pleno: o impacto da valoriza\u00e7\u00e3o profissional"}]},{"@type":"WebSite","@id":"https:\/\/dynamictravel.com.br\/blog\/#website","url":"https:\/\/dynamictravel.com.br\/blog\/","name":"Blog Dynamic Travel","description":"Ag\u00eancia de Viagens Corporativas","publisher":{"@id":"https:\/\/dynamictravel.com.br\/blog\/#organization"},"potentialAction":[{"@type":"SearchAction","target":{"@type":"EntryPoint","urlTemplate":"https:\/\/dynamictravel.com.br\/blog\/?s={search_term_string}"},"query-input":{"@type":"PropertyValueSpecification","valueRequired":true,"valueName":"search_term_string"}}],"inLanguage":"pt-BR"},{"@type":"Organization","@id":"https:\/\/dynamictravel.com.br\/blog\/#organization","name":"Blog Dynamic Travel","url":"https:\/\/dynamictravel.com.br\/blog\/","logo":{"@type":"ImageObject","inLanguage":"pt-BR","@id":"https:\/\/dynamictravel.com.br\/blog\/#\/schema\/logo\/image\/","url":"https:\/\/dynamictravel.com.br\/blog\/wp-content\/uploads\/2024\/10\/logo-dynamic-travel.webp","contentUrl":"https:\/\/dynamictravel.com.br\/blog\/wp-content\/uploads\/2024\/10\/logo-dynamic-travel.webp","width":320,"height":111,"caption":"Blog Dynamic Travel"},"image":{"@id":"https:\/\/dynamictravel.com.br\/blog\/#\/schema\/logo\/image\/"}},{"@type":"Person","@id":"https:\/\/dynamictravel.com.br\/blog\/#\/schema\/person\/e7178e0a0ffb297c221bb32117d9745f","name":"Reda\u00e7\u00e3o Dynamic Travel","image":{"@type":"ImageObject","inLanguage":"pt-BR","@id":"https:\/\/dynamictravel.com.br\/blog\/#\/schema\/person\/image\/","url":"https:\/\/secure.gravatar.com\/avatar\/1eb4bf102438663c299bc91dd2b1095c?s=96&d=mm&r=g","contentUrl":"https:\/\/secure.gravatar.com\/avatar\/1eb4bf102438663c299bc91dd2b1095c?s=96&d=mm&r=g","caption":"Reda\u00e7\u00e3o Dynamic Travel"},"sameAs":["https:\/\/dynamictravel.com.br"],"url":"https:\/\/dynamictravel.com.br\/blog\/author\/redacao\/"}]}},"uagb_featured_image_src":{"full":["https:\/\/dynamictravel.com.br\/blog\/wp-content\/uploads\/2025\/03\/de-estagiaria-a-analista-pleno-a-importancia-da-valorizacao-profissional.webp",1024,1024,false],"thumbnail":["https:\/\/dynamictravel.com.br\/blog\/wp-content\/uploads\/2025\/03\/de-estagiaria-a-analista-pleno-a-importancia-da-valorizacao-profissional-150x150.webp",150,150,true],"medium":["https:\/\/dynamictravel.com.br\/blog\/wp-content\/uploads\/2025\/03\/de-estagiaria-a-analista-pleno-a-importancia-da-valorizacao-profissional-300x300.webp",300,300,true],"medium_large":["https:\/\/dynamictravel.com.br\/blog\/wp-content\/uploads\/2025\/03\/de-estagiaria-a-analista-pleno-a-importancia-da-valorizacao-profissional-768x768.webp",768,768,true],"large":["https:\/\/dynamictravel.com.br\/blog\/wp-content\/uploads\/2025\/03\/de-estagiaria-a-analista-pleno-a-importancia-da-valorizacao-profissional.webp",1024,1024,false],"1536x1536":["https:\/\/dynamictravel.com.br\/blog\/wp-content\/uploads\/2025\/03\/de-estagiaria-a-analista-pleno-a-importancia-da-valorizacao-profissional.webp",1024,1024,false],"2048x2048":["https:\/\/dynamictravel.com.br\/blog\/wp-content\/uploads\/2025\/03\/de-estagiaria-a-analista-pleno-a-importancia-da-valorizacao-profissional.webp",1024,1024,false],"trp-custom-language-flag":["https:\/\/dynamictravel.com.br\/blog\/wp-content\/uploads\/2025\/03\/de-estagiaria-a-analista-pleno-a-importancia-da-valorizacao-profissional-12x12.webp",12,12,true]},"uagb_author_info":{"display_name":"Reda\u00e7\u00e3o Dynamic Travel","author_link":"https:\/\/dynamictravel.com.br\/blog\/author\/redacao\/"},"uagb_comment_info":0,"uagb_excerpt":"Uma trajet\u00f3ria profissional marcada por aprendizado e conhecimento. Confira agora mesmo essa hist\u00f3ria inspiradora!","_links":{"self":[{"href":"https:\/\/dynamictravel.com.br\/blog\/wp-json\/wp\/v2\/posts\/5815","targetHints":{"allow":["GET"]}}],"collection":[{"href":"https:\/\/dynamictravel.com.br\/blog\/wp-json\/wp\/v2\/posts"}],"about":[{"href":"https:\/\/dynamictravel.com.br\/blog\/wp-json\/wp\/v2\/types\/post"}],"author":[{"embeddable":true,"href":"https:\/\/dynamictravel.com.br\/blog\/wp-json\/wp\/v2\/users\/4"}],"replies":[{"embeddable":true,"href":"https:\/\/dynamictravel.com.br\/blog\/wp-json\/wp\/v2\/comments?post=5815"}],"version-history":[{"count":5,"href":"https:\/\/dynamictravel.com.br\/blog\/wp-json\/wp\/v2\/posts\/5815\/revisions"}],"predecessor-version":[{"id":6015,"href":"https:\/\/dynamictravel.com.br\/blog\/wp-json\/wp\/v2\/posts\/5815\/revisions\/6015"}],"wp:featuredmedia":[{"embeddable":true,"href":"https:\/\/dynamictravel.com.br\/blog\/wp-json\/wp\/v2\/media\/5817"}],"wp:attachment":[{"href":"https:\/\/dynamictravel.com.br\/blog\/wp-json\/wp\/v2\/media?parent=5815"}],"wp:term":[{"taxonomy":"category","embeddable":true,"href":"https:\/\/dynamictravel.com.br\/blog\/wp-json\/wp\/v2\/categories?post=5815"},{"taxonomy":"post_tag","embeddable":true,"href":"https:\/\/dynamictravel.com.br\/blog\/wp-json\/wp\/v2\/tags?post=5815"}],"curies":[{"name":"wp","href":"https:\/\/api.w.org\/{rel}","templated":true}]}}