{"id":5765,"date":"2025-02-06T12:25:25","date_gmt":"2025-02-06T15:25:25","guid":{"rendered":"https:\/\/dynamictravel.com.br\/blog\/?p=5765"},"modified":"2025-09-30T15:35:18","modified_gmt":"2025-09-30T18:35:18","slug":"por-que-investir-na-identidade-visual-do-seu-evento-corporativo-faz-toda-a-diferenca","status":"publish","type":"post","link":"https:\/\/dynamictravel.com.br\/blog\/por-que-investir-na-identidade-visual-do-seu-evento-corporativo-faz-toda-a-diferenca\/","title":{"rendered":"Por que investir na identidade visual do seu evento corporativo faz toda a diferen\u00e7a?"},"content":{"rendered":"\n<div class=\"wp-block-uagb-image aligncenter uagb-block-03bedb9e wp-block-uagb-image--layout-default wp-block-uagb-image--effect-static wp-block-uagb-image--align-center\"><figure class=\"wp-block-uagb-image__figure\"><img decoding=\"async\" src=\"https:\/\/dynamictravel.com.br\/blog\/wp-content\/uploads\/2025\/02\/Identidade-visual-em-eventos-corporativos-1024x1024.webp\" alt=\"\" class=\"uag-image-5767\" width=\"1024\" height=\"1024\" title=\"Identidade visual em eventos corporativos\" loading=\"lazy\" role=\"img\" \/><\/figure><\/div>\n\n\n\n<div class=\"wp-block-uagb-separator uagb-block-485c84f4\"><div class=\"uagb-separator-spacing-wrapper\"><div class=\"wp-block-uagb-separator__inner\" style=\"--my-background-image:\"><\/div><\/div><\/div>\n\n\n\n<div class=\"wp-block-uagb-advanced-heading uagb-block-5e89095d\"><h2 class=\"uagb-heading-text\"><strong><strong>O que \u00e9 a identidade visual em eventos corporativos?<\/strong><\/strong><\/h2><\/div>\n\n\n\n<div class=\"wp-block-uagb-separator uagb-block-61524c59\"><div class=\"wp-block-uagb-separator__inner\" style=\"--my-background-image:\"><\/div><\/div>\n\n\n\n<p>A identidade visual em <a href=\"https:\/\/dynamictravel.com.br\/blog\/gestao-de-eventos-importancia-e-beneficios-das-visitas-tecnicas-para-sucesso-de-um-evento-corporativo\/\">eventos corporativos<\/a> \u00e9 o conjunto de elementos gr\u00e1ficos e est\u00e9ticos que representam a marca e o prop\u00f3sito do evento. Seja um workshop, confer\u00eancia, conven\u00e7\u00e3o ou <a href=\"https:\/\/dynamictravel.com.br\/blog\/eventos-internos-constroem-vinculos-e-fortalecem-a-identidade-da-marca\/\">confraterniza\u00e7\u00e3o empresarial<\/a>, a identidade visual \u00e9 essencial para garantir reconhecimento e coer\u00eancia na comunica\u00e7\u00e3o.<\/p>\n\n\n\n<p>Al\u00e9m de ser a base para divulga\u00e7\u00e3o, materiais promocionais e apresenta\u00e7\u00f5es, uma identidade visual bem definida cria uma experi\u00eancia exclusiva para os participantes, transmitindo a sensa\u00e7\u00e3o de que o <a href=\"https:\/\/dynamictravel.com.br\/blog\/eventos-internos-constroem-vinculos-e-fortalecem-a-identidade-da-marca\/\">evento foi planejado especialmente para eles.<\/a><\/p>\n\n\n\n<div class=\"wp-block-uagb-separator uagb-block-2df8d896\"><div class=\"wp-block-uagb-separator__inner\" style=\"--my-background-image:\"><\/div><\/div>\n\n\n\n<div class=\"wp-block-uagb-advanced-heading uagb-block-1b5b024c\"><h2 class=\"uagb-heading-text\"><strong><strong>A import\u00e2ncia da identidade visual para o sucesso do evento<\/strong><\/strong><\/h2><\/div>\n\n\n\n<div class=\"wp-block-uagb-separator uagb-block-a1123977\"><div class=\"wp-block-uagb-separator__inner\" style=\"--my-background-image:\"><\/div><\/div>\n\n\n\n<p>Para eventos corporativos focados na promo\u00e7\u00e3o de produtos e servi\u00e7os, a identidade visual desempenha um papel estrat\u00e9gico. Ela <a href=\"https:\/\/dynamictravel.com.br\/blog\/os-elementos-essenciais-para-encantar-convidados-em-um-evento-corporativo\/\">influencia diretamente a percep\u00e7\u00e3o dos participantes<\/a>, tornando o evento mais memor\u00e1vel e profissional. A falta dessa identidade pode comprometer a experi\u00eancia do p\u00fablico e diminuir a efic\u00e1cia da a\u00e7\u00e3o comercial.<\/p>\n\n\n\n<p>Uma identidade visual bem estruturada agrega valor ao evento, permitindo a <a href=\"https:\/\/dynamictravel.com.br\/blog\/visita-de-relacionamento-com-clientes-a-chave-para-parcerias-duradouras\/\">cria\u00e7\u00e3o de brindes personalizados<\/a>, materiais gr\u00e1ficos exclusivos e ambienta\u00e7\u00e3o coerente com a proposta da empresa. Al\u00e9m disso, \u00e9 fundamental seguir o manual da marca, garantindo que todos os elementos como cores, tipografia e logotipo estejam alinhados \u00e0 identidade da organiza\u00e7\u00e3o.<\/p>\n\n\n\n<div class=\"wp-block-uagb-advanced-heading uagb-block-42b0a1d7\"><h2 class=\"uagb-heading-text\"><strong>O processo de cria\u00e7\u00e3o da identidade visual nos eventos corporativos<\/strong><\/h2><\/div>\n\n\n\n<div class=\"wp-block-uagb-separator uagb-block-1068610d\"><div class=\"wp-block-uagb-separator__inner\" style=\"--my-background-image:\"><\/div><\/div>\n\n\n\n<p>O desenvolvimento da identidade visual dos eventos come\u00e7a com um<a href=\"https:\/\/dynamictravel.com.br\/blog\/gestao-de-eventos-importancia-e-beneficios-das-visitas-tecnicas-para-sucesso-de-um-evento-corporativo\/\"> briefing detalhado<\/a>, no qual a empresa define os principais objetivos do evento e a mensagem que deseja transmitir ao p\u00fablico. Essa fase \u00e9 crucial para alinhar expectativas, compreender o posicionamento da marca e garantir que todos os elementos visuais estejam em sintonia com a proposta do evento.<\/p>\n\n\n\n<p>Durante esse processo, s\u00e3o definidos elementos como logotipo, paleta de cores, tipografia, materiais gr\u00e1ficos e ambienta\u00e7\u00e3o, que juntos criam uma identidade forte e coerente.<\/p>\n\n\n\n<div class=\"wp-block-uagb-advanced-heading uagb-block-0775ff77\"><h2 class=\"uagb-heading-text\"><strong><strong>Os principais desafios na constru\u00e7\u00e3o da identidade visual em eventos<\/strong><\/strong><\/h2><\/div>\n\n\n\n<div class=\"wp-block-uagb-separator uagb-block-70b53c66\"><div class=\"wp-block-uagb-separator__inner\" style=\"--my-background-image:\"><\/div><\/div>\n\n\n\n<p>Um dos maiores desafios na <a href=\"https:\/\/dynamictravel.com.br\/blog\/gestao-de-eventos-quais-sao-os-passos-para-a-criacao-de-um-evento-corporativo\/\">cria\u00e7\u00e3o da identidade visual<\/a> para eventos corporativos \u00e9 definir claramente o foco, o p\u00fablico-alvo e os objetivos do evento. Sem essa clareza, a comunica\u00e7\u00e3o poder\u00e1 ter ru\u00eddos, dificultando a conex\u00e3o com os participantes e reduzindo o impacto da marca.<\/p>\n\n\n\n<p>Outro ponto essencial \u00e9 <a href=\"https:\/\/dynamictravel.com.br\/blog\/como-melhorar-a-comunicacao-interna-da-minha-empresa\/\">compreender o que a empresa deseja comunicar<\/a> e como a identidade visual pode refor\u00e7ar essa mensagem. Desde a escolha das cores e elementos gr\u00e1ficos at\u00e9 a aplica\u00e7\u00e3o do manual da marca, cada detalhe estar\u00e1 alinhado \u00e0s estrat\u00e9gias da empresa.<\/p>\n\n\n\n<div class=\"wp-block-uagb-advanced-heading uagb-block-2347d10a\"><h2 class=\"uagb-heading-text\"><strong>Como garantir uma identidade visual de sucesso em eventos corporativos?<\/strong><\/h2><\/div>\n\n\n\n<ul class=\"wp-block-list\"><\/ul>\n\n\n\n<div class=\"wp-block-uagb-separator uagb-block-0b5145f7\"><div class=\"wp-block-uagb-separator__inner\" style=\"--my-background-image:\"><\/div><\/div>\n\n\n\n<p>Para que o evento tenha uma identidade visual marcante e estrat\u00e9gica, \u00e9 essencial contar com profissionais especializados. Buscar uma empresa ou um profissional de marketing ou design com experi\u00eancia garante que todos os elementos, desde a escolha das cores at\u00e9 a aplica\u00e7\u00e3o do branding, sejam desenvolvidos de forma coerente e impactante.<\/p>\n\n\n\n<p>A Dynamic Travel \u00e9 refer\u00eancia na organiza\u00e7\u00e3o de<a href=\"https:\/\/dynamictravel.com.br\/blog\/eventos-corporativos\/\"> eventos corporativos<\/a> e possui uma equipe altamente qualificada para desenvolver e executar uma identidade visual que fortale\u00e7a sua marca. Com expertise no setor, a Dynamic garante que seu evento seja visualmente atraente, alinhado \u00e0 sua<a href=\"https:\/\/dynamictravel.com.br\/blog\/como-melhorar-a-comunicacao-interna-da-minha-empresa\/\"> estrat\u00e9gia de comunica\u00e7\u00e3o<\/a> e memor\u00e1vel para os participantes.<\/p>\n\n\n\n<p>Investir em uma identidade visual bem planejada n\u00e3o s\u00f3 valoriza o evento, mas tamb\u00e9m refor\u00e7a o posicionamento da empresa no mercado, transmitindo profissionalismo e credibilidade.<\/p>\n\n\n\n<blockquote class=\"wp-block-quote is-layout-flow wp-block-quote-is-layout-flow\">\n<p><em>\u201cA identidade visual \u00e9 o esqueleto do evento e fortalece a conex\u00e3o do p\u00fablico com a marca.\u201d<\/em><\/p>\n\n\n\n<p class=\"has-text-align-right\">&#8211; Lucy Cardoso, Gerente de Eventos da Dynamic Travel.<\/p>\n<\/blockquote>\n\n\n\n<div class=\"wp-block-uagb-separator uagb-block-f7280680\"><div class=\"wp-block-uagb-separator__inner\" style=\"--my-background-image:\"><\/div><\/div>\n\n\n\n<div class=\"wp-block-uagb-separator uagb-block-20700288\"><div class=\"wp-block-uagb-separator__inner\" style=\"--my-background-image:\"><\/div><\/div>\n\n\n\n<div class=\"wp-block-uagb-separator uagb-block-8b642332\"><div class=\"wp-block-uagb-separator__inner\" style=\"--my-background-image:\"><\/div><\/div>\n\n\n\n<div class=\"wp-block-uagb-separator uagb-block-bf538521\"><div class=\"wp-block-uagb-separator__inner\" style=\"--my-background-image:\"><\/div><\/div>\n\n\n\n<p><\/p>\n","protected":false},"excerpt":{"rendered":"<p>Uma identidade visual bem planejada torna eventos corporativos mais impactantes e memor\u00e1veis.<\/p>\n","protected":false},"author":10,"featured_media":5767,"comment_status":"open","ping_status":"open","sticky":false,"template":"","format":"standard","meta":{"_uag_custom_page_level_css":"","site-sidebar-layout":"default","site-content-layout":"","ast-site-content-layout":"","site-content-style":"default","site-sidebar-style":"default","ast-global-header-display":"","ast-banner-title-visibility":"","ast-main-header-display":"","ast-hfb-above-header-display":"","ast-hfb-below-header-display":"","ast-hfb-mobile-header-display":"","site-post-title":"","ast-breadcrumbs-content":"","ast-featured-img":"","footer-sml-layout":"","theme-transparent-header-meta":"","adv-header-id-meta":"","stick-header-meta":"","header-above-stick-meta":"","header-main-stick-meta":"","header-below-stick-meta":"","astra-migrate-meta-layouts":"default","ast-page-background-enabled":"default","ast-page-background-meta":{"desktop":{"background-color":"var(--ast-global-color-4)","background-image":"","background-repeat":"repeat","background-position":"center center","background-size":"auto","background-attachment":"scroll","background-type":"","background-media":"","overlay-type":"","overlay-color":"","overlay-opacity":"","overlay-gradient":""},"tablet":{"background-color":"","background-image":"","background-repeat":"repeat","background-position":"center center","background-size":"auto","background-attachment":"scroll","background-type":"","background-media":"","overlay-type":"","overlay-color":"","overlay-opacity":"","overlay-gradient":""},"mobile":{"background-color":"","background-image":"","background-repeat":"repeat","background-position":"center center","background-size":"auto","background-attachment":"scroll","background-type":"","background-media":"","overlay-type":"","overlay-color":"","overlay-opacity":"","overlay-gradient":""}},"ast-content-background-meta":{"desktop":{"background-color":"var(--ast-global-color-5)","background-image":"","background-repeat":"repeat","background-position":"center center","background-size":"auto","background-attachment":"scroll","background-type":"","background-media":"","overlay-type":"","overlay-color":"","overlay-opacity":"","overlay-gradient":""},"tablet":{"background-color":"var(--ast-global-color-5)","background-image":"","background-repeat":"repeat","background-position":"center center","background-size":"auto","background-attachment":"scroll","background-type":"","background-media":"","overlay-type":"","overlay-color":"","overlay-opacity":"","overlay-gradient":""},"mobile":{"background-color":"var(--ast-global-color-5)","background-image":"","background-repeat":"repeat","background-position":"center center","background-size":"auto","background-attachment":"scroll","background-type":"","background-media":"","overlay-type":"","overlay-color":"","overlay-opacity":"","overlay-gradient":""}},"footnotes":""},"categories":[5,237],"tags":[60,171,251,252,22,14,32],"class_list":["post-5765","post","type-post","status-publish","format-standard","has-post-thumbnail","hentry","category-educacional","category-gesto-de-eventos","tag-eventoscorporativos","tag-gestaodeeventos","tag-identidadevisual","tag-manualdemarca","tag-turismocorporativo","tag-viagenscorporativas","tag-viagensparaempresas"],"yoast_head":"<!-- This site is optimized with the Yoast SEO plugin v24.4 - https:\/\/yoast.com\/wordpress\/plugins\/seo\/ -->\n<title>Por que investir na identidade visual do seu evento corporativo faz toda a diferen\u00e7a? - Blog Dynamic Travel<\/title>\n<meta name=\"description\" content=\"Descubra como criar uma identidade visual marcante para eventos corporativos e fortalecer a presen\u00e7a da marca no mercado.\" \/>\n<meta name=\"robots\" content=\"index, follow, max-snippet:-1, max-image-preview:large, max-video-preview:-1\" \/>\n<link rel=\"canonical\" href=\"https:\/\/dynamictravel.com.br\/blog\/por-que-investir-na-identidade-visual-do-seu-evento-corporativo-faz-toda-a-diferenca\/\" \/>\n<meta property=\"og:locale\" content=\"pt_BR\" \/>\n<meta property=\"og:type\" content=\"article\" \/>\n<meta property=\"og:title\" content=\"Por que investir na identidade visual do seu evento corporativo faz toda a diferen\u00e7a? - Blog Dynamic Travel\" \/>\n<meta property=\"og:description\" content=\"Descubra como criar uma identidade visual marcante para eventos corporativos e fortalecer a presen\u00e7a da marca no mercado.\" \/>\n<meta property=\"og:url\" content=\"https:\/\/dynamictravel.com.br\/blog\/por-que-investir-na-identidade-visual-do-seu-evento-corporativo-faz-toda-a-diferenca\/\" \/>\n<meta property=\"og:site_name\" content=\"Blog Dynamic Travel\" \/>\n<meta property=\"article:published_time\" content=\"2025-02-06T15:25:25+00:00\" \/>\n<meta property=\"article:modified_time\" content=\"2025-09-30T18:35:18+00:00\" \/>\n<meta property=\"og:image\" content=\"https:\/\/dynamictravel.com.br\/blog\/wp-content\/uploads\/2025\/02\/Identidade-visual-em-eventos-corporativos.webp\" \/>\n\t<meta property=\"og:image:width\" content=\"1080\" \/>\n\t<meta property=\"og:image:height\" content=\"1080\" \/>\n\t<meta property=\"og:image:type\" content=\"image\/webp\" \/>\n<meta name=\"author\" content=\"Luciana Cardoso\" \/>\n<meta name=\"twitter:card\" content=\"summary_large_image\" \/>\n<meta name=\"twitter:label1\" content=\"Escrito por\" \/>\n\t<meta name=\"twitter:data1\" content=\"Luciana Cardoso\" \/>\n\t<meta name=\"twitter:label2\" content=\"Est. tempo de leitura\" \/>\n\t<meta name=\"twitter:data2\" content=\"4 minutos\" \/>\n<script type=\"application\/ld+json\" class=\"yoast-schema-graph\">{\"@context\":\"https:\/\/schema.org\",\"@graph\":[{\"@type\":\"Article\",\"@id\":\"https:\/\/dynamictravel.com.br\/blog\/por-que-investir-na-identidade-visual-do-seu-evento-corporativo-faz-toda-a-diferenca\/#article\",\"isPartOf\":{\"@id\":\"https:\/\/dynamictravel.com.br\/blog\/por-que-investir-na-identidade-visual-do-seu-evento-corporativo-faz-toda-a-diferenca\/\"},\"author\":{\"name\":\"Luciana Cardoso\",\"@id\":\"https:\/\/dynamictravel.com.br\/blog\/#\/schema\/person\/f08b11ca4d5ae001d8138c04076c9174\"},\"headline\":\"Por que investir na identidade visual do seu evento corporativo faz toda a diferen\u00e7a?\",\"datePublished\":\"2025-02-06T15:25:25+00:00\",\"dateModified\":\"2025-09-30T18:35:18+00:00\",\"mainEntityOfPage\":{\"@id\":\"https:\/\/dynamictravel.com.br\/blog\/por-que-investir-na-identidade-visual-do-seu-evento-corporativo-faz-toda-a-diferenca\/\"},\"wordCount\":608,\"commentCount\":0,\"publisher\":{\"@id\":\"https:\/\/dynamictravel.com.br\/blog\/#organization\"},\"image\":{\"@id\":\"https:\/\/dynamictravel.com.br\/blog\/por-que-investir-na-identidade-visual-do-seu-evento-corporativo-faz-toda-a-diferenca\/#primaryimage\"},\"thumbnailUrl\":\"https:\/\/dynamictravel.com.br\/blog\/wp-content\/uploads\/2025\/02\/Identidade-visual-em-eventos-corporativos.webp\",\"keywords\":[\"eventoscorporativos\",\"gestaodeeventos\",\"identidadevisual\",\"manualdemarca\",\"turismocorporativo\",\"viagenscorporativas\",\"viagensparaempresas\"],\"articleSection\":[\"Educacional\",\"Gest\u00e3o de Eventos\"],\"inLanguage\":\"pt-BR\",\"potentialAction\":[{\"@type\":\"CommentAction\",\"name\":\"Comment\",\"target\":[\"https:\/\/dynamictravel.com.br\/blog\/por-que-investir-na-identidade-visual-do-seu-evento-corporativo-faz-toda-a-diferenca\/#respond\"]}]},{\"@type\":\"WebPage\",\"@id\":\"https:\/\/dynamictravel.com.br\/blog\/por-que-investir-na-identidade-visual-do-seu-evento-corporativo-faz-toda-a-diferenca\/\",\"url\":\"https:\/\/dynamictravel.com.br\/blog\/por-que-investir-na-identidade-visual-do-seu-evento-corporativo-faz-toda-a-diferenca\/\",\"name\":\"Por que investir na identidade visual do seu evento corporativo faz toda a diferen\u00e7a? - Blog Dynamic Travel\",\"isPartOf\":{\"@id\":\"https:\/\/dynamictravel.com.br\/blog\/#website\"},\"primaryImageOfPage\":{\"@id\":\"https:\/\/dynamictravel.com.br\/blog\/por-que-investir-na-identidade-visual-do-seu-evento-corporativo-faz-toda-a-diferenca\/#primaryimage\"},\"image\":{\"@id\":\"https:\/\/dynamictravel.com.br\/blog\/por-que-investir-na-identidade-visual-do-seu-evento-corporativo-faz-toda-a-diferenca\/#primaryimage\"},\"thumbnailUrl\":\"https:\/\/dynamictravel.com.br\/blog\/wp-content\/uploads\/2025\/02\/Identidade-visual-em-eventos-corporativos.webp\",\"datePublished\":\"2025-02-06T15:25:25+00:00\",\"dateModified\":\"2025-09-30T18:35:18+00:00\",\"description\":\"Descubra como criar uma identidade visual marcante para eventos corporativos e fortalecer a presen\u00e7a da marca no mercado.\",\"breadcrumb\":{\"@id\":\"https:\/\/dynamictravel.com.br\/blog\/por-que-investir-na-identidade-visual-do-seu-evento-corporativo-faz-toda-a-diferenca\/#breadcrumb\"},\"inLanguage\":\"pt-BR\",\"potentialAction\":[{\"@type\":\"ReadAction\",\"target\":[\"https:\/\/dynamictravel.com.br\/blog\/por-que-investir-na-identidade-visual-do-seu-evento-corporativo-faz-toda-a-diferenca\/\"]}]},{\"@type\":\"ImageObject\",\"inLanguage\":\"pt-BR\",\"@id\":\"https:\/\/dynamictravel.com.br\/blog\/por-que-investir-na-identidade-visual-do-seu-evento-corporativo-faz-toda-a-diferenca\/#primaryimage\",\"url\":\"https:\/\/dynamictravel.com.br\/blog\/wp-content\/uploads\/2025\/02\/Identidade-visual-em-eventos-corporativos.webp\",\"contentUrl\":\"https:\/\/dynamictravel.com.br\/blog\/wp-content\/uploads\/2025\/02\/Identidade-visual-em-eventos-corporativos.webp\",\"width\":1080,\"height\":1080,\"caption\":\"Espa\u00e7o com v\u00e1rias cadeiras sendo decorado de acordo com a identidade visual da empresa.\"},{\"@type\":\"BreadcrumbList\",\"@id\":\"https:\/\/dynamictravel.com.br\/blog\/por-que-investir-na-identidade-visual-do-seu-evento-corporativo-faz-toda-a-diferenca\/#breadcrumb\",\"itemListElement\":[{\"@type\":\"ListItem\",\"position\":1,\"name\":\"In\u00edcio\",\"item\":\"https:\/\/dynamictravel.com.br\/blog\/\"},{\"@type\":\"ListItem\",\"position\":2,\"name\":\"Por que investir na identidade visual do seu evento corporativo faz toda a diferen\u00e7a?\"}]},{\"@type\":\"WebSite\",\"@id\":\"https:\/\/dynamictravel.com.br\/blog\/#website\",\"url\":\"https:\/\/dynamictravel.com.br\/blog\/\",\"name\":\"Blog Dynamic Travel\",\"description\":\"Ag\u00eancia de Viagens Corporativas\",\"publisher\":{\"@id\":\"https:\/\/dynamictravel.com.br\/blog\/#organization\"},\"potentialAction\":[{\"@type\":\"SearchAction\",\"target\":{\"@type\":\"EntryPoint\",\"urlTemplate\":\"https:\/\/dynamictravel.com.br\/blog\/?s={search_term_string}\"},\"query-input\":{\"@type\":\"PropertyValueSpecification\",\"valueRequired\":true,\"valueName\":\"search_term_string\"}}],\"inLanguage\":\"pt-BR\"},{\"@type\":\"Organization\",\"@id\":\"https:\/\/dynamictravel.com.br\/blog\/#organization\",\"name\":\"Blog Dynamic Travel\",\"url\":\"https:\/\/dynamictravel.com.br\/blog\/\",\"logo\":{\"@type\":\"ImageObject\",\"inLanguage\":\"pt-BR\",\"@id\":\"https:\/\/dynamictravel.com.br\/blog\/#\/schema\/logo\/image\/\",\"url\":\"https:\/\/dynamictravel.com.br\/blog\/wp-content\/uploads\/2024\/10\/logo-dynamic-travel.webp\",\"contentUrl\":\"https:\/\/dynamictravel.com.br\/blog\/wp-content\/uploads\/2024\/10\/logo-dynamic-travel.webp\",\"width\":320,\"height\":111,\"caption\":\"Blog Dynamic Travel\"},\"image\":{\"@id\":\"https:\/\/dynamictravel.com.br\/blog\/#\/schema\/logo\/image\/\"}},{\"@type\":\"Person\",\"@id\":\"https:\/\/dynamictravel.com.br\/blog\/#\/schema\/person\/f08b11ca4d5ae001d8138c04076c9174\",\"name\":\"Luciana Cardoso\",\"image\":{\"@type\":\"ImageObject\",\"inLanguage\":\"pt-BR\",\"@id\":\"https:\/\/dynamictravel.com.br\/blog\/#\/schema\/person\/image\/\",\"url\":\"https:\/\/secure.gravatar.com\/avatar\/c3ee5c4eff0e7381e97028ac521ceaa8?s=96&d=mm&r=g\",\"contentUrl\":\"https:\/\/secure.gravatar.com\/avatar\/c3ee5c4eff0e7381e97028ac521ceaa8?s=96&d=mm&r=g\",\"caption\":\"Luciana Cardoso\"},\"sameAs\":[\"https:\/\/dynamictravel.com.br\"],\"url\":\"https:\/\/dynamictravel.com.br\/blog\/author\/luciana-cardoso\/\"}]}<\/script>\n<!-- \/ Yoast SEO plugin. -->","yoast_head_json":{"title":"Por que investir na identidade visual do seu evento corporativo faz toda a diferen\u00e7a? - Blog Dynamic Travel","description":"Descubra como criar uma identidade visual marcante para eventos corporativos e fortalecer a presen\u00e7a da marca no mercado.","robots":{"index":"index","follow":"follow","max-snippet":"max-snippet:-1","max-image-preview":"max-image-preview:large","max-video-preview":"max-video-preview:-1"},"canonical":"https:\/\/dynamictravel.com.br\/blog\/por-que-investir-na-identidade-visual-do-seu-evento-corporativo-faz-toda-a-diferenca\/","og_locale":"pt_BR","og_type":"article","og_title":"Por que investir na identidade visual do seu evento corporativo faz toda a diferen\u00e7a? - Blog Dynamic Travel","og_description":"Descubra como criar uma identidade visual marcante para eventos corporativos e fortalecer a presen\u00e7a da marca no mercado.","og_url":"https:\/\/dynamictravel.com.br\/blog\/por-que-investir-na-identidade-visual-do-seu-evento-corporativo-faz-toda-a-diferenca\/","og_site_name":"Blog Dynamic Travel","article_published_time":"2025-02-06T15:25:25+00:00","article_modified_time":"2025-09-30T18:35:18+00:00","og_image":[{"width":1080,"height":1080,"url":"https:\/\/dynamictravel.com.br\/blog\/wp-content\/uploads\/2025\/02\/Identidade-visual-em-eventos-corporativos.webp","type":"image\/webp"}],"author":"Luciana Cardoso","twitter_card":"summary_large_image","twitter_misc":{"Escrito por":"Luciana Cardoso","Est. tempo de leitura":"4 minutos"},"schema":{"@context":"https:\/\/schema.org","@graph":[{"@type":"Article","@id":"https:\/\/dynamictravel.com.br\/blog\/por-que-investir-na-identidade-visual-do-seu-evento-corporativo-faz-toda-a-diferenca\/#article","isPartOf":{"@id":"https:\/\/dynamictravel.com.br\/blog\/por-que-investir-na-identidade-visual-do-seu-evento-corporativo-faz-toda-a-diferenca\/"},"author":{"name":"Luciana Cardoso","@id":"https:\/\/dynamictravel.com.br\/blog\/#\/schema\/person\/f08b11ca4d5ae001d8138c04076c9174"},"headline":"Por que investir na identidade visual do seu evento corporativo faz toda a diferen\u00e7a?","datePublished":"2025-02-06T15:25:25+00:00","dateModified":"2025-09-30T18:35:18+00:00","mainEntityOfPage":{"@id":"https:\/\/dynamictravel.com.br\/blog\/por-que-investir-na-identidade-visual-do-seu-evento-corporativo-faz-toda-a-diferenca\/"},"wordCount":608,"commentCount":0,"publisher":{"@id":"https:\/\/dynamictravel.com.br\/blog\/#organization"},"image":{"@id":"https:\/\/dynamictravel.com.br\/blog\/por-que-investir-na-identidade-visual-do-seu-evento-corporativo-faz-toda-a-diferenca\/#primaryimage"},"thumbnailUrl":"https:\/\/dynamictravel.com.br\/blog\/wp-content\/uploads\/2025\/02\/Identidade-visual-em-eventos-corporativos.webp","keywords":["eventoscorporativos","gestaodeeventos","identidadevisual","manualdemarca","turismocorporativo","viagenscorporativas","viagensparaempresas"],"articleSection":["Educacional","Gest\u00e3o de Eventos"],"inLanguage":"pt-BR","potentialAction":[{"@type":"CommentAction","name":"Comment","target":["https:\/\/dynamictravel.com.br\/blog\/por-que-investir-na-identidade-visual-do-seu-evento-corporativo-faz-toda-a-diferenca\/#respond"]}]},{"@type":"WebPage","@id":"https:\/\/dynamictravel.com.br\/blog\/por-que-investir-na-identidade-visual-do-seu-evento-corporativo-faz-toda-a-diferenca\/","url":"https:\/\/dynamictravel.com.br\/blog\/por-que-investir-na-identidade-visual-do-seu-evento-corporativo-faz-toda-a-diferenca\/","name":"Por que investir na identidade visual do seu evento corporativo faz toda a diferen\u00e7a? - Blog Dynamic Travel","isPartOf":{"@id":"https:\/\/dynamictravel.com.br\/blog\/#website"},"primaryImageOfPage":{"@id":"https:\/\/dynamictravel.com.br\/blog\/por-que-investir-na-identidade-visual-do-seu-evento-corporativo-faz-toda-a-diferenca\/#primaryimage"},"image":{"@id":"https:\/\/dynamictravel.com.br\/blog\/por-que-investir-na-identidade-visual-do-seu-evento-corporativo-faz-toda-a-diferenca\/#primaryimage"},"thumbnailUrl":"https:\/\/dynamictravel.com.br\/blog\/wp-content\/uploads\/2025\/02\/Identidade-visual-em-eventos-corporativos.webp","datePublished":"2025-02-06T15:25:25+00:00","dateModified":"2025-09-30T18:35:18+00:00","description":"Descubra como criar uma identidade visual marcante para eventos corporativos e fortalecer a presen\u00e7a da marca no mercado.","breadcrumb":{"@id":"https:\/\/dynamictravel.com.br\/blog\/por-que-investir-na-identidade-visual-do-seu-evento-corporativo-faz-toda-a-diferenca\/#breadcrumb"},"inLanguage":"pt-BR","potentialAction":[{"@type":"ReadAction","target":["https:\/\/dynamictravel.com.br\/blog\/por-que-investir-na-identidade-visual-do-seu-evento-corporativo-faz-toda-a-diferenca\/"]}]},{"@type":"ImageObject","inLanguage":"pt-BR","@id":"https:\/\/dynamictravel.com.br\/blog\/por-que-investir-na-identidade-visual-do-seu-evento-corporativo-faz-toda-a-diferenca\/#primaryimage","url":"https:\/\/dynamictravel.com.br\/blog\/wp-content\/uploads\/2025\/02\/Identidade-visual-em-eventos-corporativos.webp","contentUrl":"https:\/\/dynamictravel.com.br\/blog\/wp-content\/uploads\/2025\/02\/Identidade-visual-em-eventos-corporativos.webp","width":1080,"height":1080,"caption":"Espa\u00e7o com v\u00e1rias cadeiras sendo decorado de acordo com a identidade visual da empresa."},{"@type":"BreadcrumbList","@id":"https:\/\/dynamictravel.com.br\/blog\/por-que-investir-na-identidade-visual-do-seu-evento-corporativo-faz-toda-a-diferenca\/#breadcrumb","itemListElement":[{"@type":"ListItem","position":1,"name":"In\u00edcio","item":"https:\/\/dynamictravel.com.br\/blog\/"},{"@type":"ListItem","position":2,"name":"Por que investir na identidade visual do seu evento corporativo faz toda a diferen\u00e7a?"}]},{"@type":"WebSite","@id":"https:\/\/dynamictravel.com.br\/blog\/#website","url":"https:\/\/dynamictravel.com.br\/blog\/","name":"Blog Dynamic Travel","description":"Ag\u00eancia de Viagens Corporativas","publisher":{"@id":"https:\/\/dynamictravel.com.br\/blog\/#organization"},"potentialAction":[{"@type":"SearchAction","target":{"@type":"EntryPoint","urlTemplate":"https:\/\/dynamictravel.com.br\/blog\/?s={search_term_string}"},"query-input":{"@type":"PropertyValueSpecification","valueRequired":true,"valueName":"search_term_string"}}],"inLanguage":"pt-BR"},{"@type":"Organization","@id":"https:\/\/dynamictravel.com.br\/blog\/#organization","name":"Blog Dynamic Travel","url":"https:\/\/dynamictravel.com.br\/blog\/","logo":{"@type":"ImageObject","inLanguage":"pt-BR","@id":"https:\/\/dynamictravel.com.br\/blog\/#\/schema\/logo\/image\/","url":"https:\/\/dynamictravel.com.br\/blog\/wp-content\/uploads\/2024\/10\/logo-dynamic-travel.webp","contentUrl":"https:\/\/dynamictravel.com.br\/blog\/wp-content\/uploads\/2024\/10\/logo-dynamic-travel.webp","width":320,"height":111,"caption":"Blog Dynamic Travel"},"image":{"@id":"https:\/\/dynamictravel.com.br\/blog\/#\/schema\/logo\/image\/"}},{"@type":"Person","@id":"https:\/\/dynamictravel.com.br\/blog\/#\/schema\/person\/f08b11ca4d5ae001d8138c04076c9174","name":"Luciana Cardoso","image":{"@type":"ImageObject","inLanguage":"pt-BR","@id":"https:\/\/dynamictravel.com.br\/blog\/#\/schema\/person\/image\/","url":"https:\/\/secure.gravatar.com\/avatar\/c3ee5c4eff0e7381e97028ac521ceaa8?s=96&d=mm&r=g","contentUrl":"https:\/\/secure.gravatar.com\/avatar\/c3ee5c4eff0e7381e97028ac521ceaa8?s=96&d=mm&r=g","caption":"Luciana Cardoso"},"sameAs":["https:\/\/dynamictravel.com.br"],"url":"https:\/\/dynamictravel.com.br\/blog\/author\/luciana-cardoso\/"}]}},"uagb_featured_image_src":{"full":["https:\/\/dynamictravel.com.br\/blog\/wp-content\/uploads\/2025\/02\/Identidade-visual-em-eventos-corporativos.webp",1080,1080,false],"thumbnail":["https:\/\/dynamictravel.com.br\/blog\/wp-content\/uploads\/2025\/02\/Identidade-visual-em-eventos-corporativos-150x150.webp",150,150,true],"medium":["https:\/\/dynamictravel.com.br\/blog\/wp-content\/uploads\/2025\/02\/Identidade-visual-em-eventos-corporativos-300x300.webp",300,300,true],"medium_large":["https:\/\/dynamictravel.com.br\/blog\/wp-content\/uploads\/2025\/02\/Identidade-visual-em-eventos-corporativos-768x768.webp",768,768,true],"large":["https:\/\/dynamictravel.com.br\/blog\/wp-content\/uploads\/2025\/02\/Identidade-visual-em-eventos-corporativos-1024x1024.webp",1024,1024,true],"1536x1536":["https:\/\/dynamictravel.com.br\/blog\/wp-content\/uploads\/2025\/02\/Identidade-visual-em-eventos-corporativos.webp",1080,1080,false],"2048x2048":["https:\/\/dynamictravel.com.br\/blog\/wp-content\/uploads\/2025\/02\/Identidade-visual-em-eventos-corporativos.webp",1080,1080,false],"trp-custom-language-flag":["https:\/\/dynamictravel.com.br\/blog\/wp-content\/uploads\/2025\/02\/Identidade-visual-em-eventos-corporativos-12x12.webp",12,12,true]},"uagb_author_info":{"display_name":"Luciana Cardoso","author_link":"https:\/\/dynamictravel.com.br\/blog\/author\/luciana-cardoso\/"},"uagb_comment_info":2,"uagb_excerpt":"Uma identidade visual bem planejada torna eventos corporativos mais impactantes e memor\u00e1veis.","_links":{"self":[{"href":"https:\/\/dynamictravel.com.br\/blog\/wp-json\/wp\/v2\/posts\/5765","targetHints":{"allow":["GET"]}}],"collection":[{"href":"https:\/\/dynamictravel.com.br\/blog\/wp-json\/wp\/v2\/posts"}],"about":[{"href":"https:\/\/dynamictravel.com.br\/blog\/wp-json\/wp\/v2\/types\/post"}],"author":[{"embeddable":true,"href":"https:\/\/dynamictravel.com.br\/blog\/wp-json\/wp\/v2\/users\/10"}],"replies":[{"embeddable":true,"href":"https:\/\/dynamictravel.com.br\/blog\/wp-json\/wp\/v2\/comments?post=5765"}],"version-history":[{"count":5,"href":"https:\/\/dynamictravel.com.br\/blog\/wp-json\/wp\/v2\/posts\/5765\/revisions"}],"predecessor-version":[{"id":6198,"href":"https:\/\/dynamictravel.com.br\/blog\/wp-json\/wp\/v2\/posts\/5765\/revisions\/6198"}],"wp:featuredmedia":[{"embeddable":true,"href":"https:\/\/dynamictravel.com.br\/blog\/wp-json\/wp\/v2\/media\/5767"}],"wp:attachment":[{"href":"https:\/\/dynamictravel.com.br\/blog\/wp-json\/wp\/v2\/media?parent=5765"}],"wp:term":[{"taxonomy":"category","embeddable":true,"href":"https:\/\/dynamictravel.com.br\/blog\/wp-json\/wp\/v2\/categories?post=5765"},{"taxonomy":"post_tag","embeddable":true,"href":"https:\/\/dynamictravel.com.br\/blog\/wp-json\/wp\/v2\/tags?post=5765"}],"curies":[{"name":"wp","href":"https:\/\/api.w.org\/{rel}","templated":true}]}}