{"id":5691,"date":"2025-01-02T15:08:46","date_gmt":"2025-01-02T18:08:46","guid":{"rendered":"https:\/\/dynamictravel.com.br\/blog\/?p=5691"},"modified":"2025-01-06T09:27:38","modified_gmt":"2025-01-06T12:27:38","slug":"principais-atualizacoes-do-mes-de-dezembro-sobre-o-mercado-das-viagens-corporativas-4","status":"publish","type":"post","link":"https:\/\/dynamictravel.com.br\/blog\/principais-atualizacoes-do-mes-de-dezembro-sobre-o-mercado-das-viagens-corporativas-4\/","title":{"rendered":"Principais atualiza\u00e7\u00f5es do m\u00eas de dezembro sobre o mercado das viagens corporativas\u202f\u00a0"},"content":{"rendered":"\n<div class=\"wp-block-uagb-image aligncenter uagb-block-03bedb9e wp-block-uagb-image--layout-default wp-block-uagb-image--effect-static wp-block-uagb-image--align-center\"><figure class=\"wp-block-uagb-image__figure\"><img decoding=\"async\" srcset=\"https:\/\/dynamictravel.com.br\/blog\/wp-content\/uploads\/2025\/01\/principais-atualizacoes-dezembro-blog-dynamic-travel.webp ,https:\/\/dynamictravel.com.br\/blog\/wp-content\/uploads\/2025\/01\/principais-atualizacoes-dezembro-blog-dynamic-travel.webp 780w, https:\/\/dynamictravel.com.br\/blog\/wp-content\/uploads\/2025\/01\/principais-atualizacoes-dezembro-blog-dynamic-travel.webp 360w\" sizes=\"auto, (max-width: 480px) 150px\" src=\"https:\/\/dynamictravel.com.br\/blog\/wp-content\/uploads\/2025\/01\/principais-atualizacoes-dezembro-blog-dynamic-travel.webp\" alt=\"Mo\u00e7a apontando para quadro branco que est\u00e1 escrito &quot;as principais atualiza\u00e7\u00f5es de dezembro&quot; abaixo com logo da Dynamic Travel.\" class=\"uag-image-5708\" width=\"1024\" height=\"1024\" title=\"principais-atualizacoes-dezembro-blog-dynamic-travel\" loading=\"lazy\" role=\"img\"\/><\/figure><\/div>\n\n\n\n<div class=\"wp-block-uagb-separator uagb-block-485c84f4\"><div class=\"uagb-separator-spacing-wrapper\"><div class=\"wp-block-uagb-separator__inner\" style=\"--my-background-image:\"><\/div><\/div><\/div>\n\n\n\n<p>Com o intuito de manter seus leitores sempre bem-informados, a Dynamic Travel publica regularmente, em seu <a href=\"https:\/\/dynamictravel.com.br\/blog\/introducao-a-politica-de-viagens\/\" target=\"_blank\" rel=\"noreferrer noopener\"><strong>site<\/strong><\/a>, as principais atualiza\u00e7\u00f5es do Brasil e do mundo relacionadas \u00e0s viagens corporativas.&nbsp;&nbsp;<\/p>\n\n\n\n<p>Confira a seguir o compilado de todas as mat\u00e9rias publicadas no m\u00eas de dezembro.\u202f&nbsp;<\/p>\n\n\n\n<p>Para receber em primeira m\u00e3o todas as not\u00edcias, inscreva-se em nossa newsletter <a href=\"https:\/\/dynamictravel.com.br\/#blog\" target=\"_blank\" rel=\"noreferrer noopener\"><strong>clicando aqui.\u202f<\/strong><\/a>&nbsp;<\/p>\n\n\n\n<hr class=\"wp-block-separator has-alpha-channel-opacity is-style-default\"\/>\n\n\n\n<div class=\"wp-block-uagb-advanced-heading uagb-block-0c22f40a\"><h2 class=\"uagb-heading-text\"><strong><strong><strong><strong><strong>O turismo de neg\u00f3cios apresenta recorde hist\u00f3rico no faturamento em 2024<\/strong><\/strong><\/strong><\/strong><\/strong><\/h2><\/div>\n\n\n\n<div class=\"wp-block-uagb-separator uagb-block-2df8d896\"><div class=\"wp-block-uagb-separator__inner\" style=\"--my-background-image:\"><\/div><\/div>\n\n\n\n<p>De acordo com o Levantamento de Viagens Corporativas (LVC), realizado pela FecomercioSP em parceria com a Alagev, o setor de viagens corporativas dever\u00e1 encerrar o ano com um faturamento recorde. O crescimento ser\u00e1 de aproximadamente 5,5%, com um faturamento de R$ 130 bilh\u00f5es, o maior desde 2011.<\/p>\n\n\n\n<p>Em outubro deste ano, os gastos das empresas com viagens corporativas atingiram R$ 12,7 bilh\u00f5es, representando um aumento de 6,9% em compara\u00e7\u00e3o com o mesmo per\u00edodo de 2023, o que significa que esse valor supera o recorde de R$ 12,4 bilh\u00f5es registrado em 2013. No acumulado do ano, o setor alcan\u00e7ou um faturamento de R$ 108,4 bilh\u00f5es, um crescimento significativo de 5,3% em rela\u00e7\u00e3o ao mesmo per\u00edodo do ano passado.<\/p>\n\n\n\n<p>A tend\u00eancia de crescimento deve se manter em 2025, segundo as proje\u00e7\u00f5es feitas pela Alagev e FecomercioSP, que indicam um aumento de 4%, alcan\u00e7ando um faturamento hist\u00f3rico de R$ 135 bilh\u00f5es em gastos com viagens de neg\u00f3cios.<\/p>\n\n\n\n<p>Com o mercado aquecido, a Dynamic Travel acompanhou o crescimento de 2024 e espera crescer ainda mais em 2025, com a abertura de novas unidades em Curitiba e Belo Horizonte, visando fortalecer parcerias estrat\u00e9gicas. A previs\u00e3o de crescimento para o pr\u00f3ximo ano \u00e9 de 40% tanto no faturamento quanto no volume de clientes atendidos.<\/p>\n\n\n\n<p><strong>Fonte: Panrotas<\/strong><\/p>\n\n\n\n<p>(Publicado em: 23\/12\/2024)<\/p>\n\n\n\n<hr class=\"wp-block-separator has-alpha-channel-opacity\"\/>\n\n\n\n<div class=\"wp-block-uagb-separator uagb-block-3fe116ec\"><div class=\"wp-block-uagb-separator__inner\" style=\"--my-background-image:\"><\/div><\/div>\n\n\n\n<div class=\"wp-block-uagb-advanced-heading uagb-block-d673f540\"><h2 class=\"uagb-heading-text\"><strong><strong><strong><strong>Benef\u00edcios diretos das secret\u00e1rias na gest\u00e3o de viagens corporativas<\/strong><\/strong><\/strong><\/strong><\/h2><\/div>\n\n\n\n<div class=\"wp-block-uagb-separator uagb-block-fe7ffe6a\"><div class=\"uagb-separator-spacing-wrapper\"><div class=\"wp-block-uagb-separator__inner\" style=\"--my-background-image:\"><\/div><\/div><\/div>\n\n\n\n<p>As secret\u00e1rias possuem um papel fundamental na rotina das viagens corporativas. Essas profissionais, s\u00e3o respons\u00e1veis por:<\/p>\n\n\n\n<ul class=\"wp-block-list\">\n<li>Garantir o cumprimento da pol\u00edtica de viagens da empresa;<\/li>\n<\/ul>\n\n\n\n<ul class=\"wp-block-list\">\n<li>Administra\u00e7\u00e3o de recursos financeiros;<\/li>\n<\/ul>\n\n\n\n<ul class=\"wp-block-list\">\n<li>Solicita\u00e7\u00e3o e gest\u00e3o de cota\u00e7\u00f5es;<\/li>\n<\/ul>\n\n\n\n<ul class=\"wp-block-list\">\n<li>Suporte ao colaborador antes, durante e p\u00f3s-viagem;<\/li>\n<\/ul>\n\n\n\n<ul class=\"wp-block-list\">\n<li>Gerenciamento de despesas;<\/li>\n<\/ul>\n\n\n\n<p>Essas s\u00e3o apenas algumas das a\u00e7\u00f5es realizadas pelas secret\u00e1rias.<\/p>\n\n\n\n<p>Em nossas redes sociais voc\u00ea encontra o conte\u00fado completo, com detalhes e muito mais. N\u00e3o deixe de conferir.<\/p>\n\n\n\n<p>(Publicado em: 11\/12\/2024)&nbsp;<\/p>\n","protected":false},"excerpt":{"rendered":"<p>Confira as principais not\u00edcias do turismo corporativo!<\/p>\n","protected":false},"author":4,"featured_media":5708,"comment_status":"open","ping_status":"open","sticky":false,"template":"","format":"standard","meta":{"_uag_custom_page_level_css":"","site-sidebar-layout":"default","site-content-layout":"","ast-site-content-layout":"","site-content-style":"default","site-sidebar-style":"default","ast-global-header-display":"","ast-banner-title-visibility":"","ast-main-header-display":"","ast-hfb-above-header-display":"","ast-hfb-below-header-display":"","ast-hfb-mobile-header-display":"","site-post-title":"","ast-breadcrumbs-content":"","ast-featured-img":"","footer-sml-layout":"","theme-transparent-header-meta":"","adv-header-id-meta":"","stick-header-meta":"","header-above-stick-meta":"","header-main-stick-meta":"","header-below-stick-meta":"","astra-migrate-meta-layouts":"default","ast-page-background-enabled":"default","ast-page-background-meta":{"desktop":{"background-color":"var(--ast-global-color-4)","background-image":"","background-repeat":"repeat","background-position":"center center","background-size":"auto","background-attachment":"scroll","background-type":"","background-media":"","overlay-type":"","overlay-color":"","overlay-opacity":"","overlay-gradient":""},"tablet":{"background-color":"","background-image":"","background-repeat":"repeat","background-position":"center center","background-size":"auto","background-attachment":"scroll","background-type":"","background-media":"","overlay-type":"","overlay-color":"","overlay-opacity":"","overlay-gradient":""},"mobile":{"background-color":"","background-image":"","background-repeat":"repeat","background-position":"center center","background-size":"auto","background-attachment":"scroll","background-type":"","background-media":"","overlay-type":"","overlay-color":"","overlay-opacity":"","overlay-gradient":""}},"ast-content-background-meta":{"desktop":{"background-color":"var(--ast-global-color-5)","background-image":"","background-repeat":"repeat","background-position":"center center","background-size":"auto","background-attachment":"scroll","background-type":"","background-media":"","overlay-type":"","overlay-color":"","overlay-opacity":"","overlay-gradient":""},"tablet":{"background-color":"var(--ast-global-color-5)","background-image":"","background-repeat":"repeat","background-position":"center center","background-size":"auto","background-attachment":"scroll","background-type":"","background-media":"","overlay-type":"","overlay-color":"","overlay-opacity":"","overlay-gradient":""},"mobile":{"background-color":"var(--ast-global-color-5)","background-image":"","background-repeat":"repeat","background-position":"center center","background-size":"auto","background-attachment":"scroll","background-type":"","background-media":"","overlay-type":"","overlay-color":"","overlay-opacity":"","overlay-gradient":""}},"footnotes":""},"categories":[3],"tags":[31,208,8,221,22,14,32],"class_list":["post-5691","post","type-post","status-publish","format-standard","has-post-thumbnail","hentry","category-mercado","tag-agenciadeviagenscorporativas","tag-atualizacoes","tag-mercado","tag-principaisnoticias","tag-turismocorporativo","tag-viagenscorporativas","tag-viagensparaempresas"],"yoast_head":"<!-- This site is optimized with the Yoast SEO plugin v24.4 - https:\/\/yoast.com\/wordpress\/plugins\/seo\/ -->\n<title>Principais atualiza\u00e7\u00f5es do m\u00eas de dezembro sobre o mercado das viagens corporativas\u202f\u00a0 - Blog Dynamic Travel<\/title>\n<meta name=\"description\" content=\"Fique por dentro das principais novidades de dezembro no mercado do turismo corporativo. Acesse e confira as \u00faltimas atualiza\u00e7\u00f5es do setor.\" \/>\n<meta name=\"robots\" content=\"index, follow, max-snippet:-1, max-image-preview:large, max-video-preview:-1\" \/>\n<link rel=\"canonical\" href=\"https:\/\/dynamictravel.com.br\/blog\/principais-atualizacoes-do-mes-de-dezembro-sobre-o-mercado-das-viagens-corporativas-4\/\" \/>\n<meta property=\"og:locale\" content=\"pt_BR\" \/>\n<meta property=\"og:type\" content=\"article\" \/>\n<meta property=\"og:title\" content=\"Principais atualiza\u00e7\u00f5es do m\u00eas de dezembro sobre o mercado das viagens corporativas\u202f\u00a0 - Blog Dynamic Travel\" \/>\n<meta property=\"og:description\" content=\"Fique por dentro das principais novidades de dezembro no mercado do turismo corporativo. Acesse e confira as \u00faltimas atualiza\u00e7\u00f5es do setor.\" \/>\n<meta property=\"og:url\" content=\"https:\/\/dynamictravel.com.br\/blog\/principais-atualizacoes-do-mes-de-dezembro-sobre-o-mercado-das-viagens-corporativas-4\/\" \/>\n<meta property=\"og:site_name\" content=\"Blog Dynamic Travel\" \/>\n<meta property=\"article:published_time\" content=\"2025-01-02T18:08:46+00:00\" \/>\n<meta property=\"article:modified_time\" content=\"2025-01-06T12:27:38+00:00\" \/>\n<meta property=\"og:image\" content=\"https:\/\/dynamictravel.com.br\/blog\/wp-content\/uploads\/2025\/01\/principais-atualizacoes-dezembro-blog-dynamic-travel.webp\" \/>\n\t<meta property=\"og:image:width\" content=\"1024\" \/>\n\t<meta property=\"og:image:height\" content=\"1024\" \/>\n\t<meta property=\"og:image:type\" content=\"image\/webp\" \/>\n<meta name=\"author\" content=\"Reda\u00e7\u00e3o Dynamic Travel\" \/>\n<meta name=\"twitter:card\" content=\"summary_large_image\" \/>\n<meta name=\"twitter:label1\" content=\"Escrito por\" \/>\n\t<meta name=\"twitter:data1\" content=\"Reda\u00e7\u00e3o Dynamic Travel\" \/>\n\t<meta name=\"twitter:label2\" content=\"Est. tempo de leitura\" \/>\n\t<meta name=\"twitter:data2\" content=\"3 minutos\" \/>\n<script type=\"application\/ld+json\" class=\"yoast-schema-graph\">{\"@context\":\"https:\/\/schema.org\",\"@graph\":[{\"@type\":\"Article\",\"@id\":\"https:\/\/dynamictravel.com.br\/blog\/principais-atualizacoes-do-mes-de-dezembro-sobre-o-mercado-das-viagens-corporativas-4\/#article\",\"isPartOf\":{\"@id\":\"https:\/\/dynamictravel.com.br\/blog\/principais-atualizacoes-do-mes-de-dezembro-sobre-o-mercado-das-viagens-corporativas-4\/\"},\"author\":{\"name\":\"Reda\u00e7\u00e3o Dynamic Travel\",\"@id\":\"https:\/\/dynamictravel.com.br\/blog\/#\/schema\/person\/e7178e0a0ffb297c221bb32117d9745f\"},\"headline\":\"Principais atualiza\u00e7\u00f5es do m\u00eas de dezembro sobre o mercado das viagens corporativas\u202f\u00a0\",\"datePublished\":\"2025-01-02T18:08:46+00:00\",\"dateModified\":\"2025-01-06T12:27:38+00:00\",\"mainEntityOfPage\":{\"@id\":\"https:\/\/dynamictravel.com.br\/blog\/principais-atualizacoes-do-mes-de-dezembro-sobre-o-mercado-das-viagens-corporativas-4\/\"},\"wordCount\":405,\"commentCount\":0,\"publisher\":{\"@id\":\"https:\/\/dynamictravel.com.br\/blog\/#organization\"},\"image\":{\"@id\":\"https:\/\/dynamictravel.com.br\/blog\/principais-atualizacoes-do-mes-de-dezembro-sobre-o-mercado-das-viagens-corporativas-4\/#primaryimage\"},\"thumbnailUrl\":\"https:\/\/dynamictravel.com.br\/blog\/wp-content\/uploads\/2025\/01\/principais-atualizacoes-dezembro-blog-dynamic-travel.webp\",\"keywords\":[\"agenciadeviagenscorporativas\",\"atualiza\u00e7\u00f5es\",\"mercado\",\"principaisnot\u00edcias\",\"turismocorporativo\",\"viagenscorporativas\",\"viagensparaempresas\"],\"articleSection\":[\"Mercado\"],\"inLanguage\":\"pt-BR\",\"potentialAction\":[{\"@type\":\"CommentAction\",\"name\":\"Comment\",\"target\":[\"https:\/\/dynamictravel.com.br\/blog\/principais-atualizacoes-do-mes-de-dezembro-sobre-o-mercado-das-viagens-corporativas-4\/#respond\"]}]},{\"@type\":\"WebPage\",\"@id\":\"https:\/\/dynamictravel.com.br\/blog\/principais-atualizacoes-do-mes-de-dezembro-sobre-o-mercado-das-viagens-corporativas-4\/\",\"url\":\"https:\/\/dynamictravel.com.br\/blog\/principais-atualizacoes-do-mes-de-dezembro-sobre-o-mercado-das-viagens-corporativas-4\/\",\"name\":\"Principais atualiza\u00e7\u00f5es do m\u00eas de dezembro sobre o mercado das viagens corporativas\u202f\u00a0 - Blog Dynamic Travel\",\"isPartOf\":{\"@id\":\"https:\/\/dynamictravel.com.br\/blog\/#website\"},\"primaryImageOfPage\":{\"@id\":\"https:\/\/dynamictravel.com.br\/blog\/principais-atualizacoes-do-mes-de-dezembro-sobre-o-mercado-das-viagens-corporativas-4\/#primaryimage\"},\"image\":{\"@id\":\"https:\/\/dynamictravel.com.br\/blog\/principais-atualizacoes-do-mes-de-dezembro-sobre-o-mercado-das-viagens-corporativas-4\/#primaryimage\"},\"thumbnailUrl\":\"https:\/\/dynamictravel.com.br\/blog\/wp-content\/uploads\/2025\/01\/principais-atualizacoes-dezembro-blog-dynamic-travel.webp\",\"datePublished\":\"2025-01-02T18:08:46+00:00\",\"dateModified\":\"2025-01-06T12:27:38+00:00\",\"description\":\"Fique por dentro das principais novidades de dezembro no mercado do turismo corporativo. Acesse e confira as \u00faltimas atualiza\u00e7\u00f5es do setor.\",\"breadcrumb\":{\"@id\":\"https:\/\/dynamictravel.com.br\/blog\/principais-atualizacoes-do-mes-de-dezembro-sobre-o-mercado-das-viagens-corporativas-4\/#breadcrumb\"},\"inLanguage\":\"pt-BR\",\"potentialAction\":[{\"@type\":\"ReadAction\",\"target\":[\"https:\/\/dynamictravel.com.br\/blog\/principais-atualizacoes-do-mes-de-dezembro-sobre-o-mercado-das-viagens-corporativas-4\/\"]}]},{\"@type\":\"ImageObject\",\"inLanguage\":\"pt-BR\",\"@id\":\"https:\/\/dynamictravel.com.br\/blog\/principais-atualizacoes-do-mes-de-dezembro-sobre-o-mercado-das-viagens-corporativas-4\/#primaryimage\",\"url\":\"https:\/\/dynamictravel.com.br\/blog\/wp-content\/uploads\/2025\/01\/principais-atualizacoes-dezembro-blog-dynamic-travel.webp\",\"contentUrl\":\"https:\/\/dynamictravel.com.br\/blog\/wp-content\/uploads\/2025\/01\/principais-atualizacoes-dezembro-blog-dynamic-travel.webp\",\"width\":1024,\"height\":1024,\"caption\":\"mo\u00e7a apontando para quadro branco.\"},{\"@type\":\"BreadcrumbList\",\"@id\":\"https:\/\/dynamictravel.com.br\/blog\/principais-atualizacoes-do-mes-de-dezembro-sobre-o-mercado-das-viagens-corporativas-4\/#breadcrumb\",\"itemListElement\":[{\"@type\":\"ListItem\",\"position\":1,\"name\":\"In\u00edcio\",\"item\":\"https:\/\/dynamictravel.com.br\/blog\/\"},{\"@type\":\"ListItem\",\"position\":2,\"name\":\"Principais atualiza\u00e7\u00f5es do m\u00eas de dezembro sobre o mercado das viagens corporativas\u202f\u00a0\"}]},{\"@type\":\"WebSite\",\"@id\":\"https:\/\/dynamictravel.com.br\/blog\/#website\",\"url\":\"https:\/\/dynamictravel.com.br\/blog\/\",\"name\":\"Blog Dynamic Travel\",\"description\":\"Ag\u00eancia de Viagens Corporativas\",\"publisher\":{\"@id\":\"https:\/\/dynamictravel.com.br\/blog\/#organization\"},\"potentialAction\":[{\"@type\":\"SearchAction\",\"target\":{\"@type\":\"EntryPoint\",\"urlTemplate\":\"https:\/\/dynamictravel.com.br\/blog\/?s={search_term_string}\"},\"query-input\":{\"@type\":\"PropertyValueSpecification\",\"valueRequired\":true,\"valueName\":\"search_term_string\"}}],\"inLanguage\":\"pt-BR\"},{\"@type\":\"Organization\",\"@id\":\"https:\/\/dynamictravel.com.br\/blog\/#organization\",\"name\":\"Blog Dynamic Travel\",\"url\":\"https:\/\/dynamictravel.com.br\/blog\/\",\"logo\":{\"@type\":\"ImageObject\",\"inLanguage\":\"pt-BR\",\"@id\":\"https:\/\/dynamictravel.com.br\/blog\/#\/schema\/logo\/image\/\",\"url\":\"https:\/\/dynamictravel.com.br\/blog\/wp-content\/uploads\/2024\/10\/logo-dynamic-travel.webp\",\"contentUrl\":\"https:\/\/dynamictravel.com.br\/blog\/wp-content\/uploads\/2024\/10\/logo-dynamic-travel.webp\",\"width\":320,\"height\":111,\"caption\":\"Blog Dynamic Travel\"},\"image\":{\"@id\":\"https:\/\/dynamictravel.com.br\/blog\/#\/schema\/logo\/image\/\"}},{\"@type\":\"Person\",\"@id\":\"https:\/\/dynamictravel.com.br\/blog\/#\/schema\/person\/e7178e0a0ffb297c221bb32117d9745f\",\"name\":\"Reda\u00e7\u00e3o Dynamic Travel\",\"image\":{\"@type\":\"ImageObject\",\"inLanguage\":\"pt-BR\",\"@id\":\"https:\/\/dynamictravel.com.br\/blog\/#\/schema\/person\/image\/\",\"url\":\"https:\/\/secure.gravatar.com\/avatar\/1eb4bf102438663c299bc91dd2b1095c?s=96&d=mm&r=g\",\"contentUrl\":\"https:\/\/secure.gravatar.com\/avatar\/1eb4bf102438663c299bc91dd2b1095c?s=96&d=mm&r=g\",\"caption\":\"Reda\u00e7\u00e3o Dynamic Travel\"},\"sameAs\":[\"https:\/\/dynamictravel.com.br\"],\"url\":\"https:\/\/dynamictravel.com.br\/blog\/author\/redacao\/\"}]}<\/script>\n<!-- \/ Yoast SEO plugin. -->","yoast_head_json":{"title":"Principais atualiza\u00e7\u00f5es do m\u00eas de dezembro sobre o mercado das viagens corporativas\u202f\u00a0 - Blog Dynamic Travel","description":"Fique por dentro das principais novidades de dezembro no mercado do turismo corporativo. Acesse e confira as \u00faltimas atualiza\u00e7\u00f5es do setor.","robots":{"index":"index","follow":"follow","max-snippet":"max-snippet:-1","max-image-preview":"max-image-preview:large","max-video-preview":"max-video-preview:-1"},"canonical":"https:\/\/dynamictravel.com.br\/blog\/principais-atualizacoes-do-mes-de-dezembro-sobre-o-mercado-das-viagens-corporativas-4\/","og_locale":"pt_BR","og_type":"article","og_title":"Principais atualiza\u00e7\u00f5es do m\u00eas de dezembro sobre o mercado das viagens corporativas\u202f\u00a0 - Blog Dynamic Travel","og_description":"Fique por dentro das principais novidades de dezembro no mercado do turismo corporativo. Acesse e confira as \u00faltimas atualiza\u00e7\u00f5es do setor.","og_url":"https:\/\/dynamictravel.com.br\/blog\/principais-atualizacoes-do-mes-de-dezembro-sobre-o-mercado-das-viagens-corporativas-4\/","og_site_name":"Blog Dynamic Travel","article_published_time":"2025-01-02T18:08:46+00:00","article_modified_time":"2025-01-06T12:27:38+00:00","og_image":[{"width":1024,"height":1024,"url":"https:\/\/dynamictravel.com.br\/blog\/wp-content\/uploads\/2025\/01\/principais-atualizacoes-dezembro-blog-dynamic-travel.webp","type":"image\/webp"}],"author":"Reda\u00e7\u00e3o Dynamic Travel","twitter_card":"summary_large_image","twitter_misc":{"Escrito por":"Reda\u00e7\u00e3o Dynamic Travel","Est. tempo de leitura":"3 minutos"},"schema":{"@context":"https:\/\/schema.org","@graph":[{"@type":"Article","@id":"https:\/\/dynamictravel.com.br\/blog\/principais-atualizacoes-do-mes-de-dezembro-sobre-o-mercado-das-viagens-corporativas-4\/#article","isPartOf":{"@id":"https:\/\/dynamictravel.com.br\/blog\/principais-atualizacoes-do-mes-de-dezembro-sobre-o-mercado-das-viagens-corporativas-4\/"},"author":{"name":"Reda\u00e7\u00e3o Dynamic Travel","@id":"https:\/\/dynamictravel.com.br\/blog\/#\/schema\/person\/e7178e0a0ffb297c221bb32117d9745f"},"headline":"Principais atualiza\u00e7\u00f5es do m\u00eas de dezembro sobre o mercado das viagens corporativas\u202f\u00a0","datePublished":"2025-01-02T18:08:46+00:00","dateModified":"2025-01-06T12:27:38+00:00","mainEntityOfPage":{"@id":"https:\/\/dynamictravel.com.br\/blog\/principais-atualizacoes-do-mes-de-dezembro-sobre-o-mercado-das-viagens-corporativas-4\/"},"wordCount":405,"commentCount":0,"publisher":{"@id":"https:\/\/dynamictravel.com.br\/blog\/#organization"},"image":{"@id":"https:\/\/dynamictravel.com.br\/blog\/principais-atualizacoes-do-mes-de-dezembro-sobre-o-mercado-das-viagens-corporativas-4\/#primaryimage"},"thumbnailUrl":"https:\/\/dynamictravel.com.br\/blog\/wp-content\/uploads\/2025\/01\/principais-atualizacoes-dezembro-blog-dynamic-travel.webp","keywords":["agenciadeviagenscorporativas","atualiza\u00e7\u00f5es","mercado","principaisnot\u00edcias","turismocorporativo","viagenscorporativas","viagensparaempresas"],"articleSection":["Mercado"],"inLanguage":"pt-BR","potentialAction":[{"@type":"CommentAction","name":"Comment","target":["https:\/\/dynamictravel.com.br\/blog\/principais-atualizacoes-do-mes-de-dezembro-sobre-o-mercado-das-viagens-corporativas-4\/#respond"]}]},{"@type":"WebPage","@id":"https:\/\/dynamictravel.com.br\/blog\/principais-atualizacoes-do-mes-de-dezembro-sobre-o-mercado-das-viagens-corporativas-4\/","url":"https:\/\/dynamictravel.com.br\/blog\/principais-atualizacoes-do-mes-de-dezembro-sobre-o-mercado-das-viagens-corporativas-4\/","name":"Principais atualiza\u00e7\u00f5es do m\u00eas de dezembro sobre o mercado das viagens corporativas\u202f\u00a0 - Blog Dynamic Travel","isPartOf":{"@id":"https:\/\/dynamictravel.com.br\/blog\/#website"},"primaryImageOfPage":{"@id":"https:\/\/dynamictravel.com.br\/blog\/principais-atualizacoes-do-mes-de-dezembro-sobre-o-mercado-das-viagens-corporativas-4\/#primaryimage"},"image":{"@id":"https:\/\/dynamictravel.com.br\/blog\/principais-atualizacoes-do-mes-de-dezembro-sobre-o-mercado-das-viagens-corporativas-4\/#primaryimage"},"thumbnailUrl":"https:\/\/dynamictravel.com.br\/blog\/wp-content\/uploads\/2025\/01\/principais-atualizacoes-dezembro-blog-dynamic-travel.webp","datePublished":"2025-01-02T18:08:46+00:00","dateModified":"2025-01-06T12:27:38+00:00","description":"Fique por dentro das principais novidades de dezembro no mercado do turismo corporativo. Acesse e confira as \u00faltimas atualiza\u00e7\u00f5es do setor.","breadcrumb":{"@id":"https:\/\/dynamictravel.com.br\/blog\/principais-atualizacoes-do-mes-de-dezembro-sobre-o-mercado-das-viagens-corporativas-4\/#breadcrumb"},"inLanguage":"pt-BR","potentialAction":[{"@type":"ReadAction","target":["https:\/\/dynamictravel.com.br\/blog\/principais-atualizacoes-do-mes-de-dezembro-sobre-o-mercado-das-viagens-corporativas-4\/"]}]},{"@type":"ImageObject","inLanguage":"pt-BR","@id":"https:\/\/dynamictravel.com.br\/blog\/principais-atualizacoes-do-mes-de-dezembro-sobre-o-mercado-das-viagens-corporativas-4\/#primaryimage","url":"https:\/\/dynamictravel.com.br\/blog\/wp-content\/uploads\/2025\/01\/principais-atualizacoes-dezembro-blog-dynamic-travel.webp","contentUrl":"https:\/\/dynamictravel.com.br\/blog\/wp-content\/uploads\/2025\/01\/principais-atualizacoes-dezembro-blog-dynamic-travel.webp","width":1024,"height":1024,"caption":"mo\u00e7a apontando para quadro branco."},{"@type":"BreadcrumbList","@id":"https:\/\/dynamictravel.com.br\/blog\/principais-atualizacoes-do-mes-de-dezembro-sobre-o-mercado-das-viagens-corporativas-4\/#breadcrumb","itemListElement":[{"@type":"ListItem","position":1,"name":"In\u00edcio","item":"https:\/\/dynamictravel.com.br\/blog\/"},{"@type":"ListItem","position":2,"name":"Principais atualiza\u00e7\u00f5es do m\u00eas de dezembro sobre o mercado das viagens corporativas\u202f\u00a0"}]},{"@type":"WebSite","@id":"https:\/\/dynamictravel.com.br\/blog\/#website","url":"https:\/\/dynamictravel.com.br\/blog\/","name":"Blog Dynamic Travel","description":"Ag\u00eancia de Viagens Corporativas","publisher":{"@id":"https:\/\/dynamictravel.com.br\/blog\/#organization"},"potentialAction":[{"@type":"SearchAction","target":{"@type":"EntryPoint","urlTemplate":"https:\/\/dynamictravel.com.br\/blog\/?s={search_term_string}"},"query-input":{"@type":"PropertyValueSpecification","valueRequired":true,"valueName":"search_term_string"}}],"inLanguage":"pt-BR"},{"@type":"Organization","@id":"https:\/\/dynamictravel.com.br\/blog\/#organization","name":"Blog Dynamic Travel","url":"https:\/\/dynamictravel.com.br\/blog\/","logo":{"@type":"ImageObject","inLanguage":"pt-BR","@id":"https:\/\/dynamictravel.com.br\/blog\/#\/schema\/logo\/image\/","url":"https:\/\/dynamictravel.com.br\/blog\/wp-content\/uploads\/2024\/10\/logo-dynamic-travel.webp","contentUrl":"https:\/\/dynamictravel.com.br\/blog\/wp-content\/uploads\/2024\/10\/logo-dynamic-travel.webp","width":320,"height":111,"caption":"Blog Dynamic Travel"},"image":{"@id":"https:\/\/dynamictravel.com.br\/blog\/#\/schema\/logo\/image\/"}},{"@type":"Person","@id":"https:\/\/dynamictravel.com.br\/blog\/#\/schema\/person\/e7178e0a0ffb297c221bb32117d9745f","name":"Reda\u00e7\u00e3o Dynamic Travel","image":{"@type":"ImageObject","inLanguage":"pt-BR","@id":"https:\/\/dynamictravel.com.br\/blog\/#\/schema\/person\/image\/","url":"https:\/\/secure.gravatar.com\/avatar\/1eb4bf102438663c299bc91dd2b1095c?s=96&d=mm&r=g","contentUrl":"https:\/\/secure.gravatar.com\/avatar\/1eb4bf102438663c299bc91dd2b1095c?s=96&d=mm&r=g","caption":"Reda\u00e7\u00e3o Dynamic Travel"},"sameAs":["https:\/\/dynamictravel.com.br"],"url":"https:\/\/dynamictravel.com.br\/blog\/author\/redacao\/"}]}},"uagb_featured_image_src":{"full":["https:\/\/dynamictravel.com.br\/blog\/wp-content\/uploads\/2025\/01\/principais-atualizacoes-dezembro-blog-dynamic-travel.webp",1024,1024,false],"thumbnail":["https:\/\/dynamictravel.com.br\/blog\/wp-content\/uploads\/2025\/01\/principais-atualizacoes-dezembro-blog-dynamic-travel-150x150.webp",150,150,true],"medium":["https:\/\/dynamictravel.com.br\/blog\/wp-content\/uploads\/2025\/01\/principais-atualizacoes-dezembro-blog-dynamic-travel-300x300.webp",300,300,true],"medium_large":["https:\/\/dynamictravel.com.br\/blog\/wp-content\/uploads\/2025\/01\/principais-atualizacoes-dezembro-blog-dynamic-travel-768x768.webp",768,768,true],"large":["https:\/\/dynamictravel.com.br\/blog\/wp-content\/uploads\/2025\/01\/principais-atualizacoes-dezembro-blog-dynamic-travel.webp",1024,1024,false],"1536x1536":["https:\/\/dynamictravel.com.br\/blog\/wp-content\/uploads\/2025\/01\/principais-atualizacoes-dezembro-blog-dynamic-travel.webp",1024,1024,false],"2048x2048":["https:\/\/dynamictravel.com.br\/blog\/wp-content\/uploads\/2025\/01\/principais-atualizacoes-dezembro-blog-dynamic-travel.webp",1024,1024,false],"trp-custom-language-flag":["https:\/\/dynamictravel.com.br\/blog\/wp-content\/uploads\/2025\/01\/principais-atualizacoes-dezembro-blog-dynamic-travel-12x12.webp",12,12,true]},"uagb_author_info":{"display_name":"Reda\u00e7\u00e3o Dynamic Travel","author_link":"https:\/\/dynamictravel.com.br\/blog\/author\/redacao\/"},"uagb_comment_info":0,"uagb_excerpt":"Confira as principais not\u00edcias do turismo corporativo!","_links":{"self":[{"href":"https:\/\/dynamictravel.com.br\/blog\/wp-json\/wp\/v2\/posts\/5691","targetHints":{"allow":["GET"]}}],"collection":[{"href":"https:\/\/dynamictravel.com.br\/blog\/wp-json\/wp\/v2\/posts"}],"about":[{"href":"https:\/\/dynamictravel.com.br\/blog\/wp-json\/wp\/v2\/types\/post"}],"author":[{"embeddable":true,"href":"https:\/\/dynamictravel.com.br\/blog\/wp-json\/wp\/v2\/users\/4"}],"replies":[{"embeddable":true,"href":"https:\/\/dynamictravel.com.br\/blog\/wp-json\/wp\/v2\/comments?post=5691"}],"version-history":[{"count":11,"href":"https:\/\/dynamictravel.com.br\/blog\/wp-json\/wp\/v2\/posts\/5691\/revisions"}],"predecessor-version":[{"id":5709,"href":"https:\/\/dynamictravel.com.br\/blog\/wp-json\/wp\/v2\/posts\/5691\/revisions\/5709"}],"wp:featuredmedia":[{"embeddable":true,"href":"https:\/\/dynamictravel.com.br\/blog\/wp-json\/wp\/v2\/media\/5708"}],"wp:attachment":[{"href":"https:\/\/dynamictravel.com.br\/blog\/wp-json\/wp\/v2\/media?parent=5691"}],"wp:term":[{"taxonomy":"category","embeddable":true,"href":"https:\/\/dynamictravel.com.br\/blog\/wp-json\/wp\/v2\/categories?post=5691"},{"taxonomy":"post_tag","embeddable":true,"href":"https:\/\/dynamictravel.com.br\/blog\/wp-json\/wp\/v2\/tags?post=5691"}],"curies":[{"name":"wp","href":"https:\/\/api.w.org\/{rel}","templated":true}]}}