{"id":5408,"date":"2024-11-28T12:42:00","date_gmt":"2024-11-28T15:42:00","guid":{"rendered":"https:\/\/dynamictravel.com.br\/blog\/?p=5408"},"modified":"2024-12-30T10:49:20","modified_gmt":"2024-12-30T13:49:20","slug":"principais-atualizacoes-do-mes-de-novembro-sobre-o-mercado-das-viagens-corporativas-3","status":"publish","type":"post","link":"https:\/\/dynamictravel.com.br\/blog\/principais-atualizacoes-do-mes-de-novembro-sobre-o-mercado-das-viagens-corporativas-3\/","title":{"rendered":"Principais atualiza\u00e7\u00f5es do m\u00eas de novembro sobre o mercado das viagens corporativas\u202f\u00a0"},"content":{"rendered":"\n<div class=\"wp-block-uagb-image aligncenter uagb-block-03bedb9e wp-block-uagb-image--layout-default wp-block-uagb-image--effect-static wp-block-uagb-image--align-center\"><figure class=\"wp-block-uagb-image__figure\"><img decoding=\"async\" src=\"https:\/\/dynamictravel.com.br\/blog\/wp-content\/uploads\/2024\/12\/compilado-do-mes-novembro.jpg\" alt=\"mo\u00e7a de vestido verde escuro apontando para um quadro escrito &quot;Principais atualiza\u00e7\u00f5es de novembro&quot;\" class=\"uag-image-5409\" width=\"1024\" height=\"1024\" title=\"Principais-atualizacoes-do-mes-de-novembro-sobre-o-mercado-das-viagens-corporativas\u202f \" loading=\"lazy\" role=\"img\" \/><\/figure><\/div>\n\n\n\n<div class=\"wp-block-uagb-separator uagb-block-485c84f4\"><div class=\"uagb-separator-spacing-wrapper\"><div class=\"wp-block-uagb-separator__inner\" style=\"--my-background-image:\"><\/div><\/div><\/div>\n\n\n\n<p>Com o intuito de manter seus leitores sempre bem-informados, a Dynamic Travel publica regularmente, em seu <a href=\"https:\/\/dynamictravel.com.br\/blog\/introducao-a-politica-de-viagens\/\" target=\"_blank\" rel=\"noreferrer noopener\"><strong>site<\/strong><\/a>, as principais atualiza\u00e7\u00f5es do Brasil e do mundo relacionadas \u00e0s viagens corporativas.&nbsp;&nbsp;<\/p>\n\n\n\n<p>Confira a seguir o compilado de todas as mat\u00e9rias publicadas no m\u00eas de novembro.\u202f&nbsp;<\/p>\n\n\n\n<p>Para receber em primeira m\u00e3o todas as not\u00edcias, inscreva-se em nossa newsletter <a href=\"https:\/\/dynamictravel.com.br\/#blog\" target=\"_blank\" rel=\"noreferrer noopener\"><strong>clicando aqui.\u202f<\/strong><\/a>&nbsp;<\/p>\n\n\n\n<hr class=\"wp-block-separator has-alpha-channel-opacity is-style-default\" \/>\n\n\n\n<div class=\"wp-block-uagb-advanced-heading uagb-block-0c22f40a\"><h2 class=\"uagb-heading-text\"><strong><strong><strong><strong>Companhias a\u00e9reas brasileiras anunciam novas rotas para 2025<\/strong>&nbsp;<\/strong><\/strong><\/strong><\/h2><\/div>\n\n\n\n<div class=\"wp-block-uagb-separator uagb-block-2df8d896\"><div class=\"wp-block-uagb-separator__inner\" style=\"--my-background-image:\"><\/div><\/div>\n\n\n\n<p>A Latam anunciou 4 novas rotas no Brasil a partir de abril de 2025, aumentando sua opera\u00e7\u00e3o de voos em 12%, passando de 641 para 700 voos di\u00e1rios.&nbsp;<\/p>\n\n\n\n<p>O investimento ampliar\u00e1 a malha a\u00e9rea dom\u00e9stica da companhia, de 52 para 54 destinos e de 124 para 128 rotas.&nbsp;<\/p>\n\n\n\n<p>As 4 novas rotas (S\u00e3o Paulo\/Guarulhos &#8211; Rio Branco, S\u00e3o Paulo\/Congonhas -Joinville, S\u00e3o Paulo\/Guarulhos &#8211; Pelotas e S\u00e3o Paulo\/Congonhas &#8211; Ribeir\u00e3o Preto) ser\u00e3o operadas com aeronaves Airbus A319 e A320, com capacidade para at\u00e9 174 passageiros.&nbsp;<\/p>\n\n\n\n<p>J\u00e1 a Gol Linhas A\u00e9reas informou que, a partir do dia 21 de dezembro deste ano, lan\u00e7ar\u00e1 uma nova rota semanal aos s\u00e1bados, ligando Curitiba \u00e0 cidade de Maring\u00e1, ambas localizadas no estado do Paran\u00e1, na regi\u00e3o Sul do pa\u00eds. Al\u00e9m disso, a partir do dia 3 de fevereiro de 2025, a rota contar\u00e1 com 3 voos semanais.&nbsp;<\/p>\n\n\n\n<p>Os voos ser\u00e3o operados com aeronaves Boeing 737-800, com capacidade para 186 passageiros.&nbsp;<\/p>\n\n\n\n<p>Azul comunicou o lan\u00e7amento de 3 novas rotas no interior da Bahia, a partir de janeiro de 2025. Com a expans\u00e3o, a companhia conectar\u00e1 a capital do estado a Len\u00e7\u00f3is, Guanambi e Barreiras, agregando-se aos 4 outros destinos j\u00e1 operados na regi\u00e3o, como Salvador, Vit\u00f3ria da Conquista, Porto Seguro e Ilh\u00e9us.&nbsp;<\/p>\n\n\n\n<p>Atualmente, somente a partir da capital baiana, a empresa a\u00e9rea opera, em m\u00e9dia, 18 voos di\u00e1rios.&nbsp;<\/p>\n\n\n\n<p><strong>Fonte: Latam e Panrotas<\/strong><\/p>\n\n\n\n<p>(Publicado em: 27\/11\/2024)<\/p>\n\n\n\n<hr class=\"wp-block-separator has-alpha-channel-opacity\" \/>\n\n\n\n<div class=\"wp-block-uagb-advanced-heading uagb-block-51b5a644\"><h2 class=\"uagb-heading-text\"><strong><strong><strong>Descubra os 4 tipos de vistos a trabalho<\/strong>&nbsp;<\/strong><\/strong><\/h2><\/div>\n\n\n\n<div class=\"wp-block-uagb-separator uagb-block-3fe116ec\"><div class=\"wp-block-uagb-separator__inner\" style=\"--my-background-image:\"><\/div><\/div>\n\n\n\n<p>Voc\u00ea sabia que nossas redes sociais s\u00e3o uma fonte rica de informa\u00e7\u00f5es essenciais para a gest\u00e3o de viagens corporativas?&nbsp;<\/p>\n\n\n\n<p>Entre os conte\u00fados que compartilhamos, temos a nossa publica\u00e7\u00e3o sobre os principais vistos a trabalho, um guia pr\u00e1tico para empresas e profissionais que precisam se informar sobre as exig\u00eancias de visto em diversos destinos.&nbsp;<\/p>\n\n\n\n<p>Al\u00e9m disso, nossa p\u00e1gina est\u00e1 sempre atualizada com dicas de viagem, estrat\u00e9gias para otimizar custos, posts sobre eventos corporativos e muito mais.&nbsp;&nbsp;<\/p>\n\n\n\n<p>Quer otimizar ainda mais suas viagens corporativas? Siga nossas redes sociais para acessar conte\u00fados exclusivos!&nbsp;&nbsp;<\/p>\n\n\n\n<p>(Publicado em: 14\/11\/2024)&nbsp;<\/p>\n\n\n\n<hr class=\"wp-block-separator has-alpha-channel-opacity\" \/>\n\n\n\n<div class=\"wp-block-uagb-advanced-heading uagb-block-d673f540\"><h2 class=\"uagb-heading-text\"><strong><strong><strong>Aeroporto Santos Dumont paralisar\u00e1 opera\u00e7\u00f5es durante o evento G20<\/strong><\/strong>&nbsp; <\/strong><\/h2><\/div>\n\n\n\n<div class=\"wp-block-uagb-separator uagb-block-fe7ffe6a\"><div class=\"uagb-separator-spacing-wrapper\"><div class=\"wp-block-uagb-separator__inner\" style=\"--my-background-image:\"><\/div><\/div><\/div>\n\n\n\n<p>Informamos que o Aeroporto Santos Dumont estar\u00e1 fechado entre os dias 18 e 19 de novembro, pois ocorrer\u00e1 a c\u00fapula G20.&nbsp;<\/p>\n\n\n\n<p>Esta informa\u00e7\u00e3o foi anunciada oficialmente no dia (8) desse m\u00eas, pelo Minist\u00e9rio de Portos e Aeroportos e pela Ag\u00eancia Nacional de Avia\u00e7\u00e3o Civil (Anac).&nbsp;<\/p>\n\n\n\n<p>Por quest\u00f5es de seguran\u00e7a, foi tomada a decis\u00e3o de restringir o acesso ao redor do Santos Dumont para que as autoridades estrangeiras circulem livremente.&nbsp;&nbsp;<\/p>\n\n\n\n<p>O Aeroporto Internacional Tom Jobim, tamb\u00e9m conhecido como Gale\u00e3o, receber\u00e1 os voos provenientes do Santos Dumont durante o per\u00edodo do evento e, em nota, informou que est\u00e1 preparado para a demanda de voos.&nbsp;<\/p>\n\n\n\n<p>A Latam informou que transferiu as suas rotas dos aeroportos de Bras\u00edlia, Congonhas e Guarulhos de Santos Dumont para o Gale\u00e3o.&nbsp;&nbsp;<\/p>\n\n\n\n<p>As companhias a\u00e9reas Azul e Gol tamb\u00e9m redirecionaram as suas rotas para o Aeroporto Gale\u00e3o, no entanto, a Azul informou que parte das suas opera\u00e7\u00f5es dos dias 17 e 20 tamb\u00e9m ser\u00e3o impactadas.&nbsp;<\/p>\n\n\n\n<p><strong>Fonte: Panrotas<\/strong>,&nbsp;<strong>Azul e Gol<\/strong><\/p>\n\n\n\n<p>(Publicado em: 12\/11\/2024)&nbsp;<\/p>\n","protected":false},"excerpt":{"rendered":"<p>Confira as principais not\u00edcias sobre o turismo corporativo!<\/p>\n","protected":false},"author":4,"featured_media":5409,"comment_status":"open","ping_status":"open","sticky":false,"template":"","format":"standard","meta":{"_uag_custom_page_level_css":"","site-sidebar-layout":"default","site-content-layout":"","ast-site-content-layout":"","site-content-style":"default","site-sidebar-style":"default","ast-global-header-display":"","ast-banner-title-visibility":"","ast-main-header-display":"","ast-hfb-above-header-display":"","ast-hfb-below-header-display":"","ast-hfb-mobile-header-display":"","site-post-title":"","ast-breadcrumbs-content":"","ast-featured-img":"","footer-sml-layout":"","theme-transparent-header-meta":"","adv-header-id-meta":"","stick-header-meta":"","header-above-stick-meta":"","header-main-stick-meta":"","header-below-stick-meta":"","astra-migrate-meta-layouts":"default","ast-page-background-enabled":"default","ast-page-background-meta":{"desktop":{"background-color":"var(--ast-global-color-4)","background-image":"","background-repeat":"repeat","background-position":"center center","background-size":"auto","background-attachment":"scroll","background-type":"","background-media":"","overlay-type":"","overlay-color":"","overlay-opacity":"","overlay-gradient":""},"tablet":{"background-color":"","background-image":"","background-repeat":"repeat","background-position":"center center","background-size":"auto","background-attachment":"scroll","background-type":"","background-media":"","overlay-type":"","overlay-color":"","overlay-opacity":"","overlay-gradient":""},"mobile":{"background-color":"","background-image":"","background-repeat":"repeat","background-position":"center center","background-size":"auto","background-attachment":"scroll","background-type":"","background-media":"","overlay-type":"","overlay-color":"","overlay-opacity":"","overlay-gradient":""}},"ast-content-background-meta":{"desktop":{"background-color":"var(--ast-global-color-5)","background-image":"","background-repeat":"repeat","background-position":"center center","background-size":"auto","background-attachment":"scroll","background-type":"","background-media":"","overlay-type":"","overlay-color":"","overlay-opacity":"","overlay-gradient":""},"tablet":{"background-color":"var(--ast-global-color-5)","background-image":"","background-repeat":"repeat","background-position":"center center","background-size":"auto","background-attachment":"scroll","background-type":"","background-media":"","overlay-type":"","overlay-color":"","overlay-opacity":"","overlay-gradient":""},"mobile":{"background-color":"var(--ast-global-color-5)","background-image":"","background-repeat":"repeat","background-position":"center center","background-size":"auto","background-attachment":"scroll","background-type":"","background-media":"","overlay-type":"","overlay-color":"","overlay-opacity":"","overlay-gradient":""}},"footnotes":""},"categories":[3],"tags":[31,230,228,22,14,32],"class_list":["post-5408","post","type-post","status-publish","format-standard","has-post-thumbnail","hentry","category-mercado","tag-agenciadeviagenscorporativas","tag-mercadodoturismo","tag-noticias","tag-turismocorporativo","tag-viagenscorporativas","tag-viagensparaempresas"],"yoast_head":"<!-- This site is optimized with the Yoast SEO plugin v24.4 - https:\/\/yoast.com\/wordpress\/plugins\/seo\/ -->\n<title>Principais atualiza\u00e7\u00f5es do m\u00eas de novembro sobre o mercado das viagens corporativas\u202f\u00a0 - Blog Dynamic Travel<\/title>\n<meta name=\"description\" content=\"Fique por dentro das principais novidades de novembro no mercado do turismo corporativo. Acesse e confira as \u00faltimas atualiza\u00e7\u00f5es do setor.\" \/>\n<meta name=\"robots\" content=\"index, follow, max-snippet:-1, max-image-preview:large, max-video-preview:-1\" \/>\n<link rel=\"canonical\" href=\"https:\/\/dynamictravel.com.br\/blog\/principais-atualizacoes-do-mes-de-novembro-sobre-o-mercado-das-viagens-corporativas-3\/\" \/>\n<meta property=\"og:locale\" content=\"pt_BR\" \/>\n<meta property=\"og:type\" content=\"article\" \/>\n<meta property=\"og:title\" content=\"Principais atualiza\u00e7\u00f5es do m\u00eas de novembro sobre o mercado das viagens corporativas\u202f\u00a0 - Blog Dynamic Travel\" \/>\n<meta property=\"og:description\" content=\"Fique por dentro das principais novidades de novembro no mercado do turismo corporativo. Acesse e confira as \u00faltimas atualiza\u00e7\u00f5es do setor.\" \/>\n<meta property=\"og:url\" content=\"https:\/\/dynamictravel.com.br\/blog\/principais-atualizacoes-do-mes-de-novembro-sobre-o-mercado-das-viagens-corporativas-3\/\" \/>\n<meta property=\"og:site_name\" content=\"Blog Dynamic Travel\" \/>\n<meta property=\"article:published_time\" content=\"2024-11-28T15:42:00+00:00\" \/>\n<meta property=\"article:modified_time\" content=\"2024-12-30T13:49:20+00:00\" \/>\n<meta property=\"og:image\" content=\"https:\/\/dynamictravel.com.br\/blog\/wp-content\/uploads\/2024\/12\/compilado-do-mes-novembro.jpg\" \/>\n\t<meta property=\"og:image:width\" content=\"1024\" \/>\n\t<meta property=\"og:image:height\" content=\"1024\" \/>\n\t<meta property=\"og:image:type\" content=\"image\/jpeg\" \/>\n<meta name=\"author\" content=\"Reda\u00e7\u00e3o Dynamic Travel\" \/>\n<meta name=\"twitter:card\" content=\"summary_large_image\" \/>\n<meta name=\"twitter:label1\" content=\"Escrito por\" \/>\n\t<meta name=\"twitter:data1\" content=\"Reda\u00e7\u00e3o Dynamic Travel\" \/>\n\t<meta name=\"twitter:label2\" content=\"Est. tempo de leitura\" \/>\n\t<meta name=\"twitter:data2\" content=\"4 minutos\" \/>\n<script type=\"application\/ld+json\" class=\"yoast-schema-graph\">{\"@context\":\"https:\/\/schema.org\",\"@graph\":[{\"@type\":\"Article\",\"@id\":\"https:\/\/dynamictravel.com.br\/blog\/principais-atualizacoes-do-mes-de-novembro-sobre-o-mercado-das-viagens-corporativas-3\/#article\",\"isPartOf\":{\"@id\":\"https:\/\/dynamictravel.com.br\/blog\/principais-atualizacoes-do-mes-de-novembro-sobre-o-mercado-das-viagens-corporativas-3\/\"},\"author\":{\"name\":\"Reda\u00e7\u00e3o Dynamic Travel\",\"@id\":\"https:\/\/dynamictravel.com.br\/blog\/#\/schema\/person\/e7178e0a0ffb297c221bb32117d9745f\"},\"headline\":\"Principais atualiza\u00e7\u00f5es do m\u00eas de novembro sobre o mercado das viagens corporativas\u202f\u00a0\",\"datePublished\":\"2024-11-28T15:42:00+00:00\",\"dateModified\":\"2024-12-30T13:49:20+00:00\",\"mainEntityOfPage\":{\"@id\":\"https:\/\/dynamictravel.com.br\/blog\/principais-atualizacoes-do-mes-de-novembro-sobre-o-mercado-das-viagens-corporativas-3\/\"},\"wordCount\":650,\"commentCount\":0,\"publisher\":{\"@id\":\"https:\/\/dynamictravel.com.br\/blog\/#organization\"},\"image\":{\"@id\":\"https:\/\/dynamictravel.com.br\/blog\/principais-atualizacoes-do-mes-de-novembro-sobre-o-mercado-das-viagens-corporativas-3\/#primaryimage\"},\"thumbnailUrl\":\"https:\/\/dynamictravel.com.br\/blog\/wp-content\/uploads\/2024\/12\/compilado-do-mes-novembro.jpg\",\"keywords\":[\"agenciadeviagenscorporativas\",\"mercadodoturismo\",\"not\u00edcias\",\"turismocorporativo\",\"viagenscorporativas\",\"viagensparaempresas\"],\"articleSection\":[\"Mercado\"],\"inLanguage\":\"pt-BR\",\"potentialAction\":[{\"@type\":\"CommentAction\",\"name\":\"Comment\",\"target\":[\"https:\/\/dynamictravel.com.br\/blog\/principais-atualizacoes-do-mes-de-novembro-sobre-o-mercado-das-viagens-corporativas-3\/#respond\"]}]},{\"@type\":\"WebPage\",\"@id\":\"https:\/\/dynamictravel.com.br\/blog\/principais-atualizacoes-do-mes-de-novembro-sobre-o-mercado-das-viagens-corporativas-3\/\",\"url\":\"https:\/\/dynamictravel.com.br\/blog\/principais-atualizacoes-do-mes-de-novembro-sobre-o-mercado-das-viagens-corporativas-3\/\",\"name\":\"Principais atualiza\u00e7\u00f5es do m\u00eas de novembro sobre o mercado das viagens corporativas\u202f\u00a0 - Blog Dynamic Travel\",\"isPartOf\":{\"@id\":\"https:\/\/dynamictravel.com.br\/blog\/#website\"},\"primaryImageOfPage\":{\"@id\":\"https:\/\/dynamictravel.com.br\/blog\/principais-atualizacoes-do-mes-de-novembro-sobre-o-mercado-das-viagens-corporativas-3\/#primaryimage\"},\"image\":{\"@id\":\"https:\/\/dynamictravel.com.br\/blog\/principais-atualizacoes-do-mes-de-novembro-sobre-o-mercado-das-viagens-corporativas-3\/#primaryimage\"},\"thumbnailUrl\":\"https:\/\/dynamictravel.com.br\/blog\/wp-content\/uploads\/2024\/12\/compilado-do-mes-novembro.jpg\",\"datePublished\":\"2024-11-28T15:42:00+00:00\",\"dateModified\":\"2024-12-30T13:49:20+00:00\",\"description\":\"Fique por dentro das principais novidades de novembro no mercado do turismo corporativo. Acesse e confira as \u00faltimas atualiza\u00e7\u00f5es do setor.\",\"breadcrumb\":{\"@id\":\"https:\/\/dynamictravel.com.br\/blog\/principais-atualizacoes-do-mes-de-novembro-sobre-o-mercado-das-viagens-corporativas-3\/#breadcrumb\"},\"inLanguage\":\"pt-BR\",\"potentialAction\":[{\"@type\":\"ReadAction\",\"target\":[\"https:\/\/dynamictravel.com.br\/blog\/principais-atualizacoes-do-mes-de-novembro-sobre-o-mercado-das-viagens-corporativas-3\/\"]}]},{\"@type\":\"ImageObject\",\"inLanguage\":\"pt-BR\",\"@id\":\"https:\/\/dynamictravel.com.br\/blog\/principais-atualizacoes-do-mes-de-novembro-sobre-o-mercado-das-viagens-corporativas-3\/#primaryimage\",\"url\":\"https:\/\/dynamictravel.com.br\/blog\/wp-content\/uploads\/2024\/12\/compilado-do-mes-novembro.jpg\",\"contentUrl\":\"https:\/\/dynamictravel.com.br\/blog\/wp-content\/uploads\/2024\/12\/compilado-do-mes-novembro.jpg\",\"width\":1024,\"height\":1024,\"caption\":\"mo\u00e7a apontando para um quadro\"},{\"@type\":\"BreadcrumbList\",\"@id\":\"https:\/\/dynamictravel.com.br\/blog\/principais-atualizacoes-do-mes-de-novembro-sobre-o-mercado-das-viagens-corporativas-3\/#breadcrumb\",\"itemListElement\":[{\"@type\":\"ListItem\",\"position\":1,\"name\":\"In\u00edcio\",\"item\":\"https:\/\/dynamictravel.com.br\/blog\/\"},{\"@type\":\"ListItem\",\"position\":2,\"name\":\"Principais atualiza\u00e7\u00f5es do m\u00eas de novembro sobre o mercado das viagens corporativas\u202f\u00a0\"}]},{\"@type\":\"WebSite\",\"@id\":\"https:\/\/dynamictravel.com.br\/blog\/#website\",\"url\":\"https:\/\/dynamictravel.com.br\/blog\/\",\"name\":\"Blog Dynamic Travel\",\"description\":\"Ag\u00eancia de Viagens Corporativas\",\"publisher\":{\"@id\":\"https:\/\/dynamictravel.com.br\/blog\/#organization\"},\"potentialAction\":[{\"@type\":\"SearchAction\",\"target\":{\"@type\":\"EntryPoint\",\"urlTemplate\":\"https:\/\/dynamictravel.com.br\/blog\/?s={search_term_string}\"},\"query-input\":{\"@type\":\"PropertyValueSpecification\",\"valueRequired\":true,\"valueName\":\"search_term_string\"}}],\"inLanguage\":\"pt-BR\"},{\"@type\":\"Organization\",\"@id\":\"https:\/\/dynamictravel.com.br\/blog\/#organization\",\"name\":\"Blog Dynamic Travel\",\"url\":\"https:\/\/dynamictravel.com.br\/blog\/\",\"logo\":{\"@type\":\"ImageObject\",\"inLanguage\":\"pt-BR\",\"@id\":\"https:\/\/dynamictravel.com.br\/blog\/#\/schema\/logo\/image\/\",\"url\":\"https:\/\/dynamictravel.com.br\/blog\/wp-content\/uploads\/2024\/10\/logo-dynamic-travel.webp\",\"contentUrl\":\"https:\/\/dynamictravel.com.br\/blog\/wp-content\/uploads\/2024\/10\/logo-dynamic-travel.webp\",\"width\":320,\"height\":111,\"caption\":\"Blog Dynamic Travel\"},\"image\":{\"@id\":\"https:\/\/dynamictravel.com.br\/blog\/#\/schema\/logo\/image\/\"}},{\"@type\":\"Person\",\"@id\":\"https:\/\/dynamictravel.com.br\/blog\/#\/schema\/person\/e7178e0a0ffb297c221bb32117d9745f\",\"name\":\"Reda\u00e7\u00e3o Dynamic Travel\",\"image\":{\"@type\":\"ImageObject\",\"inLanguage\":\"pt-BR\",\"@id\":\"https:\/\/dynamictravel.com.br\/blog\/#\/schema\/person\/image\/\",\"url\":\"https:\/\/secure.gravatar.com\/avatar\/1eb4bf102438663c299bc91dd2b1095c?s=96&d=mm&r=g\",\"contentUrl\":\"https:\/\/secure.gravatar.com\/avatar\/1eb4bf102438663c299bc91dd2b1095c?s=96&d=mm&r=g\",\"caption\":\"Reda\u00e7\u00e3o Dynamic Travel\"},\"sameAs\":[\"https:\/\/dynamictravel.com.br\"],\"url\":\"https:\/\/dynamictravel.com.br\/blog\/author\/redacao\/\"}]}<\/script>\n<!-- \/ Yoast SEO plugin. -->","yoast_head_json":{"title":"Principais atualiza\u00e7\u00f5es do m\u00eas de novembro sobre o mercado das viagens corporativas\u202f\u00a0 - Blog Dynamic Travel","description":"Fique por dentro das principais novidades de novembro no mercado do turismo corporativo. Acesse e confira as \u00faltimas atualiza\u00e7\u00f5es do setor.","robots":{"index":"index","follow":"follow","max-snippet":"max-snippet:-1","max-image-preview":"max-image-preview:large","max-video-preview":"max-video-preview:-1"},"canonical":"https:\/\/dynamictravel.com.br\/blog\/principais-atualizacoes-do-mes-de-novembro-sobre-o-mercado-das-viagens-corporativas-3\/","og_locale":"pt_BR","og_type":"article","og_title":"Principais atualiza\u00e7\u00f5es do m\u00eas de novembro sobre o mercado das viagens corporativas\u202f\u00a0 - Blog Dynamic Travel","og_description":"Fique por dentro das principais novidades de novembro no mercado do turismo corporativo. Acesse e confira as \u00faltimas atualiza\u00e7\u00f5es do setor.","og_url":"https:\/\/dynamictravel.com.br\/blog\/principais-atualizacoes-do-mes-de-novembro-sobre-o-mercado-das-viagens-corporativas-3\/","og_site_name":"Blog Dynamic Travel","article_published_time":"2024-11-28T15:42:00+00:00","article_modified_time":"2024-12-30T13:49:20+00:00","og_image":[{"width":1024,"height":1024,"url":"https:\/\/dynamictravel.com.br\/blog\/wp-content\/uploads\/2024\/12\/compilado-do-mes-novembro.jpg","type":"image\/jpeg"}],"author":"Reda\u00e7\u00e3o Dynamic Travel","twitter_card":"summary_large_image","twitter_misc":{"Escrito por":"Reda\u00e7\u00e3o Dynamic Travel","Est. tempo de leitura":"4 minutos"},"schema":{"@context":"https:\/\/schema.org","@graph":[{"@type":"Article","@id":"https:\/\/dynamictravel.com.br\/blog\/principais-atualizacoes-do-mes-de-novembro-sobre-o-mercado-das-viagens-corporativas-3\/#article","isPartOf":{"@id":"https:\/\/dynamictravel.com.br\/blog\/principais-atualizacoes-do-mes-de-novembro-sobre-o-mercado-das-viagens-corporativas-3\/"},"author":{"name":"Reda\u00e7\u00e3o Dynamic Travel","@id":"https:\/\/dynamictravel.com.br\/blog\/#\/schema\/person\/e7178e0a0ffb297c221bb32117d9745f"},"headline":"Principais atualiza\u00e7\u00f5es do m\u00eas de novembro sobre o mercado das viagens corporativas\u202f\u00a0","datePublished":"2024-11-28T15:42:00+00:00","dateModified":"2024-12-30T13:49:20+00:00","mainEntityOfPage":{"@id":"https:\/\/dynamictravel.com.br\/blog\/principais-atualizacoes-do-mes-de-novembro-sobre-o-mercado-das-viagens-corporativas-3\/"},"wordCount":650,"commentCount":0,"publisher":{"@id":"https:\/\/dynamictravel.com.br\/blog\/#organization"},"image":{"@id":"https:\/\/dynamictravel.com.br\/blog\/principais-atualizacoes-do-mes-de-novembro-sobre-o-mercado-das-viagens-corporativas-3\/#primaryimage"},"thumbnailUrl":"https:\/\/dynamictravel.com.br\/blog\/wp-content\/uploads\/2024\/12\/compilado-do-mes-novembro.jpg","keywords":["agenciadeviagenscorporativas","mercadodoturismo","not\u00edcias","turismocorporativo","viagenscorporativas","viagensparaempresas"],"articleSection":["Mercado"],"inLanguage":"pt-BR","potentialAction":[{"@type":"CommentAction","name":"Comment","target":["https:\/\/dynamictravel.com.br\/blog\/principais-atualizacoes-do-mes-de-novembro-sobre-o-mercado-das-viagens-corporativas-3\/#respond"]}]},{"@type":"WebPage","@id":"https:\/\/dynamictravel.com.br\/blog\/principais-atualizacoes-do-mes-de-novembro-sobre-o-mercado-das-viagens-corporativas-3\/","url":"https:\/\/dynamictravel.com.br\/blog\/principais-atualizacoes-do-mes-de-novembro-sobre-o-mercado-das-viagens-corporativas-3\/","name":"Principais atualiza\u00e7\u00f5es do m\u00eas de novembro sobre o mercado das viagens corporativas\u202f\u00a0 - Blog Dynamic Travel","isPartOf":{"@id":"https:\/\/dynamictravel.com.br\/blog\/#website"},"primaryImageOfPage":{"@id":"https:\/\/dynamictravel.com.br\/blog\/principais-atualizacoes-do-mes-de-novembro-sobre-o-mercado-das-viagens-corporativas-3\/#primaryimage"},"image":{"@id":"https:\/\/dynamictravel.com.br\/blog\/principais-atualizacoes-do-mes-de-novembro-sobre-o-mercado-das-viagens-corporativas-3\/#primaryimage"},"thumbnailUrl":"https:\/\/dynamictravel.com.br\/blog\/wp-content\/uploads\/2024\/12\/compilado-do-mes-novembro.jpg","datePublished":"2024-11-28T15:42:00+00:00","dateModified":"2024-12-30T13:49:20+00:00","description":"Fique por dentro das principais novidades de novembro no mercado do turismo corporativo. Acesse e confira as \u00faltimas atualiza\u00e7\u00f5es do setor.","breadcrumb":{"@id":"https:\/\/dynamictravel.com.br\/blog\/principais-atualizacoes-do-mes-de-novembro-sobre-o-mercado-das-viagens-corporativas-3\/#breadcrumb"},"inLanguage":"pt-BR","potentialAction":[{"@type":"ReadAction","target":["https:\/\/dynamictravel.com.br\/blog\/principais-atualizacoes-do-mes-de-novembro-sobre-o-mercado-das-viagens-corporativas-3\/"]}]},{"@type":"ImageObject","inLanguage":"pt-BR","@id":"https:\/\/dynamictravel.com.br\/blog\/principais-atualizacoes-do-mes-de-novembro-sobre-o-mercado-das-viagens-corporativas-3\/#primaryimage","url":"https:\/\/dynamictravel.com.br\/blog\/wp-content\/uploads\/2024\/12\/compilado-do-mes-novembro.jpg","contentUrl":"https:\/\/dynamictravel.com.br\/blog\/wp-content\/uploads\/2024\/12\/compilado-do-mes-novembro.jpg","width":1024,"height":1024,"caption":"mo\u00e7a apontando para um quadro"},{"@type":"BreadcrumbList","@id":"https:\/\/dynamictravel.com.br\/blog\/principais-atualizacoes-do-mes-de-novembro-sobre-o-mercado-das-viagens-corporativas-3\/#breadcrumb","itemListElement":[{"@type":"ListItem","position":1,"name":"In\u00edcio","item":"https:\/\/dynamictravel.com.br\/blog\/"},{"@type":"ListItem","position":2,"name":"Principais atualiza\u00e7\u00f5es do m\u00eas de novembro sobre o mercado das viagens corporativas\u202f\u00a0"}]},{"@type":"WebSite","@id":"https:\/\/dynamictravel.com.br\/blog\/#website","url":"https:\/\/dynamictravel.com.br\/blog\/","name":"Blog Dynamic Travel","description":"Ag\u00eancia de Viagens Corporativas","publisher":{"@id":"https:\/\/dynamictravel.com.br\/blog\/#organization"},"potentialAction":[{"@type":"SearchAction","target":{"@type":"EntryPoint","urlTemplate":"https:\/\/dynamictravel.com.br\/blog\/?s={search_term_string}"},"query-input":{"@type":"PropertyValueSpecification","valueRequired":true,"valueName":"search_term_string"}}],"inLanguage":"pt-BR"},{"@type":"Organization","@id":"https:\/\/dynamictravel.com.br\/blog\/#organization","name":"Blog Dynamic Travel","url":"https:\/\/dynamictravel.com.br\/blog\/","logo":{"@type":"ImageObject","inLanguage":"pt-BR","@id":"https:\/\/dynamictravel.com.br\/blog\/#\/schema\/logo\/image\/","url":"https:\/\/dynamictravel.com.br\/blog\/wp-content\/uploads\/2024\/10\/logo-dynamic-travel.webp","contentUrl":"https:\/\/dynamictravel.com.br\/blog\/wp-content\/uploads\/2024\/10\/logo-dynamic-travel.webp","width":320,"height":111,"caption":"Blog Dynamic Travel"},"image":{"@id":"https:\/\/dynamictravel.com.br\/blog\/#\/schema\/logo\/image\/"}},{"@type":"Person","@id":"https:\/\/dynamictravel.com.br\/blog\/#\/schema\/person\/e7178e0a0ffb297c221bb32117d9745f","name":"Reda\u00e7\u00e3o Dynamic Travel","image":{"@type":"ImageObject","inLanguage":"pt-BR","@id":"https:\/\/dynamictravel.com.br\/blog\/#\/schema\/person\/image\/","url":"https:\/\/secure.gravatar.com\/avatar\/1eb4bf102438663c299bc91dd2b1095c?s=96&d=mm&r=g","contentUrl":"https:\/\/secure.gravatar.com\/avatar\/1eb4bf102438663c299bc91dd2b1095c?s=96&d=mm&r=g","caption":"Reda\u00e7\u00e3o Dynamic Travel"},"sameAs":["https:\/\/dynamictravel.com.br"],"url":"https:\/\/dynamictravel.com.br\/blog\/author\/redacao\/"}]}},"uagb_featured_image_src":{"full":["https:\/\/dynamictravel.com.br\/blog\/wp-content\/uploads\/2024\/12\/compilado-do-mes-novembro.jpg",1024,1024,false],"thumbnail":["https:\/\/dynamictravel.com.br\/blog\/wp-content\/uploads\/2024\/12\/compilado-do-mes-novembro-150x150.jpg",150,150,true],"medium":["https:\/\/dynamictravel.com.br\/blog\/wp-content\/uploads\/2024\/12\/compilado-do-mes-novembro-300x300.jpg",300,300,true],"medium_large":["https:\/\/dynamictravel.com.br\/blog\/wp-content\/uploads\/2024\/12\/compilado-do-mes-novembro-768x768.jpg",768,768,true],"large":["https:\/\/dynamictravel.com.br\/blog\/wp-content\/uploads\/2024\/12\/compilado-do-mes-novembro.jpg",1024,1024,false],"1536x1536":["https:\/\/dynamictravel.com.br\/blog\/wp-content\/uploads\/2024\/12\/compilado-do-mes-novembro.jpg",1024,1024,false],"2048x2048":["https:\/\/dynamictravel.com.br\/blog\/wp-content\/uploads\/2024\/12\/compilado-do-mes-novembro.jpg",1024,1024,false],"trp-custom-language-flag":["https:\/\/dynamictravel.com.br\/blog\/wp-content\/uploads\/2024\/12\/compilado-do-mes-novembro-12x12.jpg",12,12,true]},"uagb_author_info":{"display_name":"Reda\u00e7\u00e3o Dynamic Travel","author_link":"https:\/\/dynamictravel.com.br\/blog\/author\/redacao\/"},"uagb_comment_info":0,"uagb_excerpt":"Confira as principais not\u00edcias sobre o turismo corporativo!","_links":{"self":[{"href":"https:\/\/dynamictravel.com.br\/blog\/wp-json\/wp\/v2\/posts\/5408","targetHints":{"allow":["GET"]}}],"collection":[{"href":"https:\/\/dynamictravel.com.br\/blog\/wp-json\/wp\/v2\/posts"}],"about":[{"href":"https:\/\/dynamictravel.com.br\/blog\/wp-json\/wp\/v2\/types\/post"}],"author":[{"embeddable":true,"href":"https:\/\/dynamictravel.com.br\/blog\/wp-json\/wp\/v2\/users\/4"}],"replies":[{"embeddable":true,"href":"https:\/\/dynamictravel.com.br\/blog\/wp-json\/wp\/v2\/comments?post=5408"}],"version-history":[{"count":5,"href":"https:\/\/dynamictravel.com.br\/blog\/wp-json\/wp\/v2\/posts\/5408\/revisions"}],"predecessor-version":[{"id":5698,"href":"https:\/\/dynamictravel.com.br\/blog\/wp-json\/wp\/v2\/posts\/5408\/revisions\/5698"}],"wp:featuredmedia":[{"embeddable":true,"href":"https:\/\/dynamictravel.com.br\/blog\/wp-json\/wp\/v2\/media\/5409"}],"wp:attachment":[{"href":"https:\/\/dynamictravel.com.br\/blog\/wp-json\/wp\/v2\/media?parent=5408"}],"wp:term":[{"taxonomy":"category","embeddable":true,"href":"https:\/\/dynamictravel.com.br\/blog\/wp-json\/wp\/v2\/categories?post=5408"},{"taxonomy":"post_tag","embeddable":true,"href":"https:\/\/dynamictravel.com.br\/blog\/wp-json\/wp\/v2\/tags?post=5408"}],"curies":[{"name":"wp","href":"https:\/\/api.w.org\/{rel}","templated":true}]}}