{"id":5377,"date":"2024-10-31T11:26:00","date_gmt":"2024-10-31T14:26:00","guid":{"rendered":"https:\/\/dynamictravel.com.br\/blog\/?p=5377"},"modified":"2024-12-02T15:41:49","modified_gmt":"2024-12-02T18:41:49","slug":"principais-atualizacoes-do-mes-de-outubro-sobre-o-mercado-das-viagens-corporativas-3","status":"publish","type":"post","link":"https:\/\/dynamictravel.com.br\/blog\/principais-atualizacoes-do-mes-de-outubro-sobre-o-mercado-das-viagens-corporativas-3\/","title":{"rendered":"Principais atualiza\u00e7\u00f5es do m\u00eas de outubro sobre o mercado das viagens corporativas\u202f\u00a0"},"content":{"rendered":"\n<div class=\"wp-block-uagb-image aligncenter uagb-block-03bedb9e wp-block-uagb-image--layout-default wp-block-uagb-image--effect-static wp-block-uagb-image--align-center\"><figure class=\"wp-block-uagb-image__figure\"><img decoding=\"async\" src=\"https:\/\/dynamictravel.com.br\/blog\/wp-content\/uploads\/2024\/12\/foto-capa-blog-compilado-do-mes-de-Outubro-1024x1024.jpg\" alt=\"Caderno e uma caneta em cima de uma mesa, escrito principais atualiza\u00e7\u00f5es do m\u00eas de Outubro\" class=\"uag-image-5378\" width=\"1024\" height=\"1024\" title=\"principais-atualiza\u00e7\u00f5es-do-mes-de-outubro\" loading=\"lazy\" role=\"img\" \/><\/figure><\/div>\n\n\n\n<div class=\"wp-block-uagb-separator uagb-block-485c84f4\"><div class=\"uagb-separator-spacing-wrapper\"><div class=\"wp-block-uagb-separator__inner\" style=\"--my-background-image:\"><\/div><\/div><\/div>\n\n\n\n<p>Com o intuito de manter seus leitores sempre bem-informados, a Dynamic Travel publica regularmente, em seu <a href=\"https:\/\/dynamictravel.com.br\/blog\/introducao-a-politica-de-viagens\/\" target=\"_blank\" rel=\"noreferrer noopener\"><strong>site<\/strong><\/a>, as principais atualiza\u00e7\u00f5es do Brasil e do mundo relacionadas \u00e0s viagens corporativas.&nbsp;&nbsp;<\/p>\n\n\n\n<p>Confira a seguir o compilado de todas as mat\u00e9rias publicadas no m\u00eas de outubro.\u202f&nbsp;<\/p>\n\n\n\n<p>Para receber em primeira m\u00e3o todas as not\u00edcias, inscreva-se em nossa newsletter <a href=\"https:\/\/dynamictravel.com.br\/#blog\" target=\"_blank\" rel=\"noreferrer noopener\"><strong>clicando aqui.\u202f<\/strong><\/a>&nbsp;<\/p>\n\n\n\n<hr class=\"wp-block-separator has-alpha-channel-opacity is-style-default\" \/>\n\n\n\n<div class=\"wp-block-uagb-advanced-heading uagb-block-0c22f40a\"><h2 class=\"uagb-heading-text\"><strong><strong><strong>Localiza muda temporariamente de endere\u00e7o em Porto Alegre<\/strong>&nbsp;<\/strong><\/strong><\/h2><\/div>\n\n\n\n<div class=\"wp-block-uagb-separator uagb-block-2df8d896\"><div class=\"wp-block-uagb-separator__inner\" style=\"--my-background-image:\"><\/div><\/div>\n\n\n\n<p>O Aeroporto Salgado Filho, em Porto Alegre, reabriu oficialmente na sexta-feira (18) e, com isso, a Localiza mudou temporariamente o endere\u00e7o da sua ag\u00eancia, que est\u00e1 em reforma.&nbsp;&nbsp;<\/p>\n\n\n\n<p>A locadora de ve\u00edculos informou que a sua ag\u00eancia Aeroporto funcionar\u00e1 em outro endere\u00e7o para que a qualidade do atendimento se mantenha.&nbsp;<\/p>\n\n\n\n<p>A nova depend\u00eancia da empresa est\u00e1 localizada na Avenida dos Estados, 8 &#8211; Anchieta, Porto Alegre (RS).&nbsp;&nbsp;<\/p>\n\n\n\n<p>Com o objetivo de garantir a comodidade dos passageiros, a empresa disponibilizou uma van para descolamentos entre o novo endere\u00e7o e o aeroporto com tempo estimado de 5 minutos.&nbsp;&nbsp;<\/p>\n\n\n\n<p><strong>Para chegar ao novo endere\u00e7o, siga as orienta\u00e7\u00f5es abaixo:<\/strong>&nbsp;<\/p>\n\n\n\n<p>Vindo do centro de Porto Alegre:&nbsp;<\/p>\n\n\n\n<p>&#8211; Ao passar pelo endere\u00e7o da ag\u00eancia Localiza em reforma, continue na Av. dos Estados (sentido aeroporto Terminal 2).&nbsp;<\/p>\n\n\n\n<p>&#8211; Vire \u00e0 direita e passe em frente ao Terminal 2.&nbsp;<\/p>\n\n\n\n<p>&#8211; O acesso tempor\u00e1rio \u00e0 Localiza estar\u00e1 logo \u00e0 sua esquerda.&nbsp;<\/p>\n\n\n\n<p>Caso esteja retornando de Gramado, siga em dire\u00e7\u00e3o ao Terminal 2, e o acesso tempor\u00e1rio \u00e0 Localiza vai estar logo \u00e0 sua esquerda.&nbsp;<\/p>\n\n\n\n<p><strong>Fonte: Localiza<\/strong>&nbsp;<\/p>\n\n\n\n<p>(Publicado em: 22\/10\/2024)<\/p>\n\n\n\n<hr class=\"wp-block-separator has-alpha-channel-opacity\" \/>\n\n\n\n<div class=\"wp-block-uagb-advanced-heading uagb-block-51b5a644\"><h2 class=\"uagb-heading-text\"><strong><strong>Frente fria traz fortes ventos e chuvas \u00e0 regi\u00e3o Sudeste<\/strong>&nbsp;<\/strong><\/h2><\/div>\n\n\n\n<div class=\"wp-block-uagb-separator uagb-block-3fe116ec\"><div class=\"wp-block-uagb-separator__inner\" style=\"--my-background-image:\"><\/div><\/div>\n\n\n\n<p>Informamos que h\u00e1 uma frente fria se aproximando, trazendo fortes chuvas e ventos \u00e0 regi\u00e3o Sudeste, especialmente nos estados do Rio de Janeiro, Minas Gerais e S\u00e3o Paulo, sendo este \u00faltimo o mais afetado.&nbsp;&nbsp;<\/p>\n\n\n\n<p>A previs\u00e3o \u00e9 que os temporais ocorram nos dias 18, 19 e 20 de outubro.&nbsp;<\/p>\n\n\n\n<p>Para garantir a seguran\u00e7a de nossos viajantes, recomendamos as seguintes medidas:&nbsp;<\/p>\n\n\n\n<ol class=\"wp-block-list\">\n<li>Evite contato com objetos ligados \u00e0 rede el\u00e9trica;<\/li>\n\n\n\n<li>Mantenha-se longe de objetos altos e isolados, como \u00e1rvores, postes, antenas e caixas d&#8217;\u00e1gua;<\/li>\n\n\n\n<li>Procure abrigo em locais seguros como casas ou edif\u00edcios;<\/li>\n\n\n\n<li>Evite \u00e1reas abertas como estacionamentos, rodovias e praias;<\/li>\n\n\n\n<li>Evite dirigir, por\u00e9m se realmente for necess\u00e1rio fa\u00e7a-o com cautela extra e com menor velocidade.<\/li>\n<\/ol>\n\n\n\n<p><strong>Fontes: CNN Brasil e Prefeitura de Cerquilho (SP)<\/strong>&nbsp;<\/p>\n\n\n\n<p>(Publicado em: 18\/10\/2024)&nbsp;<\/p>\n\n\n\n<hr class=\"wp-block-separator has-alpha-channel-opacity\" \/>\n\n\n\n<div class=\"wp-block-uagb-advanced-heading uagb-block-d673f540\"><h2 class=\"uagb-heading-text\"><strong><strong>Latam e Gol implementam novas regras e valores em bagagens<\/strong>\u00a0 <\/strong><\/h2><\/div>\n\n\n\n<div class=\"wp-block-uagb-separator uagb-block-fe7ffe6a\"><div class=\"uagb-separator-spacing-wrapper\"><div class=\"wp-block-uagb-separator__inner\" style=\"--my-background-image:\"><\/div><\/div><\/div>\n\n\n\n<p>Nesta quarta-feira (9), passou a valer a mudan\u00e7a de categoria de bagagens da companhia a\u00e9rea latam que s\u00e3o transportadas a bordo em suas aeronaves no Brasil. A modifica\u00e7\u00e3o \u00e9 direcionada para alguns voos internacionais e prev\u00ea a inclus\u00e3o de uma nova categoria de bagagem, denominada como \u201citem pessoal\u201d, dentro das fam\u00edlias tarif\u00e1rias.&nbsp;&nbsp;<\/p>\n\n\n\n<p>As categorias foram divididas da seguinte maneira:&nbsp;<\/p>\n\n\n\n<p>Item pessoal: bolsa ou mochila com medidas m\u00e1ximas de 45 cm x 35 cm x 20 cm, a qual ser\u00e1 transportada na cabine, embaixo do assento \u00e0 frente, com peso m\u00e1ximo de 10 kg.&nbsp;<\/p>\n\n\n\n<p>Mala pequena: a mala precisa contar com medidas m\u00e1ximas de 55 cm x 35 cm x 25 cm, transportada na cabine. Com rela\u00e7\u00e3o ao peso, poder\u00e1 conter no m\u00e1ximo 12 kg em todas as rotas com origem no Brasil.&nbsp;<\/p>\n\n\n\n<p>Bagagem despachada: mala com medidas m\u00e1ximas de 158 cm lineares, somando altura, comprimento e largura. O peso m\u00e1ximo para esta bagagem \u00e9 de 23 kg e deve ser entregue obrigatoriamente ao balc\u00e3o da companhia a\u00e9rea no aeroporto.&nbsp;<\/p>\n\n\n\n<p>A Latam tamb\u00e9m incluiu uma classe tarif\u00e1ria intitulada Basic, para algumas rotas internacionais com origem no Brasil. Nessa tarifa, o viajante s\u00f3 poder\u00e1 embarcar no voo com um item pessoal.&nbsp;&nbsp;<\/p>\n\n\n\n<p>J\u00e1 a empresa a\u00e9rea Gol realizou altera\u00e7\u00e3o nos pre\u00e7os das bagagens despachadas em destinos nacionais e internacionais, contendo tr\u00eas tipos de tarifas dispon\u00edveis, sendo elas:&nbsp;<\/p>\n\n\n\n<p>&#8211; A tarifa mais baixa para quem reservar a bagagem despachada at\u00e9 48 horas com anteced\u00eancia do voo;&nbsp;<\/p>\n\n\n\n<p>&#8211; Valor mediano para o passageiro que comprar dentro das 48 horas antes do embarque e pela internet;&nbsp;<\/p>\n\n\n\n<p>&#8211; Taxa mais alta para o viajante que comprar direto no balc\u00e3o da companhia a\u00e9rea.&nbsp;<\/p>\n\n\n\n<p><strong>Fonte: Panrotas<\/strong>&nbsp;<\/p>\n\n\n\n<p>(Publicado em: 11\/10\/2024)&nbsp;<\/p>\n","protected":false},"excerpt":{"rendered":"<p>Confira as principais not\u00edcias sobre o turismo corporativo.<\/p>\n","protected":false},"author":4,"featured_media":5378,"comment_status":"open","ping_status":"open","sticky":false,"template":"","format":"standard","meta":{"_uag_custom_page_level_css":"","site-sidebar-layout":"default","site-content-layout":"","ast-site-content-layout":"","site-content-style":"default","site-sidebar-style":"default","ast-global-header-display":"","ast-banner-title-visibility":"","ast-main-header-display":"","ast-hfb-above-header-display":"","ast-hfb-below-header-display":"","ast-hfb-mobile-header-display":"","site-post-title":"","ast-breadcrumbs-content":"","ast-featured-img":"","footer-sml-layout":"","theme-transparent-header-meta":"","adv-header-id-meta":"","stick-header-meta":"","header-above-stick-meta":"","header-main-stick-meta":"","header-below-stick-meta":"","astra-migrate-meta-layouts":"default","ast-page-background-enabled":"default","ast-page-background-meta":{"desktop":{"background-color":"var(--ast-global-color-4)","background-image":"","background-repeat":"repeat","background-position":"center center","background-size":"auto","background-attachment":"scroll","background-type":"","background-media":"","overlay-type":"","overlay-color":"","overlay-opacity":"","overlay-gradient":""},"tablet":{"background-color":"","background-image":"","background-repeat":"repeat","background-position":"center center","background-size":"auto","background-attachment":"scroll","background-type":"","background-media":"","overlay-type":"","overlay-color":"","overlay-opacity":"","overlay-gradient":""},"mobile":{"background-color":"","background-image":"","background-repeat":"repeat","background-position":"center center","background-size":"auto","background-attachment":"scroll","background-type":"","background-media":"","overlay-type":"","overlay-color":"","overlay-opacity":"","overlay-gradient":""}},"ast-content-background-meta":{"desktop":{"background-color":"var(--ast-global-color-5)","background-image":"","background-repeat":"repeat","background-position":"center center","background-size":"auto","background-attachment":"scroll","background-type":"","background-media":"","overlay-type":"","overlay-color":"","overlay-opacity":"","overlay-gradient":""},"tablet":{"background-color":"var(--ast-global-color-5)","background-image":"","background-repeat":"repeat","background-position":"center center","background-size":"auto","background-attachment":"scroll","background-type":"","background-media":"","overlay-type":"","overlay-color":"","overlay-opacity":"","overlay-gradient":""},"mobile":{"background-color":"var(--ast-global-color-5)","background-image":"","background-repeat":"repeat","background-position":"center center","background-size":"auto","background-attachment":"scroll","background-type":"","background-media":"","overlay-type":"","overlay-color":"","overlay-opacity":"","overlay-gradient":""}},"footnotes":""},"categories":[3],"tags":[31,208,221,209,22,14,32],"class_list":["post-5377","post","type-post","status-publish","format-standard","has-post-thumbnail","hentry","category-mercado","tag-agenciadeviagenscorporativas","tag-atualizacoes","tag-principaisnoticias","tag-tendencias","tag-turismocorporativo","tag-viagenscorporativas","tag-viagensparaempresas"],"yoast_head":"<!-- This site is optimized with the Yoast SEO plugin v24.4 - https:\/\/yoast.com\/wordpress\/plugins\/seo\/ -->\n<title>Principais atualiza\u00e7\u00f5es do m\u00eas de outubro sobre o mercado das viagens corporativas\u202f\u00a0 - Blog Dynamic Travel<\/title>\n<meta name=\"description\" content=\"Fique por dentro das principais novidades de Outubro no mercado do turismo corporativo. Acesse e confira as \u00faltimas atualiza\u00e7\u00f5es do setor!\" \/>\n<meta name=\"robots\" content=\"index, follow, max-snippet:-1, max-image-preview:large, max-video-preview:-1\" \/>\n<link rel=\"canonical\" href=\"https:\/\/dynamictravel.com.br\/blog\/principais-atualizacoes-do-mes-de-outubro-sobre-o-mercado-das-viagens-corporativas-3\/\" \/>\n<meta property=\"og:locale\" content=\"pt_BR\" \/>\n<meta property=\"og:type\" content=\"article\" \/>\n<meta property=\"og:title\" content=\"Principais atualiza\u00e7\u00f5es do m\u00eas de outubro sobre o mercado das viagens corporativas\u202f\u00a0 - Blog Dynamic Travel\" \/>\n<meta property=\"og:description\" content=\"Fique por dentro das principais novidades de Outubro no mercado do turismo corporativo. Acesse e confira as \u00faltimas atualiza\u00e7\u00f5es do setor!\" \/>\n<meta property=\"og:url\" content=\"https:\/\/dynamictravel.com.br\/blog\/principais-atualizacoes-do-mes-de-outubro-sobre-o-mercado-das-viagens-corporativas-3\/\" \/>\n<meta property=\"og:site_name\" content=\"Blog Dynamic Travel\" \/>\n<meta property=\"article:published_time\" content=\"2024-10-31T14:26:00+00:00\" \/>\n<meta property=\"article:modified_time\" content=\"2024-12-02T18:41:49+00:00\" \/>\n<meta property=\"og:image\" content=\"https:\/\/dynamictravel.com.br\/blog\/wp-content\/uploads\/2024\/12\/foto-capa-blog-compilado-do-mes-de-Outubro.jpg\" \/>\n\t<meta property=\"og:image:width\" content=\"1600\" \/>\n\t<meta property=\"og:image:height\" content=\"1600\" \/>\n\t<meta property=\"og:image:type\" content=\"image\/jpeg\" \/>\n<meta name=\"author\" content=\"Reda\u00e7\u00e3o Dynamic Travel\" \/>\n<meta name=\"twitter:card\" content=\"summary_large_image\" \/>\n<meta name=\"twitter:label1\" content=\"Escrito por\" \/>\n\t<meta name=\"twitter:data1\" content=\"Reda\u00e7\u00e3o Dynamic Travel\" \/>\n\t<meta name=\"twitter:label2\" content=\"Est. tempo de leitura\" \/>\n\t<meta name=\"twitter:data2\" content=\"5 minutos\" \/>\n<script type=\"application\/ld+json\" class=\"yoast-schema-graph\">{\"@context\":\"https:\/\/schema.org\",\"@graph\":[{\"@type\":\"Article\",\"@id\":\"https:\/\/dynamictravel.com.br\/blog\/principais-atualizacoes-do-mes-de-outubro-sobre-o-mercado-das-viagens-corporativas-3\/#article\",\"isPartOf\":{\"@id\":\"https:\/\/dynamictravel.com.br\/blog\/principais-atualizacoes-do-mes-de-outubro-sobre-o-mercado-das-viagens-corporativas-3\/\"},\"author\":{\"name\":\"Reda\u00e7\u00e3o Dynamic Travel\",\"@id\":\"https:\/\/dynamictravel.com.br\/blog\/#\/schema\/person\/e7178e0a0ffb297c221bb32117d9745f\"},\"headline\":\"Principais atualiza\u00e7\u00f5es do m\u00eas de outubro sobre o mercado das viagens corporativas\u202f\u00a0\",\"datePublished\":\"2024-10-31T14:26:00+00:00\",\"dateModified\":\"2024-12-02T18:41:49+00:00\",\"mainEntityOfPage\":{\"@id\":\"https:\/\/dynamictravel.com.br\/blog\/principais-atualizacoes-do-mes-de-outubro-sobre-o-mercado-das-viagens-corporativas-3\/\"},\"wordCount\":744,\"commentCount\":0,\"publisher\":{\"@id\":\"https:\/\/dynamictravel.com.br\/blog\/#organization\"},\"image\":{\"@id\":\"https:\/\/dynamictravel.com.br\/blog\/principais-atualizacoes-do-mes-de-outubro-sobre-o-mercado-das-viagens-corporativas-3\/#primaryimage\"},\"thumbnailUrl\":\"https:\/\/dynamictravel.com.br\/blog\/wp-content\/uploads\/2024\/12\/foto-capa-blog-compilado-do-mes-de-Outubro.jpg\",\"keywords\":[\"agenciadeviagenscorporativas\",\"atualiza\u00e7\u00f5es\",\"principaisnot\u00edcias\",\"tend\u00eancias\",\"turismocorporativo\",\"viagenscorporativas\",\"viagensparaempresas\"],\"articleSection\":[\"Mercado\"],\"inLanguage\":\"pt-BR\",\"potentialAction\":[{\"@type\":\"CommentAction\",\"name\":\"Comment\",\"target\":[\"https:\/\/dynamictravel.com.br\/blog\/principais-atualizacoes-do-mes-de-outubro-sobre-o-mercado-das-viagens-corporativas-3\/#respond\"]}]},{\"@type\":\"WebPage\",\"@id\":\"https:\/\/dynamictravel.com.br\/blog\/principais-atualizacoes-do-mes-de-outubro-sobre-o-mercado-das-viagens-corporativas-3\/\",\"url\":\"https:\/\/dynamictravel.com.br\/blog\/principais-atualizacoes-do-mes-de-outubro-sobre-o-mercado-das-viagens-corporativas-3\/\",\"name\":\"Principais atualiza\u00e7\u00f5es do m\u00eas de outubro sobre o mercado das viagens corporativas\u202f\u00a0 - Blog Dynamic Travel\",\"isPartOf\":{\"@id\":\"https:\/\/dynamictravel.com.br\/blog\/#website\"},\"primaryImageOfPage\":{\"@id\":\"https:\/\/dynamictravel.com.br\/blog\/principais-atualizacoes-do-mes-de-outubro-sobre-o-mercado-das-viagens-corporativas-3\/#primaryimage\"},\"image\":{\"@id\":\"https:\/\/dynamictravel.com.br\/blog\/principais-atualizacoes-do-mes-de-outubro-sobre-o-mercado-das-viagens-corporativas-3\/#primaryimage\"},\"thumbnailUrl\":\"https:\/\/dynamictravel.com.br\/blog\/wp-content\/uploads\/2024\/12\/foto-capa-blog-compilado-do-mes-de-Outubro.jpg\",\"datePublished\":\"2024-10-31T14:26:00+00:00\",\"dateModified\":\"2024-12-02T18:41:49+00:00\",\"description\":\"Fique por dentro das principais novidades de Outubro no mercado do turismo corporativo. Acesse e confira as \u00faltimas atualiza\u00e7\u00f5es do setor!\",\"breadcrumb\":{\"@id\":\"https:\/\/dynamictravel.com.br\/blog\/principais-atualizacoes-do-mes-de-outubro-sobre-o-mercado-das-viagens-corporativas-3\/#breadcrumb\"},\"inLanguage\":\"pt-BR\",\"potentialAction\":[{\"@type\":\"ReadAction\",\"target\":[\"https:\/\/dynamictravel.com.br\/blog\/principais-atualizacoes-do-mes-de-outubro-sobre-o-mercado-das-viagens-corporativas-3\/\"]}]},{\"@type\":\"ImageObject\",\"inLanguage\":\"pt-BR\",\"@id\":\"https:\/\/dynamictravel.com.br\/blog\/principais-atualizacoes-do-mes-de-outubro-sobre-o-mercado-das-viagens-corporativas-3\/#primaryimage\",\"url\":\"https:\/\/dynamictravel.com.br\/blog\/wp-content\/uploads\/2024\/12\/foto-capa-blog-compilado-do-mes-de-Outubro.jpg\",\"contentUrl\":\"https:\/\/dynamictravel.com.br\/blog\/wp-content\/uploads\/2024\/12\/foto-capa-blog-compilado-do-mes-de-Outubro.jpg\",\"width\":1600,\"height\":1600,\"caption\":\"Principais noticias do m\u00eas de outubro sobre o mercado de viagens corporativas\"},{\"@type\":\"BreadcrumbList\",\"@id\":\"https:\/\/dynamictravel.com.br\/blog\/principais-atualizacoes-do-mes-de-outubro-sobre-o-mercado-das-viagens-corporativas-3\/#breadcrumb\",\"itemListElement\":[{\"@type\":\"ListItem\",\"position\":1,\"name\":\"In\u00edcio\",\"item\":\"https:\/\/dynamictravel.com.br\/blog\/\"},{\"@type\":\"ListItem\",\"position\":2,\"name\":\"Principais atualiza\u00e7\u00f5es do m\u00eas de outubro sobre o mercado das viagens corporativas\u202f\u00a0\"}]},{\"@type\":\"WebSite\",\"@id\":\"https:\/\/dynamictravel.com.br\/blog\/#website\",\"url\":\"https:\/\/dynamictravel.com.br\/blog\/\",\"name\":\"Blog Dynamic Travel\",\"description\":\"Ag\u00eancia de Viagens Corporativas\",\"publisher\":{\"@id\":\"https:\/\/dynamictravel.com.br\/blog\/#organization\"},\"potentialAction\":[{\"@type\":\"SearchAction\",\"target\":{\"@type\":\"EntryPoint\",\"urlTemplate\":\"https:\/\/dynamictravel.com.br\/blog\/?s={search_term_string}\"},\"query-input\":{\"@type\":\"PropertyValueSpecification\",\"valueRequired\":true,\"valueName\":\"search_term_string\"}}],\"inLanguage\":\"pt-BR\"},{\"@type\":\"Organization\",\"@id\":\"https:\/\/dynamictravel.com.br\/blog\/#organization\",\"name\":\"Blog Dynamic Travel\",\"url\":\"https:\/\/dynamictravel.com.br\/blog\/\",\"logo\":{\"@type\":\"ImageObject\",\"inLanguage\":\"pt-BR\",\"@id\":\"https:\/\/dynamictravel.com.br\/blog\/#\/schema\/logo\/image\/\",\"url\":\"https:\/\/dynamictravel.com.br\/blog\/wp-content\/uploads\/2024\/10\/logo-dynamic-travel.webp\",\"contentUrl\":\"https:\/\/dynamictravel.com.br\/blog\/wp-content\/uploads\/2024\/10\/logo-dynamic-travel.webp\",\"width\":320,\"height\":111,\"caption\":\"Blog Dynamic Travel\"},\"image\":{\"@id\":\"https:\/\/dynamictravel.com.br\/blog\/#\/schema\/logo\/image\/\"}},{\"@type\":\"Person\",\"@id\":\"https:\/\/dynamictravel.com.br\/blog\/#\/schema\/person\/e7178e0a0ffb297c221bb32117d9745f\",\"name\":\"Reda\u00e7\u00e3o Dynamic Travel\",\"image\":{\"@type\":\"ImageObject\",\"inLanguage\":\"pt-BR\",\"@id\":\"https:\/\/dynamictravel.com.br\/blog\/#\/schema\/person\/image\/\",\"url\":\"https:\/\/secure.gravatar.com\/avatar\/1eb4bf102438663c299bc91dd2b1095c?s=96&d=mm&r=g\",\"contentUrl\":\"https:\/\/secure.gravatar.com\/avatar\/1eb4bf102438663c299bc91dd2b1095c?s=96&d=mm&r=g\",\"caption\":\"Reda\u00e7\u00e3o Dynamic Travel\"},\"sameAs\":[\"https:\/\/dynamictravel.com.br\"],\"url\":\"https:\/\/dynamictravel.com.br\/blog\/author\/redacao\/\"}]}<\/script>\n<!-- \/ Yoast SEO plugin. -->","yoast_head_json":{"title":"Principais atualiza\u00e7\u00f5es do m\u00eas de outubro sobre o mercado das viagens corporativas\u202f\u00a0 - Blog Dynamic Travel","description":"Fique por dentro das principais novidades de Outubro no mercado do turismo corporativo. Acesse e confira as \u00faltimas atualiza\u00e7\u00f5es do setor!","robots":{"index":"index","follow":"follow","max-snippet":"max-snippet:-1","max-image-preview":"max-image-preview:large","max-video-preview":"max-video-preview:-1"},"canonical":"https:\/\/dynamictravel.com.br\/blog\/principais-atualizacoes-do-mes-de-outubro-sobre-o-mercado-das-viagens-corporativas-3\/","og_locale":"pt_BR","og_type":"article","og_title":"Principais atualiza\u00e7\u00f5es do m\u00eas de outubro sobre o mercado das viagens corporativas\u202f\u00a0 - Blog Dynamic Travel","og_description":"Fique por dentro das principais novidades de Outubro no mercado do turismo corporativo. Acesse e confira as \u00faltimas atualiza\u00e7\u00f5es do setor!","og_url":"https:\/\/dynamictravel.com.br\/blog\/principais-atualizacoes-do-mes-de-outubro-sobre-o-mercado-das-viagens-corporativas-3\/","og_site_name":"Blog Dynamic Travel","article_published_time":"2024-10-31T14:26:00+00:00","article_modified_time":"2024-12-02T18:41:49+00:00","og_image":[{"width":1600,"height":1600,"url":"https:\/\/dynamictravel.com.br\/blog\/wp-content\/uploads\/2024\/12\/foto-capa-blog-compilado-do-mes-de-Outubro.jpg","type":"image\/jpeg"}],"author":"Reda\u00e7\u00e3o Dynamic Travel","twitter_card":"summary_large_image","twitter_misc":{"Escrito por":"Reda\u00e7\u00e3o Dynamic Travel","Est. tempo de leitura":"5 minutos"},"schema":{"@context":"https:\/\/schema.org","@graph":[{"@type":"Article","@id":"https:\/\/dynamictravel.com.br\/blog\/principais-atualizacoes-do-mes-de-outubro-sobre-o-mercado-das-viagens-corporativas-3\/#article","isPartOf":{"@id":"https:\/\/dynamictravel.com.br\/blog\/principais-atualizacoes-do-mes-de-outubro-sobre-o-mercado-das-viagens-corporativas-3\/"},"author":{"name":"Reda\u00e7\u00e3o Dynamic Travel","@id":"https:\/\/dynamictravel.com.br\/blog\/#\/schema\/person\/e7178e0a0ffb297c221bb32117d9745f"},"headline":"Principais atualiza\u00e7\u00f5es do m\u00eas de outubro sobre o mercado das viagens corporativas\u202f\u00a0","datePublished":"2024-10-31T14:26:00+00:00","dateModified":"2024-12-02T18:41:49+00:00","mainEntityOfPage":{"@id":"https:\/\/dynamictravel.com.br\/blog\/principais-atualizacoes-do-mes-de-outubro-sobre-o-mercado-das-viagens-corporativas-3\/"},"wordCount":744,"commentCount":0,"publisher":{"@id":"https:\/\/dynamictravel.com.br\/blog\/#organization"},"image":{"@id":"https:\/\/dynamictravel.com.br\/blog\/principais-atualizacoes-do-mes-de-outubro-sobre-o-mercado-das-viagens-corporativas-3\/#primaryimage"},"thumbnailUrl":"https:\/\/dynamictravel.com.br\/blog\/wp-content\/uploads\/2024\/12\/foto-capa-blog-compilado-do-mes-de-Outubro.jpg","keywords":["agenciadeviagenscorporativas","atualiza\u00e7\u00f5es","principaisnot\u00edcias","tend\u00eancias","turismocorporativo","viagenscorporativas","viagensparaempresas"],"articleSection":["Mercado"],"inLanguage":"pt-BR","potentialAction":[{"@type":"CommentAction","name":"Comment","target":["https:\/\/dynamictravel.com.br\/blog\/principais-atualizacoes-do-mes-de-outubro-sobre-o-mercado-das-viagens-corporativas-3\/#respond"]}]},{"@type":"WebPage","@id":"https:\/\/dynamictravel.com.br\/blog\/principais-atualizacoes-do-mes-de-outubro-sobre-o-mercado-das-viagens-corporativas-3\/","url":"https:\/\/dynamictravel.com.br\/blog\/principais-atualizacoes-do-mes-de-outubro-sobre-o-mercado-das-viagens-corporativas-3\/","name":"Principais atualiza\u00e7\u00f5es do m\u00eas de outubro sobre o mercado das viagens corporativas\u202f\u00a0 - Blog Dynamic Travel","isPartOf":{"@id":"https:\/\/dynamictravel.com.br\/blog\/#website"},"primaryImageOfPage":{"@id":"https:\/\/dynamictravel.com.br\/blog\/principais-atualizacoes-do-mes-de-outubro-sobre-o-mercado-das-viagens-corporativas-3\/#primaryimage"},"image":{"@id":"https:\/\/dynamictravel.com.br\/blog\/principais-atualizacoes-do-mes-de-outubro-sobre-o-mercado-das-viagens-corporativas-3\/#primaryimage"},"thumbnailUrl":"https:\/\/dynamictravel.com.br\/blog\/wp-content\/uploads\/2024\/12\/foto-capa-blog-compilado-do-mes-de-Outubro.jpg","datePublished":"2024-10-31T14:26:00+00:00","dateModified":"2024-12-02T18:41:49+00:00","description":"Fique por dentro das principais novidades de Outubro no mercado do turismo corporativo. Acesse e confira as \u00faltimas atualiza\u00e7\u00f5es do setor!","breadcrumb":{"@id":"https:\/\/dynamictravel.com.br\/blog\/principais-atualizacoes-do-mes-de-outubro-sobre-o-mercado-das-viagens-corporativas-3\/#breadcrumb"},"inLanguage":"pt-BR","potentialAction":[{"@type":"ReadAction","target":["https:\/\/dynamictravel.com.br\/blog\/principais-atualizacoes-do-mes-de-outubro-sobre-o-mercado-das-viagens-corporativas-3\/"]}]},{"@type":"ImageObject","inLanguage":"pt-BR","@id":"https:\/\/dynamictravel.com.br\/blog\/principais-atualizacoes-do-mes-de-outubro-sobre-o-mercado-das-viagens-corporativas-3\/#primaryimage","url":"https:\/\/dynamictravel.com.br\/blog\/wp-content\/uploads\/2024\/12\/foto-capa-blog-compilado-do-mes-de-Outubro.jpg","contentUrl":"https:\/\/dynamictravel.com.br\/blog\/wp-content\/uploads\/2024\/12\/foto-capa-blog-compilado-do-mes-de-Outubro.jpg","width":1600,"height":1600,"caption":"Principais noticias do m\u00eas de outubro sobre o mercado de viagens corporativas"},{"@type":"BreadcrumbList","@id":"https:\/\/dynamictravel.com.br\/blog\/principais-atualizacoes-do-mes-de-outubro-sobre-o-mercado-das-viagens-corporativas-3\/#breadcrumb","itemListElement":[{"@type":"ListItem","position":1,"name":"In\u00edcio","item":"https:\/\/dynamictravel.com.br\/blog\/"},{"@type":"ListItem","position":2,"name":"Principais atualiza\u00e7\u00f5es do m\u00eas de outubro sobre o mercado das viagens corporativas\u202f\u00a0"}]},{"@type":"WebSite","@id":"https:\/\/dynamictravel.com.br\/blog\/#website","url":"https:\/\/dynamictravel.com.br\/blog\/","name":"Blog Dynamic Travel","description":"Ag\u00eancia de Viagens Corporativas","publisher":{"@id":"https:\/\/dynamictravel.com.br\/blog\/#organization"},"potentialAction":[{"@type":"SearchAction","target":{"@type":"EntryPoint","urlTemplate":"https:\/\/dynamictravel.com.br\/blog\/?s={search_term_string}"},"query-input":{"@type":"PropertyValueSpecification","valueRequired":true,"valueName":"search_term_string"}}],"inLanguage":"pt-BR"},{"@type":"Organization","@id":"https:\/\/dynamictravel.com.br\/blog\/#organization","name":"Blog Dynamic Travel","url":"https:\/\/dynamictravel.com.br\/blog\/","logo":{"@type":"ImageObject","inLanguage":"pt-BR","@id":"https:\/\/dynamictravel.com.br\/blog\/#\/schema\/logo\/image\/","url":"https:\/\/dynamictravel.com.br\/blog\/wp-content\/uploads\/2024\/10\/logo-dynamic-travel.webp","contentUrl":"https:\/\/dynamictravel.com.br\/blog\/wp-content\/uploads\/2024\/10\/logo-dynamic-travel.webp","width":320,"height":111,"caption":"Blog Dynamic Travel"},"image":{"@id":"https:\/\/dynamictravel.com.br\/blog\/#\/schema\/logo\/image\/"}},{"@type":"Person","@id":"https:\/\/dynamictravel.com.br\/blog\/#\/schema\/person\/e7178e0a0ffb297c221bb32117d9745f","name":"Reda\u00e7\u00e3o Dynamic Travel","image":{"@type":"ImageObject","inLanguage":"pt-BR","@id":"https:\/\/dynamictravel.com.br\/blog\/#\/schema\/person\/image\/","url":"https:\/\/secure.gravatar.com\/avatar\/1eb4bf102438663c299bc91dd2b1095c?s=96&d=mm&r=g","contentUrl":"https:\/\/secure.gravatar.com\/avatar\/1eb4bf102438663c299bc91dd2b1095c?s=96&d=mm&r=g","caption":"Reda\u00e7\u00e3o Dynamic Travel"},"sameAs":["https:\/\/dynamictravel.com.br"],"url":"https:\/\/dynamictravel.com.br\/blog\/author\/redacao\/"}]}},"uagb_featured_image_src":{"full":["https:\/\/dynamictravel.com.br\/blog\/wp-content\/uploads\/2024\/12\/foto-capa-blog-compilado-do-mes-de-Outubro.jpg",1600,1600,false],"thumbnail":["https:\/\/dynamictravel.com.br\/blog\/wp-content\/uploads\/2024\/12\/foto-capa-blog-compilado-do-mes-de-Outubro-150x150.jpg",150,150,true],"medium":["https:\/\/dynamictravel.com.br\/blog\/wp-content\/uploads\/2024\/12\/foto-capa-blog-compilado-do-mes-de-Outubro-300x300.jpg",300,300,true],"medium_large":["https:\/\/dynamictravel.com.br\/blog\/wp-content\/uploads\/2024\/12\/foto-capa-blog-compilado-do-mes-de-Outubro-768x768.jpg",768,768,true],"large":["https:\/\/dynamictravel.com.br\/blog\/wp-content\/uploads\/2024\/12\/foto-capa-blog-compilado-do-mes-de-Outubro-1024x1024.jpg",1024,1024,true],"1536x1536":["https:\/\/dynamictravel.com.br\/blog\/wp-content\/uploads\/2024\/12\/foto-capa-blog-compilado-do-mes-de-Outubro-1536x1536.jpg",1536,1536,true],"2048x2048":["https:\/\/dynamictravel.com.br\/blog\/wp-content\/uploads\/2024\/12\/foto-capa-blog-compilado-do-mes-de-Outubro.jpg",1600,1600,false],"trp-custom-language-flag":["https:\/\/dynamictravel.com.br\/blog\/wp-content\/uploads\/2024\/12\/foto-capa-blog-compilado-do-mes-de-Outubro-12x12.jpg",12,12,true]},"uagb_author_info":{"display_name":"Reda\u00e7\u00e3o Dynamic Travel","author_link":"https:\/\/dynamictravel.com.br\/blog\/author\/redacao\/"},"uagb_comment_info":0,"uagb_excerpt":"Confira as principais not\u00edcias sobre o turismo corporativo.","_links":{"self":[{"href":"https:\/\/dynamictravel.com.br\/blog\/wp-json\/wp\/v2\/posts\/5377","targetHints":{"allow":["GET"]}}],"collection":[{"href":"https:\/\/dynamictravel.com.br\/blog\/wp-json\/wp\/v2\/posts"}],"about":[{"href":"https:\/\/dynamictravel.com.br\/blog\/wp-json\/wp\/v2\/types\/post"}],"author":[{"embeddable":true,"href":"https:\/\/dynamictravel.com.br\/blog\/wp-json\/wp\/v2\/users\/4"}],"replies":[{"embeddable":true,"href":"https:\/\/dynamictravel.com.br\/blog\/wp-json\/wp\/v2\/comments?post=5377"}],"version-history":[{"count":5,"href":"https:\/\/dynamictravel.com.br\/blog\/wp-json\/wp\/v2\/posts\/5377\/revisions"}],"predecessor-version":[{"id":5397,"href":"https:\/\/dynamictravel.com.br\/blog\/wp-json\/wp\/v2\/posts\/5377\/revisions\/5397"}],"wp:featuredmedia":[{"embeddable":true,"href":"https:\/\/dynamictravel.com.br\/blog\/wp-json\/wp\/v2\/media\/5378"}],"wp:attachment":[{"href":"https:\/\/dynamictravel.com.br\/blog\/wp-json\/wp\/v2\/media?parent=5377"}],"wp:term":[{"taxonomy":"category","embeddable":true,"href":"https:\/\/dynamictravel.com.br\/blog\/wp-json\/wp\/v2\/categories?post=5377"},{"taxonomy":"post_tag","embeddable":true,"href":"https:\/\/dynamictravel.com.br\/blog\/wp-json\/wp\/v2\/tags?post=5377"}],"curies":[{"name":"wp","href":"https:\/\/api.w.org\/{rel}","templated":true}]}}