{"id":4489,"date":"2024-09-06T14:51:48","date_gmt":"2024-09-06T17:51:48","guid":{"rendered":"https:\/\/dynamictravel.com.br\/blog\/?p=4489"},"modified":"2025-10-01T10:38:57","modified_gmt":"2025-10-01T13:38:57","slug":"dicas-de-eventos-suites-presidenciais-para-eventos-corporativos-em-sao-paulo","status":"publish","type":"post","link":"https:\/\/dynamictravel.com.br\/blog\/dicas-de-eventos-suites-presidenciais-para-eventos-corporativos-em-sao-paulo\/","title":{"rendered":"Dicas de Eventos: 5 Su\u00edtes presidenciais para eventos corporativos em S\u00e3o Paulo"},"content":{"rendered":"\n<p><a href=\"https:\/\/api.whatsapp.com\/send\/?phone=5511966016892&amp;text&amp;app_absent=0\" target=\"_blank\" rel=\"noopener\"><br><\/a><a href=\"https:\/\/www.linkedin.com\/company\/15260704\" target=\"_blank\" rel=\"noopener\"><br><\/a><br><img loading=\"lazy\" decoding=\"async\" width=\"1024\" height=\"1024\" src=\"http:\/\/dynamictravel.com.br\/blog\/wp-content\/uploads\/2024\/09\/WhatsApp-Image-2024-09-05-at-16.17.10-1024x1024.jpeg\" alt=\"\"><br><br><\/p>\n\n\n\n<p>Com o final da pandemia e com o retorno das viagens \u00e0 neg\u00f3cios, o setor de turismo corporativo no Brasil tem experimentado um crescimento expressivo, a retomada gradual do modelo de trabalho presencial, trouxe consigo um aumento significativo na demanda por eventos e viagens corporativas, o que impulsionou o turismo no Brasil, conforme dados<b>&nbsp;<a href=\"https:\/\/www.fecomercio.com.br\/noticia\/turismo-brasileiro-cresce-quase-8-em-2023-e-consolida-recuperacao-pos-pandemia-1\" target=\"_blank\" rel=\"noopener\">Fecomercio SP<\/a><\/b>.<\/p>\n\n\n\n<p class=\"has-text-align-left\">Esse cen\u00e1rio de retomada trouxe importantes aprendizados para o setor, como necessidade de uma rigorosa gest\u00e3o e<b>&nbsp;<\/b><a href=\"https:\/\/dynamictravel.com.br\/blog\/gestao-de-viagens-5-formas-de-economizar-e-reduzir-custos-em-viagens-corporativas\/\" target=\"_blank\" rel=\"noopener\"><b>controle de custos<\/b><\/a>. Estes aspectos se tornaram essenciais para garantir o equil\u00edbrio entre receitas e despesas, preservando a sa\u00fade financeira dos neg\u00f3cios. O impacto positivo dessa recupera\u00e7\u00e3o \u00e9 evidente em n\u00fameros: Em abril de 2024, o turismo nacional <b>faturou R$ 15,7 bilh\u00f5es<\/b>,<b> <\/b>registrando um crescimento de 4,7%.&nbsp;<\/p>\n\n\n\n<p>Com o aquecimento do turismo corporativo, algumas cidades se destacaram como principais destinos para eventos e reuni\u00f5es corporativas no Brasil, entre elas:<\/p>\n\n\n\n<ul class=\"wp-block-list\">\n<li>S\u00e3o Paulo<\/li>\n\n\n\n<li>Rio de Janeiro<\/li>\n\n\n\n<li>Curitiba<\/li>\n\n\n\n<li>Porto Alegre&nbsp;<\/li>\n\n\n\n<li>Bras\u00edlia&nbsp;<\/li>\n<\/ul>\n\n\n\n<p>Fonte: CRA-SP.(2023)&nbsp;<\/p>\n\n\n\n<p>Al\u00e9m de escolher o destino, o outro fator importante a ser considerado na organiza\u00e7\u00e3o de<a href=\"https:\/\/dynamictravel.com.br\/blog\/eventos-corporativos\/\"><b> eventos corporativos<\/b><\/a> \u00e9 o tipo de acomoda\u00e7\u00e3o, especialmente quando falamos de su\u00edtes luxo, como as presidenciais.<\/p>\n\n\n\n<p>A demanda por eventos corporativos em su\u00edtes presidenciais costuma ser mais alta no segundo semestre do ano, quando h\u00e1 uma maior frequ\u00eancia de eventos para clientes e fornecedores. Mas tamb\u00e9m \u00e9 comum que isso aconte\u00e7a no in\u00edcio do ano, quando as empresas promovem encontros para motivar colaboradores. Vale notar que nem todas as su\u00edtes de luxo s\u00e3o denominadas \u201csu\u00edtes presidenciais\u201d, mas compartilham o mesmo n\u00edvel de exclusividade. <a href=\"https:\/\/dynamictravel.com.br\/blog\/como-o-relacionamento-com-fornecedores-influencia-os-resultados-da-sua-empresa\/\">Em rela\u00e7\u00e3o \u00e0s tarifas, \u00e9 comum que sejam negoci\u00e1veis,<\/a> podendo incluir caf\u00e9 da manh\u00e3 ou outras comodidades conforme acordadas.\u00a0Confira as 5 principais su\u00edtes corporativas para realizar eventos em S\u00e3o Paulo:<\/p>\n\n\n\n<div class=\"wp-block-uagb-advanced-heading uagb-block-d9d428e9\"><h2 class=\"uagb-heading-text\"><strong>Confira as 5 principais su\u00edtes corporativas para realizar eventos em S\u00e3o Paulo:<\/strong><\/h2><\/div>\n\n\n\n<div class=\"wp-block-uagb-separator uagb-block-6115a0d2\"><div class=\"wp-block-uagb-separator__inner\" style=\"--my-background-image:\"><\/div><\/div>\n\n\n\n<p>\u2022 Tivoli Mofarrej S\u00e3o Paulo Hotel<\/p>\n\n\n\n<p>\u2022 Hotel Jequitimar Guaruj\u00e1 Resort &amp; SPA<\/p>\n\n\n\n<p>\u2022 Pal\u00e1cio Tangar\u00e1<\/p>\n\n\n\n<p>\u2022 Renaissance S\u00e3o Paulo Hotel<\/p>\n\n\n\n<p>\u2022 Hotel Hilton S\u00e3o Paulo<\/p>\n\n\n\n<div class=\"wp-block-uagb-advanced-heading uagb-block-197cbb0f\"><h2 class=\"uagb-heading-text\"><strong>Prepara\u00e7\u00e3o do evento<\/strong><\/h2><\/div>\n\n\n\n<div class=\"wp-block-uagb-separator uagb-block-2336a288\"><div class=\"wp-block-uagb-separator__inner\" style=\"--my-background-image:\"><\/div><\/div>\n\n\n\n<p><a href=\"https:\/\/dynamictravel.com.br\/blog\/gestao-de-eventos-quais-sao-os-passos-para-a-criacao-de-um-evento-corporativo\/\"><b>Organizar um evento<\/b><\/a> em uma su\u00edte presidencial requer planejamento detalhado. A intimidade do espa\u00e7o, apesar de ser limitado, oferece uma excelente oportunidade para fortalecer o <a href=\"https:\/\/dynamictravel.com.br\/blog\/gestao-de-fornecedores-como-estreitar-relacionamentos-e-obter-bons-resultados\/\"><b>relacionamento com os clientes e fornecedores<\/b><\/a>. \u00c9 crucial considerar o n\u00famero de convidados em fun\u00e7\u00e3o do espa\u00e7o, para evitar desconforto, mantendo a atmosfera acolhedora e exclusiva. Convidar algu\u00e9m para um evento em uma su\u00edte presidencial desperta um sentimento de exclusividade e curiosidade, elevando a percep\u00e7\u00e3o da experi\u00eancia.<\/p>\n\n\n\n<div class=\"wp-block-uagb-advanced-heading uagb-block-f996f515\"><h2 class=\"uagb-heading-text\"><strong>Quais s\u00e3o os principais desafios?<\/strong><\/h2><\/div>\n\n\n\n<div class=\"wp-block-uagb-separator uagb-block-aac6ef7b\"><div class=\"wp-block-uagb-separator__inner\" style=\"--my-background-image:\"><\/div><\/div>\n\n\n\n<p>Apesar de sua exclusividade, a divulga\u00e7\u00e3o de eventos em su\u00edtes presidenciais n\u00e3o se aborda frequentemente devido ao alto custo e \u00e0 natureza diferenciada dessas ocasi\u00f5es; por isso, \u00e9 fundamental investir na divulga\u00e7\u00e3o de forma estrat\u00e9gica, que n\u00e3o apenas garante a presen\u00e7a dos convidados, mas alcan\u00e7a um p\u00fablico maior. Al\u00e9m disso, existem desafios log\u00edsticos, como cuidado ao mover m\u00f3veis e a possibilidade de a su\u00edte j\u00e1 estar ocupada por outro h\u00f3spede. Por isso, \u00e9 crucial que a organiza\u00e7\u00e3o do evento seja feita com anteced\u00eancia, garantindo que as coisas estejam em ordem, evitando graduais imprevistos.<\/p>\n\n\n\n<div class=\"wp-block-uagb-advanced-heading uagb-block-03243a53\"><h2 class=\"uagb-heading-text\"><strong>Durante o evento<\/strong><\/h2><\/div>\n\n\n\n<div class=\"wp-block-uagb-separator uagb-block-a3241053\"><div class=\"wp-block-uagb-separator__inner\" style=\"--my-background-image:\"><\/div><\/div>\n\n\n\n<p>\u00c9 importante que, durante o evento, a presen\u00e7a de um organizador \u00e9 fundamental para garantir que os convidados sejam recebidos e direcionados de forma adequada, proporcionando uma <a href=\"https:\/\/dynamictravel.com.br\/blog\/como-melhorar-a-experiencia-nos-aeroportos-conheca-o-que-sao-as-salas-vips-e-como-acessa-las\/\">experi\u00eancia personalizada<\/a> desde o momento da chegada. Em vista do organizador do evento, a aten\u00e7\u00e3o aos detalhes \u00e9 essencial, pois cada elemento contribui para a sensa\u00e7\u00e3o de exclusividade que os participantes devem experimentar, seja em uma reuni\u00e3o, palestra ou outro tipo de evento.<\/p>\n\n\n\n<p>Al\u00e9m disso, a prepara\u00e7\u00e3o de refei\u00e7\u00f5es exclusivas com pratos e bebidas diferenciados adiciona um toque de sofistica\u00e7\u00e3o, tornando a ocasi\u00e3o memor\u00e1vel e inesquec\u00edvel. Este tipo de evento refor\u00e7a a exclusividade entre os participantes e desperta a curiosidade e o interesse de outros h\u00f3spedes do hotel, ampliando o impacto do evento.<\/p>\n\n\n\n<div class=\"wp-block-uagb-advanced-heading uagb-block-6a0cd8db\"><h2 class=\"uagb-heading-text\"><strong>P\u00f3s-evento: Construindo conex\u00f5es<\/strong><\/h2><\/div>\n\n\n\n<div class=\"wp-block-uagb-separator uagb-block-5e9d8fcf\"><div class=\"wp-block-uagb-separator__inner\" style=\"--my-background-image:\"><\/div><\/div>\n\n\n\n<p>Ap\u00f3s a realiza\u00e7\u00e3o do evento, \u00e9 estrat\u00e9gico investir em a\u00e7\u00f5es que <a href=\"https:\/\/dynamictravel.com.br\/blog\/gestao-de-viagens-conheca-os-tipos-de-viagens-corporativas-e-a-importancia-da-experiencia-do-cliente\/\"><b>fortalecem o v\u00ednculo com clientes<\/b><\/a> e fornecedores, como a produ\u00e7\u00e3o de brindes personalizados. Esses gestos n\u00e3o s\u00f3 ajudam a<b>&nbsp;<a href=\"https:\/\/dynamictravel.com.br\/blog\/atendimento-humanizado-um-dos-caminhos-para-a-fidelizacao-de-clientes\/\" target=\"_blank\" rel=\"noopener\">fidelizar<\/a><\/b>&nbsp;os participantes, mas tamb\u00e9m incentivam a divulga\u00e7\u00e3o positiva, ampliando a visibilidade da empresa e fortalecendo a sua reputa\u00e7\u00e3o no mercado.<\/p>\n\n\n\n<p>Em resumo, realizar um evento em uma su\u00edte presidencial oferece in\u00fameras vantagens. Al\u00e9m de fazer com que o cliente se sinta especial, essa experi\u00eancia fortalece o v\u00ednculo entre a empresa e seus convidados, permitindo um entendimento mais profundo de suas necessidades e desejos. <a href=\"https:\/\/dynamictravel.com.br\/blog\/visita-de-relacionamento-com-clientes-a-chave-para-parcerias-duradouras\/\">Essa oportunidade \u00e9 valiosa para fidelizar clientes<\/a> e criar uma sensa\u00e7\u00e3o \u00fanica de exclusividade para todos os participantes.<\/p>\n\n\n\n<blockquote class=\"wp-block-quote is-layout-flow wp-block-quote-is-layout-flow\">\n<p><i>\u201cO diferencial da Dynamic Travel para realizar eventos corporativos em su\u00edtes presidenciais \u00e9 o conhecimento por j\u00e1 ter realizado este tipo de evento anteriormente, que transmite confian\u00e7a para nossos clientes.\u201d<\/i><\/p>\n\n\n\n<p class=\"has-text-align-right\">&#8211; Lucy Cardoso,&nbsp;Gerente de Eventos da Dynamic Travel<\/p>\n<\/blockquote>\n","protected":false},"excerpt":{"rendered":"<p>Conhe\u00e7a mais sobre eventos em su\u00edtes presidenciais!<\/p>\n","protected":false},"author":10,"featured_media":4530,"comment_status":"open","ping_status":"open","sticky":false,"template":"","format":"standard","meta":{"_uag_custom_page_level_css":"","site-sidebar-layout":"default","site-content-layout":"","ast-site-content-layout":"","site-content-style":"default","site-sidebar-style":"default","ast-global-header-display":"","ast-banner-title-visibility":"","ast-main-header-display":"","ast-hfb-above-header-display":"","ast-hfb-below-header-display":"","ast-hfb-mobile-header-display":"","site-post-title":"","ast-breadcrumbs-content":"","ast-featured-img":"","footer-sml-layout":"","theme-transparent-header-meta":"","adv-header-id-meta":"","stick-header-meta":"","header-above-stick-meta":"","header-main-stick-meta":"","header-below-stick-meta":"","astra-migrate-meta-layouts":"default","ast-page-background-enabled":"default","ast-page-background-meta":{"desktop":{"background-color":"var(--ast-global-color-4)","background-image":"","background-repeat":"repeat","background-position":"center center","background-size":"auto","background-attachment":"scroll","background-type":"","background-media":"","overlay-type":"","overlay-color":"","overlay-opacity":"","overlay-gradient":""},"tablet":{"background-color":"","background-image":"","background-repeat":"repeat","background-position":"center center","background-size":"auto","background-attachment":"scroll","background-type":"","background-media":"","overlay-type":"","overlay-color":"","overlay-opacity":"","overlay-gradient":""},"mobile":{"background-color":"","background-image":"","background-repeat":"repeat","background-position":"center center","background-size":"auto","background-attachment":"scroll","background-type":"","background-media":"","overlay-type":"","overlay-color":"","overlay-opacity":"","overlay-gradient":""}},"ast-content-background-meta":{"desktop":{"background-color":"var(--ast-global-color-5)","background-image":"","background-repeat":"repeat","background-position":"center center","background-size":"auto","background-attachment":"scroll","background-type":"","background-media":"","overlay-type":"","overlay-color":"","overlay-opacity":"","overlay-gradient":""},"tablet":{"background-color":"var(--ast-global-color-5)","background-image":"","background-repeat":"repeat","background-position":"center center","background-size":"auto","background-attachment":"scroll","background-type":"","background-media":"","overlay-type":"","overlay-color":"","overlay-opacity":"","overlay-gradient":""},"mobile":{"background-color":"var(--ast-global-color-5)","background-image":"","background-repeat":"repeat","background-position":"center center","background-size":"auto","background-attachment":"scroll","background-type":"","background-media":"","overlay-type":"","overlay-color":"","overlay-opacity":"","overlay-gradient":""}},"footnotes":""},"categories":[5,237],"tags":[31,60,20,200,22,14],"class_list":["post-4489","post","type-post","status-publish","format-standard","has-post-thumbnail","hentry","category-educacional","category-gesto-de-eventos","tag-agenciadeviagenscorporativas","tag-eventoscorporativos","tag-gestaodeviagens","tag-suitespresidenciais","tag-turismocorporativo","tag-viagenscorporativas"],"yoast_head":"<!-- This site is optimized with the Yoast SEO plugin v24.4 - https:\/\/yoast.com\/wordpress\/plugins\/seo\/ -->\n<title>Dicas de Eventos: 5 Su\u00edtes presidenciais para eventos corporativos em S\u00e3o Paulo - Blog Dynamic Travel<\/title>\n<meta name=\"description\" content=\"Descubra as principais su\u00edtes presidenciais para organizar eventos corporativos e como se preparar para eles.\" \/>\n<meta name=\"robots\" content=\"index, follow, max-snippet:-1, max-image-preview:large, max-video-preview:-1\" \/>\n<link rel=\"canonical\" href=\"https:\/\/dynamictravel.com.br\/blog\/dicas-de-eventos-suites-presidenciais-para-eventos-corporativos-em-sao-paulo\/\" \/>\n<meta property=\"og:locale\" content=\"pt_BR\" \/>\n<meta property=\"og:type\" content=\"article\" \/>\n<meta property=\"og:title\" content=\"Dicas de Eventos: 5 Su\u00edtes presidenciais para eventos corporativos em S\u00e3o Paulo - Blog Dynamic Travel\" \/>\n<meta property=\"og:description\" content=\"Descubra as principais su\u00edtes presidenciais para organizar eventos corporativos e como se preparar para eles.\" \/>\n<meta property=\"og:url\" content=\"https:\/\/dynamictravel.com.br\/blog\/dicas-de-eventos-suites-presidenciais-para-eventos-corporativos-em-sao-paulo\/\" \/>\n<meta property=\"og:site_name\" content=\"Blog Dynamic Travel\" \/>\n<meta property=\"article:published_time\" content=\"2024-09-06T17:51:48+00:00\" \/>\n<meta property=\"article:modified_time\" content=\"2025-10-01T13:38:57+00:00\" \/>\n<meta property=\"og:image\" content=\"https:\/\/dynamictravel.com.br\/blog\/wp-content\/uploads\/2024\/09\/WhatsApp-Image-2024-09-05-at-16.17.10.jpeg\" \/>\n\t<meta property=\"og:image:width\" content=\"1080\" \/>\n\t<meta property=\"og:image:height\" content=\"1080\" \/>\n\t<meta property=\"og:image:type\" content=\"image\/jpeg\" \/>\n<meta name=\"author\" content=\"Luciana Cardoso\" \/>\n<meta name=\"twitter:card\" content=\"summary_large_image\" \/>\n<meta name=\"twitter:label1\" content=\"Escrito por\" \/>\n\t<meta name=\"twitter:data1\" content=\"Luciana Cardoso\" \/>\n\t<meta name=\"twitter:label2\" content=\"Est. tempo de leitura\" \/>\n\t<meta name=\"twitter:data2\" content=\"5 minutos\" \/>\n<script type=\"application\/ld+json\" class=\"yoast-schema-graph\">{\"@context\":\"https:\/\/schema.org\",\"@graph\":[{\"@type\":\"Article\",\"@id\":\"https:\/\/dynamictravel.com.br\/blog\/dicas-de-eventos-suites-presidenciais-para-eventos-corporativos-em-sao-paulo\/#article\",\"isPartOf\":{\"@id\":\"https:\/\/dynamictravel.com.br\/blog\/dicas-de-eventos-suites-presidenciais-para-eventos-corporativos-em-sao-paulo\/\"},\"author\":{\"name\":\"Luciana Cardoso\",\"@id\":\"https:\/\/dynamictravel.com.br\/blog\/#\/schema\/person\/f08b11ca4d5ae001d8138c04076c9174\"},\"headline\":\"Dicas de Eventos: 5 Su\u00edtes presidenciais para eventos corporativos em S\u00e3o Paulo\",\"datePublished\":\"2024-09-06T17:51:48+00:00\",\"dateModified\":\"2025-10-01T13:38:57+00:00\",\"mainEntityOfPage\":{\"@id\":\"https:\/\/dynamictravel.com.br\/blog\/dicas-de-eventos-suites-presidenciais-para-eventos-corporativos-em-sao-paulo\/\"},\"wordCount\":864,\"commentCount\":0,\"publisher\":{\"@id\":\"https:\/\/dynamictravel.com.br\/blog\/#organization\"},\"image\":{\"@id\":\"https:\/\/dynamictravel.com.br\/blog\/dicas-de-eventos-suites-presidenciais-para-eventos-corporativos-em-sao-paulo\/#primaryimage\"},\"thumbnailUrl\":\"https:\/\/dynamictravel.com.br\/blog\/wp-content\/uploads\/2024\/09\/WhatsApp-Image-2024-09-05-at-16.17.10.jpeg\",\"keywords\":[\"agenciadeviagenscorporativas\",\"eventoscorporativos\",\"gestaodeviagens\",\"suitespresidenciais\",\"turismocorporativo\",\"viagenscorporativas\"],\"articleSection\":[\"Educacional\",\"Gest\u00e3o de Eventos\"],\"inLanguage\":\"pt-BR\",\"potentialAction\":[{\"@type\":\"CommentAction\",\"name\":\"Comment\",\"target\":[\"https:\/\/dynamictravel.com.br\/blog\/dicas-de-eventos-suites-presidenciais-para-eventos-corporativos-em-sao-paulo\/#respond\"]}]},{\"@type\":\"WebPage\",\"@id\":\"https:\/\/dynamictravel.com.br\/blog\/dicas-de-eventos-suites-presidenciais-para-eventos-corporativos-em-sao-paulo\/\",\"url\":\"https:\/\/dynamictravel.com.br\/blog\/dicas-de-eventos-suites-presidenciais-para-eventos-corporativos-em-sao-paulo\/\",\"name\":\"Dicas de Eventos: 5 Su\u00edtes presidenciais para eventos corporativos em S\u00e3o Paulo - Blog Dynamic Travel\",\"isPartOf\":{\"@id\":\"https:\/\/dynamictravel.com.br\/blog\/#website\"},\"primaryImageOfPage\":{\"@id\":\"https:\/\/dynamictravel.com.br\/blog\/dicas-de-eventos-suites-presidenciais-para-eventos-corporativos-em-sao-paulo\/#primaryimage\"},\"image\":{\"@id\":\"https:\/\/dynamictravel.com.br\/blog\/dicas-de-eventos-suites-presidenciais-para-eventos-corporativos-em-sao-paulo\/#primaryimage\"},\"thumbnailUrl\":\"https:\/\/dynamictravel.com.br\/blog\/wp-content\/uploads\/2024\/09\/WhatsApp-Image-2024-09-05-at-16.17.10.jpeg\",\"datePublished\":\"2024-09-06T17:51:48+00:00\",\"dateModified\":\"2025-10-01T13:38:57+00:00\",\"description\":\"Descubra as principais su\u00edtes presidenciais para organizar eventos corporativos e como se preparar para eles.\",\"breadcrumb\":{\"@id\":\"https:\/\/dynamictravel.com.br\/blog\/dicas-de-eventos-suites-presidenciais-para-eventos-corporativos-em-sao-paulo\/#breadcrumb\"},\"inLanguage\":\"pt-BR\",\"potentialAction\":[{\"@type\":\"ReadAction\",\"target\":[\"https:\/\/dynamictravel.com.br\/blog\/dicas-de-eventos-suites-presidenciais-para-eventos-corporativos-em-sao-paulo\/\"]}]},{\"@type\":\"ImageObject\",\"inLanguage\":\"pt-BR\",\"@id\":\"https:\/\/dynamictravel.com.br\/blog\/dicas-de-eventos-suites-presidenciais-para-eventos-corporativos-em-sao-paulo\/#primaryimage\",\"url\":\"https:\/\/dynamictravel.com.br\/blog\/wp-content\/uploads\/2024\/09\/WhatsApp-Image-2024-09-05-at-16.17.10.jpeg\",\"contentUrl\":\"https:\/\/dynamictravel.com.br\/blog\/wp-content\/uploads\/2024\/09\/WhatsApp-Image-2024-09-05-at-16.17.10.jpeg\",\"width\":1080,\"height\":1080},{\"@type\":\"BreadcrumbList\",\"@id\":\"https:\/\/dynamictravel.com.br\/blog\/dicas-de-eventos-suites-presidenciais-para-eventos-corporativos-em-sao-paulo\/#breadcrumb\",\"itemListElement\":[{\"@type\":\"ListItem\",\"position\":1,\"name\":\"In\u00edcio\",\"item\":\"https:\/\/dynamictravel.com.br\/blog\/\"},{\"@type\":\"ListItem\",\"position\":2,\"name\":\"Dicas de Eventos: 5 Su\u00edtes presidenciais para eventos corporativos em S\u00e3o Paulo\"}]},{\"@type\":\"WebSite\",\"@id\":\"https:\/\/dynamictravel.com.br\/blog\/#website\",\"url\":\"https:\/\/dynamictravel.com.br\/blog\/\",\"name\":\"Blog Dynamic Travel\",\"description\":\"Ag\u00eancia de Viagens Corporativas\",\"publisher\":{\"@id\":\"https:\/\/dynamictravel.com.br\/blog\/#organization\"},\"potentialAction\":[{\"@type\":\"SearchAction\",\"target\":{\"@type\":\"EntryPoint\",\"urlTemplate\":\"https:\/\/dynamictravel.com.br\/blog\/?s={search_term_string}\"},\"query-input\":{\"@type\":\"PropertyValueSpecification\",\"valueRequired\":true,\"valueName\":\"search_term_string\"}}],\"inLanguage\":\"pt-BR\"},{\"@type\":\"Organization\",\"@id\":\"https:\/\/dynamictravel.com.br\/blog\/#organization\",\"name\":\"Blog Dynamic Travel\",\"url\":\"https:\/\/dynamictravel.com.br\/blog\/\",\"logo\":{\"@type\":\"ImageObject\",\"inLanguage\":\"pt-BR\",\"@id\":\"https:\/\/dynamictravel.com.br\/blog\/#\/schema\/logo\/image\/\",\"url\":\"https:\/\/dynamictravel.com.br\/blog\/wp-content\/uploads\/2024\/10\/logo-dynamic-travel.webp\",\"contentUrl\":\"https:\/\/dynamictravel.com.br\/blog\/wp-content\/uploads\/2024\/10\/logo-dynamic-travel.webp\",\"width\":320,\"height\":111,\"caption\":\"Blog Dynamic Travel\"},\"image\":{\"@id\":\"https:\/\/dynamictravel.com.br\/blog\/#\/schema\/logo\/image\/\"}},{\"@type\":\"Person\",\"@id\":\"https:\/\/dynamictravel.com.br\/blog\/#\/schema\/person\/f08b11ca4d5ae001d8138c04076c9174\",\"name\":\"Luciana Cardoso\",\"image\":{\"@type\":\"ImageObject\",\"inLanguage\":\"pt-BR\",\"@id\":\"https:\/\/dynamictravel.com.br\/blog\/#\/schema\/person\/image\/\",\"url\":\"https:\/\/secure.gravatar.com\/avatar\/c3ee5c4eff0e7381e97028ac521ceaa8?s=96&d=mm&r=g\",\"contentUrl\":\"https:\/\/secure.gravatar.com\/avatar\/c3ee5c4eff0e7381e97028ac521ceaa8?s=96&d=mm&r=g\",\"caption\":\"Luciana Cardoso\"},\"sameAs\":[\"https:\/\/dynamictravel.com.br\"],\"url\":\"https:\/\/dynamictravel.com.br\/blog\/author\/luciana-cardoso\/\"}]}<\/script>\n<!-- \/ Yoast SEO plugin. -->","yoast_head_json":{"title":"Dicas de Eventos: 5 Su\u00edtes presidenciais para eventos corporativos em S\u00e3o Paulo - Blog Dynamic Travel","description":"Descubra as principais su\u00edtes presidenciais para organizar eventos corporativos e como se preparar para eles.","robots":{"index":"index","follow":"follow","max-snippet":"max-snippet:-1","max-image-preview":"max-image-preview:large","max-video-preview":"max-video-preview:-1"},"canonical":"https:\/\/dynamictravel.com.br\/blog\/dicas-de-eventos-suites-presidenciais-para-eventos-corporativos-em-sao-paulo\/","og_locale":"pt_BR","og_type":"article","og_title":"Dicas de Eventos: 5 Su\u00edtes presidenciais para eventos corporativos em S\u00e3o Paulo - Blog Dynamic Travel","og_description":"Descubra as principais su\u00edtes presidenciais para organizar eventos corporativos e como se preparar para eles.","og_url":"https:\/\/dynamictravel.com.br\/blog\/dicas-de-eventos-suites-presidenciais-para-eventos-corporativos-em-sao-paulo\/","og_site_name":"Blog Dynamic Travel","article_published_time":"2024-09-06T17:51:48+00:00","article_modified_time":"2025-10-01T13:38:57+00:00","og_image":[{"width":1080,"height":1080,"url":"https:\/\/dynamictravel.com.br\/blog\/wp-content\/uploads\/2024\/09\/WhatsApp-Image-2024-09-05-at-16.17.10.jpeg","type":"image\/jpeg"}],"author":"Luciana Cardoso","twitter_card":"summary_large_image","twitter_misc":{"Escrito por":"Luciana Cardoso","Est. tempo de leitura":"5 minutos"},"schema":{"@context":"https:\/\/schema.org","@graph":[{"@type":"Article","@id":"https:\/\/dynamictravel.com.br\/blog\/dicas-de-eventos-suites-presidenciais-para-eventos-corporativos-em-sao-paulo\/#article","isPartOf":{"@id":"https:\/\/dynamictravel.com.br\/blog\/dicas-de-eventos-suites-presidenciais-para-eventos-corporativos-em-sao-paulo\/"},"author":{"name":"Luciana Cardoso","@id":"https:\/\/dynamictravel.com.br\/blog\/#\/schema\/person\/f08b11ca4d5ae001d8138c04076c9174"},"headline":"Dicas de Eventos: 5 Su\u00edtes presidenciais para eventos corporativos em S\u00e3o Paulo","datePublished":"2024-09-06T17:51:48+00:00","dateModified":"2025-10-01T13:38:57+00:00","mainEntityOfPage":{"@id":"https:\/\/dynamictravel.com.br\/blog\/dicas-de-eventos-suites-presidenciais-para-eventos-corporativos-em-sao-paulo\/"},"wordCount":864,"commentCount":0,"publisher":{"@id":"https:\/\/dynamictravel.com.br\/blog\/#organization"},"image":{"@id":"https:\/\/dynamictravel.com.br\/blog\/dicas-de-eventos-suites-presidenciais-para-eventos-corporativos-em-sao-paulo\/#primaryimage"},"thumbnailUrl":"https:\/\/dynamictravel.com.br\/blog\/wp-content\/uploads\/2024\/09\/WhatsApp-Image-2024-09-05-at-16.17.10.jpeg","keywords":["agenciadeviagenscorporativas","eventoscorporativos","gestaodeviagens","suitespresidenciais","turismocorporativo","viagenscorporativas"],"articleSection":["Educacional","Gest\u00e3o de Eventos"],"inLanguage":"pt-BR","potentialAction":[{"@type":"CommentAction","name":"Comment","target":["https:\/\/dynamictravel.com.br\/blog\/dicas-de-eventos-suites-presidenciais-para-eventos-corporativos-em-sao-paulo\/#respond"]}]},{"@type":"WebPage","@id":"https:\/\/dynamictravel.com.br\/blog\/dicas-de-eventos-suites-presidenciais-para-eventos-corporativos-em-sao-paulo\/","url":"https:\/\/dynamictravel.com.br\/blog\/dicas-de-eventos-suites-presidenciais-para-eventos-corporativos-em-sao-paulo\/","name":"Dicas de Eventos: 5 Su\u00edtes presidenciais para eventos corporativos em S\u00e3o Paulo - Blog Dynamic Travel","isPartOf":{"@id":"https:\/\/dynamictravel.com.br\/blog\/#website"},"primaryImageOfPage":{"@id":"https:\/\/dynamictravel.com.br\/blog\/dicas-de-eventos-suites-presidenciais-para-eventos-corporativos-em-sao-paulo\/#primaryimage"},"image":{"@id":"https:\/\/dynamictravel.com.br\/blog\/dicas-de-eventos-suites-presidenciais-para-eventos-corporativos-em-sao-paulo\/#primaryimage"},"thumbnailUrl":"https:\/\/dynamictravel.com.br\/blog\/wp-content\/uploads\/2024\/09\/WhatsApp-Image-2024-09-05-at-16.17.10.jpeg","datePublished":"2024-09-06T17:51:48+00:00","dateModified":"2025-10-01T13:38:57+00:00","description":"Descubra as principais su\u00edtes presidenciais para organizar eventos corporativos e como se preparar para eles.","breadcrumb":{"@id":"https:\/\/dynamictravel.com.br\/blog\/dicas-de-eventos-suites-presidenciais-para-eventos-corporativos-em-sao-paulo\/#breadcrumb"},"inLanguage":"pt-BR","potentialAction":[{"@type":"ReadAction","target":["https:\/\/dynamictravel.com.br\/blog\/dicas-de-eventos-suites-presidenciais-para-eventos-corporativos-em-sao-paulo\/"]}]},{"@type":"ImageObject","inLanguage":"pt-BR","@id":"https:\/\/dynamictravel.com.br\/blog\/dicas-de-eventos-suites-presidenciais-para-eventos-corporativos-em-sao-paulo\/#primaryimage","url":"https:\/\/dynamictravel.com.br\/blog\/wp-content\/uploads\/2024\/09\/WhatsApp-Image-2024-09-05-at-16.17.10.jpeg","contentUrl":"https:\/\/dynamictravel.com.br\/blog\/wp-content\/uploads\/2024\/09\/WhatsApp-Image-2024-09-05-at-16.17.10.jpeg","width":1080,"height":1080},{"@type":"BreadcrumbList","@id":"https:\/\/dynamictravel.com.br\/blog\/dicas-de-eventos-suites-presidenciais-para-eventos-corporativos-em-sao-paulo\/#breadcrumb","itemListElement":[{"@type":"ListItem","position":1,"name":"In\u00edcio","item":"https:\/\/dynamictravel.com.br\/blog\/"},{"@type":"ListItem","position":2,"name":"Dicas de Eventos: 5 Su\u00edtes presidenciais para eventos corporativos em S\u00e3o Paulo"}]},{"@type":"WebSite","@id":"https:\/\/dynamictravel.com.br\/blog\/#website","url":"https:\/\/dynamictravel.com.br\/blog\/","name":"Blog Dynamic Travel","description":"Ag\u00eancia de Viagens Corporativas","publisher":{"@id":"https:\/\/dynamictravel.com.br\/blog\/#organization"},"potentialAction":[{"@type":"SearchAction","target":{"@type":"EntryPoint","urlTemplate":"https:\/\/dynamictravel.com.br\/blog\/?s={search_term_string}"},"query-input":{"@type":"PropertyValueSpecification","valueRequired":true,"valueName":"search_term_string"}}],"inLanguage":"pt-BR"},{"@type":"Organization","@id":"https:\/\/dynamictravel.com.br\/blog\/#organization","name":"Blog Dynamic Travel","url":"https:\/\/dynamictravel.com.br\/blog\/","logo":{"@type":"ImageObject","inLanguage":"pt-BR","@id":"https:\/\/dynamictravel.com.br\/blog\/#\/schema\/logo\/image\/","url":"https:\/\/dynamictravel.com.br\/blog\/wp-content\/uploads\/2024\/10\/logo-dynamic-travel.webp","contentUrl":"https:\/\/dynamictravel.com.br\/blog\/wp-content\/uploads\/2024\/10\/logo-dynamic-travel.webp","width":320,"height":111,"caption":"Blog Dynamic Travel"},"image":{"@id":"https:\/\/dynamictravel.com.br\/blog\/#\/schema\/logo\/image\/"}},{"@type":"Person","@id":"https:\/\/dynamictravel.com.br\/blog\/#\/schema\/person\/f08b11ca4d5ae001d8138c04076c9174","name":"Luciana Cardoso","image":{"@type":"ImageObject","inLanguage":"pt-BR","@id":"https:\/\/dynamictravel.com.br\/blog\/#\/schema\/person\/image\/","url":"https:\/\/secure.gravatar.com\/avatar\/c3ee5c4eff0e7381e97028ac521ceaa8?s=96&d=mm&r=g","contentUrl":"https:\/\/secure.gravatar.com\/avatar\/c3ee5c4eff0e7381e97028ac521ceaa8?s=96&d=mm&r=g","caption":"Luciana Cardoso"},"sameAs":["https:\/\/dynamictravel.com.br"],"url":"https:\/\/dynamictravel.com.br\/blog\/author\/luciana-cardoso\/"}]}},"uagb_featured_image_src":{"full":["https:\/\/dynamictravel.com.br\/blog\/wp-content\/uploads\/2024\/09\/WhatsApp-Image-2024-09-05-at-16.17.10.jpeg",1080,1080,false],"thumbnail":["https:\/\/dynamictravel.com.br\/blog\/wp-content\/uploads\/2024\/09\/WhatsApp-Image-2024-09-05-at-16.17.10-150x150.jpeg",150,150,true],"medium":["https:\/\/dynamictravel.com.br\/blog\/wp-content\/uploads\/2024\/09\/WhatsApp-Image-2024-09-05-at-16.17.10-300x300.jpeg",300,300,true],"medium_large":["https:\/\/dynamictravel.com.br\/blog\/wp-content\/uploads\/2024\/09\/WhatsApp-Image-2024-09-05-at-16.17.10-768x768.jpeg",768,768,true],"large":["https:\/\/dynamictravel.com.br\/blog\/wp-content\/uploads\/2024\/09\/WhatsApp-Image-2024-09-05-at-16.17.10-1024x1024.jpeg",1024,1024,true],"1536x1536":["https:\/\/dynamictravel.com.br\/blog\/wp-content\/uploads\/2024\/09\/WhatsApp-Image-2024-09-05-at-16.17.10.jpeg",1080,1080,false],"2048x2048":["https:\/\/dynamictravel.com.br\/blog\/wp-content\/uploads\/2024\/09\/WhatsApp-Image-2024-09-05-at-16.17.10.jpeg",1080,1080,false],"trp-custom-language-flag":["https:\/\/dynamictravel.com.br\/blog\/wp-content\/uploads\/2024\/09\/WhatsApp-Image-2024-09-05-at-16.17.10.jpeg",12,12,false]},"uagb_author_info":{"display_name":"Luciana Cardoso","author_link":"https:\/\/dynamictravel.com.br\/blog\/author\/luciana-cardoso\/"},"uagb_comment_info":0,"uagb_excerpt":"Conhe\u00e7a mais sobre eventos em su\u00edtes presidenciais!","_links":{"self":[{"href":"https:\/\/dynamictravel.com.br\/blog\/wp-json\/wp\/v2\/posts\/4489","targetHints":{"allow":["GET"]}}],"collection":[{"href":"https:\/\/dynamictravel.com.br\/blog\/wp-json\/wp\/v2\/posts"}],"about":[{"href":"https:\/\/dynamictravel.com.br\/blog\/wp-json\/wp\/v2\/types\/post"}],"author":[{"embeddable":true,"href":"https:\/\/dynamictravel.com.br\/blog\/wp-json\/wp\/v2\/users\/10"}],"replies":[{"embeddable":true,"href":"https:\/\/dynamictravel.com.br\/blog\/wp-json\/wp\/v2\/comments?post=4489"}],"version-history":[{"count":168,"href":"https:\/\/dynamictravel.com.br\/blog\/wp-json\/wp\/v2\/posts\/4489\/revisions"}],"predecessor-version":[{"id":5979,"href":"https:\/\/dynamictravel.com.br\/blog\/wp-json\/wp\/v2\/posts\/4489\/revisions\/5979"}],"wp:featuredmedia":[{"embeddable":true,"href":"https:\/\/dynamictravel.com.br\/blog\/wp-json\/wp\/v2\/media\/4530"}],"wp:attachment":[{"href":"https:\/\/dynamictravel.com.br\/blog\/wp-json\/wp\/v2\/media?parent=4489"}],"wp:term":[{"taxonomy":"category","embeddable":true,"href":"https:\/\/dynamictravel.com.br\/blog\/wp-json\/wp\/v2\/categories?post=4489"},{"taxonomy":"post_tag","embeddable":true,"href":"https:\/\/dynamictravel.com.br\/blog\/wp-json\/wp\/v2\/tags?post=4489"}],"curies":[{"name":"wp","href":"https:\/\/api.w.org\/{rel}","templated":true}]}}