{"id":4436,"date":"2024-08-23T16:32:02","date_gmt":"2024-08-23T19:32:02","guid":{"rendered":"https:\/\/dynamictravel.com.br\/blog\/?p=4436"},"modified":"2025-01-24T12:00:15","modified_gmt":"2025-01-24T15:00:15","slug":"gestao-de-viagens-quais-sao-os-principais-destinos-internacionais-para-viagens-corporativas-e-como-se-preparar-para-eles","status":"publish","type":"post","link":"https:\/\/dynamictravel.com.br\/blog\/gestao-de-viagens-quais-sao-os-principais-destinos-internacionais-para-viagens-corporativas-e-como-se-preparar-para-eles\/","title":{"rendered":"Gest\u00e3o de Viagens: Quais s\u00e3o os principais destinos internacionais para viagens corporativas e como se preparar para eles?"},"content":{"rendered":"\n<p><a href=\"https:\/\/www.linkedin.com\/company\/15260704\" target=\"_blank\" rel=\"noopener\"><br><\/a><br><img loading=\"lazy\" decoding=\"async\" width=\"1024\" height=\"1024\" src=\"http:\/\/dynamictravel.com.br\/blog\/wp-content\/uploads\/2024\/08\/Imagem-do-WhatsApp-de-2024-08-23-as-09.38.15_44cd9e75-1024x1024.jpg\" alt=\"\"><br><a role=\"button\" href=\"https:\/\/dynamictravel.com.br\/blog\"><br><\/a><\/p>\n\n\n\n<p class=\"has-text-align-left\">As viagens corporativas internacionais t\u00eam se tornado cada vez mais frequentes, impulsionadas pelo aumento das demandas globais e pela necessidade de neg\u00f3cios internacionais. De acordo com dados recentes do setor de viagens, o volume de passagens a\u00e9reas internacionais para fins corporativos registrou um crescimento de 18,75% no \u00faltimo ano.<\/p>\n\n\n\n<p><span style=\"font-family: var( --e-global-typography-text-font-family ), Sans-serif\">Empresas ao redor do mundo est\u00e3o priorizando essas viagens, tanto para fortalecer rela\u00e7\u00f5es comerciais quanto para explorar novos mercados. Dado esse cen\u00e1rio, \u00e9 essencial entender os principais aspectos envolvidos na <a href=\"https:\/\/dynamictravel.com.br\/blog\/confira-quais-sao-os-itens-necessarios-para-uma-viagem-corporativa-segura-e-sem-imprevistos\/\"><b>organiza\u00e7\u00e3o dessas viagens<\/b><\/a>, especialmente no que diz respeito \u00e0 documenta\u00e7\u00e3o e ao planejamento antecipado.<br><\/span><\/p>\n\n\n\n<div class=\"wp-block-uagb-advanced-heading uagb-block-2d09c0ff\"><h2 class=\"uagb-heading-text\"><strong>A import\u00e2ncia das viagens corporativas internacionais<\/strong><\/h2><\/div>\n\n\n\n<div class=\"wp-block-uagb-separator uagb-block-19095e58\"><div class=\"wp-block-uagb-separator__inner\" style=\"--my-background-image:\"><\/div><\/div>\n\n\n\n<p>As viagens internacionais representam uma oportunidade \u00fanica para as empresas expandirem seus neg\u00f3cios e fortalecerem parcerias globais. No entanto, a complexidade dessas viagens exige aten\u00e7\u00e3o especial a v\u00e1rios detalhes. A <a href=\"https:\/\/dynamictravel.com.br\/blog\/como-realizar-a-melhor-compra-de-passagens-para-sua-empresa\/\"><b>compra de passagens a\u00e9reas<\/b><\/a>, por exemplo, deve ser feita com anteced\u00eancia para garantir melhores tarifas e evitar surpresas desagrad\u00e1veis, como mudan\u00e7as repentinas de pre\u00e7o ou disponibilidade limitada de voos.<\/p>\n\n\n\n<div class=\"wp-block-uagb-advanced-heading uagb-block-cdfce68f\"><h2 class=\"uagb-heading-text\"><strong>Documentos necess\u00e1rios<\/strong><\/h2><\/div>\n\n\n\n<div class=\"wp-block-uagb-separator uagb-block-f552a7f5\"><div class=\"wp-block-uagb-separator__inner\" style=\"--my-background-image:\"><\/div><\/div>\n\n\n\n<p>Al\u00e9m da quest\u00e3o das tarifas, \u00e9 crucial considerar a documenta\u00e7\u00e3o necess\u00e1ria para a entrada nos pa\u00edses de destino. Cada pa\u00eds possui suas pr\u00f3prias exig\u00eancias, como vistos, permiss\u00f5es de trabalho e outros documentos que podem variar de acordo com a nacionalidade do viajante. \u00c9 importante citar que os viajantes com nacionalidade brasileira necessitam apenas do RG atualizado para viajar em pa\u00edses da Am\u00e9rica do Sul.&nbsp;<\/p>\n\n\n\n<p>Confira abaixo um checklist que preparamos para voc\u00ea n\u00e3o esquecer nenhuma<a href=\"https:\/\/dynamictravel.com.br\/blog\/saiba-quais-sao-os-principais-vistos-a-negocios-e-qual-diferenca-entre-eles\/\"> documenta\u00e7\u00e3o necess\u00e1ria<\/a>:<\/p>\n\n\n\n<ul class=\"wp-block-list\">\n<li>Cart\u00e3o de embarque digital ou impresso do bilhete a\u00e9reo;<\/li>\n\n\n\n<li>Passaporte;<\/li>\n\n\n\n<li>Visto permitindo neg\u00f3cios, se for o caso;<\/li>\n\n\n\n<li>Comprovante de vacinas, se necess\u00e1rio;<\/li>\n\n\n\n<li>Comprovante de hospedagem;<\/li>\n\n\n\n<li>Documento oficial com foto (RG ou carteira de habilita\u00e7\u00e3o, ambos atualizados).<\/li>\n<\/ul>\n\n\n\n<p>&nbsp;<\/p>\n\n\n\n<div class=\"wp-block-uagb-advanced-heading uagb-block-8a61059d\"><h2 class=\"uagb-heading-text\"><span style=\"font-family: var(--headingsFontFamily),var(--nv-fallback-ff)\"><strong>Sites fundamentais para viagens corporativas internacionais&nbsp;<\/strong><br><\/span><\/h2><\/div>\n\n\n\n<p>Sites como o <a href=\"https:\/\/visaindex.com\/pt\/\"><b>Visaindex<\/b><\/a> e o <a href=\"https:\/\/www.traveldoc.aero\/\"><b>Traveldoc<\/b> <\/a>s\u00e3o ferramentas valiosas para os viajantes.&nbsp;<span style=\"font-family: var(--headingsFontFamily),var(--nv-fallback-ff)\"><br><\/span><\/p>\n\n\n\n<p>O <b>Visaindex<\/b> \u00e9 fundamental para aqueles que precisam entender onde seus passaportes s\u00e3o aceitos e quando \u00e9 necess\u00e1rio emitir um visto.&nbsp;<\/p>\n\n\n\n<p>J\u00e1 o <b>Traveldoc<\/b> \u00e9 essencial para o viajante que precisa de informa\u00e7\u00f5es mais completas. Nele \u00e9 s\u00f3 inserir informa\u00e7\u00f5es como origem, destino, passaporte e nacionalidade, e assim receber orienta\u00e7\u00f5es detalhadas sobre os requisitos necess\u00e1rios para entrar em determinado pa\u00eds, incluindo a necessidade de vistos e vacinas.<\/p>\n\n\n\n<p>Principais destinos internacionais corporativos<\/p>\n\n\n\n<p>A Dynamic Travel observou que, entre os destinos mais populares para<a style=\"font-weight: bold\" href=\"https:\/\/dynamictravel.com.br\/blog\/evitando-contratempos-saiba-quais-itens-nao-levar-em-suas-viagens-corporativas-nacionais-e-internacionais\/\"> viagens corporativas internacionais<\/a>, est\u00e3o os seguintes pa\u00edses:&nbsp;<\/p>\n\n\n\n<ul class=\"wp-block-list\">\n<li>Estados Unidos<\/li>\n\n\n\n<li>Argentina<\/li>\n\n\n\n<li>B\u00e9lgica<\/li>\n\n\n\n<li>China<\/li>\n\n\n\n<li>Nova Zel\u00e2ndia<\/li>\n\n\n\n<li>Malta<\/li>\n\n\n\n<li>Irlanda&nbsp;<\/li>\n\n\n\n<li>M\u00e9xico<\/li>\n<\/ul>\n\n\n\n<p>Esses destinos s\u00e3o frequentes devido \u00e0 sua import\u00e2ncia econ\u00f4mica e \u00e0s oportunidades de neg\u00f3cios que oferecem. Segundo um levantamento recente da Folha de S.Paulo, esses destinos continuam a ser os mais procurados por empresas que buscam expandir suas opera\u00e7\u00f5es internacionalmente.<\/p>\n\n\n\n<p>Para assegurar que as viagens internacionais ocorram sem problemas, os nossos consultores de viagens da Dynamic Travel s\u00e3o proativos em verificar e enviar todas as informa\u00e7\u00f5es relevantes aos viajantes. Isso inclui a documenta\u00e7\u00e3o necess\u00e1ria, procedimentos de entrada nos pa\u00edses de destino, al\u00e9m de<a href=\"https:\/\/dynamictravel.com.br\/blog\/saiba-quais-sao-os-principais-vistos-a-negocios-e-qual-diferenca-entre-eles\/\"> links \u00fateis sobre vistos<\/a> e outras exig\u00eancias.\u00a0<\/p>\n\n\n\n<blockquote class=\"wp-block-quote is-layout-flow wp-block-quote-is-layout-flow\">\n<p><em>\u201cUm dos valores que a Dynamic Travel pode oferecer aos seus clientes \u00e9 a seguran\u00e7a! Sabemos que atualmente se sentir seguro e confort\u00e1vel em uma viagem \u00e9 crucial. Por isso temos uma equipe pronta e capacitada para atender quaisquer necessidades e d\u00favidas do cliente.\u201d&nbsp;&nbsp;<\/em><\/p>\n\n\n\n<p class=\"has-text-align-right\"><em>\u2013 Heitor Almeida, Coordenador de Opera\u00e7\u00f5es da Dynamic Travel<\/em><\/p>\n<\/blockquote>\n\n\n\n<p>Agora, gostar\u00edamos de saber: em qual desses pa\u00edses voc\u00ea j\u00e1 esteve ou planeja uma visita a neg\u00f3cios? E como voc\u00ea tem se preparado para isso?&nbsp;Compartilhe conosco atrav\u00e9s do nosso <a href=\"https:\/\/www.linkedin.com\/company\/agenciadynamictravel\/\"><b>LinkedIn<\/b><\/a>.<\/p>\n","protected":false},"excerpt":{"rendered":"<p>Saiba mais sobre viagens corporativas internacionais!<\/p>\n","protected":false},"author":4,"featured_media":4438,"comment_status":"open","ping_status":"open","sticky":false,"template":"","format":"standard","meta":{"_uag_custom_page_level_css":"","site-sidebar-layout":"default","site-content-layout":"","ast-site-content-layout":"","site-content-style":"default","site-sidebar-style":"default","ast-global-header-display":"","ast-banner-title-visibility":"","ast-main-header-display":"","ast-hfb-above-header-display":"","ast-hfb-below-header-display":"","ast-hfb-mobile-header-display":"","site-post-title":"","ast-breadcrumbs-content":"","ast-featured-img":"","footer-sml-layout":"","theme-transparent-header-meta":"","adv-header-id-meta":"","stick-header-meta":"","header-above-stick-meta":"","header-main-stick-meta":"","header-below-stick-meta":"","astra-migrate-meta-layouts":"default","ast-page-background-enabled":"default","ast-page-background-meta":{"desktop":{"background-color":"var(--ast-global-color-4)","background-image":"","background-repeat":"repeat","background-position":"center center","background-size":"auto","background-attachment":"scroll","background-type":"","background-media":"","overlay-type":"","overlay-color":"","overlay-opacity":"","overlay-gradient":""},"tablet":{"background-color":"","background-image":"","background-repeat":"repeat","background-position":"center center","background-size":"auto","background-attachment":"scroll","background-type":"","background-media":"","overlay-type":"","overlay-color":"","overlay-opacity":"","overlay-gradient":""},"mobile":{"background-color":"","background-image":"","background-repeat":"repeat","background-position":"center center","background-size":"auto","background-attachment":"scroll","background-type":"","background-media":"","overlay-type":"","overlay-color":"","overlay-opacity":"","overlay-gradient":""}},"ast-content-background-meta":{"desktop":{"background-color":"var(--ast-global-color-5)","background-image":"","background-repeat":"repeat","background-position":"center center","background-size":"auto","background-attachment":"scroll","background-type":"","background-media":"","overlay-type":"","overlay-color":"","overlay-opacity":"","overlay-gradient":""},"tablet":{"background-color":"var(--ast-global-color-5)","background-image":"","background-repeat":"repeat","background-position":"center center","background-size":"auto","background-attachment":"scroll","background-type":"","background-media":"","overlay-type":"","overlay-color":"","overlay-opacity":"","overlay-gradient":""},"mobile":{"background-color":"var(--ast-global-color-5)","background-image":"","background-repeat":"repeat","background-position":"center center","background-size":"auto","background-attachment":"scroll","background-type":"","background-media":"","overlay-type":"","overlay-color":"","overlay-opacity":"","overlay-gradient":""}},"footnotes":""},"categories":[5,236],"tags":[31,20,199,22,14,198,32],"class_list":["post-4436","post","type-post","status-publish","format-standard","has-post-thumbnail","hentry","category-educacional","category-gestao-de-viagens","tag-agenciadeviagenscorporativas","tag-gestaodeviagens","tag-principaisdestinos","tag-turismocorporativo","tag-viagenscorporativas","tag-viagensinternacionais","tag-viagensparaempresas"],"yoast_head":"<!-- This site is optimized with the Yoast SEO plugin v24.4 - https:\/\/yoast.com\/wordpress\/plugins\/seo\/ -->\n<title>Gest\u00e3o de Viagens: Quais s\u00e3o os principais destinos internacionais para viagens corporativas e como se preparar para eles? - Blog Dynamic Travel<\/title>\n<meta name=\"description\" content=\"Confira os principais destinos para viagens corporativas internacionais e saiba como se preparar para eles!\" \/>\n<meta name=\"robots\" content=\"index, follow, max-snippet:-1, max-image-preview:large, max-video-preview:-1\" \/>\n<link rel=\"canonical\" href=\"https:\/\/dynamictravel.com.br\/blog\/gestao-de-viagens-quais-sao-os-principais-destinos-internacionais-para-viagens-corporativas-e-como-se-preparar-para-eles\/\" \/>\n<meta property=\"og:locale\" content=\"pt_BR\" \/>\n<meta property=\"og:type\" content=\"article\" \/>\n<meta property=\"og:title\" content=\"Gest\u00e3o de Viagens: Quais s\u00e3o os principais destinos internacionais para viagens corporativas e como se preparar para eles? - Blog Dynamic Travel\" \/>\n<meta property=\"og:description\" content=\"Confira os principais destinos para viagens corporativas internacionais e saiba como se preparar para eles!\" \/>\n<meta property=\"og:url\" content=\"https:\/\/dynamictravel.com.br\/blog\/gestao-de-viagens-quais-sao-os-principais-destinos-internacionais-para-viagens-corporativas-e-como-se-preparar-para-eles\/\" \/>\n<meta property=\"og:site_name\" content=\"Blog Dynamic Travel\" \/>\n<meta property=\"article:published_time\" content=\"2024-08-23T19:32:02+00:00\" \/>\n<meta property=\"article:modified_time\" content=\"2025-01-24T15:00:15+00:00\" \/>\n<meta property=\"og:image\" content=\"https:\/\/dynamictravel.com.br\/blog\/wp-content\/uploads\/2024\/08\/Imagem-do-WhatsApp-de-2024-08-23-as-09.38.15_44cd9e75.jpg\" \/>\n\t<meta property=\"og:image:width\" content=\"1600\" \/>\n\t<meta property=\"og:image:height\" content=\"1600\" \/>\n\t<meta property=\"og:image:type\" content=\"image\/jpeg\" \/>\n<meta name=\"author\" content=\"Reda\u00e7\u00e3o Dynamic Travel\" \/>\n<meta name=\"twitter:card\" content=\"summary_large_image\" \/>\n<meta name=\"twitter:label1\" content=\"Escrito por\" \/>\n\t<meta name=\"twitter:data1\" content=\"Reda\u00e7\u00e3o Dynamic Travel\" \/>\n\t<meta name=\"twitter:label2\" content=\"Est. tempo de leitura\" \/>\n\t<meta name=\"twitter:data2\" content=\"4 minutos\" \/>\n<script type=\"application\/ld+json\" class=\"yoast-schema-graph\">{\"@context\":\"https:\/\/schema.org\",\"@graph\":[{\"@type\":\"Article\",\"@id\":\"https:\/\/dynamictravel.com.br\/blog\/gestao-de-viagens-quais-sao-os-principais-destinos-internacionais-para-viagens-corporativas-e-como-se-preparar-para-eles\/#article\",\"isPartOf\":{\"@id\":\"https:\/\/dynamictravel.com.br\/blog\/gestao-de-viagens-quais-sao-os-principais-destinos-internacionais-para-viagens-corporativas-e-como-se-preparar-para-eles\/\"},\"author\":{\"name\":\"Reda\u00e7\u00e3o Dynamic Travel\",\"@id\":\"https:\/\/dynamictravel.com.br\/blog\/#\/schema\/person\/e7178e0a0ffb297c221bb32117d9745f\"},\"headline\":\"Gest\u00e3o de Viagens: Quais s\u00e3o os principais destinos internacionais para viagens corporativas e como se preparar para eles?\",\"datePublished\":\"2024-08-23T19:32:02+00:00\",\"dateModified\":\"2025-01-24T15:00:15+00:00\",\"mainEntityOfPage\":{\"@id\":\"https:\/\/dynamictravel.com.br\/blog\/gestao-de-viagens-quais-sao-os-principais-destinos-internacionais-para-viagens-corporativas-e-como-se-preparar-para-eles\/\"},\"wordCount\":653,\"commentCount\":0,\"publisher\":{\"@id\":\"https:\/\/dynamictravel.com.br\/blog\/#organization\"},\"image\":{\"@id\":\"https:\/\/dynamictravel.com.br\/blog\/gestao-de-viagens-quais-sao-os-principais-destinos-internacionais-para-viagens-corporativas-e-como-se-preparar-para-eles\/#primaryimage\"},\"thumbnailUrl\":\"https:\/\/dynamictravel.com.br\/blog\/wp-content\/uploads\/2024\/08\/Imagem-do-WhatsApp-de-2024-08-23-as-09.38.15_44cd9e75.jpg\",\"keywords\":[\"agenciadeviagenscorporativas\",\"gestaodeviagens\",\"principaisdestinos\",\"turismocorporativo\",\"viagenscorporativas\",\"viagensinternacionais\",\"viagensparaempresas\"],\"articleSection\":[\"Educacional\",\"Gest\u00e3o de Viagens\"],\"inLanguage\":\"pt-BR\",\"potentialAction\":[{\"@type\":\"CommentAction\",\"name\":\"Comment\",\"target\":[\"https:\/\/dynamictravel.com.br\/blog\/gestao-de-viagens-quais-sao-os-principais-destinos-internacionais-para-viagens-corporativas-e-como-se-preparar-para-eles\/#respond\"]}]},{\"@type\":\"WebPage\",\"@id\":\"https:\/\/dynamictravel.com.br\/blog\/gestao-de-viagens-quais-sao-os-principais-destinos-internacionais-para-viagens-corporativas-e-como-se-preparar-para-eles\/\",\"url\":\"https:\/\/dynamictravel.com.br\/blog\/gestao-de-viagens-quais-sao-os-principais-destinos-internacionais-para-viagens-corporativas-e-como-se-preparar-para-eles\/\",\"name\":\"Gest\u00e3o de Viagens: Quais s\u00e3o os principais destinos internacionais para viagens corporativas e como se preparar para eles? - Blog Dynamic Travel\",\"isPartOf\":{\"@id\":\"https:\/\/dynamictravel.com.br\/blog\/#website\"},\"primaryImageOfPage\":{\"@id\":\"https:\/\/dynamictravel.com.br\/blog\/gestao-de-viagens-quais-sao-os-principais-destinos-internacionais-para-viagens-corporativas-e-como-se-preparar-para-eles\/#primaryimage\"},\"image\":{\"@id\":\"https:\/\/dynamictravel.com.br\/blog\/gestao-de-viagens-quais-sao-os-principais-destinos-internacionais-para-viagens-corporativas-e-como-se-preparar-para-eles\/#primaryimage\"},\"thumbnailUrl\":\"https:\/\/dynamictravel.com.br\/blog\/wp-content\/uploads\/2024\/08\/Imagem-do-WhatsApp-de-2024-08-23-as-09.38.15_44cd9e75.jpg\",\"datePublished\":\"2024-08-23T19:32:02+00:00\",\"dateModified\":\"2025-01-24T15:00:15+00:00\",\"description\":\"Confira os principais destinos para viagens corporativas internacionais e saiba como se preparar para eles!\",\"breadcrumb\":{\"@id\":\"https:\/\/dynamictravel.com.br\/blog\/gestao-de-viagens-quais-sao-os-principais-destinos-internacionais-para-viagens-corporativas-e-como-se-preparar-para-eles\/#breadcrumb\"},\"inLanguage\":\"pt-BR\",\"potentialAction\":[{\"@type\":\"ReadAction\",\"target\":[\"https:\/\/dynamictravel.com.br\/blog\/gestao-de-viagens-quais-sao-os-principais-destinos-internacionais-para-viagens-corporativas-e-como-se-preparar-para-eles\/\"]}]},{\"@type\":\"ImageObject\",\"inLanguage\":\"pt-BR\",\"@id\":\"https:\/\/dynamictravel.com.br\/blog\/gestao-de-viagens-quais-sao-os-principais-destinos-internacionais-para-viagens-corporativas-e-como-se-preparar-para-eles\/#primaryimage\",\"url\":\"https:\/\/dynamictravel.com.br\/blog\/wp-content\/uploads\/2024\/08\/Imagem-do-WhatsApp-de-2024-08-23-as-09.38.15_44cd9e75.jpg\",\"contentUrl\":\"https:\/\/dynamictravel.com.br\/blog\/wp-content\/uploads\/2024\/08\/Imagem-do-WhatsApp-de-2024-08-23-as-09.38.15_44cd9e75.jpg\",\"width\":1600,\"height\":1600},{\"@type\":\"BreadcrumbList\",\"@id\":\"https:\/\/dynamictravel.com.br\/blog\/gestao-de-viagens-quais-sao-os-principais-destinos-internacionais-para-viagens-corporativas-e-como-se-preparar-para-eles\/#breadcrumb\",\"itemListElement\":[{\"@type\":\"ListItem\",\"position\":1,\"name\":\"In\u00edcio\",\"item\":\"https:\/\/dynamictravel.com.br\/blog\/\"},{\"@type\":\"ListItem\",\"position\":2,\"name\":\"Gest\u00e3o de Viagens: Quais s\u00e3o os principais destinos internacionais para viagens corporativas e como se preparar para eles?\"}]},{\"@type\":\"WebSite\",\"@id\":\"https:\/\/dynamictravel.com.br\/blog\/#website\",\"url\":\"https:\/\/dynamictravel.com.br\/blog\/\",\"name\":\"Blog Dynamic Travel\",\"description\":\"Ag\u00eancia de Viagens Corporativas\",\"publisher\":{\"@id\":\"https:\/\/dynamictravel.com.br\/blog\/#organization\"},\"potentialAction\":[{\"@type\":\"SearchAction\",\"target\":{\"@type\":\"EntryPoint\",\"urlTemplate\":\"https:\/\/dynamictravel.com.br\/blog\/?s={search_term_string}\"},\"query-input\":{\"@type\":\"PropertyValueSpecification\",\"valueRequired\":true,\"valueName\":\"search_term_string\"}}],\"inLanguage\":\"pt-BR\"},{\"@type\":\"Organization\",\"@id\":\"https:\/\/dynamictravel.com.br\/blog\/#organization\",\"name\":\"Blog Dynamic Travel\",\"url\":\"https:\/\/dynamictravel.com.br\/blog\/\",\"logo\":{\"@type\":\"ImageObject\",\"inLanguage\":\"pt-BR\",\"@id\":\"https:\/\/dynamictravel.com.br\/blog\/#\/schema\/logo\/image\/\",\"url\":\"https:\/\/dynamictravel.com.br\/blog\/wp-content\/uploads\/2024\/10\/logo-dynamic-travel.webp\",\"contentUrl\":\"https:\/\/dynamictravel.com.br\/blog\/wp-content\/uploads\/2024\/10\/logo-dynamic-travel.webp\",\"width\":320,\"height\":111,\"caption\":\"Blog Dynamic Travel\"},\"image\":{\"@id\":\"https:\/\/dynamictravel.com.br\/blog\/#\/schema\/logo\/image\/\"}},{\"@type\":\"Person\",\"@id\":\"https:\/\/dynamictravel.com.br\/blog\/#\/schema\/person\/e7178e0a0ffb297c221bb32117d9745f\",\"name\":\"Reda\u00e7\u00e3o Dynamic Travel\",\"image\":{\"@type\":\"ImageObject\",\"inLanguage\":\"pt-BR\",\"@id\":\"https:\/\/dynamictravel.com.br\/blog\/#\/schema\/person\/image\/\",\"url\":\"https:\/\/secure.gravatar.com\/avatar\/1eb4bf102438663c299bc91dd2b1095c?s=96&d=mm&r=g\",\"contentUrl\":\"https:\/\/secure.gravatar.com\/avatar\/1eb4bf102438663c299bc91dd2b1095c?s=96&d=mm&r=g\",\"caption\":\"Reda\u00e7\u00e3o Dynamic Travel\"},\"sameAs\":[\"https:\/\/dynamictravel.com.br\"],\"url\":\"https:\/\/dynamictravel.com.br\/blog\/author\/redacao\/\"}]}<\/script>\n<!-- \/ Yoast SEO plugin. -->","yoast_head_json":{"title":"Gest\u00e3o de Viagens: Quais s\u00e3o os principais destinos internacionais para viagens corporativas e como se preparar para eles? - Blog Dynamic Travel","description":"Confira os principais destinos para viagens corporativas internacionais e saiba como se preparar para eles!","robots":{"index":"index","follow":"follow","max-snippet":"max-snippet:-1","max-image-preview":"max-image-preview:large","max-video-preview":"max-video-preview:-1"},"canonical":"https:\/\/dynamictravel.com.br\/blog\/gestao-de-viagens-quais-sao-os-principais-destinos-internacionais-para-viagens-corporativas-e-como-se-preparar-para-eles\/","og_locale":"pt_BR","og_type":"article","og_title":"Gest\u00e3o de Viagens: Quais s\u00e3o os principais destinos internacionais para viagens corporativas e como se preparar para eles? - Blog Dynamic Travel","og_description":"Confira os principais destinos para viagens corporativas internacionais e saiba como se preparar para eles!","og_url":"https:\/\/dynamictravel.com.br\/blog\/gestao-de-viagens-quais-sao-os-principais-destinos-internacionais-para-viagens-corporativas-e-como-se-preparar-para-eles\/","og_site_name":"Blog Dynamic Travel","article_published_time":"2024-08-23T19:32:02+00:00","article_modified_time":"2025-01-24T15:00:15+00:00","og_image":[{"width":1600,"height":1600,"url":"https:\/\/dynamictravel.com.br\/blog\/wp-content\/uploads\/2024\/08\/Imagem-do-WhatsApp-de-2024-08-23-as-09.38.15_44cd9e75.jpg","type":"image\/jpeg"}],"author":"Reda\u00e7\u00e3o Dynamic Travel","twitter_card":"summary_large_image","twitter_misc":{"Escrito por":"Reda\u00e7\u00e3o Dynamic Travel","Est. tempo de leitura":"4 minutos"},"schema":{"@context":"https:\/\/schema.org","@graph":[{"@type":"Article","@id":"https:\/\/dynamictravel.com.br\/blog\/gestao-de-viagens-quais-sao-os-principais-destinos-internacionais-para-viagens-corporativas-e-como-se-preparar-para-eles\/#article","isPartOf":{"@id":"https:\/\/dynamictravel.com.br\/blog\/gestao-de-viagens-quais-sao-os-principais-destinos-internacionais-para-viagens-corporativas-e-como-se-preparar-para-eles\/"},"author":{"name":"Reda\u00e7\u00e3o Dynamic Travel","@id":"https:\/\/dynamictravel.com.br\/blog\/#\/schema\/person\/e7178e0a0ffb297c221bb32117d9745f"},"headline":"Gest\u00e3o de Viagens: Quais s\u00e3o os principais destinos internacionais para viagens corporativas e como se preparar para eles?","datePublished":"2024-08-23T19:32:02+00:00","dateModified":"2025-01-24T15:00:15+00:00","mainEntityOfPage":{"@id":"https:\/\/dynamictravel.com.br\/blog\/gestao-de-viagens-quais-sao-os-principais-destinos-internacionais-para-viagens-corporativas-e-como-se-preparar-para-eles\/"},"wordCount":653,"commentCount":0,"publisher":{"@id":"https:\/\/dynamictravel.com.br\/blog\/#organization"},"image":{"@id":"https:\/\/dynamictravel.com.br\/blog\/gestao-de-viagens-quais-sao-os-principais-destinos-internacionais-para-viagens-corporativas-e-como-se-preparar-para-eles\/#primaryimage"},"thumbnailUrl":"https:\/\/dynamictravel.com.br\/blog\/wp-content\/uploads\/2024\/08\/Imagem-do-WhatsApp-de-2024-08-23-as-09.38.15_44cd9e75.jpg","keywords":["agenciadeviagenscorporativas","gestaodeviagens","principaisdestinos","turismocorporativo","viagenscorporativas","viagensinternacionais","viagensparaempresas"],"articleSection":["Educacional","Gest\u00e3o de Viagens"],"inLanguage":"pt-BR","potentialAction":[{"@type":"CommentAction","name":"Comment","target":["https:\/\/dynamictravel.com.br\/blog\/gestao-de-viagens-quais-sao-os-principais-destinos-internacionais-para-viagens-corporativas-e-como-se-preparar-para-eles\/#respond"]}]},{"@type":"WebPage","@id":"https:\/\/dynamictravel.com.br\/blog\/gestao-de-viagens-quais-sao-os-principais-destinos-internacionais-para-viagens-corporativas-e-como-se-preparar-para-eles\/","url":"https:\/\/dynamictravel.com.br\/blog\/gestao-de-viagens-quais-sao-os-principais-destinos-internacionais-para-viagens-corporativas-e-como-se-preparar-para-eles\/","name":"Gest\u00e3o de Viagens: Quais s\u00e3o os principais destinos internacionais para viagens corporativas e como se preparar para eles? - Blog Dynamic Travel","isPartOf":{"@id":"https:\/\/dynamictravel.com.br\/blog\/#website"},"primaryImageOfPage":{"@id":"https:\/\/dynamictravel.com.br\/blog\/gestao-de-viagens-quais-sao-os-principais-destinos-internacionais-para-viagens-corporativas-e-como-se-preparar-para-eles\/#primaryimage"},"image":{"@id":"https:\/\/dynamictravel.com.br\/blog\/gestao-de-viagens-quais-sao-os-principais-destinos-internacionais-para-viagens-corporativas-e-como-se-preparar-para-eles\/#primaryimage"},"thumbnailUrl":"https:\/\/dynamictravel.com.br\/blog\/wp-content\/uploads\/2024\/08\/Imagem-do-WhatsApp-de-2024-08-23-as-09.38.15_44cd9e75.jpg","datePublished":"2024-08-23T19:32:02+00:00","dateModified":"2025-01-24T15:00:15+00:00","description":"Confira os principais destinos para viagens corporativas internacionais e saiba como se preparar para eles!","breadcrumb":{"@id":"https:\/\/dynamictravel.com.br\/blog\/gestao-de-viagens-quais-sao-os-principais-destinos-internacionais-para-viagens-corporativas-e-como-se-preparar-para-eles\/#breadcrumb"},"inLanguage":"pt-BR","potentialAction":[{"@type":"ReadAction","target":["https:\/\/dynamictravel.com.br\/blog\/gestao-de-viagens-quais-sao-os-principais-destinos-internacionais-para-viagens-corporativas-e-como-se-preparar-para-eles\/"]}]},{"@type":"ImageObject","inLanguage":"pt-BR","@id":"https:\/\/dynamictravel.com.br\/blog\/gestao-de-viagens-quais-sao-os-principais-destinos-internacionais-para-viagens-corporativas-e-como-se-preparar-para-eles\/#primaryimage","url":"https:\/\/dynamictravel.com.br\/blog\/wp-content\/uploads\/2024\/08\/Imagem-do-WhatsApp-de-2024-08-23-as-09.38.15_44cd9e75.jpg","contentUrl":"https:\/\/dynamictravel.com.br\/blog\/wp-content\/uploads\/2024\/08\/Imagem-do-WhatsApp-de-2024-08-23-as-09.38.15_44cd9e75.jpg","width":1600,"height":1600},{"@type":"BreadcrumbList","@id":"https:\/\/dynamictravel.com.br\/blog\/gestao-de-viagens-quais-sao-os-principais-destinos-internacionais-para-viagens-corporativas-e-como-se-preparar-para-eles\/#breadcrumb","itemListElement":[{"@type":"ListItem","position":1,"name":"In\u00edcio","item":"https:\/\/dynamictravel.com.br\/blog\/"},{"@type":"ListItem","position":2,"name":"Gest\u00e3o de Viagens: Quais s\u00e3o os principais destinos internacionais para viagens corporativas e como se preparar para eles?"}]},{"@type":"WebSite","@id":"https:\/\/dynamictravel.com.br\/blog\/#website","url":"https:\/\/dynamictravel.com.br\/blog\/","name":"Blog Dynamic Travel","description":"Ag\u00eancia de Viagens Corporativas","publisher":{"@id":"https:\/\/dynamictravel.com.br\/blog\/#organization"},"potentialAction":[{"@type":"SearchAction","target":{"@type":"EntryPoint","urlTemplate":"https:\/\/dynamictravel.com.br\/blog\/?s={search_term_string}"},"query-input":{"@type":"PropertyValueSpecification","valueRequired":true,"valueName":"search_term_string"}}],"inLanguage":"pt-BR"},{"@type":"Organization","@id":"https:\/\/dynamictravel.com.br\/blog\/#organization","name":"Blog Dynamic Travel","url":"https:\/\/dynamictravel.com.br\/blog\/","logo":{"@type":"ImageObject","inLanguage":"pt-BR","@id":"https:\/\/dynamictravel.com.br\/blog\/#\/schema\/logo\/image\/","url":"https:\/\/dynamictravel.com.br\/blog\/wp-content\/uploads\/2024\/10\/logo-dynamic-travel.webp","contentUrl":"https:\/\/dynamictravel.com.br\/blog\/wp-content\/uploads\/2024\/10\/logo-dynamic-travel.webp","width":320,"height":111,"caption":"Blog Dynamic Travel"},"image":{"@id":"https:\/\/dynamictravel.com.br\/blog\/#\/schema\/logo\/image\/"}},{"@type":"Person","@id":"https:\/\/dynamictravel.com.br\/blog\/#\/schema\/person\/e7178e0a0ffb297c221bb32117d9745f","name":"Reda\u00e7\u00e3o Dynamic Travel","image":{"@type":"ImageObject","inLanguage":"pt-BR","@id":"https:\/\/dynamictravel.com.br\/blog\/#\/schema\/person\/image\/","url":"https:\/\/secure.gravatar.com\/avatar\/1eb4bf102438663c299bc91dd2b1095c?s=96&d=mm&r=g","contentUrl":"https:\/\/secure.gravatar.com\/avatar\/1eb4bf102438663c299bc91dd2b1095c?s=96&d=mm&r=g","caption":"Reda\u00e7\u00e3o Dynamic Travel"},"sameAs":["https:\/\/dynamictravel.com.br"],"url":"https:\/\/dynamictravel.com.br\/blog\/author\/redacao\/"}]}},"uagb_featured_image_src":{"full":["https:\/\/dynamictravel.com.br\/blog\/wp-content\/uploads\/2024\/08\/Imagem-do-WhatsApp-de-2024-08-23-as-09.38.15_44cd9e75.jpg",1600,1600,false],"thumbnail":["https:\/\/dynamictravel.com.br\/blog\/wp-content\/uploads\/2024\/08\/Imagem-do-WhatsApp-de-2024-08-23-as-09.38.15_44cd9e75-150x150.jpg",150,150,true],"medium":["https:\/\/dynamictravel.com.br\/blog\/wp-content\/uploads\/2024\/08\/Imagem-do-WhatsApp-de-2024-08-23-as-09.38.15_44cd9e75-300x300.jpg",300,300,true],"medium_large":["https:\/\/dynamictravel.com.br\/blog\/wp-content\/uploads\/2024\/08\/Imagem-do-WhatsApp-de-2024-08-23-as-09.38.15_44cd9e75-768x768.jpg",768,768,true],"large":["https:\/\/dynamictravel.com.br\/blog\/wp-content\/uploads\/2024\/08\/Imagem-do-WhatsApp-de-2024-08-23-as-09.38.15_44cd9e75-1024x1024.jpg",1024,1024,true],"1536x1536":["https:\/\/dynamictravel.com.br\/blog\/wp-content\/uploads\/2024\/08\/Imagem-do-WhatsApp-de-2024-08-23-as-09.38.15_44cd9e75-1536x1536.jpg",1536,1536,true],"2048x2048":["https:\/\/dynamictravel.com.br\/blog\/wp-content\/uploads\/2024\/08\/Imagem-do-WhatsApp-de-2024-08-23-as-09.38.15_44cd9e75.jpg",1600,1600,false],"trp-custom-language-flag":["https:\/\/dynamictravel.com.br\/blog\/wp-content\/uploads\/2024\/08\/Imagem-do-WhatsApp-de-2024-08-23-as-09.38.15_44cd9e75.jpg",12,12,false]},"uagb_author_info":{"display_name":"Reda\u00e7\u00e3o Dynamic Travel","author_link":"https:\/\/dynamictravel.com.br\/blog\/author\/redacao\/"},"uagb_comment_info":2,"uagb_excerpt":"Saiba mais sobre viagens corporativas internacionais!","_links":{"self":[{"href":"https:\/\/dynamictravel.com.br\/blog\/wp-json\/wp\/v2\/posts\/4436","targetHints":{"allow":["GET"]}}],"collection":[{"href":"https:\/\/dynamictravel.com.br\/blog\/wp-json\/wp\/v2\/posts"}],"about":[{"href":"https:\/\/dynamictravel.com.br\/blog\/wp-json\/wp\/v2\/types\/post"}],"author":[{"embeddable":true,"href":"https:\/\/dynamictravel.com.br\/blog\/wp-json\/wp\/v2\/users\/4"}],"replies":[{"embeddable":true,"href":"https:\/\/dynamictravel.com.br\/blog\/wp-json\/wp\/v2\/comments?post=4436"}],"version-history":[{"count":7,"href":"https:\/\/dynamictravel.com.br\/blog\/wp-json\/wp\/v2\/posts\/4436\/revisions"}],"predecessor-version":[{"id":5740,"href":"https:\/\/dynamictravel.com.br\/blog\/wp-json\/wp\/v2\/posts\/4436\/revisions\/5740"}],"wp:featuredmedia":[{"embeddable":true,"href":"https:\/\/dynamictravel.com.br\/blog\/wp-json\/wp\/v2\/media\/4438"}],"wp:attachment":[{"href":"https:\/\/dynamictravel.com.br\/blog\/wp-json\/wp\/v2\/media?parent=4436"}],"wp:term":[{"taxonomy":"category","embeddable":true,"href":"https:\/\/dynamictravel.com.br\/blog\/wp-json\/wp\/v2\/categories?post=4436"},{"taxonomy":"post_tag","embeddable":true,"href":"https:\/\/dynamictravel.com.br\/blog\/wp-json\/wp\/v2\/tags?post=4436"}],"curies":[{"name":"wp","href":"https:\/\/api.w.org\/{rel}","templated":true}]}}