{"id":4321,"date":"2024-07-18T14:41:11","date_gmt":"2024-07-18T17:41:11","guid":{"rendered":"https:\/\/dynamictravel.com.br\/blog\/?p=4321"},"modified":"2025-10-01T09:40:21","modified_gmt":"2025-10-01T12:40:21","slug":"dynamic-travel-realiza-3a-edicao-da-semana-d-e-anuncia-crescimento-de-30-no-1o-quadrimestre-24","status":"publish","type":"post","link":"https:\/\/dynamictravel.com.br\/blog\/dynamic-travel-realiza-3a-edicao-da-semana-d-e-anuncia-crescimento-de-30-no-1o-quadrimestre-24\/","title":{"rendered":"Dynamic Travel realiza 3\u00aa edi\u00e7\u00e3o da Semana D+ e anuncia crescimento de 30% no 1\u00ba\u00a0Quadrimestre\/24"},"content":{"rendered":"\n<p><br><img loading=\"lazy\" decoding=\"async\" width=\"1024\" height=\"1024\" src=\"http:\/\/dynamictravel.com.br\/blog\/wp-content\/uploads\/2024\/07\/Imagem-do-WhatsApp-de-2024-07-16-as-16.04.59_2ec24126-1024x1024.jpg\" alt=\"\"><br><br><\/p>\n\n\n\n<p>A Dynamic Travel, ag\u00eancia especializada em viagens corporativas e eventos, realizou a 3\u00aa edi\u00e7\u00e3o da Semana D+, de 25 a 28 de junho, em seu escrit\u00f3rio na Avenida Paulista, em S\u00e3o Paulo. O evento, que fortaleceu la\u00e7os entre colaboradores e fornecedores enquanto promoveu os valores corporativos de Governan\u00e7a, Responsabilidade, Inova\u00e7\u00e3o e Resultado, contou com a presen\u00e7a de 90 colaboradores e 16 representantes de empresas parceiras.<\/p>\n\n\n\n<blockquote class=\"wp-block-quote is-layout-flow wp-block-quote-is-layout-flow\">\n<p>Rafael Malfar\u00e1, diretor de Relacionamento com Clientes, Marketing, Eventos da Dynamic Travel, enfatizou a import\u00e2ncia do formato expandido: <\/p>\n\n\n\n<p>\u201cEstender o evento para uma semana proporcionou uma intera\u00e7\u00e3o mais profunda e impactante, alinhada com nossa cultura de crescimento sustent\u00e1vel e colabora\u00e7\u00e3o\u201d.<\/p>\n<\/blockquote>\n\n\n\n<p>Durante os quatro dias de imers\u00e3o, os participantes se envolveram em atividades interativas e educativas, consolidando a miss\u00e3o da empresa de maneira din\u00e2mica e envolvente. Destaca-se o crescimento de 30% da Dynamic Travel no primeiro quadrimestre de 2024 em compara\u00e7\u00e3o ao mesmo per\u00edodo do ano anterior, com um aumento de 43% somente em abril.<\/p>\n\n\n\n<p>\u201cParticipar da Semana D+ foi uma experi\u00eancia enriquecedora\u201d, compartilhou Danyelle Bellangero, Coordenadora de Vendas da Flytour Consolidadora, um dos patrocinadores ouro do evento. \u201c\u00c9 inspirador ver como a energia positiva e o compromisso com a excel\u00eancia permeiam cada atividade, desde o caf\u00e9 da manh\u00e3 at\u00e9 as din\u00e2micas interativas. O ambiente durante toda a semana foi muito acolhedor e produtivo. A organiza\u00e7\u00e3o das atividades permitiu n\u00e3o s\u00f3 a troca de conhecimento, mas tamb\u00e9m a constru\u00e7\u00e3o de rela\u00e7\u00f5es significativas\u201d.<\/p>\n\n\n\n<blockquote class=\"wp-block-quote is-layout-flow wp-block-quote-is-layout-flow\">\n<p>Miguel Ramos, Gerente Comercial da Flytour Consolidadora, tamb\u00e9m compartilhou sua experi\u00eancia: <\/p>\n\n\n\n<p>\u201cParticipar da Semana D+ foi uma oportunidade \u00fanica de refor\u00e7ar nossa parceria estrat\u00e9gica com a Dynamic Travel. Foi inspirador ver como a empresa investe n\u00e3o apenas em seu crescimento, mas tamb\u00e9m no desenvolvimento de seus valores fundamentais\u201d.<\/p>\n<\/blockquote>\n\n\n\n<p>Al\u00e9m de fortalecer parcerias estrat\u00e9gicas, o evento se destacou pela sua abordagem inovadora em quatro dias tem\u00e1ticos: Governan\u00e7a, Responsabilidade, Inova\u00e7\u00e3o e Resultado. Com o sucesso dessa edi\u00e7\u00e3o, a Dynamic Travel planeja utilizar o feedback recebido para aprimorar futuras iniciativas, mantendo seu compromisso com a inova\u00e7\u00e3o e o engajamento cont\u00ednuo de colaboradores e parceiros.<\/p>\n\n\n\n<p>Presen\u00e7a de marca<\/p>\n\n\n\n<p>Esta 3\u00aa edi\u00e7\u00e3o do evento destacou-se pela dura\u00e7\u00e3o de quatro dias e intensas intera\u00e7\u00f5es com fornecedores, incluindo CEP Transportes, GTA Seguros, Movida, Shift, Paxtour, BestBuy Travel, Localiza, Rextur Advance, Trend Viagens, Five Transportes, e Flytour Consolidadora como patrocinador ouro.<\/p>\n","protected":false},"excerpt":{"rendered":"<p>Dynamic Travel celebra semana D+ em fun\u00e7\u00e3o de seu crescimento!<\/p>\n","protected":false},"author":4,"featured_media":4337,"comment_status":"open","ping_status":"open","sticky":false,"template":"","format":"standard","meta":{"_uag_custom_page_level_css":"","site-sidebar-layout":"default","site-content-layout":"","ast-site-content-layout":"","site-content-style":"default","site-sidebar-style":"default","ast-global-header-display":"","ast-banner-title-visibility":"","ast-main-header-display":"","ast-hfb-above-header-display":"","ast-hfb-below-header-display":"","ast-hfb-mobile-header-display":"","site-post-title":"","ast-breadcrumbs-content":"","ast-featured-img":"","footer-sml-layout":"","theme-transparent-header-meta":"","adv-header-id-meta":"","stick-header-meta":"","header-above-stick-meta":"","header-main-stick-meta":"","header-below-stick-meta":"","astra-migrate-meta-layouts":"default","ast-page-background-enabled":"default","ast-page-background-meta":{"desktop":{"background-color":"var(--ast-global-color-4)","background-image":"","background-repeat":"repeat","background-position":"center center","background-size":"auto","background-attachment":"scroll","background-type":"","background-media":"","overlay-type":"","overlay-color":"","overlay-opacity":"","overlay-gradient":""},"tablet":{"background-color":"","background-image":"","background-repeat":"repeat","background-position":"center center","background-size":"auto","background-attachment":"scroll","background-type":"","background-media":"","overlay-type":"","overlay-color":"","overlay-opacity":"","overlay-gradient":""},"mobile":{"background-color":"","background-image":"","background-repeat":"repeat","background-position":"center center","background-size":"auto","background-attachment":"scroll","background-type":"","background-media":"","overlay-type":"","overlay-color":"","overlay-opacity":"","overlay-gradient":""}},"ast-content-background-meta":{"desktop":{"background-color":"var(--ast-global-color-5)","background-image":"","background-repeat":"repeat","background-position":"center center","background-size":"auto","background-attachment":"scroll","background-type":"","background-media":"","overlay-type":"","overlay-color":"","overlay-opacity":"","overlay-gradient":""},"tablet":{"background-color":"var(--ast-global-color-5)","background-image":"","background-repeat":"repeat","background-position":"center center","background-size":"auto","background-attachment":"scroll","background-type":"","background-media":"","overlay-type":"","overlay-color":"","overlay-opacity":"","overlay-gradient":""},"mobile":{"background-color":"var(--ast-global-color-5)","background-image":"","background-repeat":"repeat","background-position":"center center","background-size":"auto","background-attachment":"scroll","background-type":"","background-media":"","overlay-type":"","overlay-color":"","overlay-opacity":"","overlay-gradient":""}},"footnotes":""},"categories":[4,7],"tags":[31,29,195,22,14,32],"class_list":["post-4321","post","type-post","status-publish","format-standard","has-post-thumbnail","hentry","category-institucional","category-interno","tag-agenciadeviagenscorporativas","tag-dynamictravel","tag-semanad","tag-turismocorporativo","tag-viagenscorporativas","tag-viagensparaempresas"],"yoast_head":"<!-- This site is optimized with the Yoast SEO plugin v24.4 - https:\/\/yoast.com\/wordpress\/plugins\/seo\/ -->\n<title>Dynamic Travel realiza 3\u00aa edi\u00e7\u00e3o da Semana D+ e anuncia crescimento de 30% no 1\u00ba\u00a0Quadrimestre\/24 - Blog Dynamic Travel<\/title>\n<meta name=\"description\" content=\"Dynamic Travel realiza terceira Semana D+ e anuncia um crescimento de 30% no primeiro quadrimestre de 2024.\" \/>\n<meta name=\"robots\" content=\"index, follow, max-snippet:-1, max-image-preview:large, max-video-preview:-1\" \/>\n<link rel=\"canonical\" href=\"https:\/\/dynamictravel.com.br\/blog\/dynamic-travel-realiza-3a-edicao-da-semana-d-e-anuncia-crescimento-de-30-no-1o-quadrimestre-24\/\" \/>\n<meta property=\"og:locale\" content=\"pt_BR\" \/>\n<meta property=\"og:type\" content=\"article\" \/>\n<meta property=\"og:title\" content=\"Dynamic Travel realiza 3\u00aa edi\u00e7\u00e3o da Semana D+ e anuncia crescimento de 30% no 1\u00ba\u00a0Quadrimestre\/24 - Blog Dynamic Travel\" \/>\n<meta property=\"og:description\" content=\"Dynamic Travel realiza terceira Semana D+ e anuncia um crescimento de 30% no primeiro quadrimestre de 2024.\" \/>\n<meta property=\"og:url\" content=\"https:\/\/dynamictravel.com.br\/blog\/dynamic-travel-realiza-3a-edicao-da-semana-d-e-anuncia-crescimento-de-30-no-1o-quadrimestre-24\/\" \/>\n<meta property=\"og:site_name\" content=\"Blog Dynamic Travel\" \/>\n<meta property=\"article:published_time\" content=\"2024-07-18T17:41:11+00:00\" \/>\n<meta property=\"article:modified_time\" content=\"2025-10-01T12:40:21+00:00\" \/>\n<meta property=\"og:image\" content=\"https:\/\/dynamictravel.com.br\/blog\/wp-content\/uploads\/2024\/07\/Imagem-do-WhatsApp-de-2024-07-16-as-16.04.59_2ec24126.jpg\" \/>\n\t<meta property=\"og:image:width\" content=\"1080\" \/>\n\t<meta property=\"og:image:height\" content=\"1080\" \/>\n\t<meta property=\"og:image:type\" content=\"image\/jpeg\" \/>\n<meta name=\"author\" content=\"Reda\u00e7\u00e3o Dynamic Travel\" \/>\n<meta name=\"twitter:card\" content=\"summary_large_image\" \/>\n<meta name=\"twitter:label1\" content=\"Escrito por\" \/>\n\t<meta name=\"twitter:data1\" content=\"Reda\u00e7\u00e3o Dynamic Travel\" \/>\n\t<meta name=\"twitter:label2\" content=\"Est. tempo de leitura\" \/>\n\t<meta name=\"twitter:data2\" content=\"3 minutos\" \/>\n<script type=\"application\/ld+json\" class=\"yoast-schema-graph\">{\"@context\":\"https:\/\/schema.org\",\"@graph\":[{\"@type\":\"Article\",\"@id\":\"https:\/\/dynamictravel.com.br\/blog\/dynamic-travel-realiza-3a-edicao-da-semana-d-e-anuncia-crescimento-de-30-no-1o-quadrimestre-24\/#article\",\"isPartOf\":{\"@id\":\"https:\/\/dynamictravel.com.br\/blog\/dynamic-travel-realiza-3a-edicao-da-semana-d-e-anuncia-crescimento-de-30-no-1o-quadrimestre-24\/\"},\"author\":{\"name\":\"Reda\u00e7\u00e3o Dynamic Travel\",\"@id\":\"https:\/\/dynamictravel.com.br\/blog\/#\/schema\/person\/e7178e0a0ffb297c221bb32117d9745f\"},\"headline\":\"Dynamic Travel realiza 3\u00aa edi\u00e7\u00e3o da Semana D+ e anuncia crescimento de 30% no 1\u00ba\u00a0Quadrimestre\/24\",\"datePublished\":\"2024-07-18T17:41:11+00:00\",\"dateModified\":\"2025-10-01T12:40:21+00:00\",\"mainEntityOfPage\":{\"@id\":\"https:\/\/dynamictravel.com.br\/blog\/dynamic-travel-realiza-3a-edicao-da-semana-d-e-anuncia-crescimento-de-30-no-1o-quadrimestre-24\/\"},\"wordCount\":426,\"commentCount\":0,\"publisher\":{\"@id\":\"https:\/\/dynamictravel.com.br\/blog\/#organization\"},\"image\":{\"@id\":\"https:\/\/dynamictravel.com.br\/blog\/dynamic-travel-realiza-3a-edicao-da-semana-d-e-anuncia-crescimento-de-30-no-1o-quadrimestre-24\/#primaryimage\"},\"thumbnailUrl\":\"https:\/\/dynamictravel.com.br\/blog\/wp-content\/uploads\/2024\/07\/Imagem-do-WhatsApp-de-2024-07-16-as-16.04.59_2ec24126.jpg\",\"keywords\":[\"agenciadeviagenscorporativas\",\"dynamictravel\",\"SemanaD+\",\"turismocorporativo\",\"viagenscorporativas\",\"viagensparaempresas\"],\"articleSection\":[\"Institucional\",\"Interno\"],\"inLanguage\":\"pt-BR\",\"potentialAction\":[{\"@type\":\"CommentAction\",\"name\":\"Comment\",\"target\":[\"https:\/\/dynamictravel.com.br\/blog\/dynamic-travel-realiza-3a-edicao-da-semana-d-e-anuncia-crescimento-de-30-no-1o-quadrimestre-24\/#respond\"]}]},{\"@type\":\"WebPage\",\"@id\":\"https:\/\/dynamictravel.com.br\/blog\/dynamic-travel-realiza-3a-edicao-da-semana-d-e-anuncia-crescimento-de-30-no-1o-quadrimestre-24\/\",\"url\":\"https:\/\/dynamictravel.com.br\/blog\/dynamic-travel-realiza-3a-edicao-da-semana-d-e-anuncia-crescimento-de-30-no-1o-quadrimestre-24\/\",\"name\":\"Dynamic Travel realiza 3\u00aa edi\u00e7\u00e3o da Semana D+ e anuncia crescimento de 30% no 1\u00ba\u00a0Quadrimestre\/24 - Blog Dynamic Travel\",\"isPartOf\":{\"@id\":\"https:\/\/dynamictravel.com.br\/blog\/#website\"},\"primaryImageOfPage\":{\"@id\":\"https:\/\/dynamictravel.com.br\/blog\/dynamic-travel-realiza-3a-edicao-da-semana-d-e-anuncia-crescimento-de-30-no-1o-quadrimestre-24\/#primaryimage\"},\"image\":{\"@id\":\"https:\/\/dynamictravel.com.br\/blog\/dynamic-travel-realiza-3a-edicao-da-semana-d-e-anuncia-crescimento-de-30-no-1o-quadrimestre-24\/#primaryimage\"},\"thumbnailUrl\":\"https:\/\/dynamictravel.com.br\/blog\/wp-content\/uploads\/2024\/07\/Imagem-do-WhatsApp-de-2024-07-16-as-16.04.59_2ec24126.jpg\",\"datePublished\":\"2024-07-18T17:41:11+00:00\",\"dateModified\":\"2025-10-01T12:40:21+00:00\",\"description\":\"Dynamic Travel realiza terceira Semana D+ e anuncia um crescimento de 30% no primeiro quadrimestre de 2024.\",\"breadcrumb\":{\"@id\":\"https:\/\/dynamictravel.com.br\/blog\/dynamic-travel-realiza-3a-edicao-da-semana-d-e-anuncia-crescimento-de-30-no-1o-quadrimestre-24\/#breadcrumb\"},\"inLanguage\":\"pt-BR\",\"potentialAction\":[{\"@type\":\"ReadAction\",\"target\":[\"https:\/\/dynamictravel.com.br\/blog\/dynamic-travel-realiza-3a-edicao-da-semana-d-e-anuncia-crescimento-de-30-no-1o-quadrimestre-24\/\"]}]},{\"@type\":\"ImageObject\",\"inLanguage\":\"pt-BR\",\"@id\":\"https:\/\/dynamictravel.com.br\/blog\/dynamic-travel-realiza-3a-edicao-da-semana-d-e-anuncia-crescimento-de-30-no-1o-quadrimestre-24\/#primaryimage\",\"url\":\"https:\/\/dynamictravel.com.br\/blog\/wp-content\/uploads\/2024\/07\/Imagem-do-WhatsApp-de-2024-07-16-as-16.04.59_2ec24126.jpg\",\"contentUrl\":\"https:\/\/dynamictravel.com.br\/blog\/wp-content\/uploads\/2024\/07\/Imagem-do-WhatsApp-de-2024-07-16-as-16.04.59_2ec24126.jpg\",\"width\":1080,\"height\":1080},{\"@type\":\"BreadcrumbList\",\"@id\":\"https:\/\/dynamictravel.com.br\/blog\/dynamic-travel-realiza-3a-edicao-da-semana-d-e-anuncia-crescimento-de-30-no-1o-quadrimestre-24\/#breadcrumb\",\"itemListElement\":[{\"@type\":\"ListItem\",\"position\":1,\"name\":\"In\u00edcio\",\"item\":\"https:\/\/dynamictravel.com.br\/blog\/\"},{\"@type\":\"ListItem\",\"position\":2,\"name\":\"Dynamic Travel realiza 3\u00aa edi\u00e7\u00e3o da Semana D+ e anuncia crescimento de 30% no 1\u00ba\u00a0Quadrimestre\/24\"}]},{\"@type\":\"WebSite\",\"@id\":\"https:\/\/dynamictravel.com.br\/blog\/#website\",\"url\":\"https:\/\/dynamictravel.com.br\/blog\/\",\"name\":\"Blog Dynamic Travel\",\"description\":\"Ag\u00eancia de Viagens Corporativas\",\"publisher\":{\"@id\":\"https:\/\/dynamictravel.com.br\/blog\/#organization\"},\"potentialAction\":[{\"@type\":\"SearchAction\",\"target\":{\"@type\":\"EntryPoint\",\"urlTemplate\":\"https:\/\/dynamictravel.com.br\/blog\/?s={search_term_string}\"},\"query-input\":{\"@type\":\"PropertyValueSpecification\",\"valueRequired\":true,\"valueName\":\"search_term_string\"}}],\"inLanguage\":\"pt-BR\"},{\"@type\":\"Organization\",\"@id\":\"https:\/\/dynamictravel.com.br\/blog\/#organization\",\"name\":\"Blog Dynamic Travel\",\"url\":\"https:\/\/dynamictravel.com.br\/blog\/\",\"logo\":{\"@type\":\"ImageObject\",\"inLanguage\":\"pt-BR\",\"@id\":\"https:\/\/dynamictravel.com.br\/blog\/#\/schema\/logo\/image\/\",\"url\":\"https:\/\/dynamictravel.com.br\/blog\/wp-content\/uploads\/2024\/10\/logo-dynamic-travel.webp\",\"contentUrl\":\"https:\/\/dynamictravel.com.br\/blog\/wp-content\/uploads\/2024\/10\/logo-dynamic-travel.webp\",\"width\":320,\"height\":111,\"caption\":\"Blog Dynamic Travel\"},\"image\":{\"@id\":\"https:\/\/dynamictravel.com.br\/blog\/#\/schema\/logo\/image\/\"}},{\"@type\":\"Person\",\"@id\":\"https:\/\/dynamictravel.com.br\/blog\/#\/schema\/person\/e7178e0a0ffb297c221bb32117d9745f\",\"name\":\"Reda\u00e7\u00e3o Dynamic Travel\",\"image\":{\"@type\":\"ImageObject\",\"inLanguage\":\"pt-BR\",\"@id\":\"https:\/\/dynamictravel.com.br\/blog\/#\/schema\/person\/image\/\",\"url\":\"https:\/\/secure.gravatar.com\/avatar\/1eb4bf102438663c299bc91dd2b1095c?s=96&d=mm&r=g\",\"contentUrl\":\"https:\/\/secure.gravatar.com\/avatar\/1eb4bf102438663c299bc91dd2b1095c?s=96&d=mm&r=g\",\"caption\":\"Reda\u00e7\u00e3o Dynamic Travel\"},\"sameAs\":[\"https:\/\/dynamictravel.com.br\"],\"url\":\"https:\/\/dynamictravel.com.br\/blog\/author\/redacao\/\"}]}<\/script>\n<!-- \/ Yoast SEO plugin. -->","yoast_head_json":{"title":"Dynamic Travel realiza 3\u00aa edi\u00e7\u00e3o da Semana D+ e anuncia crescimento de 30% no 1\u00ba\u00a0Quadrimestre\/24 - Blog Dynamic Travel","description":"Dynamic Travel realiza terceira Semana D+ e anuncia um crescimento de 30% no primeiro quadrimestre de 2024.","robots":{"index":"index","follow":"follow","max-snippet":"max-snippet:-1","max-image-preview":"max-image-preview:large","max-video-preview":"max-video-preview:-1"},"canonical":"https:\/\/dynamictravel.com.br\/blog\/dynamic-travel-realiza-3a-edicao-da-semana-d-e-anuncia-crescimento-de-30-no-1o-quadrimestre-24\/","og_locale":"pt_BR","og_type":"article","og_title":"Dynamic Travel realiza 3\u00aa edi\u00e7\u00e3o da Semana D+ e anuncia crescimento de 30% no 1\u00ba\u00a0Quadrimestre\/24 - Blog Dynamic Travel","og_description":"Dynamic Travel realiza terceira Semana D+ e anuncia um crescimento de 30% no primeiro quadrimestre de 2024.","og_url":"https:\/\/dynamictravel.com.br\/blog\/dynamic-travel-realiza-3a-edicao-da-semana-d-e-anuncia-crescimento-de-30-no-1o-quadrimestre-24\/","og_site_name":"Blog Dynamic Travel","article_published_time":"2024-07-18T17:41:11+00:00","article_modified_time":"2025-10-01T12:40:21+00:00","og_image":[{"width":1080,"height":1080,"url":"https:\/\/dynamictravel.com.br\/blog\/wp-content\/uploads\/2024\/07\/Imagem-do-WhatsApp-de-2024-07-16-as-16.04.59_2ec24126.jpg","type":"image\/jpeg"}],"author":"Reda\u00e7\u00e3o Dynamic Travel","twitter_card":"summary_large_image","twitter_misc":{"Escrito por":"Reda\u00e7\u00e3o Dynamic Travel","Est. tempo de leitura":"3 minutos"},"schema":{"@context":"https:\/\/schema.org","@graph":[{"@type":"Article","@id":"https:\/\/dynamictravel.com.br\/blog\/dynamic-travel-realiza-3a-edicao-da-semana-d-e-anuncia-crescimento-de-30-no-1o-quadrimestre-24\/#article","isPartOf":{"@id":"https:\/\/dynamictravel.com.br\/blog\/dynamic-travel-realiza-3a-edicao-da-semana-d-e-anuncia-crescimento-de-30-no-1o-quadrimestre-24\/"},"author":{"name":"Reda\u00e7\u00e3o Dynamic Travel","@id":"https:\/\/dynamictravel.com.br\/blog\/#\/schema\/person\/e7178e0a0ffb297c221bb32117d9745f"},"headline":"Dynamic Travel realiza 3\u00aa edi\u00e7\u00e3o da Semana D+ e anuncia crescimento de 30% no 1\u00ba\u00a0Quadrimestre\/24","datePublished":"2024-07-18T17:41:11+00:00","dateModified":"2025-10-01T12:40:21+00:00","mainEntityOfPage":{"@id":"https:\/\/dynamictravel.com.br\/blog\/dynamic-travel-realiza-3a-edicao-da-semana-d-e-anuncia-crescimento-de-30-no-1o-quadrimestre-24\/"},"wordCount":426,"commentCount":0,"publisher":{"@id":"https:\/\/dynamictravel.com.br\/blog\/#organization"},"image":{"@id":"https:\/\/dynamictravel.com.br\/blog\/dynamic-travel-realiza-3a-edicao-da-semana-d-e-anuncia-crescimento-de-30-no-1o-quadrimestre-24\/#primaryimage"},"thumbnailUrl":"https:\/\/dynamictravel.com.br\/blog\/wp-content\/uploads\/2024\/07\/Imagem-do-WhatsApp-de-2024-07-16-as-16.04.59_2ec24126.jpg","keywords":["agenciadeviagenscorporativas","dynamictravel","SemanaD+","turismocorporativo","viagenscorporativas","viagensparaempresas"],"articleSection":["Institucional","Interno"],"inLanguage":"pt-BR","potentialAction":[{"@type":"CommentAction","name":"Comment","target":["https:\/\/dynamictravel.com.br\/blog\/dynamic-travel-realiza-3a-edicao-da-semana-d-e-anuncia-crescimento-de-30-no-1o-quadrimestre-24\/#respond"]}]},{"@type":"WebPage","@id":"https:\/\/dynamictravel.com.br\/blog\/dynamic-travel-realiza-3a-edicao-da-semana-d-e-anuncia-crescimento-de-30-no-1o-quadrimestre-24\/","url":"https:\/\/dynamictravel.com.br\/blog\/dynamic-travel-realiza-3a-edicao-da-semana-d-e-anuncia-crescimento-de-30-no-1o-quadrimestre-24\/","name":"Dynamic Travel realiza 3\u00aa edi\u00e7\u00e3o da Semana D+ e anuncia crescimento de 30% no 1\u00ba\u00a0Quadrimestre\/24 - Blog Dynamic Travel","isPartOf":{"@id":"https:\/\/dynamictravel.com.br\/blog\/#website"},"primaryImageOfPage":{"@id":"https:\/\/dynamictravel.com.br\/blog\/dynamic-travel-realiza-3a-edicao-da-semana-d-e-anuncia-crescimento-de-30-no-1o-quadrimestre-24\/#primaryimage"},"image":{"@id":"https:\/\/dynamictravel.com.br\/blog\/dynamic-travel-realiza-3a-edicao-da-semana-d-e-anuncia-crescimento-de-30-no-1o-quadrimestre-24\/#primaryimage"},"thumbnailUrl":"https:\/\/dynamictravel.com.br\/blog\/wp-content\/uploads\/2024\/07\/Imagem-do-WhatsApp-de-2024-07-16-as-16.04.59_2ec24126.jpg","datePublished":"2024-07-18T17:41:11+00:00","dateModified":"2025-10-01T12:40:21+00:00","description":"Dynamic Travel realiza terceira Semana D+ e anuncia um crescimento de 30% no primeiro quadrimestre de 2024.","breadcrumb":{"@id":"https:\/\/dynamictravel.com.br\/blog\/dynamic-travel-realiza-3a-edicao-da-semana-d-e-anuncia-crescimento-de-30-no-1o-quadrimestre-24\/#breadcrumb"},"inLanguage":"pt-BR","potentialAction":[{"@type":"ReadAction","target":["https:\/\/dynamictravel.com.br\/blog\/dynamic-travel-realiza-3a-edicao-da-semana-d-e-anuncia-crescimento-de-30-no-1o-quadrimestre-24\/"]}]},{"@type":"ImageObject","inLanguage":"pt-BR","@id":"https:\/\/dynamictravel.com.br\/blog\/dynamic-travel-realiza-3a-edicao-da-semana-d-e-anuncia-crescimento-de-30-no-1o-quadrimestre-24\/#primaryimage","url":"https:\/\/dynamictravel.com.br\/blog\/wp-content\/uploads\/2024\/07\/Imagem-do-WhatsApp-de-2024-07-16-as-16.04.59_2ec24126.jpg","contentUrl":"https:\/\/dynamictravel.com.br\/blog\/wp-content\/uploads\/2024\/07\/Imagem-do-WhatsApp-de-2024-07-16-as-16.04.59_2ec24126.jpg","width":1080,"height":1080},{"@type":"BreadcrumbList","@id":"https:\/\/dynamictravel.com.br\/blog\/dynamic-travel-realiza-3a-edicao-da-semana-d-e-anuncia-crescimento-de-30-no-1o-quadrimestre-24\/#breadcrumb","itemListElement":[{"@type":"ListItem","position":1,"name":"In\u00edcio","item":"https:\/\/dynamictravel.com.br\/blog\/"},{"@type":"ListItem","position":2,"name":"Dynamic Travel realiza 3\u00aa edi\u00e7\u00e3o da Semana D+ e anuncia crescimento de 30% no 1\u00ba\u00a0Quadrimestre\/24"}]},{"@type":"WebSite","@id":"https:\/\/dynamictravel.com.br\/blog\/#website","url":"https:\/\/dynamictravel.com.br\/blog\/","name":"Blog Dynamic Travel","description":"Ag\u00eancia de Viagens Corporativas","publisher":{"@id":"https:\/\/dynamictravel.com.br\/blog\/#organization"},"potentialAction":[{"@type":"SearchAction","target":{"@type":"EntryPoint","urlTemplate":"https:\/\/dynamictravel.com.br\/blog\/?s={search_term_string}"},"query-input":{"@type":"PropertyValueSpecification","valueRequired":true,"valueName":"search_term_string"}}],"inLanguage":"pt-BR"},{"@type":"Organization","@id":"https:\/\/dynamictravel.com.br\/blog\/#organization","name":"Blog Dynamic Travel","url":"https:\/\/dynamictravel.com.br\/blog\/","logo":{"@type":"ImageObject","inLanguage":"pt-BR","@id":"https:\/\/dynamictravel.com.br\/blog\/#\/schema\/logo\/image\/","url":"https:\/\/dynamictravel.com.br\/blog\/wp-content\/uploads\/2024\/10\/logo-dynamic-travel.webp","contentUrl":"https:\/\/dynamictravel.com.br\/blog\/wp-content\/uploads\/2024\/10\/logo-dynamic-travel.webp","width":320,"height":111,"caption":"Blog Dynamic Travel"},"image":{"@id":"https:\/\/dynamictravel.com.br\/blog\/#\/schema\/logo\/image\/"}},{"@type":"Person","@id":"https:\/\/dynamictravel.com.br\/blog\/#\/schema\/person\/e7178e0a0ffb297c221bb32117d9745f","name":"Reda\u00e7\u00e3o Dynamic Travel","image":{"@type":"ImageObject","inLanguage":"pt-BR","@id":"https:\/\/dynamictravel.com.br\/blog\/#\/schema\/person\/image\/","url":"https:\/\/secure.gravatar.com\/avatar\/1eb4bf102438663c299bc91dd2b1095c?s=96&d=mm&r=g","contentUrl":"https:\/\/secure.gravatar.com\/avatar\/1eb4bf102438663c299bc91dd2b1095c?s=96&d=mm&r=g","caption":"Reda\u00e7\u00e3o Dynamic Travel"},"sameAs":["https:\/\/dynamictravel.com.br"],"url":"https:\/\/dynamictravel.com.br\/blog\/author\/redacao\/"}]}},"uagb_featured_image_src":{"full":["https:\/\/dynamictravel.com.br\/blog\/wp-content\/uploads\/2024\/07\/Imagem-do-WhatsApp-de-2024-07-16-as-16.04.59_2ec24126.jpg",1080,1080,false],"thumbnail":["https:\/\/dynamictravel.com.br\/blog\/wp-content\/uploads\/2024\/07\/Imagem-do-WhatsApp-de-2024-07-16-as-16.04.59_2ec24126-150x150.jpg",150,150,true],"medium":["https:\/\/dynamictravel.com.br\/blog\/wp-content\/uploads\/2024\/07\/Imagem-do-WhatsApp-de-2024-07-16-as-16.04.59_2ec24126-300x300.jpg",300,300,true],"medium_large":["https:\/\/dynamictravel.com.br\/blog\/wp-content\/uploads\/2024\/07\/Imagem-do-WhatsApp-de-2024-07-16-as-16.04.59_2ec24126-768x768.jpg",768,768,true],"large":["https:\/\/dynamictravel.com.br\/blog\/wp-content\/uploads\/2024\/07\/Imagem-do-WhatsApp-de-2024-07-16-as-16.04.59_2ec24126-1024x1024.jpg",1024,1024,true],"1536x1536":["https:\/\/dynamictravel.com.br\/blog\/wp-content\/uploads\/2024\/07\/Imagem-do-WhatsApp-de-2024-07-16-as-16.04.59_2ec24126.jpg",1080,1080,false],"2048x2048":["https:\/\/dynamictravel.com.br\/blog\/wp-content\/uploads\/2024\/07\/Imagem-do-WhatsApp-de-2024-07-16-as-16.04.59_2ec24126.jpg",1080,1080,false],"trp-custom-language-flag":["https:\/\/dynamictravel.com.br\/blog\/wp-content\/uploads\/2024\/07\/Imagem-do-WhatsApp-de-2024-07-16-as-16.04.59_2ec24126.jpg",12,12,false]},"uagb_author_info":{"display_name":"Reda\u00e7\u00e3o Dynamic Travel","author_link":"https:\/\/dynamictravel.com.br\/blog\/author\/redacao\/"},"uagb_comment_info":0,"uagb_excerpt":"Dynamic Travel celebra semana D+ em fun\u00e7\u00e3o de seu crescimento!","_links":{"self":[{"href":"https:\/\/dynamictravel.com.br\/blog\/wp-json\/wp\/v2\/posts\/4321","targetHints":{"allow":["GET"]}}],"collection":[{"href":"https:\/\/dynamictravel.com.br\/blog\/wp-json\/wp\/v2\/posts"}],"about":[{"href":"https:\/\/dynamictravel.com.br\/blog\/wp-json\/wp\/v2\/types\/post"}],"author":[{"embeddable":true,"href":"https:\/\/dynamictravel.com.br\/blog\/wp-json\/wp\/v2\/users\/4"}],"replies":[{"embeddable":true,"href":"https:\/\/dynamictravel.com.br\/blog\/wp-json\/wp\/v2\/comments?post=4321"}],"version-history":[{"count":17,"href":"https:\/\/dynamictravel.com.br\/blog\/wp-json\/wp\/v2\/posts\/4321\/revisions"}],"predecessor-version":[{"id":6143,"href":"https:\/\/dynamictravel.com.br\/blog\/wp-json\/wp\/v2\/posts\/4321\/revisions\/6143"}],"wp:featuredmedia":[{"embeddable":true,"href":"https:\/\/dynamictravel.com.br\/blog\/wp-json\/wp\/v2\/media\/4337"}],"wp:attachment":[{"href":"https:\/\/dynamictravel.com.br\/blog\/wp-json\/wp\/v2\/media?parent=4321"}],"wp:term":[{"taxonomy":"category","embeddable":true,"href":"https:\/\/dynamictravel.com.br\/blog\/wp-json\/wp\/v2\/categories?post=4321"},{"taxonomy":"post_tag","embeddable":true,"href":"https:\/\/dynamictravel.com.br\/blog\/wp-json\/wp\/v2\/tags?post=4321"}],"curies":[{"name":"wp","href":"https:\/\/api.w.org\/{rel}","templated":true}]}}