{"id":431,"date":"2022-06-02T13:35:15","date_gmt":"2022-06-02T16:35:15","guid":{"rendered":"https:\/\/dynamictravel.com.br\/blog\/?p=431"},"modified":"2025-04-04T10:42:43","modified_gmt":"2025-04-04T13:42:43","slug":"responsabilidade-ambiental-corporativa","status":"publish","type":"post","link":"https:\/\/dynamictravel.com.br\/blog\/responsabilidade-ambiental-corporativa\/","title":{"rendered":"Responsabilidade ambiental corporativa"},"content":{"rendered":"\n<p><br><img loading=\"lazy\" decoding=\"async\" width=\"1024\" height=\"586\" src=\"http:\/\/dynamictravel.com.br\/blog\/wp-content\/uploads\/2022\/06\/blog-responsabilidade-ambiental.jpg\" alt=\"\"><br><br><\/p>\n\n\n\n<p>A rela\u00e7\u00e3o entre o <a href=\"https:\/\/dynamictravel.com.br\/blog\/como-podemos-preservar-a-agua-e-construir-um-futuro-sustentavel\/\">meio ambiente e o mundo corporativo \u00e9 algo fundamental para o mundo dos neg\u00f3cios<\/a>, visto que a natureza fornece os principais insumos, se n\u00e3o todos, para o funcionamento das organiza\u00e7\u00f5es. Por\u00e9m, essa rela\u00e7\u00e3o nem sempre foi harm\u00f4nica. Com foco apenas no lucro, as empresas n\u00e3o se importavam com as consequ\u00eancias ambientais das suas pr\u00e1ticas e adotavam medidas que visavam pouco \u00e0 conserva\u00e7\u00e3o do meio ambiente.<\/p>\n\n\n\n<p>Segundo um estudo realizado pelo IBGE, o Brasil \u00e9 o 4\u00ba pa\u00eds no ranking de emiss\u00f5es de poluentes na atmosfera entre 1850 e 2021. De acordo com o Conselho Empresarial Brasileiro para o Desenvolvimento Sustent\u00e1vel (CEBDS), 44% das emiss\u00f5es nacionais s\u00e3o causadas pelo desmatamento, sendo que 90% desse desmatamento \u00e9 ilegal. Al\u00e9m disso, conforme dados divulgados pelo Banco Mundial, mais de 2,4 toneladas de pl\u00e1stico s\u00e3o descartadas de forma irregular em nosso pa\u00eds.<\/p>\n\n\n\n<p>Felizmente, o assunto <a style=\"font-family: var( --e-global-typography-text-font-family ), Sans-serif;font-weight: var( --e-global-typography-text-font-weight );background-color: var(--nv-site-bg);font-size: var(--bodyFontSize);letter-spacing: var(--bodyLetterSpacing);text-transform: var(--bodyTextTransform)\" href=\"https:\/\/dynamictravel.com.br\/blog\/responsabilidade-ambiental-pegada-de-carbono\/\"><b>responsabilidade ambiental<\/b><\/a> tem ganhado cada vez mais espa\u00e7o dentro da esfera pessoal e tamb\u00e9m no \u00e2mbito corporativo. A implementa\u00e7\u00e3o da vis\u00e3o ESG (<a style=\"font-family: var( --e-global-typography-text-font-family ), Sans-serif;font-weight: var( --e-global-typography-text-font-weight );background-color: var(--nv-site-bg);font-size: var(--bodyFontSize);letter-spacing: var(--bodyLetterSpacing);text-transform: var(--bodyTextTransform)\" href=\"https:\/\/dynamictravel.com.br\/blog\/responsabilidade-ambiental-pegada-de-carbono\/\"><b>Environmental<\/b><\/a>, <a style=\"font-family: var( --e-global-typography-text-font-family ), Sans-serif;font-weight: var( --e-global-typography-text-font-weight );background-color: var(--nv-site-bg);font-size: var(--bodyFontSize);letter-spacing: var(--bodyLetterSpacing);text-transform: var(--bodyTextTransform)\" href=\"https:\/\/dynamictravel.com.br\/blog\/responsabilidade-social\/\"><b>Social<\/b><\/a> and <a style=\"font-family: var( --e-global-typography-text-font-family ), Sans-serif;font-weight: var( --e-global-typography-text-font-weight );background-color: var(--nv-site-bg);font-size: var(--bodyFontSize);letter-spacing: var(--bodyLetterSpacing);text-transform: var(--bodyTextTransform)\" href=\"https:\/\/dynamictravel.com.br\/blog\/governanca-corporativa-o-que-e-para-que-serve-e-quais-os-beneficios\/\"><b>Governance<\/b><\/a>) tem levado n\u00e3o s\u00f3 as empresas, mas todos os stakeholders, a uma reflex\u00e3o quanto \u00e0s suas pr\u00e1ticas que podem impulsionar, ou n\u00e3o, a conserva\u00e7\u00e3o do meio ambiente.<\/p>\n\n\n\n<h2 class=\"wp-block-heading\"><strong>O que \u00e9 responsabilidade ambiental?<\/strong><\/h2>\n\n\n\n<p>Responsabilidade ambiental \u00e9 um conjunto de a\u00e7\u00f5es, coletivas ou individuais, que buscam preservar o meio ambiente e garantir um desenvolvimento mais sustent\u00e1vel do nosso planeta. Ou seja, visa atender \u00e0s necessidades da nossa gera\u00e7\u00e3o atual sem comprometer a qualidade de vida das gera\u00e7\u00f5es futuras.<\/p>\n\n\n\n<p>No meio corporativo, a gest\u00e3o ambiental acontece atrav\u00e9s do planejamento e das estrat\u00e9gias administradas pela empresa, interna e externamente, para minimizar ou eliminar os efeitos negativos provocados no meio ambiente pelas suas atividades e assegurar que essa empresa esteja em conformidade com as leis ambientais.<\/p>\n\n\n\n<h2 class=\"wp-block-heading\"><strong>Qual a import\u00e2ncia para uma empresa?<\/strong><\/h2>\n\n\n\n<p>Ultimamente, as pautas ambientais est\u00e3o tomando grande espa\u00e7o nas discuss\u00f5es de grandes \u00f3rg\u00e3os internacionais. A conscientiza\u00e7\u00e3o da popula\u00e7\u00e3o mundial sobre as principais quest\u00f5es est\u00e1 disseminando movimentos ambientais e gerando grandes press\u00f5es em prol da responsabilidade ambiental. Em vista disso, as empresas s\u00e3o cobradas por a\u00e7\u00f5es ecologicamente corretas, uma vez que s\u00e3o as principais respons\u00e1veis pelos impactos ambientais do planeta.<\/p>\n\n\n\n<p>Em decorr\u00eancia dessa grande repercuss\u00e3o, as organiza\u00e7\u00f5es que se preocupam e adotam medidas ambientalmente corretas possuem uma posi\u00e7\u00e3o de destaque no mercado. Uma pesquisa realizada pela Uni\u00e3o para o BioCom\u00e9rcio \u00c9tico (UEBT) evidenciou que 80% dos brasileiros consideram importante consumir produtos de empresas que fazem uso respons\u00e1vel dos recursos naturais. J\u00e1 79% declararam que se importam com a origem dos ingredientes de&nbsp;produtos que consomem e 92% preferem empresas que adotem pol\u00edticas de respeito ao meio ambiente e a biodiversidade. Al\u00e9m disso, essas medidas tornam-se ainda mais vantajosas, uma vez que ajudam a <a href=\"https:\/\/dynamictravel.com.br\/blog\/gestao-de-viagens-5-formas-de-economizar-e-reduzir-custos-em-viagens-corporativas\/\"><b>mitigar riscos e reduzir custos<\/b><\/a>.<\/p>\n\n\n\n<p>Nota-se, ent\u00e3o, que a responsabilidade ambiental deve ser um ponto intr\u00ednseco \u00e0 estrat\u00e9gia das organiza\u00e7\u00f5es, visto que tal responsabilidade deixar\u00e1 de ser um diferencial para se tornar um pr\u00e9-requisito para estar no mercado.<\/p>\n\n\n\n<h2 class=\"wp-block-heading\"><strong>Medidas ambientalmente respons\u00e1veis<\/strong><\/h2>\n\n\n\n<p>Pensando nisso, separamos algumas medidas de responsabilidade ambiental que podem ser colocadas em pr\u00e1tica:<\/p>\n\n\n\n<h3 class=\"wp-block-heading\"><strong>Descarte correto de lixo eletr\u00f4nico<\/strong><\/h3>\n\n\n\n<p>Segundo o estudo Global E-Waste Monitor, realizado pela Organiza\u00e7\u00e3o das Na\u00e7\u00f5es Unidas em 2020, o Brasil \u00e9 o maior produtor de lixo eletr\u00f4nico da Am\u00e9rica Latina. Esses eletr\u00f4nicos, quando descartados de maneira incorreta, provocam muitos riscos, visto que cont\u00eam metais t\u00f3xicos que podem causar doen\u00e7as e tamb\u00e9m a contamina\u00e7\u00e3o do solo.<\/p>\n\n\n\n<p>Portanto, a valoriza\u00e7\u00e3o da manuten\u00e7\u00e3o regular dos equipamentos por parte das empresas pode diminuir o descarte em excesso desses eletr\u00f4nicos. Ainda assim, quando houver a necessidade de realizar o descarte, este deve ser feito em um centro de triagem, onde ser\u00e1 separado e reutilizado na produ\u00e7\u00e3o de outros eletr\u00f4nicos.<\/p>\n\n\n\n<h3 class=\"wp-block-heading\"><strong>Criar um programa de reciclagem<\/strong><\/h3>\n\n\n\n<p>Muitos materiais s\u00e3o consumidos e descartados em grande quantidade no dia a dia de um escrit\u00f3rio, como pap\u00e9is e copos descart\u00e1veis. Desse modo, criar uma cultura de reciclagem nos ambientes corporativos \u00e9 um \u00f3timo primeiro passo para<a href=\"https:\/\/dynamictravel.com.br\/blog\/7-dicas-para-se-tornar-um-viajante-mais-sustentavel\/\"><b> iniciar a pr\u00e1tica sustent\u00e1vel<\/b><\/a> na empresa. \u00c9 ideal que existam locais sinalizados para a separa\u00e7\u00e3o correta dos lixos, com cestos dedicados a cada categoria de material, sendo eles pap\u00e9is, pl\u00e1stico, vidro e metais. Al\u00e9m disso, atrav\u00e9s de campanhas internas a empresa pode incentivar os funcion\u00e1rios a estender essa pr\u00e1tica de reciclagem em suas casas.<\/p>\n\n\n\n<h3 class=\"wp-block-heading\"><strong>Compras e parcerias conscientes<\/strong><\/h3>\n\n\n\n<p>A escolha dos materiais adquiridos e as rela\u00e7\u00f5es de parceria feitas pela empresa tamb\u00e9m podem ser realizadas atrav\u00e9s da consci\u00eancia ambiental. Isso acontece quando o setor de compras valoriza fornecedores que procuram realizar seus processos com o m\u00ednimo de impacto ambiental poss\u00edvel e tamb\u00e9m realizam a compra de materiais dur\u00e1veis e biodegrad\u00e1veis.<\/p>\n\n\n\n<h3 class=\"wp-block-heading\"><strong>Flexibiliza\u00e7\u00e3o do trabalho<\/strong><\/h3>\n\n\n\n<p>A implementa\u00e7\u00e3o do <a style=\"letter-spacing: var(--bodyLetterSpacing);text-transform: var(--bodyTextTransform);font-family: var( --e-global-typography-text-font-family ), Sans-serif;font-weight: var( --e-global-typography-text-font-weight );background-color: var(--nv-site-bg);font-size: var(--bodyFontSize)\" href=\"https:\/\/dynamictravel.com.br\/blog\/modelo-hibrido-de-trabalho\/\"><b>home office ou do sistema h\u00edbrido de trabalho<\/b><\/a>, al\u00e9m de reduzir gastos para a empresa, permite que os colaboradores gastem menos tempo com descolamento, diminuindo a quantidade de ve\u00edculos em circula\u00e7\u00e3o. Essa redu\u00e7\u00e3o impacta diretamente na redu\u00e7\u00e3o da emiss\u00e3o de carbono e outros poluentes na atmosfera.<\/p>\n\n\n\n<h3 class=\"wp-block-heading\"><strong>Calcular a pegada de carbono<\/strong><\/h3>\n\n\n\n<p><a style=\"letter-spacing: var(--bodyLetterSpacing);text-transform: var(--bodyTextTransform);font-family: var( --e-global-typography-text-font-family ), Sans-serif;font-weight: var( --e-global-typography-text-font-weight );background-color: var(--nv-site-bg);font-size: var(--bodyFontSize)\" href=\"https:\/\/dynamictravel.com.br\/blog\/responsabilidade-ambiental-pegada-de-carbono\/\"><b>A pegada de carbono<\/b><\/a> \u00e9 uma metodologia usada para medir a emiss\u00e3o de gases do efeito estufa das atividades de um indiv\u00edduo ou de uma organiza\u00e7\u00e3o. Assim, para medir o impacto ambiental de uma empresa e, a partir disso, definir um plano de a\u00e7\u00e3o que resulte em uma boa estrat\u00e9gia de pol\u00edtica ambiental, \u00e9 fundamental que se calcule a pegada de carbono.<\/p>\n\n\n\n<h3 class=\"wp-block-heading\"><strong>Energia<\/strong><\/h3>\n\n\n\n<p>O uso inconsciente da energia el\u00e9trica gera grandes impactos nos recursos h\u00eddricos e na emiss\u00e3o de gases de efeito estufa. Em vista disso, <a href=\"https:\/\/dynamictravel.com.br\/blog\/responsabilidade-ambiental-pegada-de-carbono\/\">utilizar m\u00e9todos que reduzam o consumo de energia,<\/a> como l\u00e2mpadas de LED e sensores de ilumina\u00e7\u00e3o, e fontes de energia sustent\u00e1veis, como pain\u00e9is solares, s\u00e3o as melhores alternativas para reduzir estes impactos ambientais, atrav\u00e9s do uso consciente da energia.<\/p>\n\n\n\n<h3 class=\"wp-block-heading\"><strong>Educar os stakeholders<\/strong><\/h3>\n\n\n\n<p>Um papel muito importante que a empresa pode desenvolver \u00e9 educar e incentivar todos os envolvidos na organiza\u00e7\u00e3o sobre a valoriza\u00e7\u00e3o e a pr\u00e1tica da responsabilidade ambiental. Atrav\u00e9s de a\u00e7\u00f5es internas e comunicados recorrentes sobre o assunto, a empresa consegue levar uma cultura respons\u00e1vel para muito al\u00e9m da empresa.<\/p>\n\n\n\n<p>Em suma, fica claro que as quest\u00f5es ambientais s\u00e3o de grande import\u00e2ncia, uma vez que o meio ambiente nos fornece insumos para nossas atividades e, por meio dele, garante-se a sobreviv\u00eancia da humanidade e tamb\u00e9m dos neg\u00f3cios. Assim, evidencia-se a relev\u00e2ncia do cuidado do planeta e da ado\u00e7\u00e3o de estrat\u00e9gias que combinem o modelo de corporativo e o meio ambiente, tornando o neg\u00f3cio mais sustent\u00e1vel e eficiente.<\/p>\n\n\n\n<p>A Dynamic Travel, desde sua cria\u00e7\u00e3o, estruturou uma pol\u00edtica ambiental em conformidade com as principais exig\u00eancias e com o seu modelo de neg\u00f3cio. <a href=\"https:\/\/dynamictravel.com.br\/blog\/pacto-global-da-onu-o-que-e-e-como-ele-contribui-para-a-construcao-de-um-futuro-sustentavel\/\"><b>Somos signat\u00e1rios do Pacto Global da ONU<\/b><\/a> e possu\u00edmos uma certifica\u00e7\u00e3o de redu\u00e7\u00e3o de energia el\u00e9trica em nossos computadores. Seguindo os princ\u00edpios <a href=\"https:\/\/dynamictravel.com.br\/blog\/entenda-como-organizar-um-evento-corporativo-pautado-nas-diretrizes-do-esg\/\"><b>ESG<\/b><\/a>, prezamos pelo desenvolvimento sustent\u00e1vel do neg\u00f3cio, envolvendo todos os stakeholders e estimulando-os a seguir o mesmo caminho. Entendemos que a responsabilidade ambiental n\u00e3o est\u00e1 apenas na inten\u00e7\u00e3o, mas, principalmente, na concretiza\u00e7\u00e3o das pr\u00e1ticas e na estimula\u00e7\u00e3o delas. Assim, a Dynamic Travel busca em seu modelo de neg\u00f3cio proporcionar harmonia entre o meio ambiente e a ag\u00eancia.<\/p>\n\n\n\n<p><b>Seja ambientalmente respons\u00e1vel, a Dynamic Travel \u00e9!<\/b><\/p>\n","protected":false},"excerpt":{"rendered":"<p>Entenda a import\u00e2ncia das empresas na conserva\u00e7\u00e3o ambiental.<\/p>\n","protected":false},"author":4,"featured_media":433,"comment_status":"open","ping_status":"open","sticky":false,"template":"","format":"standard","meta":{"_uag_custom_page_level_css":"","site-sidebar-layout":"default","site-content-layout":"","ast-site-content-layout":"","site-content-style":"default","site-sidebar-style":"default","ast-global-header-display":"","ast-banner-title-visibility":"","ast-main-header-display":"","ast-hfb-above-header-display":"","ast-hfb-below-header-display":"","ast-hfb-mobile-header-display":"","site-post-title":"","ast-breadcrumbs-content":"","ast-featured-img":"","footer-sml-layout":"","theme-transparent-header-meta":"","adv-header-id-meta":"","stick-header-meta":"","header-above-stick-meta":"","header-main-stick-meta":"","header-below-stick-meta":"","astra-migrate-meta-layouts":"default","ast-page-background-enabled":"default","ast-page-background-meta":{"desktop":{"background-color":"var(--ast-global-color-4)","background-image":"","background-repeat":"repeat","background-position":"center center","background-size":"auto","background-attachment":"scroll","background-type":"","background-media":"","overlay-type":"","overlay-color":"","overlay-opacity":"","overlay-gradient":""},"tablet":{"background-color":"","background-image":"","background-repeat":"repeat","background-position":"center center","background-size":"auto","background-attachment":"scroll","background-type":"","background-media":"","overlay-type":"","overlay-color":"","overlay-opacity":"","overlay-gradient":""},"mobile":{"background-color":"","background-image":"","background-repeat":"repeat","background-position":"center center","background-size":"auto","background-attachment":"scroll","background-type":"","background-media":"","overlay-type":"","overlay-color":"","overlay-opacity":"","overlay-gradient":""}},"ast-content-background-meta":{"desktop":{"background-color":"var(--ast-global-color-5)","background-image":"","background-repeat":"repeat","background-position":"center center","background-size":"auto","background-attachment":"scroll","background-type":"","background-media":"","overlay-type":"","overlay-color":"","overlay-opacity":"","overlay-gradient":""},"tablet":{"background-color":"var(--ast-global-color-5)","background-image":"","background-repeat":"repeat","background-position":"center center","background-size":"auto","background-attachment":"scroll","background-type":"","background-media":"","overlay-type":"","overlay-color":"","overlay-opacity":"","overlay-gradient":""},"mobile":{"background-color":"var(--ast-global-color-5)","background-image":"","background-repeat":"repeat","background-position":"center center","background-size":"auto","background-attachment":"scroll","background-type":"","background-media":"","overlay-type":"","overlay-color":"","overlay-opacity":"","overlay-gradient":""}},"footnotes":""},"categories":[5,4],"tags":[31,56,24,20,54,53,22,14,32],"class_list":["post-431","post","type-post","status-publish","format-standard","has-post-thumbnail","hentry","category-educacional","category-institucional","tag-agenciadeviagenscorporativas","tag-environment","tag-esg","tag-gestaodeviagens","tag-meioambiente","tag-responsabilidadeambiental","tag-turismocorporativo","tag-viagenscorporativas","tag-viagensparaempresas"],"yoast_head":"<!-- This site is optimized with the Yoast SEO plugin v24.4 - https:\/\/yoast.com\/wordpress\/plugins\/seo\/ -->\n<title>Responsabilidade ambiental corporativa - Blog Dynamic Travel<\/title>\n<meta name=\"description\" content=\"Entenda o que \u00e9 responsabilidade ambiental e suas principais implica\u00e7\u00f5es no mundo corporativo.\" \/>\n<meta name=\"robots\" content=\"index, follow, max-snippet:-1, max-image-preview:large, max-video-preview:-1\" \/>\n<link rel=\"canonical\" href=\"https:\/\/dynamictravel.com.br\/blog\/responsabilidade-ambiental-corporativa\/\" \/>\n<meta property=\"og:locale\" content=\"pt_BR\" \/>\n<meta property=\"og:type\" content=\"article\" \/>\n<meta property=\"og:title\" content=\"Responsabilidade ambiental corporativa - Blog Dynamic Travel\" \/>\n<meta property=\"og:description\" content=\"Entenda o que \u00e9 responsabilidade ambiental e suas principais implica\u00e7\u00f5es no mundo corporativo.\" \/>\n<meta property=\"og:url\" content=\"https:\/\/dynamictravel.com.br\/blog\/responsabilidade-ambiental-corporativa\/\" \/>\n<meta property=\"og:site_name\" content=\"Blog Dynamic Travel\" \/>\n<meta property=\"article:published_time\" content=\"2022-06-02T16:35:15+00:00\" \/>\n<meta property=\"article:modified_time\" content=\"2025-04-04T13:42:43+00:00\" \/>\n<meta property=\"og:image\" content=\"https:\/\/dynamictravel.com.br\/blog\/wp-content\/uploads\/2022\/06\/blog-responsabilidade-ambiental.jpg\" \/>\n\t<meta property=\"og:image:width\" content=\"1024\" \/>\n\t<meta property=\"og:image:height\" content=\"586\" \/>\n\t<meta property=\"og:image:type\" content=\"image\/jpeg\" \/>\n<meta name=\"author\" content=\"Reda\u00e7\u00e3o Dynamic Travel\" \/>\n<meta name=\"twitter:card\" content=\"summary_large_image\" \/>\n<meta name=\"twitter:label1\" content=\"Escrito por\" \/>\n\t<meta name=\"twitter:data1\" content=\"Reda\u00e7\u00e3o Dynamic Travel\" \/>\n\t<meta name=\"twitter:label2\" content=\"Est. tempo de leitura\" \/>\n\t<meta name=\"twitter:data2\" content=\"7 minutos\" \/>\n<script type=\"application\/ld+json\" class=\"yoast-schema-graph\">{\"@context\":\"https:\/\/schema.org\",\"@graph\":[{\"@type\":\"Article\",\"@id\":\"https:\/\/dynamictravel.com.br\/blog\/responsabilidade-ambiental-corporativa\/#article\",\"isPartOf\":{\"@id\":\"https:\/\/dynamictravel.com.br\/blog\/responsabilidade-ambiental-corporativa\/\"},\"author\":{\"name\":\"Reda\u00e7\u00e3o Dynamic Travel\",\"@id\":\"https:\/\/dynamictravel.com.br\/blog\/#\/schema\/person\/e7178e0a0ffb297c221bb32117d9745f\"},\"headline\":\"Responsabilidade ambiental corporativa\",\"datePublished\":\"2022-06-02T16:35:15+00:00\",\"dateModified\":\"2025-04-04T13:42:43+00:00\",\"mainEntityOfPage\":{\"@id\":\"https:\/\/dynamictravel.com.br\/blog\/responsabilidade-ambiental-corporativa\/\"},\"wordCount\":1318,\"commentCount\":0,\"publisher\":{\"@id\":\"https:\/\/dynamictravel.com.br\/blog\/#organization\"},\"image\":{\"@id\":\"https:\/\/dynamictravel.com.br\/blog\/responsabilidade-ambiental-corporativa\/#primaryimage\"},\"thumbnailUrl\":\"https:\/\/dynamictravel.com.br\/blog\/wp-content\/uploads\/2022\/06\/blog-responsabilidade-ambiental.jpg\",\"keywords\":[\"agenciadeviagenscorporativas\",\"environment\",\"esg\",\"gestaodeviagens\",\"meioambiente\",\"responsabilidadeambiental\",\"turismocorporativo\",\"viagenscorporativas\",\"viagensparaempresas\"],\"articleSection\":[\"Educacional\",\"Institucional\"],\"inLanguage\":\"pt-BR\",\"potentialAction\":[{\"@type\":\"CommentAction\",\"name\":\"Comment\",\"target\":[\"https:\/\/dynamictravel.com.br\/blog\/responsabilidade-ambiental-corporativa\/#respond\"]}]},{\"@type\":\"WebPage\",\"@id\":\"https:\/\/dynamictravel.com.br\/blog\/responsabilidade-ambiental-corporativa\/\",\"url\":\"https:\/\/dynamictravel.com.br\/blog\/responsabilidade-ambiental-corporativa\/\",\"name\":\"Responsabilidade ambiental corporativa - Blog Dynamic Travel\",\"isPartOf\":{\"@id\":\"https:\/\/dynamictravel.com.br\/blog\/#website\"},\"primaryImageOfPage\":{\"@id\":\"https:\/\/dynamictravel.com.br\/blog\/responsabilidade-ambiental-corporativa\/#primaryimage\"},\"image\":{\"@id\":\"https:\/\/dynamictravel.com.br\/blog\/responsabilidade-ambiental-corporativa\/#primaryimage\"},\"thumbnailUrl\":\"https:\/\/dynamictravel.com.br\/blog\/wp-content\/uploads\/2022\/06\/blog-responsabilidade-ambiental.jpg\",\"datePublished\":\"2022-06-02T16:35:15+00:00\",\"dateModified\":\"2025-04-04T13:42:43+00:00\",\"description\":\"Entenda o que \u00e9 responsabilidade ambiental e suas principais implica\u00e7\u00f5es no mundo corporativo.\",\"breadcrumb\":{\"@id\":\"https:\/\/dynamictravel.com.br\/blog\/responsabilidade-ambiental-corporativa\/#breadcrumb\"},\"inLanguage\":\"pt-BR\",\"potentialAction\":[{\"@type\":\"ReadAction\",\"target\":[\"https:\/\/dynamictravel.com.br\/blog\/responsabilidade-ambiental-corporativa\/\"]}]},{\"@type\":\"ImageObject\",\"inLanguage\":\"pt-BR\",\"@id\":\"https:\/\/dynamictravel.com.br\/blog\/responsabilidade-ambiental-corporativa\/#primaryimage\",\"url\":\"https:\/\/dynamictravel.com.br\/blog\/wp-content\/uploads\/2022\/06\/blog-responsabilidade-ambiental.jpg\",\"contentUrl\":\"https:\/\/dynamictravel.com.br\/blog\/wp-content\/uploads\/2022\/06\/blog-responsabilidade-ambiental.jpg\",\"width\":1024,\"height\":586},{\"@type\":\"BreadcrumbList\",\"@id\":\"https:\/\/dynamictravel.com.br\/blog\/responsabilidade-ambiental-corporativa\/#breadcrumb\",\"itemListElement\":[{\"@type\":\"ListItem\",\"position\":1,\"name\":\"In\u00edcio\",\"item\":\"https:\/\/dynamictravel.com.br\/blog\/\"},{\"@type\":\"ListItem\",\"position\":2,\"name\":\"Responsabilidade ambiental corporativa\"}]},{\"@type\":\"WebSite\",\"@id\":\"https:\/\/dynamictravel.com.br\/blog\/#website\",\"url\":\"https:\/\/dynamictravel.com.br\/blog\/\",\"name\":\"Blog Dynamic Travel\",\"description\":\"Ag\u00eancia de Viagens Corporativas\",\"publisher\":{\"@id\":\"https:\/\/dynamictravel.com.br\/blog\/#organization\"},\"potentialAction\":[{\"@type\":\"SearchAction\",\"target\":{\"@type\":\"EntryPoint\",\"urlTemplate\":\"https:\/\/dynamictravel.com.br\/blog\/?s={search_term_string}\"},\"query-input\":{\"@type\":\"PropertyValueSpecification\",\"valueRequired\":true,\"valueName\":\"search_term_string\"}}],\"inLanguage\":\"pt-BR\"},{\"@type\":\"Organization\",\"@id\":\"https:\/\/dynamictravel.com.br\/blog\/#organization\",\"name\":\"Blog Dynamic Travel\",\"url\":\"https:\/\/dynamictravel.com.br\/blog\/\",\"logo\":{\"@type\":\"ImageObject\",\"inLanguage\":\"pt-BR\",\"@id\":\"https:\/\/dynamictravel.com.br\/blog\/#\/schema\/logo\/image\/\",\"url\":\"https:\/\/dynamictravel.com.br\/blog\/wp-content\/uploads\/2024\/10\/logo-dynamic-travel.webp\",\"contentUrl\":\"https:\/\/dynamictravel.com.br\/blog\/wp-content\/uploads\/2024\/10\/logo-dynamic-travel.webp\",\"width\":320,\"height\":111,\"caption\":\"Blog Dynamic Travel\"},\"image\":{\"@id\":\"https:\/\/dynamictravel.com.br\/blog\/#\/schema\/logo\/image\/\"}},{\"@type\":\"Person\",\"@id\":\"https:\/\/dynamictravel.com.br\/blog\/#\/schema\/person\/e7178e0a0ffb297c221bb32117d9745f\",\"name\":\"Reda\u00e7\u00e3o Dynamic Travel\",\"image\":{\"@type\":\"ImageObject\",\"inLanguage\":\"pt-BR\",\"@id\":\"https:\/\/dynamictravel.com.br\/blog\/#\/schema\/person\/image\/\",\"url\":\"https:\/\/secure.gravatar.com\/avatar\/1eb4bf102438663c299bc91dd2b1095c?s=96&d=mm&r=g\",\"contentUrl\":\"https:\/\/secure.gravatar.com\/avatar\/1eb4bf102438663c299bc91dd2b1095c?s=96&d=mm&r=g\",\"caption\":\"Reda\u00e7\u00e3o Dynamic Travel\"},\"sameAs\":[\"https:\/\/dynamictravel.com.br\"],\"url\":\"https:\/\/dynamictravel.com.br\/blog\/author\/redacao\/\"}]}<\/script>\n<!-- \/ Yoast SEO plugin. -->","yoast_head_json":{"title":"Responsabilidade ambiental corporativa - Blog Dynamic Travel","description":"Entenda o que \u00e9 responsabilidade ambiental e suas principais implica\u00e7\u00f5es no mundo corporativo.","robots":{"index":"index","follow":"follow","max-snippet":"max-snippet:-1","max-image-preview":"max-image-preview:large","max-video-preview":"max-video-preview:-1"},"canonical":"https:\/\/dynamictravel.com.br\/blog\/responsabilidade-ambiental-corporativa\/","og_locale":"pt_BR","og_type":"article","og_title":"Responsabilidade ambiental corporativa - Blog Dynamic Travel","og_description":"Entenda o que \u00e9 responsabilidade ambiental e suas principais implica\u00e7\u00f5es no mundo corporativo.","og_url":"https:\/\/dynamictravel.com.br\/blog\/responsabilidade-ambiental-corporativa\/","og_site_name":"Blog Dynamic Travel","article_published_time":"2022-06-02T16:35:15+00:00","article_modified_time":"2025-04-04T13:42:43+00:00","og_image":[{"width":1024,"height":586,"url":"https:\/\/dynamictravel.com.br\/blog\/wp-content\/uploads\/2022\/06\/blog-responsabilidade-ambiental.jpg","type":"image\/jpeg"}],"author":"Reda\u00e7\u00e3o Dynamic Travel","twitter_card":"summary_large_image","twitter_misc":{"Escrito por":"Reda\u00e7\u00e3o Dynamic Travel","Est. tempo de leitura":"7 minutos"},"schema":{"@context":"https:\/\/schema.org","@graph":[{"@type":"Article","@id":"https:\/\/dynamictravel.com.br\/blog\/responsabilidade-ambiental-corporativa\/#article","isPartOf":{"@id":"https:\/\/dynamictravel.com.br\/blog\/responsabilidade-ambiental-corporativa\/"},"author":{"name":"Reda\u00e7\u00e3o Dynamic Travel","@id":"https:\/\/dynamictravel.com.br\/blog\/#\/schema\/person\/e7178e0a0ffb297c221bb32117d9745f"},"headline":"Responsabilidade ambiental corporativa","datePublished":"2022-06-02T16:35:15+00:00","dateModified":"2025-04-04T13:42:43+00:00","mainEntityOfPage":{"@id":"https:\/\/dynamictravel.com.br\/blog\/responsabilidade-ambiental-corporativa\/"},"wordCount":1318,"commentCount":0,"publisher":{"@id":"https:\/\/dynamictravel.com.br\/blog\/#organization"},"image":{"@id":"https:\/\/dynamictravel.com.br\/blog\/responsabilidade-ambiental-corporativa\/#primaryimage"},"thumbnailUrl":"https:\/\/dynamictravel.com.br\/blog\/wp-content\/uploads\/2022\/06\/blog-responsabilidade-ambiental.jpg","keywords":["agenciadeviagenscorporativas","environment","esg","gestaodeviagens","meioambiente","responsabilidadeambiental","turismocorporativo","viagenscorporativas","viagensparaempresas"],"articleSection":["Educacional","Institucional"],"inLanguage":"pt-BR","potentialAction":[{"@type":"CommentAction","name":"Comment","target":["https:\/\/dynamictravel.com.br\/blog\/responsabilidade-ambiental-corporativa\/#respond"]}]},{"@type":"WebPage","@id":"https:\/\/dynamictravel.com.br\/blog\/responsabilidade-ambiental-corporativa\/","url":"https:\/\/dynamictravel.com.br\/blog\/responsabilidade-ambiental-corporativa\/","name":"Responsabilidade ambiental corporativa - Blog Dynamic Travel","isPartOf":{"@id":"https:\/\/dynamictravel.com.br\/blog\/#website"},"primaryImageOfPage":{"@id":"https:\/\/dynamictravel.com.br\/blog\/responsabilidade-ambiental-corporativa\/#primaryimage"},"image":{"@id":"https:\/\/dynamictravel.com.br\/blog\/responsabilidade-ambiental-corporativa\/#primaryimage"},"thumbnailUrl":"https:\/\/dynamictravel.com.br\/blog\/wp-content\/uploads\/2022\/06\/blog-responsabilidade-ambiental.jpg","datePublished":"2022-06-02T16:35:15+00:00","dateModified":"2025-04-04T13:42:43+00:00","description":"Entenda o que \u00e9 responsabilidade ambiental e suas principais implica\u00e7\u00f5es no mundo corporativo.","breadcrumb":{"@id":"https:\/\/dynamictravel.com.br\/blog\/responsabilidade-ambiental-corporativa\/#breadcrumb"},"inLanguage":"pt-BR","potentialAction":[{"@type":"ReadAction","target":["https:\/\/dynamictravel.com.br\/blog\/responsabilidade-ambiental-corporativa\/"]}]},{"@type":"ImageObject","inLanguage":"pt-BR","@id":"https:\/\/dynamictravel.com.br\/blog\/responsabilidade-ambiental-corporativa\/#primaryimage","url":"https:\/\/dynamictravel.com.br\/blog\/wp-content\/uploads\/2022\/06\/blog-responsabilidade-ambiental.jpg","contentUrl":"https:\/\/dynamictravel.com.br\/blog\/wp-content\/uploads\/2022\/06\/blog-responsabilidade-ambiental.jpg","width":1024,"height":586},{"@type":"BreadcrumbList","@id":"https:\/\/dynamictravel.com.br\/blog\/responsabilidade-ambiental-corporativa\/#breadcrumb","itemListElement":[{"@type":"ListItem","position":1,"name":"In\u00edcio","item":"https:\/\/dynamictravel.com.br\/blog\/"},{"@type":"ListItem","position":2,"name":"Responsabilidade ambiental corporativa"}]},{"@type":"WebSite","@id":"https:\/\/dynamictravel.com.br\/blog\/#website","url":"https:\/\/dynamictravel.com.br\/blog\/","name":"Blog Dynamic Travel","description":"Ag\u00eancia de Viagens Corporativas","publisher":{"@id":"https:\/\/dynamictravel.com.br\/blog\/#organization"},"potentialAction":[{"@type":"SearchAction","target":{"@type":"EntryPoint","urlTemplate":"https:\/\/dynamictravel.com.br\/blog\/?s={search_term_string}"},"query-input":{"@type":"PropertyValueSpecification","valueRequired":true,"valueName":"search_term_string"}}],"inLanguage":"pt-BR"},{"@type":"Organization","@id":"https:\/\/dynamictravel.com.br\/blog\/#organization","name":"Blog Dynamic Travel","url":"https:\/\/dynamictravel.com.br\/blog\/","logo":{"@type":"ImageObject","inLanguage":"pt-BR","@id":"https:\/\/dynamictravel.com.br\/blog\/#\/schema\/logo\/image\/","url":"https:\/\/dynamictravel.com.br\/blog\/wp-content\/uploads\/2024\/10\/logo-dynamic-travel.webp","contentUrl":"https:\/\/dynamictravel.com.br\/blog\/wp-content\/uploads\/2024\/10\/logo-dynamic-travel.webp","width":320,"height":111,"caption":"Blog Dynamic Travel"},"image":{"@id":"https:\/\/dynamictravel.com.br\/blog\/#\/schema\/logo\/image\/"}},{"@type":"Person","@id":"https:\/\/dynamictravel.com.br\/blog\/#\/schema\/person\/e7178e0a0ffb297c221bb32117d9745f","name":"Reda\u00e7\u00e3o Dynamic Travel","image":{"@type":"ImageObject","inLanguage":"pt-BR","@id":"https:\/\/dynamictravel.com.br\/blog\/#\/schema\/person\/image\/","url":"https:\/\/secure.gravatar.com\/avatar\/1eb4bf102438663c299bc91dd2b1095c?s=96&d=mm&r=g","contentUrl":"https:\/\/secure.gravatar.com\/avatar\/1eb4bf102438663c299bc91dd2b1095c?s=96&d=mm&r=g","caption":"Reda\u00e7\u00e3o Dynamic Travel"},"sameAs":["https:\/\/dynamictravel.com.br"],"url":"https:\/\/dynamictravel.com.br\/blog\/author\/redacao\/"}]}},"uagb_featured_image_src":{"full":["https:\/\/dynamictravel.com.br\/blog\/wp-content\/uploads\/2022\/06\/blog-responsabilidade-ambiental.jpg",1024,586,false],"thumbnail":["https:\/\/dynamictravel.com.br\/blog\/wp-content\/uploads\/2022\/06\/blog-responsabilidade-ambiental-150x150.jpg",150,150,true],"medium":["https:\/\/dynamictravel.com.br\/blog\/wp-content\/uploads\/2022\/06\/blog-responsabilidade-ambiental-300x172.jpg",300,172,true],"medium_large":["https:\/\/dynamictravel.com.br\/blog\/wp-content\/uploads\/2022\/06\/blog-responsabilidade-ambiental-768x440.jpg",768,440,true],"large":["https:\/\/dynamictravel.com.br\/blog\/wp-content\/uploads\/2022\/06\/blog-responsabilidade-ambiental.jpg",1024,586,false],"1536x1536":["https:\/\/dynamictravel.com.br\/blog\/wp-content\/uploads\/2022\/06\/blog-responsabilidade-ambiental.jpg",1024,586,false],"2048x2048":["https:\/\/dynamictravel.com.br\/blog\/wp-content\/uploads\/2022\/06\/blog-responsabilidade-ambiental.jpg",1024,586,false],"trp-custom-language-flag":["https:\/\/dynamictravel.com.br\/blog\/wp-content\/uploads\/2022\/06\/blog-responsabilidade-ambiental.jpg",18,10,false]},"uagb_author_info":{"display_name":"Reda\u00e7\u00e3o Dynamic Travel","author_link":"https:\/\/dynamictravel.com.br\/blog\/author\/redacao\/"},"uagb_comment_info":4,"uagb_excerpt":"Entenda a import\u00e2ncia das empresas na conserva\u00e7\u00e3o ambiental.","_links":{"self":[{"href":"https:\/\/dynamictravel.com.br\/blog\/wp-json\/wp\/v2\/posts\/431","targetHints":{"allow":["GET"]}}],"collection":[{"href":"https:\/\/dynamictravel.com.br\/blog\/wp-json\/wp\/v2\/posts"}],"about":[{"href":"https:\/\/dynamictravel.com.br\/blog\/wp-json\/wp\/v2\/types\/post"}],"author":[{"embeddable":true,"href":"https:\/\/dynamictravel.com.br\/blog\/wp-json\/wp\/v2\/users\/4"}],"replies":[{"embeddable":true,"href":"https:\/\/dynamictravel.com.br\/blog\/wp-json\/wp\/v2\/comments?post=431"}],"version-history":[{"count":69,"href":"https:\/\/dynamictravel.com.br\/blog\/wp-json\/wp\/v2\/posts\/431\/revisions"}],"predecessor-version":[{"id":5886,"href":"https:\/\/dynamictravel.com.br\/blog\/wp-json\/wp\/v2\/posts\/431\/revisions\/5886"}],"wp:featuredmedia":[{"embeddable":true,"href":"https:\/\/dynamictravel.com.br\/blog\/wp-json\/wp\/v2\/media\/433"}],"wp:attachment":[{"href":"https:\/\/dynamictravel.com.br\/blog\/wp-json\/wp\/v2\/media?parent=431"}],"wp:term":[{"taxonomy":"category","embeddable":true,"href":"https:\/\/dynamictravel.com.br\/blog\/wp-json\/wp\/v2\/categories?post=431"},{"taxonomy":"post_tag","embeddable":true,"href":"https:\/\/dynamictravel.com.br\/blog\/wp-json\/wp\/v2\/tags?post=431"}],"curies":[{"name":"wp","href":"https:\/\/api.w.org\/{rel}","templated":true}]}}