{"id":420,"date":"2022-05-26T14:19:14","date_gmt":"2022-05-26T17:19:14","guid":{"rendered":"https:\/\/dynamictravel.com.br\/blog\/?p=420"},"modified":"2024-12-23T15:43:50","modified_gmt":"2024-12-23T18:43:50","slug":"principais-atualizacoes-do-mes-de-maio-sobre-a-covid-19-no-crescimento-das-viagens-corporativas","status":"publish","type":"post","link":"https:\/\/dynamictravel.com.br\/blog\/principais-atualizacoes-do-mes-de-maio-sobre-a-covid-19-no-crescimento-das-viagens-corporativas\/","title":{"rendered":"Principais atualiza\u00e7\u00f5es do m\u00eas de maio sobre a Covid-19 no crescimento das viagens corporativas"},"content":{"rendered":"\n<p><br><img loading=\"lazy\" decoding=\"async\" width=\"1024\" height=\"682\" src=\"http:\/\/dynamictravel.com.br\/blog\/wp-content\/uploads\/2022\/04\/MicrosoftTeams-image-9.jpg\" alt=\"\"><br><a role=\"button\" href=\"https:\/\/dynamictravel.com.br\/blog\"><br><\/a><\/p>\n\n\n\n<p>Com o intuito de manter seus leitores sempre bem informados, a Dynamic Travel publica regularmente, em seu site, as principais atualiza\u00e7\u00f5es do Brasil e do mundo relacionadas ao Covid-19. Confira a seguir o compilado de todas as mat\u00e9rias publicadas no m\u00eas de maio.<\/p>\n\n\n\n<hr class=\"wp-block-separator has-alpha-channel-opacity\" \/>\n\n\n\n<div class=\"wp-block-uagb-advanced-heading uagb-block-1f4f2b86\"><h2 class=\"uagb-heading-text\"><strong>Confira as exig\u00eancias para entrada de viajantes na \u00c1frica do Sul<\/strong><\/h2><\/div>\n\n\n\n<div class=\"wp-block-uagb-separator uagb-block-af9fda69\"><div class=\"wp-block-uagb-separator__inner\" style=\"--my-background-image:\"><\/div><\/div>\n\n\n\n<p><strong>Vacinas e viajantes vacinados<\/strong><\/p>\n\n\n\n<p>Os viajantes que apresentam um comprovante de vacina\u00e7\u00e3o completo contra o COVID-19 n\u00e3o precisam realizar um teste antes da partida. As vacinas permitidas pelo pa\u00eds incluem todas aprovadas pela Organiza\u00e7\u00e3o Mundial da Sa\u00fade (OMS).<\/p>\n\n\n\n<p>Viajantes n\u00e3o vacinados devem apresentar um comprovante de teste PCR negativo, realizado nas 72 horas antecedentes ao momento da partida ou um teste de ant\u00edgeno negativo, realizado nas 48 horas anteriores.<\/p>\n\n\n\n<p>O pa\u00eds tamb\u00e9m aceita um comprovante de recupera\u00e7\u00e3o do COVID-19, no entanto, ser\u00e1 exigido um resultado positivo do teste de PCR, realizado pelo menos 10 dias antes da partida e n\u00e3o mais de 90 dias, e uma carta de um profissional de sa\u00fade. Os testes aceitos s\u00e3o aqueles reconhecidos pela Organiza\u00e7\u00e3o Mundial da Sa\u00fade (OMS).<\/p>\n\n\n\n<p><strong>Outras medidas m\u00e9dicas<\/strong><\/p>\n\n\n\n<p>Todos os viajantes que buscam ingressar no pa\u00eds est\u00e3o sujeitos a exames de sa\u00fade na chegada e na partida, como verifica\u00e7\u00f5es de temperatura e avalia\u00e7\u00e3o visual. Outros testes de sa\u00fade podem ser solicitados para aqueles que apresentam sintomas de COVID-19.<\/p>\n\n\n\n<p><b>Exig\u00eancia de documentos adicionais<\/b><\/p>\n\n\n\n<p>Na chegada ao pa\u00eds, os viajantes devem preencher um \u2018question\u00e1rio de sa\u00fade do viajante\u2019 e tamb\u00e9m uma declara\u00e7\u00e3o de sa\u00fade.<\/p>\n\n\n\n<p><strong>Fonte: Skyscanner<\/strong><\/p>\n\n\n\n<p>(Publicado: 25\/05\/2022)<\/p>\n\n\n\n<hr class=\"wp-block-separator has-alpha-channel-opacity\" \/>\n\n\n\n<h2 class=\"wp-block-heading\"><strong>Espanha flexibiliza requisitos para entrada no pa\u00eds<\/strong><\/h2>\n\n\n\n<p>Desde o dia 21 de maio, n\u00e3o \u00e9 mais obrigat\u00f3rio a apresenta\u00e7\u00e3o de um comprovante vacinal para a entrada no pa\u00eds europeu. Al\u00e9m disso, o viajante (sem importar a proced\u00eancia) que deseja visitar o pa\u00eds ib\u00e9rico, consegue entrar apresentando apenas um teste negativo de Covid-19.<\/p>\n\n\n\n<p>Para entrar na Espanha, os viajantes devem apresentar um dos seguintes certificados:<\/p>\n\n\n\n<ul class=\"wp-block-list\">\n<li>Vacina\u00e7\u00e3o<\/li>\n\n\n\n<li>Recupera\u00e7\u00e3o<\/li>\n\n\n\n<li>PCR ou ant\u00edgenos com resultado negativo obtido at\u00e9 72 horas ou 24 horas antes da chegada, respectivamente.<\/li>\n<\/ul>\n\n\n\n<p><strong>Fonte: Panrotas<\/strong><\/p>\n\n\n\n<p>(Publicado: 24\/05\/2022)<\/p>\n\n\n\n<hr class=\"wp-block-separator has-alpha-channel-opacity\" \/>\n\n\n\n<h2 class=\"wp-block-heading\"><strong>Requisitos para entrada de viajantes no Canad\u00e1<\/strong><\/h2>\n\n\n\n<p>A entrada ao Canad\u00e1 \u00e9 permitida para viajantes internacionais completamente vacinados. H\u00e1 exce\u00e7\u00f5es para cidad\u00e3os n\u00e3o vacinados, residentes e aqueles que viajam por \u2018motivos essenciais\u2019, como trabalhadores estrangeiros tempor\u00e1rios e estudantes internacionais.<\/p>\n\n\n\n<p>Os viajantes vacinados devem apresentar um comprovante com o esquema vacinal completo e com o uso de vacinas aprovadas e est\u00e3o sujeitos a testes seletivos na chegada. A dose final deve ter sido aplicada, no m\u00ednimo, 14 dias antes da partida. Cidad\u00e3os, residentes e aqueles que viajam por motivos essenciais est\u00e3o isentos deste requisito.<\/p>\n\n\n\n<p>J\u00e1 os viajantes n\u00e3o vacinados devem apresentar um resultado negativo do teste PCR, NAT, NAAT ou RT-LAMP, obtido nas 72 horas anteriores \u00e0 partida. Estes receber\u00e3o um teste Covid-19 na chegada ou um kit de auto cotonete. Al\u00e9m disso, ser\u00e3o obrigados a ficar em quarentena por 14 dias. Aqueles com teste negativo no oitavo dia (teste realizado atrav\u00e9s do kit de auto cotonete), n\u00e3o precisar\u00e3o estender o per\u00edodo. Para aqueles que apresentarem resultado positivo, o per\u00edodo de quarentena se estender\u00e1 por mais 10 dias.<\/p>\n\n\n\n<p>Os viajantes que se recuperaram recentemente do Covid-19, n\u00e3o precisar\u00e3o seguir os requisitos de teste e poder\u00e3o apresentar um resultado de teste molecular positivo, emitido pelo menos 10 e n\u00e3o mais de 180 dias antes da chegada.<\/p>\n\n\n\n<p>Cabe ressaltar que todos os documentos devem estar em ingl\u00eas, franc\u00eas ou com tradu\u00e7\u00e3o juramentada.<\/p>\n\n\n\n<p><strong>Fonte: Skyscanner<\/strong><br>(Publicado 23\/05\/2022)<\/p>\n\n\n\n<hr class=\"wp-block-separator has-alpha-channel-opacity\" \/>\n\n\n\n<h2 class=\"wp-block-heading\"><strong>Conhe\u00e7a os requisitos para entrada de viajantes na Austr\u00e1lia<\/strong><\/h2>\n\n\n\n<p><b>Exig\u00eancia de vacina\u00e7\u00e3o<\/b><\/p>\n\n\n\n<p>\u00c9 obrigat\u00f3rio que os viajantes apresentem um certificado internacional v\u00e1lido para comprovar o ciclo completo de vacina\u00e7\u00e3o contra COVID-19, com o uso de uma vacina aprovada. A \u00faltima dose deve ter sido administrada pelo menos 7 dias antes da partida. Todas as vacinas aprovadas pela Therapeutic Goods Administration (TGA) s\u00e3o aceitas. As isen\u00e7\u00f5es est\u00e3o em vigor para cidad\u00e3os n\u00e3o vacinados, residentes permanentes, ou aqueles com isen\u00e7\u00e3o individual viajando por motivos essenciais.<\/p>\n\n\n\n<p><b>Teste na chegada<\/b><\/p>\n\n\n\n<p>Um teste de COVID-19 ser\u00e1 realizado 24h ap\u00f3s a chegada ao pa\u00eds. Os viajantes vacinados devem realizar quarentena apenas at\u00e9 que um resultado negativo seja confirmado. Dependendo na regi\u00e3o visitada, os requisitos de teste podem variar.<\/p>\n\n\n\n<p><b>Outras medidas m\u00e9dicas<\/b><\/p>\n\n\n\n<p>Na chegada ao pa\u00eds, os viajantes est\u00e3o sujeitos a alguns exames de sa\u00fade como verifica\u00e7\u00f5es de temperatura e avalia\u00e7\u00e3o visual. Para aqueles que apresentam sintomas de COVID-19, outros exames podem ser solicitados.<\/p>\n\n\n\n<p><b>Exig\u00eancia de documentos adicionais<\/b><\/p>\n\n\n\n<p>\u00c9 obrigat\u00f3rio o preenchimento de uma declara\u00e7\u00e3o digital de passageiro no prazo de 7 dias antes da partida. Alternativamente, as declara\u00e7\u00f5es podem ser enviadas atrav\u00e9s do aplicativo \u2018Australia DPD\u2019.<\/p>\n\n\n\n<p>Fonte: Skyscanner<br>Publicado (18\/05\/2022)<\/p>\n\n\n\n<hr class=\"wp-block-separator has-alpha-channel-opacity\" \/>\n\n\n\n<h2 class=\"wp-block-heading\"><strong>Israel suspende obrigatoriedade de teste PCR<\/strong><\/h2>\n\n\n\n<p>Desde 21 de maio, n\u00e3o \u00e9 mais obrigat\u00f3ria a apresenta\u00e7\u00e3o de um teste de PCR negativo ou isolamento por 24 horas, na chegada de Israel por via a\u00e9rea ou mar\u00edtima. Viajantes e cidad\u00e3os israelenses que entrarem no pa\u00eds n\u00e3o precisar\u00e3o mais realizar o teste.<\/p>\n\n\n\n<p>O governo local refor\u00e7ou que permanece necess\u00e1rio o uso de m\u00e1scaras em voos internacionais. Al\u00e9m disso, continua em vigor a exig\u00eancia do preenchimento de uma declara\u00e7\u00e3o de entrada on-line antes de chegar a Israel por via a\u00e9rea ou mar\u00edtima.<\/p>\n\n\n\n<p><strong>Fonte: Panrotas<\/strong><br>(Publicado: 17\/05\/2022)<\/p>\n\n\n\n<hr class=\"wp-block-separator has-alpha-channel-opacity\" \/>\n\n\n\n<h2 class=\"wp-block-heading\"><strong>Europa exigir\u00e1 autoriza\u00e7\u00e3o para entrada de brasileiros a partir de 2023<\/strong><\/h2>\n\n\n\n<p>A Comiss\u00e3o Europeia passar\u00e1 a exigir uma autoriza\u00e7\u00e3o de viagem chamada Etias (sigla em ingl\u00eas para Sistema Europeu de Informa\u00e7\u00e3o de Viagem e Autoriza\u00e7\u00e3o), a qual entrar\u00e1 em vigor a partir de 2023.<\/p>\n\n\n\n<p>Atualmente, os viajantes brasileiros n\u00e3o necessitam de nenhum tipo de visto para visitar o continente e possuem entrada permitida no Espa\u00e7o Schengen para estadas de at\u00e9 90 dias.<\/p>\n\n\n\n<p>Assim, os cidad\u00e3os brasileiros ter\u00e3o que solicitar, a um custo de 7 euros, a autoriza\u00e7\u00e3o de maneira on-line (que ainda n\u00e3o est\u00e1 dispon\u00edvel) a partir do final de 2022 para conseguirem entrar nos pa\u00edses da Uni\u00e3o Europeia (UE). O documento ser\u00e1 requisitado para todos brasileiros que viajam \u00e0 Europa para fins de Turismo, comerciais, de tr\u00e2nsito e m\u00e9dicos.<\/p>\n\n\n\n<p>Uma triagem de seguran\u00e7a ser\u00e1 realizada com todos os solicitantes, a fim de identificar e prevenir poss\u00edveis amea\u00e7as aos pa\u00edses do Schengen antes que um viajante tenha sua autoriza\u00e7\u00e3o de viagem e entre nessa \u00e1rea.<\/p>\n\n\n\n<p>Para obter o Etias ser\u00e1 necess\u00e1rio:<\/p>\n\n\n\n<ul class=\"wp-block-list\">\n<li>Passaporte brasileiro v\u00e1lido at\u00e9 tr\u00eas meses al\u00e9m da data de estada pretendida;<\/li>\n\n\n\n<li>Cart\u00e3o de cr\u00e9dito ou d\u00e9bito para pagar a taxa do Etias;<\/li>\n\n\n\n<li>Endere\u00e7o de e-mail para receber a aprova\u00e7\u00e3o do Etias.<\/li>\n<\/ul>\n\n\n\n<p><strong>Fonte: Panrotas<\/strong><br>(Publicado: 16\/05\/2022)<\/p>\n\n\n\n<hr class=\"wp-block-separator has-alpha-channel-opacity\" \/>\n\n\n\n<h2 class=\"wp-block-heading\"><strong>Anvisa libera servi\u00e7o de bordo, mas uso de m\u00e1scara continua obrigat\u00f3rio<\/strong><\/h2>\n\n\n\n<p>Durante 8\u00aa Reuni\u00e3o Ordin\u00e1ria P\u00fablica da Diretoria Colegiada 2022 da Anvisa (Ag\u00eancia Nacional de Vigil\u00e2ncia Sanit\u00e1ria), realizada no dia 12 de maio, algumas determina\u00e7\u00f5es foram definidas na discuss\u00e3o da RDC 456. Entre elas, est\u00e1 a libera\u00e7\u00e3o do servi\u00e7o de alimenta\u00e7\u00e3o a bordo em voos nacionais e a continua\u00e7\u00e3o da obrigatoriedade do uso de m\u00e1scaras em voos e aeroportos.<\/p>\n\n\n\n<p>Confira abaixo as mudan\u00e7as e manuten\u00e7\u00f5es na RDC 456:<\/p>\n\n\n\n<ul class=\"wp-block-list\">\n<li>Utiliza\u00e7\u00e3o de m\u00e1scaras em aeroportos e aeronaves segue obrigat\u00f3ria;<\/li>\n\n\n\n<li>Alimenta\u00e7\u00e3o a bordo agora \u00e9 permitida, desde que o passageiro volte a utilizar a m\u00e1scara assim que terminar de se alimentar e hidratar;<\/li>\n\n\n\n<li>As companhias e aeroportos podem voltar a utilizar lota\u00e7\u00e3o m\u00e1xima em \u00f4nibus que transportam passageiros entre avi\u00f5es e salas de embarque e desembarque;<\/li>\n\n\n\n<li>N\u00e3o \u00e9 mais obrigat\u00f3rio que os processos de limpeza e desinfec\u00e7\u00e3o sejam feitos apenas com aeronaves vazias;<\/li>\n\n\n\n<li>Distanciamento f\u00edsico em aeroportos permanece recomendado, sempre que poss\u00edvel;<\/li>\n\n\n\n<li>Avisos sonoros sobre o coronav\u00edrus ser\u00e3o mantidos em aeronaves, mas agora em mensagens ajustadas com o per\u00edodo da pandemia e em toma mais orientativo;<\/li>\n\n\n\n<li>Desembarque por fileiras permanece.<\/li>\n<\/ul>\n\n\n\n<p>Cabe ressaltar que essas medidas entraram em vigor em 22 de maio.<\/p>\n\n\n\n<p><strong>Fonte: Panrotas<\/strong><br>(Publicado: 13\/05\/2022)<\/p>\n\n\n\n<hr class=\"wp-block-separator has-alpha-channel-opacity\" \/>\n\n\n\n<h2 class=\"wp-block-heading\"><strong>Uso de m\u00e1scara em voos e aeroportos foram suspensos na Uni\u00e3o Europeia<\/strong><\/h2>\n\n\n\n<p>No dia 16 de maio, a Ag\u00eancia Europeia para a Seguran\u00e7a da Avia\u00e7\u00e3o (Easa) e o Centro Europeu de Preven\u00e7\u00e3o e Controle de Doen\u00e7as (ECDC) suspenderam a obrigatoriedade do uso de m\u00e1scaras em avi\u00f5es e terminais europeus. Entretanto, as autoridades sanit\u00e1rias da Uni\u00e3o Europeia (EU) ainda recomendam a utiliza\u00e7\u00e3o da m\u00e1scara, afirmando ser o melhor item de seguran\u00e7a para evitar o cont\u00e1gio.<\/p>\n\n\n\n<p>A Easa e ECDC, aconselham, principalmente para os viajantes mais vulner\u00e1veis, a continuidade do uso de m\u00e1scaras, especificando que se utilize uma m\u00e1scara do tipo FFP2\/N95\/KN95, a qual possui um n\u00edvel mais elevado de prote\u00e7\u00e3o.<\/p>\n\n\n\n<p><strong>Fonte: G1<br><\/strong>(Publicado: 12\/05\/2022)<\/p>\n\n\n\n<hr class=\"wp-block-separator has-alpha-channel-opacity\" \/>\n\n\n\n<h2 class=\"wp-block-heading\"><strong>Conhe\u00e7a as exig\u00eancias para a entrada de viajantes internacionais no Peru<\/strong><\/h2>\n\n\n\n<p>Na chegada ao pa\u00eds, \u00e9 obrigat\u00f3rio que os viajantes apresentem um certificado internacional v\u00e1lido para vacina\u00e7\u00e3o completa contra COVID-19, com o uso de uma vacina aprovada para entrar no aeroporto. Pessoas com mais de 40 anos devem comprovar o recebimento da dose de refor\u00e7o. A dose final deve ser administrada pelo menos 14 dias antes da partida.<\/p>\n\n\n\n<p>Alternativamente, os viajantes podem apresentar comprovativo de resultado negativo do teste, realizado nas 48 horas anteriores, \u00e0 partida.<\/p>\n\n\n\n<p>Todos os viajantes est\u00e3o suscet\u00edveis a testes aleat\u00f3rios de COVID-19 na chegada. Em caso de resultado positivo, os viajantes devem seguir as instru\u00e7\u00f5es das autoridades de sa\u00fade.<\/p>\n\n\n\n<p>Durante o voo e em todo o aeroporto no Peru, os viajantes devem usar duas m\u00e1scaras faciais, uma cir\u00fargica e outra de pano. Al\u00e9m disso, todos os passageiros podem passar por exames de sa\u00fade na chegada, como verifica\u00e7\u00f5es de temperatura e avalia\u00e7\u00e3o visual. Se porventura algum passageiro apresentar sintomas de Covid-19, este passara por outros testes de sa\u00fade.<\/p>\n\n\n\n<p>Vale lembrar que uma declara\u00e7\u00e3o de sa\u00fade online deve ser preenchida antes da partida.<\/p>\n\n\n\n<p><strong>Fonte: Skyscanner<\/strong><br>(Publicado: 09\/05\/2022)<\/p>\n\n\n\n<hr class=\"wp-block-separator has-alpha-channel-opacity\" \/>\n\n\n\n<h2 class=\"wp-block-heading\"><strong>Exig\u00eancias para entrada de viajantes internacionais no M\u00e9xico<\/strong><\/h2>\n\n\n\n<p>As fronteiras do M\u00e9xico est\u00e3o abertas para viagens internacionais sem nenhum requisito em vigor, como a quarentena ou testes de sa\u00fade.<\/p>\n\n\n\n<p>Entretanto os viajantes s\u00e3o submetidos a exames de sa\u00fade na chegada, como verifica\u00e7\u00e3o de temperatura e avalia\u00e7\u00e3o visual, al\u00e9m de outros testes caso apresentem sintomas de Covid-19.<\/p>\n\n\n\n<p>Para aqueles que retornarem ao Brasil, advindos do M\u00e9xico, \u00e9 necess\u00e1rio apresentar um certificado internacional v\u00e1lido para vacina\u00e7\u00e3o completa contra Covid-19, com o uso de uma vacina aprovada. A dose final deve ter sido administrada pelo menos com 14 dias antes da partida. O documento deve estar em ingl\u00eas, portugu\u00eas ou espanhol.<\/p>\n\n\n\n<p>Al\u00e9m disso, viajantes n\u00e3o vacinados devem apresentar, no momento da partida, uma comprova\u00e7\u00e3o de RT-PCR ou teste de ant\u00edgeno negativo, realizado 24 horas antes do embarque. O documento deve estar em ingl\u00eas, portugu\u00eas ou espanhol.<\/p>\n\n\n\n<p><strong>Fonte: Skyscanner\u00a0<\/strong><br>(Publicado: 06\/05\/2022)<\/p>\n\n\n\n<hr class=\"wp-block-separator has-alpha-channel-opacity\" \/>\n\n\n\n<h2 class=\"wp-block-heading\"><strong>Requisitos para entrada de viajantes internacionais em Israel<\/strong><\/h2>\n\n\n\n<p>As viagens internacionais para Israel s\u00e3o permitidas e est\u00e3o acontecendo normalmente. No entanto, \u00e9 necess\u00e1rio que haja o cumprimento dos requisitos para garantir que a entrada seja permitida.<\/p>\n\n\n\n<p>Os viajantes estrangeiros devem fornecer um comprovante de seguro de sa\u00fade que cubra todos os custos relacionados ao Covid-19. Os residentes tempor\u00e1rios com cobertura m\u00e9dica atrav\u00e9s do seu empregador est\u00e3o isentos deste requisito.<\/p>\n\n\n\n<p>O resultado de um teste PCR negativo, realizado nas 72 horas anteriores, deve ser apresentado no momento da partida. Por\u00e9m, em vez disso, os viajantes podem fornecer documenta\u00e7\u00e3o de recupera\u00e7\u00e3o do COVID-19. Para isso, \u00e9 exigido a comprova\u00e7\u00e3o de um resultado positivo de PCR ou teste r\u00e1pido de ant\u00edgeno, realizado pelo menos 8 dias antes da partida e n\u00e3o mais de 3 meses (90 dias). Cidad\u00e3os e residentes israelenses n\u00e3o precisam realizar o teste antes da partida.<\/p>\n\n\n\n<p>Um teste de PCR ser\u00e1 administrado na chegada ao pa\u00eds e os viajantes dever\u00e3o realizar o isolamento por 24 horas, ou at\u00e9 que um resultado negativo seja confirmado.<\/p>\n\n\n\n<p><strong>Fonte:\u00a0Skyscanner\u00a0<\/strong><br>(Publicado: 05\/05\/2022)<\/p>\n\n\n\n<hr class=\"wp-block-separator has-alpha-channel-opacity\" \/>\n\n\n\n<h2 class=\"wp-block-heading\"><strong>It\u00e1lia flexibiliza o uso de m\u00e1scara e n\u00e3o exige mais o passe de sa\u00fade<\/strong><\/h2>\n\n\n\n<p>Desde 1 de maio, a It\u00e1lia n\u00e3o exige mais o passe de sa\u00fade para acessar restaurantes, cinemas e outros locais. Al\u00e9m disso, viajantes tamb\u00e9m n\u00e3o precisam mais apresentar um formul\u00e1rio de localiza\u00e7\u00e3o de passageiros para entrada no pa\u00eds.<\/p>\n\n\n\n<p>Embora o pa\u00eds tenha facilitado alguns de seus requisitos de m\u00e1scaras em ambientes internos, a sua utiliza\u00e7\u00e3o continua obrigat\u00f3ria em transportes p\u00fablicos e nos cinemas, como tamb\u00e9m para funcion\u00e1rios e visitantes de unidades de sa\u00fade e de cuidados a idosos.<\/p>\n\n\n\n<p>Fonte: Panrotas\u00a0<br>(Publicado: 04\/05\/2022)<\/p>\n\n\n\n<hr class=\"wp-block-separator has-alpha-channel-opacity\" \/>\n\n\n\n<h2 class=\"wp-block-heading\"><strong>Nova Zel\u00e2ndia reabre fronteiras para viajantes<\/strong><\/h2>\n\n\n\n<p>A Nova Zel\u00e2ndia est\u00e1 com as fronteiras abertas para visitantes com esquema de vacina\u00e7\u00e3o completo ou que testem negativo para Covid-19. Os viajantes de pa\u00edses com isen\u00e7\u00e3o de visto, como no caso do Brasil, n\u00e3o precisam realizar isolamento na chegada ao pa\u00eds ou apresentar teste negativo antes da partida.<\/p>\n\n\n\n<p>Ainda \u00e9 necess\u00e1rio apresentar um teste r\u00e1pido de ant\u00edgeno na chegada e no quinto ou sexto dia. Desde o dia 12 de abril, residentes, titulares de visto de trabalho tempor\u00e1rio e estudantes com visto v\u00e1lido tamb\u00e9m n\u00e3o precisam de isolamento na chegada.<\/p>\n\n\n\n<p><strong>Fonte: Panrotas\u00a0<br><\/strong>(Publicado: 02\/05\/2022)<\/p>\n\n\n\n<hr class=\"wp-block-separator has-alpha-channel-opacity\" \/>\n\n\n\n<p><b>Acesse o <\/b><a href=\"https:\/\/dynamictravel.com.br\/\">site <\/a><b>e esteja sempre bem informado com a Dynamic Travel<\/b><\/p>\n","protected":false},"excerpt":{"rendered":"<p>Maio: Confira as principais atualiza\u00e7\u00f5es da Covid-19.<\/p>\n","protected":false},"author":4,"featured_media":372,"comment_status":"open","ping_status":"open","sticky":false,"template":"","format":"standard","meta":{"_uag_custom_page_level_css":"","site-sidebar-layout":"default","site-content-layout":"","ast-site-content-layout":"","site-content-style":"default","site-sidebar-style":"default","ast-global-header-display":"","ast-banner-title-visibility":"","ast-main-header-display":"","ast-hfb-above-header-display":"","ast-hfb-below-header-display":"","ast-hfb-mobile-header-display":"","site-post-title":"","ast-breadcrumbs-content":"","ast-featured-img":"","footer-sml-layout":"","theme-transparent-header-meta":"","adv-header-id-meta":"","stick-header-meta":"","header-above-stick-meta":"","header-main-stick-meta":"","header-below-stick-meta":"","astra-migrate-meta-layouts":"default","ast-page-background-enabled":"default","ast-page-background-meta":{"desktop":{"background-color":"var(--ast-global-color-4)","background-image":"","background-repeat":"repeat","background-position":"center center","background-size":"auto","background-attachment":"scroll","background-type":"","background-media":"","overlay-type":"","overlay-color":"","overlay-opacity":"","overlay-gradient":""},"tablet":{"background-color":"","background-image":"","background-repeat":"repeat","background-position":"center center","background-size":"auto","background-attachment":"scroll","background-type":"","background-media":"","overlay-type":"","overlay-color":"","overlay-opacity":"","overlay-gradient":""},"mobile":{"background-color":"","background-image":"","background-repeat":"repeat","background-position":"center center","background-size":"auto","background-attachment":"scroll","background-type":"","background-media":"","overlay-type":"","overlay-color":"","overlay-opacity":"","overlay-gradient":""}},"ast-content-background-meta":{"desktop":{"background-color":"var(--ast-global-color-5)","background-image":"","background-repeat":"repeat","background-position":"center center","background-size":"auto","background-attachment":"scroll","background-type":"","background-media":"","overlay-type":"","overlay-color":"","overlay-opacity":"","overlay-gradient":""},"tablet":{"background-color":"var(--ast-global-color-5)","background-image":"","background-repeat":"repeat","background-position":"center center","background-size":"auto","background-attachment":"scroll","background-type":"","background-media":"","overlay-type":"","overlay-color":"","overlay-opacity":"","overlay-gradient":""},"mobile":{"background-color":"var(--ast-global-color-5)","background-image":"","background-repeat":"repeat","background-position":"center center","background-size":"auto","background-attachment":"scroll","background-type":"","background-media":"","overlay-type":"","overlay-color":"","overlay-opacity":"","overlay-gradient":""}},"footnotes":""},"categories":[3],"tags":[31,48,47,20,22,14,32],"class_list":["post-420","post","type-post","status-publish","format-standard","has-post-thumbnail","hentry","category-mercado","tag-agenciadeviagenscorporativas","tag-atualizacoescovid19","tag-covid-19","tag-gestaodeviagens","tag-turismocorporativo","tag-viagenscorporativas","tag-viagensparaempresas"],"yoast_head":"<!-- This site is optimized with the Yoast SEO plugin v24.4 - https:\/\/yoast.com\/wordpress\/plugins\/seo\/ -->\n<title>Principais atualiza\u00e7\u00f5es do m\u00eas de maio sobre a Covid-19 no crescimento das viagens corporativas - Blog Dynamic Travel<\/title>\n<meta name=\"description\" content=\"Confira as principais atualiza\u00e7\u00f5es sobre a Covid-19 no retorno das viagens corporativas.\" \/>\n<meta name=\"robots\" content=\"index, follow, max-snippet:-1, max-image-preview:large, max-video-preview:-1\" \/>\n<link rel=\"canonical\" href=\"https:\/\/dynamictravel.com.br\/blog\/principais-atualizacoes-do-mes-de-maio-sobre-a-covid-19-no-crescimento-das-viagens-corporativas\/\" \/>\n<meta property=\"og:locale\" content=\"pt_BR\" \/>\n<meta property=\"og:type\" content=\"article\" \/>\n<meta property=\"og:title\" content=\"Principais atualiza\u00e7\u00f5es do m\u00eas de maio sobre a Covid-19 no crescimento das viagens corporativas - Blog Dynamic Travel\" \/>\n<meta property=\"og:description\" content=\"Confira as principais atualiza\u00e7\u00f5es sobre a Covid-19 no retorno das viagens corporativas.\" \/>\n<meta property=\"og:url\" content=\"https:\/\/dynamictravel.com.br\/blog\/principais-atualizacoes-do-mes-de-maio-sobre-a-covid-19-no-crescimento-das-viagens-corporativas\/\" \/>\n<meta property=\"og:site_name\" content=\"Blog Dynamic Travel\" \/>\n<meta property=\"article:published_time\" content=\"2022-05-26T17:19:14+00:00\" \/>\n<meta property=\"article:modified_time\" content=\"2024-12-23T18:43:50+00:00\" \/>\n<meta property=\"og:image\" content=\"https:\/\/dynamictravel.com.br\/blog\/wp-content\/uploads\/2022\/04\/MicrosoftTeams-image-9.jpg\" \/>\n\t<meta property=\"og:image:width\" content=\"1024\" \/>\n\t<meta property=\"og:image:height\" content=\"682\" \/>\n\t<meta property=\"og:image:type\" content=\"image\/jpeg\" \/>\n<meta name=\"author\" content=\"Reda\u00e7\u00e3o Dynamic Travel\" \/>\n<meta name=\"twitter:card\" content=\"summary_large_image\" \/>\n<meta name=\"twitter:label1\" content=\"Escrito por\" \/>\n\t<meta name=\"twitter:data1\" content=\"Reda\u00e7\u00e3o Dynamic Travel\" \/>\n\t<meta name=\"twitter:label2\" content=\"Est. tempo de leitura\" \/>\n\t<meta name=\"twitter:data2\" content=\"13 minutos\" \/>\n<script type=\"application\/ld+json\" class=\"yoast-schema-graph\">{\"@context\":\"https:\/\/schema.org\",\"@graph\":[{\"@type\":\"Article\",\"@id\":\"https:\/\/dynamictravel.com.br\/blog\/principais-atualizacoes-do-mes-de-maio-sobre-a-covid-19-no-crescimento-das-viagens-corporativas\/#article\",\"isPartOf\":{\"@id\":\"https:\/\/dynamictravel.com.br\/blog\/principais-atualizacoes-do-mes-de-maio-sobre-a-covid-19-no-crescimento-das-viagens-corporativas\/\"},\"author\":{\"name\":\"Reda\u00e7\u00e3o Dynamic Travel\",\"@id\":\"https:\/\/dynamictravel.com.br\/blog\/#\/schema\/person\/e7178e0a0ffb297c221bb32117d9745f\"},\"headline\":\"Principais atualiza\u00e7\u00f5es do m\u00eas de maio sobre a Covid-19 no crescimento das viagens corporativas\",\"datePublished\":\"2022-05-26T17:19:14+00:00\",\"dateModified\":\"2024-12-23T18:43:50+00:00\",\"mainEntityOfPage\":{\"@id\":\"https:\/\/dynamictravel.com.br\/blog\/principais-atualizacoes-do-mes-de-maio-sobre-a-covid-19-no-crescimento-das-viagens-corporativas\/\"},\"wordCount\":2345,\"commentCount\":0,\"publisher\":{\"@id\":\"https:\/\/dynamictravel.com.br\/blog\/#organization\"},\"image\":{\"@id\":\"https:\/\/dynamictravel.com.br\/blog\/principais-atualizacoes-do-mes-de-maio-sobre-a-covid-19-no-crescimento-das-viagens-corporativas\/#primaryimage\"},\"thumbnailUrl\":\"https:\/\/dynamictravel.com.br\/blog\/wp-content\/uploads\/2022\/04\/MicrosoftTeams-image-9.jpg\",\"keywords\":[\"agenciadeviagenscorporativas\",\"atualiza\u00e7\u00f5escovid19\",\"covid-19\",\"gestaodeviagens\",\"turismocorporativo\",\"viagenscorporativas\",\"viagensparaempresas\"],\"articleSection\":[\"Mercado\"],\"inLanguage\":\"pt-BR\",\"potentialAction\":[{\"@type\":\"CommentAction\",\"name\":\"Comment\",\"target\":[\"https:\/\/dynamictravel.com.br\/blog\/principais-atualizacoes-do-mes-de-maio-sobre-a-covid-19-no-crescimento-das-viagens-corporativas\/#respond\"]}]},{\"@type\":\"WebPage\",\"@id\":\"https:\/\/dynamictravel.com.br\/blog\/principais-atualizacoes-do-mes-de-maio-sobre-a-covid-19-no-crescimento-das-viagens-corporativas\/\",\"url\":\"https:\/\/dynamictravel.com.br\/blog\/principais-atualizacoes-do-mes-de-maio-sobre-a-covid-19-no-crescimento-das-viagens-corporativas\/\",\"name\":\"Principais atualiza\u00e7\u00f5es do m\u00eas de maio sobre a Covid-19 no crescimento das viagens corporativas - Blog Dynamic Travel\",\"isPartOf\":{\"@id\":\"https:\/\/dynamictravel.com.br\/blog\/#website\"},\"primaryImageOfPage\":{\"@id\":\"https:\/\/dynamictravel.com.br\/blog\/principais-atualizacoes-do-mes-de-maio-sobre-a-covid-19-no-crescimento-das-viagens-corporativas\/#primaryimage\"},\"image\":{\"@id\":\"https:\/\/dynamictravel.com.br\/blog\/principais-atualizacoes-do-mes-de-maio-sobre-a-covid-19-no-crescimento-das-viagens-corporativas\/#primaryimage\"},\"thumbnailUrl\":\"https:\/\/dynamictravel.com.br\/blog\/wp-content\/uploads\/2022\/04\/MicrosoftTeams-image-9.jpg\",\"datePublished\":\"2022-05-26T17:19:14+00:00\",\"dateModified\":\"2024-12-23T18:43:50+00:00\",\"description\":\"Confira as principais atualiza\u00e7\u00f5es sobre a Covid-19 no retorno das viagens corporativas.\",\"breadcrumb\":{\"@id\":\"https:\/\/dynamictravel.com.br\/blog\/principais-atualizacoes-do-mes-de-maio-sobre-a-covid-19-no-crescimento-das-viagens-corporativas\/#breadcrumb\"},\"inLanguage\":\"pt-BR\",\"potentialAction\":[{\"@type\":\"ReadAction\",\"target\":[\"https:\/\/dynamictravel.com.br\/blog\/principais-atualizacoes-do-mes-de-maio-sobre-a-covid-19-no-crescimento-das-viagens-corporativas\/\"]}]},{\"@type\":\"ImageObject\",\"inLanguage\":\"pt-BR\",\"@id\":\"https:\/\/dynamictravel.com.br\/blog\/principais-atualizacoes-do-mes-de-maio-sobre-a-covid-19-no-crescimento-das-viagens-corporativas\/#primaryimage\",\"url\":\"https:\/\/dynamictravel.com.br\/blog\/wp-content\/uploads\/2022\/04\/MicrosoftTeams-image-9.jpg\",\"contentUrl\":\"https:\/\/dynamictravel.com.br\/blog\/wp-content\/uploads\/2022\/04\/MicrosoftTeams-image-9.jpg\",\"width\":1024,\"height\":682},{\"@type\":\"BreadcrumbList\",\"@id\":\"https:\/\/dynamictravel.com.br\/blog\/principais-atualizacoes-do-mes-de-maio-sobre-a-covid-19-no-crescimento-das-viagens-corporativas\/#breadcrumb\",\"itemListElement\":[{\"@type\":\"ListItem\",\"position\":1,\"name\":\"In\u00edcio\",\"item\":\"https:\/\/dynamictravel.com.br\/blog\/\"},{\"@type\":\"ListItem\",\"position\":2,\"name\":\"Principais atualiza\u00e7\u00f5es do m\u00eas de maio sobre a Covid-19 no crescimento das viagens corporativas\"}]},{\"@type\":\"WebSite\",\"@id\":\"https:\/\/dynamictravel.com.br\/blog\/#website\",\"url\":\"https:\/\/dynamictravel.com.br\/blog\/\",\"name\":\"Blog Dynamic Travel\",\"description\":\"Ag\u00eancia de Viagens Corporativas\",\"publisher\":{\"@id\":\"https:\/\/dynamictravel.com.br\/blog\/#organization\"},\"potentialAction\":[{\"@type\":\"SearchAction\",\"target\":{\"@type\":\"EntryPoint\",\"urlTemplate\":\"https:\/\/dynamictravel.com.br\/blog\/?s={search_term_string}\"},\"query-input\":{\"@type\":\"PropertyValueSpecification\",\"valueRequired\":true,\"valueName\":\"search_term_string\"}}],\"inLanguage\":\"pt-BR\"},{\"@type\":\"Organization\",\"@id\":\"https:\/\/dynamictravel.com.br\/blog\/#organization\",\"name\":\"Blog Dynamic Travel\",\"url\":\"https:\/\/dynamictravel.com.br\/blog\/\",\"logo\":{\"@type\":\"ImageObject\",\"inLanguage\":\"pt-BR\",\"@id\":\"https:\/\/dynamictravel.com.br\/blog\/#\/schema\/logo\/image\/\",\"url\":\"https:\/\/dynamictravel.com.br\/blog\/wp-content\/uploads\/2024\/10\/logo-dynamic-travel.webp\",\"contentUrl\":\"https:\/\/dynamictravel.com.br\/blog\/wp-content\/uploads\/2024\/10\/logo-dynamic-travel.webp\",\"width\":320,\"height\":111,\"caption\":\"Blog Dynamic Travel\"},\"image\":{\"@id\":\"https:\/\/dynamictravel.com.br\/blog\/#\/schema\/logo\/image\/\"}},{\"@type\":\"Person\",\"@id\":\"https:\/\/dynamictravel.com.br\/blog\/#\/schema\/person\/e7178e0a0ffb297c221bb32117d9745f\",\"name\":\"Reda\u00e7\u00e3o Dynamic Travel\",\"image\":{\"@type\":\"ImageObject\",\"inLanguage\":\"pt-BR\",\"@id\":\"https:\/\/dynamictravel.com.br\/blog\/#\/schema\/person\/image\/\",\"url\":\"https:\/\/secure.gravatar.com\/avatar\/1eb4bf102438663c299bc91dd2b1095c?s=96&d=mm&r=g\",\"contentUrl\":\"https:\/\/secure.gravatar.com\/avatar\/1eb4bf102438663c299bc91dd2b1095c?s=96&d=mm&r=g\",\"caption\":\"Reda\u00e7\u00e3o Dynamic Travel\"},\"sameAs\":[\"https:\/\/dynamictravel.com.br\"],\"url\":\"https:\/\/dynamictravel.com.br\/blog\/author\/redacao\/\"}]}<\/script>\n<!-- \/ Yoast SEO plugin. -->","yoast_head_json":{"title":"Principais atualiza\u00e7\u00f5es do m\u00eas de maio sobre a Covid-19 no crescimento das viagens corporativas - Blog Dynamic Travel","description":"Confira as principais atualiza\u00e7\u00f5es sobre a Covid-19 no retorno das viagens corporativas.","robots":{"index":"index","follow":"follow","max-snippet":"max-snippet:-1","max-image-preview":"max-image-preview:large","max-video-preview":"max-video-preview:-1"},"canonical":"https:\/\/dynamictravel.com.br\/blog\/principais-atualizacoes-do-mes-de-maio-sobre-a-covid-19-no-crescimento-das-viagens-corporativas\/","og_locale":"pt_BR","og_type":"article","og_title":"Principais atualiza\u00e7\u00f5es do m\u00eas de maio sobre a Covid-19 no crescimento das viagens corporativas - Blog Dynamic Travel","og_description":"Confira as principais atualiza\u00e7\u00f5es sobre a Covid-19 no retorno das viagens corporativas.","og_url":"https:\/\/dynamictravel.com.br\/blog\/principais-atualizacoes-do-mes-de-maio-sobre-a-covid-19-no-crescimento-das-viagens-corporativas\/","og_site_name":"Blog Dynamic Travel","article_published_time":"2022-05-26T17:19:14+00:00","article_modified_time":"2024-12-23T18:43:50+00:00","og_image":[{"width":1024,"height":682,"url":"https:\/\/dynamictravel.com.br\/blog\/wp-content\/uploads\/2022\/04\/MicrosoftTeams-image-9.jpg","type":"image\/jpeg"}],"author":"Reda\u00e7\u00e3o Dynamic Travel","twitter_card":"summary_large_image","twitter_misc":{"Escrito por":"Reda\u00e7\u00e3o Dynamic Travel","Est. tempo de leitura":"13 minutos"},"schema":{"@context":"https:\/\/schema.org","@graph":[{"@type":"Article","@id":"https:\/\/dynamictravel.com.br\/blog\/principais-atualizacoes-do-mes-de-maio-sobre-a-covid-19-no-crescimento-das-viagens-corporativas\/#article","isPartOf":{"@id":"https:\/\/dynamictravel.com.br\/blog\/principais-atualizacoes-do-mes-de-maio-sobre-a-covid-19-no-crescimento-das-viagens-corporativas\/"},"author":{"name":"Reda\u00e7\u00e3o Dynamic Travel","@id":"https:\/\/dynamictravel.com.br\/blog\/#\/schema\/person\/e7178e0a0ffb297c221bb32117d9745f"},"headline":"Principais atualiza\u00e7\u00f5es do m\u00eas de maio sobre a Covid-19 no crescimento das viagens corporativas","datePublished":"2022-05-26T17:19:14+00:00","dateModified":"2024-12-23T18:43:50+00:00","mainEntityOfPage":{"@id":"https:\/\/dynamictravel.com.br\/blog\/principais-atualizacoes-do-mes-de-maio-sobre-a-covid-19-no-crescimento-das-viagens-corporativas\/"},"wordCount":2345,"commentCount":0,"publisher":{"@id":"https:\/\/dynamictravel.com.br\/blog\/#organization"},"image":{"@id":"https:\/\/dynamictravel.com.br\/blog\/principais-atualizacoes-do-mes-de-maio-sobre-a-covid-19-no-crescimento-das-viagens-corporativas\/#primaryimage"},"thumbnailUrl":"https:\/\/dynamictravel.com.br\/blog\/wp-content\/uploads\/2022\/04\/MicrosoftTeams-image-9.jpg","keywords":["agenciadeviagenscorporativas","atualiza\u00e7\u00f5escovid19","covid-19","gestaodeviagens","turismocorporativo","viagenscorporativas","viagensparaempresas"],"articleSection":["Mercado"],"inLanguage":"pt-BR","potentialAction":[{"@type":"CommentAction","name":"Comment","target":["https:\/\/dynamictravel.com.br\/blog\/principais-atualizacoes-do-mes-de-maio-sobre-a-covid-19-no-crescimento-das-viagens-corporativas\/#respond"]}]},{"@type":"WebPage","@id":"https:\/\/dynamictravel.com.br\/blog\/principais-atualizacoes-do-mes-de-maio-sobre-a-covid-19-no-crescimento-das-viagens-corporativas\/","url":"https:\/\/dynamictravel.com.br\/blog\/principais-atualizacoes-do-mes-de-maio-sobre-a-covid-19-no-crescimento-das-viagens-corporativas\/","name":"Principais atualiza\u00e7\u00f5es do m\u00eas de maio sobre a Covid-19 no crescimento das viagens corporativas - Blog Dynamic Travel","isPartOf":{"@id":"https:\/\/dynamictravel.com.br\/blog\/#website"},"primaryImageOfPage":{"@id":"https:\/\/dynamictravel.com.br\/blog\/principais-atualizacoes-do-mes-de-maio-sobre-a-covid-19-no-crescimento-das-viagens-corporativas\/#primaryimage"},"image":{"@id":"https:\/\/dynamictravel.com.br\/blog\/principais-atualizacoes-do-mes-de-maio-sobre-a-covid-19-no-crescimento-das-viagens-corporativas\/#primaryimage"},"thumbnailUrl":"https:\/\/dynamictravel.com.br\/blog\/wp-content\/uploads\/2022\/04\/MicrosoftTeams-image-9.jpg","datePublished":"2022-05-26T17:19:14+00:00","dateModified":"2024-12-23T18:43:50+00:00","description":"Confira as principais atualiza\u00e7\u00f5es sobre a Covid-19 no retorno das viagens corporativas.","breadcrumb":{"@id":"https:\/\/dynamictravel.com.br\/blog\/principais-atualizacoes-do-mes-de-maio-sobre-a-covid-19-no-crescimento-das-viagens-corporativas\/#breadcrumb"},"inLanguage":"pt-BR","potentialAction":[{"@type":"ReadAction","target":["https:\/\/dynamictravel.com.br\/blog\/principais-atualizacoes-do-mes-de-maio-sobre-a-covid-19-no-crescimento-das-viagens-corporativas\/"]}]},{"@type":"ImageObject","inLanguage":"pt-BR","@id":"https:\/\/dynamictravel.com.br\/blog\/principais-atualizacoes-do-mes-de-maio-sobre-a-covid-19-no-crescimento-das-viagens-corporativas\/#primaryimage","url":"https:\/\/dynamictravel.com.br\/blog\/wp-content\/uploads\/2022\/04\/MicrosoftTeams-image-9.jpg","contentUrl":"https:\/\/dynamictravel.com.br\/blog\/wp-content\/uploads\/2022\/04\/MicrosoftTeams-image-9.jpg","width":1024,"height":682},{"@type":"BreadcrumbList","@id":"https:\/\/dynamictravel.com.br\/blog\/principais-atualizacoes-do-mes-de-maio-sobre-a-covid-19-no-crescimento-das-viagens-corporativas\/#breadcrumb","itemListElement":[{"@type":"ListItem","position":1,"name":"In\u00edcio","item":"https:\/\/dynamictravel.com.br\/blog\/"},{"@type":"ListItem","position":2,"name":"Principais atualiza\u00e7\u00f5es do m\u00eas de maio sobre a Covid-19 no crescimento das viagens corporativas"}]},{"@type":"WebSite","@id":"https:\/\/dynamictravel.com.br\/blog\/#website","url":"https:\/\/dynamictravel.com.br\/blog\/","name":"Blog Dynamic Travel","description":"Ag\u00eancia de Viagens Corporativas","publisher":{"@id":"https:\/\/dynamictravel.com.br\/blog\/#organization"},"potentialAction":[{"@type":"SearchAction","target":{"@type":"EntryPoint","urlTemplate":"https:\/\/dynamictravel.com.br\/blog\/?s={search_term_string}"},"query-input":{"@type":"PropertyValueSpecification","valueRequired":true,"valueName":"search_term_string"}}],"inLanguage":"pt-BR"},{"@type":"Organization","@id":"https:\/\/dynamictravel.com.br\/blog\/#organization","name":"Blog Dynamic Travel","url":"https:\/\/dynamictravel.com.br\/blog\/","logo":{"@type":"ImageObject","inLanguage":"pt-BR","@id":"https:\/\/dynamictravel.com.br\/blog\/#\/schema\/logo\/image\/","url":"https:\/\/dynamictravel.com.br\/blog\/wp-content\/uploads\/2024\/10\/logo-dynamic-travel.webp","contentUrl":"https:\/\/dynamictravel.com.br\/blog\/wp-content\/uploads\/2024\/10\/logo-dynamic-travel.webp","width":320,"height":111,"caption":"Blog Dynamic Travel"},"image":{"@id":"https:\/\/dynamictravel.com.br\/blog\/#\/schema\/logo\/image\/"}},{"@type":"Person","@id":"https:\/\/dynamictravel.com.br\/blog\/#\/schema\/person\/e7178e0a0ffb297c221bb32117d9745f","name":"Reda\u00e7\u00e3o Dynamic Travel","image":{"@type":"ImageObject","inLanguage":"pt-BR","@id":"https:\/\/dynamictravel.com.br\/blog\/#\/schema\/person\/image\/","url":"https:\/\/secure.gravatar.com\/avatar\/1eb4bf102438663c299bc91dd2b1095c?s=96&d=mm&r=g","contentUrl":"https:\/\/secure.gravatar.com\/avatar\/1eb4bf102438663c299bc91dd2b1095c?s=96&d=mm&r=g","caption":"Reda\u00e7\u00e3o Dynamic Travel"},"sameAs":["https:\/\/dynamictravel.com.br"],"url":"https:\/\/dynamictravel.com.br\/blog\/author\/redacao\/"}]}},"uagb_featured_image_src":{"full":["https:\/\/dynamictravel.com.br\/blog\/wp-content\/uploads\/2022\/04\/MicrosoftTeams-image-9.jpg",1024,682,false],"thumbnail":["https:\/\/dynamictravel.com.br\/blog\/wp-content\/uploads\/2022\/04\/MicrosoftTeams-image-9-150x150.jpg",150,150,true],"medium":["https:\/\/dynamictravel.com.br\/blog\/wp-content\/uploads\/2022\/04\/MicrosoftTeams-image-9-300x200.jpg",300,200,true],"medium_large":["https:\/\/dynamictravel.com.br\/blog\/wp-content\/uploads\/2022\/04\/MicrosoftTeams-image-9-768x512.jpg",768,512,true],"large":["https:\/\/dynamictravel.com.br\/blog\/wp-content\/uploads\/2022\/04\/MicrosoftTeams-image-9.jpg",1024,682,false],"1536x1536":["https:\/\/dynamictravel.com.br\/blog\/wp-content\/uploads\/2022\/04\/MicrosoftTeams-image-9.jpg",1024,682,false],"2048x2048":["https:\/\/dynamictravel.com.br\/blog\/wp-content\/uploads\/2022\/04\/MicrosoftTeams-image-9.jpg",1024,682,false],"trp-custom-language-flag":["https:\/\/dynamictravel.com.br\/blog\/wp-content\/uploads\/2022\/04\/MicrosoftTeams-image-9.jpg",18,12,false]},"uagb_author_info":{"display_name":"Reda\u00e7\u00e3o Dynamic Travel","author_link":"https:\/\/dynamictravel.com.br\/blog\/author\/redacao\/"},"uagb_comment_info":2,"uagb_excerpt":"Maio: Confira as principais atualiza\u00e7\u00f5es da Covid-19.","_links":{"self":[{"href":"https:\/\/dynamictravel.com.br\/blog\/wp-json\/wp\/v2\/posts\/420","targetHints":{"allow":["GET"]}}],"collection":[{"href":"https:\/\/dynamictravel.com.br\/blog\/wp-json\/wp\/v2\/posts"}],"about":[{"href":"https:\/\/dynamictravel.com.br\/blog\/wp-json\/wp\/v2\/types\/post"}],"author":[{"embeddable":true,"href":"https:\/\/dynamictravel.com.br\/blog\/wp-json\/wp\/v2\/users\/4"}],"replies":[{"embeddable":true,"href":"https:\/\/dynamictravel.com.br\/blog\/wp-json\/wp\/v2\/comments?post=420"}],"version-history":[{"count":12,"href":"https:\/\/dynamictravel.com.br\/blog\/wp-json\/wp\/v2\/posts\/420\/revisions"}],"predecessor-version":[{"id":5674,"href":"https:\/\/dynamictravel.com.br\/blog\/wp-json\/wp\/v2\/posts\/420\/revisions\/5674"}],"wp:featuredmedia":[{"embeddable":true,"href":"https:\/\/dynamictravel.com.br\/blog\/wp-json\/wp\/v2\/media\/372"}],"wp:attachment":[{"href":"https:\/\/dynamictravel.com.br\/blog\/wp-json\/wp\/v2\/media?parent=420"}],"wp:term":[{"taxonomy":"category","embeddable":true,"href":"https:\/\/dynamictravel.com.br\/blog\/wp-json\/wp\/v2\/categories?post=420"},{"taxonomy":"post_tag","embeddable":true,"href":"https:\/\/dynamictravel.com.br\/blog\/wp-json\/wp\/v2\/tags?post=420"}],"curies":[{"name":"wp","href":"https:\/\/api.w.org\/{rel}","templated":true}]}}