{"id":357,"date":"2022-04-12T15:32:34","date_gmt":"2022-04-12T18:32:34","guid":{"rendered":"https:\/\/dynamictravel.com.br\/blog\/?p=357"},"modified":"2025-10-01T10:23:52","modified_gmt":"2025-10-01T13:23:52","slug":"como-se-preparar-para-a-retomada-das-viagens-corporativas","status":"publish","type":"post","link":"https:\/\/dynamictravel.com.br\/blog\/como-se-preparar-para-a-retomada-das-viagens-corporativas\/","title":{"rendered":"Como se preparar para a retomada das viagens corporativas"},"content":{"rendered":"\n<p><a href=\"https:\/\/www.linkedin.com\/company\/15260704\" target=\"_blank\" rel=\"noopener\"><br><\/a><br><img loading=\"lazy\" decoding=\"async\" width=\"1024\" height=\"682\" src=\"http:\/\/dynamictravel.com.br\/blog\/wp-content\/uploads\/2022\/04\/imagem-blog-dicas.jpg\" alt=\"\"><br><a role=\"button\" href=\"https:\/\/dynamictravel.com.br\/blog\"><br><\/a><\/p>\n\n\n\n<p>Com o advento da pandemia de covid-19, o turismo corporativo foi fortemente afetado. Ap\u00f3s decretos de lockdown, diversas empresas adotaram o <a href=\"https:\/\/dynamictravel.com.br\/blog\/modelo-hibrido-de-trabalho\/\"><b>home office<\/b><\/a> e passaram a realizar suas reuni\u00f5es online. Al\u00e9m disso, o fechamento de fronteiras internacionais impossibilitou a entrada e a circula\u00e7\u00e3o nos pa\u00edses e, por consequ\u00eancia, in\u00fameros voos foram cancelados.&nbsp;<\/p>\n\n\n\n<p>Dados da Organiza\u00e7\u00e3o Mundial do Turismo (OMT) apontam que o turismo mundial apresentou uma queda de 70% nos oito primeiros meses de 2020 em rela\u00e7\u00e3o ao ano anterior. Estima-se que a queda correspondeu a uma perda de US$ 730 bilh\u00f5es ao setor do turismo. J\u00e1 uma pesquisa publicada no site The Hustle mostra que, devido \u00e0s quedas das viagens a neg\u00f3cio, as companhias a\u00e9reas perderam cerca de US$ 35 bilh\u00f5es no ano de 2020.<\/p>\n\n\n\n<p>Tais dados evidenciam o impacto causado pela pandemia no turismo. As <a href=\"https:\/\/dynamictravel.com.br\/blog\/gestao-de-viagens-conheca-os-tipos-de-viagens-corporativas-e-a-importancia-da-experiencia-do-cliente\/\"><b>viagens corporativas<\/b><\/a> foram extremamente afetadas, ainda mais pelo fato de as empresas utilizarem como recurso as reuni\u00f5es online. Em vista disso, configurou-se um cen\u00e1rio de incertezas, o qual p\u00f4s em xeque o futuro das viagens de neg\u00f3cios.<\/p>\n\n\n\n<h2 class=\"wp-block-heading\"><strong>Retorno do Segmento<\/strong><\/h2>\n\n\n\n<p>O desenvolvimento de vacinas e o avan\u00e7o do programa de vacina\u00e7\u00e3o possibilitaram a abertura econ\u00f4mica e a retomada das opera\u00e7\u00f5es de diversos setores. O segmento de viagens corporativas n\u00e3o foi diferente; este reagiu e apresentou um constante e gradativo crescimento na retomada \u00e0s atividades.&nbsp;<\/p>\n\n\n\n<p>Segundo a Associa\u00e7\u00e3o Brasileira de Ag\u00eancias de Viagens Corporativas (Abracorp), em 2021, o segmento obteve um aumento de 96% no faturamento em rela\u00e7\u00e3o ao ano anterior. Al\u00e9m disso, fechou o ano com um faturamento total de R$ 4,370 bilh\u00f5es, o equivalente a 40% do faturamento de 2019 (R$ 11,388 bilh\u00f5es).<\/p>\n\n\n\n<p>Com o progressivo avan\u00e7o da vacina\u00e7\u00e3o, as fronteiras reabriram e, consequentemente, impulsionaram o retorno das viagens corporativas. Embora a pandemia tenha apresentado novas formas de contato a dist\u00e2ncia, os n\u00fameros apresentados evidenciam que as viagens a neg\u00f3cio continuar\u00e3o sendo uma \u00f3tima alternativa para o mundo corporativo. O cen\u00e1rio pand\u00eamico implicou a an\u00e1lise da relev\u00e2ncia da viagem. Agora, uma reuni\u00e3o para resolver uma simples situa\u00e7\u00e3o pode ser feita atrav\u00e9s de uma chamada de v\u00eddeo, sem <a href=\"https:\/\/dynamictravel.com.br\/blog\/expense-management-tudo-o-que-voce-precisa-saber-para-uma-excelente-gestao-de-despesas-corporativas-para-sua-empresa\/\"><b>gerar custos de uma viagem<\/b><\/a>. Assim, a viabilidade da viagem depender\u00e1 da necessidade de um encontro presencial de determinada circunst\u00e2ncia.<\/p>\n\n\n\n<h3 class=\"wp-block-heading\"><strong>Dicas<\/strong><\/h3>\n\n\n\n<p>Pensando na atual retomada das viagens corporativas, separamos algumas dicas para que esse retorno seja mais pr\u00e1tico, agrad\u00e1vel e organizado para todas as empresas e seus viajantes.<\/p>\n\n\n\n<h3 class=\"wp-block-heading\"><strong>Retomar o ritmo<\/strong><\/h3>\n\n\n\n<p>Ap\u00f3s dois anos passando a maior parte do tempo em casa, \u00e9 normal que o corpo n\u00e3o esteja mais acostumado com o ritmo de uma viagem de neg\u00f3cios. \u00c9 compreens\u00edvel que inicialmente o corpo estranhe o clima agitado dos aeroportos e as noites nos hot\u00e9is. Logo, \u00e9 v\u00e1lido retomar a frequ\u00eancia das viagens gradualmente e tamb\u00e9m garantir uma boa alimenta\u00e7\u00e3o e boas noites de sono nos dias anteriores ao embarque, para que o corpo e a mente estejam descansados e preparados para a viagem.<\/p>\n\n\n\n<h3 class=\"wp-block-heading\"><strong>Programa\u00e7\u00e3o<\/strong><\/h3>\n\n\n\n<p>O com\u00e9rcio j\u00e1 est\u00e1 funcionando normalmente e muitas empresas j\u00e1 retomaram o trabalho presencial, o que impacta diretamente no aumento do fluxo de tr\u00e2nsito e tamb\u00e9m na busca por motoristas de aplicativo. Em vista disso, o viajante deve planejar uma sa\u00edda com anteced\u00eancia para evitar atrasos na chegada ao aeroporto ou rodovi\u00e1ria. Tamb\u00e9m \u00e9 v\u00e1lida a escolha de um voo que permita ao viajante ter uma margem consider\u00e1vel de tempo entre a chegada ao destino e o in\u00edcio do compromisso, evitando, assim, poss\u00edveis imprevistos.&nbsp;<\/p>\n\n\n\n<p>Vale lembrar que muitas companhias a\u00e9reas encerraram por tempo indeterminado o servi\u00e7o de bordo por conta da utiliza\u00e7\u00e3o obrigat\u00f3ria do uso de m\u00e1scaras nas aeronaves; deste modo, caso a viagem seja longa, \u00e9 relevante adicionar na programa\u00e7\u00e3o uma refei\u00e7\u00e3o anterior ao embarque.<\/p>\n\n\n\n<h3 class=\"wp-block-heading\"><strong>Novas regras<\/strong><\/h3>\n\n\n\n<p>Para evitar poss\u00edveis contratempos, \u00e9 importante que a empresa e o viajante estejam atentos \u00e0s exig\u00eancias impostas para cada estado ou pa\u00eds. No Brasil, alguns estados ainda solicitam a apresenta\u00e7\u00e3o do comprovante de vacina\u00e7\u00e3o para entrada em estabelecimentos fechados e a utiliza\u00e7\u00e3o de m\u00e1scara no transporte p\u00fablico.<\/p>\n\n\n\n<p>Para viagens internacionais, \u00e9 indicado que o viajante esteja atualizado quanto \u00e0s exig\u00eancias para embarque e desembarque no pa\u00eds de destino. Comprovante de vacina\u00e7\u00e3o, teste PCR negativo e declara\u00e7\u00e3o de sa\u00fade online s\u00e3o alguns dos requisitos para entrar em determinados pa\u00edses. Deste modo, estar ciente das condi\u00e7\u00f5es impostas pelo pa\u00eds de destino garante que a viagem corporativa ocorra com sucesso.&nbsp;<\/p>\n\n\n\n<p>\u00c9 not\u00f3rio que a pandemia do covid-19 impactou o setor do turismo corporativo e trouxe \u00e0 tona uma nova realidade com as reuni\u00f5es virtuais. As ag\u00eancias passaram por tempos de incertezas e tiveram que se adaptar a essas mudan\u00e7as. Entretanto, mesmo com esse novo cen\u00e1rio, o segmento de viagens corporativas mostrou-se forte o bastante para crescer novamente, \u00e0 medida que o programa de vacina\u00e7\u00e3o progredia.&nbsp;<\/p>\n\n\n\n<p>Pensando nesse retorno, \u00e9 imprescind\u00edvel que as empresas realizem uma boa <a href=\"https:\/\/dynamictravel.com.br\/blog\/gestao-de-viagens-capacidades-e-habilidades-infaliveis-do-gestor-de-viagens\/\"><b>gest\u00e3o de viagem<\/b><\/a>, considerando as principais mudan\u00e7as e novas regras, a fim de que a viagem corporativa alcance o seu principal objetivo. Nesse quesito, as ag\u00eancias de viagens corporativas apresentam um grande diferencial, pois est\u00e3o atentas \u00e0s principais mudan\u00e7as do mercado e encontram as melhores solu\u00e7\u00f5es com base nas medidas preventivas.<\/p>\n\n\n\n<p>A Dynamic Travel mostra-se como uma ag\u00eancia flex\u00edvel e adapt\u00e1vel a qualquer mudan\u00e7a ambiental. Com um portif\u00f3lio de solu\u00e7\u00f5es inovadoras e exequ\u00edveis, a ag\u00eancia oferece servi\u00e7os para todo tipo de demanda e situa\u00e7\u00e3o. Como dito anteriormente, o recome\u00e7o das viagens corporativas implica novas medidas para uma boa readapta\u00e7\u00e3o. Assim, nossa ag\u00eancia est\u00e1 pronta para auxiliar voc\u00ea nessa retomada e garantir o sucesso da sua viagem. Voe com a Dynamic Travel!<\/p>\n\n\n\n<p>Flex\u00edveis e din\u00e2micos, a Dynamic Travel presta assessoria em viagens corporativas para empresas com foco em redu\u00e7\u00e3o de custo e experi\u00eancia do viajante a mais de 16 anos.<\/p>\n","protected":false},"excerpt":{"rendered":"<p>Confira dicas para retomar as viagens da sua empresa.<\/p>\n","protected":false},"author":4,"featured_media":358,"comment_status":"open","ping_status":"open","sticky":false,"template":"","format":"standard","meta":{"_uag_custom_page_level_css":"","site-sidebar-layout":"default","site-content-layout":"","ast-site-content-layout":"","site-content-style":"default","site-sidebar-style":"default","ast-global-header-display":"","ast-banner-title-visibility":"","ast-main-header-display":"","ast-hfb-above-header-display":"","ast-hfb-below-header-display":"","ast-hfb-mobile-header-display":"","site-post-title":"","ast-breadcrumbs-content":"","ast-featured-img":"","footer-sml-layout":"","theme-transparent-header-meta":"","adv-header-id-meta":"","stick-header-meta":"","header-above-stick-meta":"","header-main-stick-meta":"","header-below-stick-meta":"","astra-migrate-meta-layouts":"default","ast-page-background-enabled":"default","ast-page-background-meta":{"desktop":{"background-color":"var(--ast-global-color-4)","background-image":"","background-repeat":"repeat","background-position":"center center","background-size":"auto","background-attachment":"scroll","background-type":"","background-media":"","overlay-type":"","overlay-color":"","overlay-opacity":"","overlay-gradient":""},"tablet":{"background-color":"","background-image":"","background-repeat":"repeat","background-position":"center center","background-size":"auto","background-attachment":"scroll","background-type":"","background-media":"","overlay-type":"","overlay-color":"","overlay-opacity":"","overlay-gradient":""},"mobile":{"background-color":"","background-image":"","background-repeat":"repeat","background-position":"center center","background-size":"auto","background-attachment":"scroll","background-type":"","background-media":"","overlay-type":"","overlay-color":"","overlay-opacity":"","overlay-gradient":""}},"ast-content-background-meta":{"desktop":{"background-color":"var(--ast-global-color-5)","background-image":"","background-repeat":"repeat","background-position":"center center","background-size":"auto","background-attachment":"scroll","background-type":"","background-media":"","overlay-type":"","overlay-color":"","overlay-opacity":"","overlay-gradient":""},"tablet":{"background-color":"var(--ast-global-color-5)","background-image":"","background-repeat":"repeat","background-position":"center center","background-size":"auto","background-attachment":"scroll","background-type":"","background-media":"","overlay-type":"","overlay-color":"","overlay-opacity":"","overlay-gradient":""},"mobile":{"background-color":"var(--ast-global-color-5)","background-image":"","background-repeat":"repeat","background-position":"center center","background-size":"auto","background-attachment":"scroll","background-type":"","background-media":"","overlay-type":"","overlay-color":"","overlay-opacity":"","overlay-gradient":""}},"footnotes":""},"categories":[5,236],"tags":[31,41,42,29,20,22,14,32],"class_list":["post-357","post","type-post","status-publish","format-standard","has-post-thumbnail","hentry","category-educacional","category-gestao-de-viagens","tag-agenciadeviagenscorporativas","tag-dicas","tag-dicasdeturismo","tag-dynamictravel","tag-gestaodeviagens","tag-turismocorporativo","tag-viagenscorporativas","tag-viagensparaempresas"],"yoast_head":"<!-- This site is optimized with the Yoast SEO plugin v24.4 - https:\/\/yoast.com\/wordpress\/plugins\/seo\/ -->\n<title>Como se preparar para a retomada das viagens corporativas - Blog Dynamic Travel<\/title>\n<meta name=\"description\" content=\"Com a atual retomada do turismo corporativo, confira as dicas para um retorno mais pr\u00e1tico, seguro e organizado da sua viagem de neg\u00f3cios.\" \/>\n<meta name=\"robots\" content=\"index, follow, max-snippet:-1, max-image-preview:large, max-video-preview:-1\" \/>\n<link rel=\"canonical\" href=\"https:\/\/dynamictravel.com.br\/blog\/como-se-preparar-para-a-retomada-das-viagens-corporativas\/\" \/>\n<meta property=\"og:locale\" content=\"pt_BR\" \/>\n<meta property=\"og:type\" content=\"article\" \/>\n<meta property=\"og:title\" content=\"Como se preparar para a retomada das viagens corporativas - Blog Dynamic Travel\" \/>\n<meta property=\"og:description\" content=\"Com a atual retomada do turismo corporativo, confira as dicas para um retorno mais pr\u00e1tico, seguro e organizado da sua viagem de neg\u00f3cios.\" \/>\n<meta property=\"og:url\" content=\"https:\/\/dynamictravel.com.br\/blog\/como-se-preparar-para-a-retomada-das-viagens-corporativas\/\" \/>\n<meta property=\"og:site_name\" content=\"Blog Dynamic Travel\" \/>\n<meta property=\"article:published_time\" content=\"2022-04-12T18:32:34+00:00\" \/>\n<meta property=\"article:modified_time\" content=\"2025-10-01T13:23:52+00:00\" \/>\n<meta property=\"og:image\" content=\"https:\/\/dynamictravel.com.br\/blog\/wp-content\/uploads\/2022\/04\/imagem-blog-dicas.jpg\" \/>\n\t<meta property=\"og:image:width\" content=\"1024\" \/>\n\t<meta property=\"og:image:height\" content=\"682\" \/>\n\t<meta property=\"og:image:type\" content=\"image\/jpeg\" \/>\n<meta name=\"author\" content=\"Reda\u00e7\u00e3o Dynamic Travel\" \/>\n<meta name=\"twitter:card\" content=\"summary_large_image\" \/>\n<meta name=\"twitter:label1\" content=\"Escrito por\" \/>\n\t<meta name=\"twitter:data1\" content=\"Reda\u00e7\u00e3o Dynamic Travel\" \/>\n\t<meta name=\"twitter:label2\" content=\"Est. tempo de leitura\" \/>\n\t<meta name=\"twitter:data2\" content=\"6 minutos\" \/>\n<script type=\"application\/ld+json\" class=\"yoast-schema-graph\">{\"@context\":\"https:\/\/schema.org\",\"@graph\":[{\"@type\":\"Article\",\"@id\":\"https:\/\/dynamictravel.com.br\/blog\/como-se-preparar-para-a-retomada-das-viagens-corporativas\/#article\",\"isPartOf\":{\"@id\":\"https:\/\/dynamictravel.com.br\/blog\/como-se-preparar-para-a-retomada-das-viagens-corporativas\/\"},\"author\":{\"name\":\"Reda\u00e7\u00e3o Dynamic Travel\",\"@id\":\"https:\/\/dynamictravel.com.br\/blog\/#\/schema\/person\/e7178e0a0ffb297c221bb32117d9745f\"},\"headline\":\"Como se preparar para a retomada das viagens corporativas\",\"datePublished\":\"2022-04-12T18:32:34+00:00\",\"dateModified\":\"2025-10-01T13:23:52+00:00\",\"mainEntityOfPage\":{\"@id\":\"https:\/\/dynamictravel.com.br\/blog\/como-se-preparar-para-a-retomada-das-viagens-corporativas\/\"},\"wordCount\":1052,\"commentCount\":0,\"publisher\":{\"@id\":\"https:\/\/dynamictravel.com.br\/blog\/#organization\"},\"image\":{\"@id\":\"https:\/\/dynamictravel.com.br\/blog\/como-se-preparar-para-a-retomada-das-viagens-corporativas\/#primaryimage\"},\"thumbnailUrl\":\"https:\/\/dynamictravel.com.br\/blog\/wp-content\/uploads\/2022\/04\/imagem-blog-dicas.jpg\",\"keywords\":[\"agenciadeviagenscorporativas\",\"dicas\",\"dicasdeturismo\",\"dynamictravel\",\"gestaodeviagens\",\"turismocorporativo\",\"viagenscorporativas\",\"viagensparaempresas\"],\"articleSection\":[\"Educacional\",\"Gest\u00e3o de Viagens\"],\"inLanguage\":\"pt-BR\",\"potentialAction\":[{\"@type\":\"CommentAction\",\"name\":\"Comment\",\"target\":[\"https:\/\/dynamictravel.com.br\/blog\/como-se-preparar-para-a-retomada-das-viagens-corporativas\/#respond\"]}]},{\"@type\":\"WebPage\",\"@id\":\"https:\/\/dynamictravel.com.br\/blog\/como-se-preparar-para-a-retomada-das-viagens-corporativas\/\",\"url\":\"https:\/\/dynamictravel.com.br\/blog\/como-se-preparar-para-a-retomada-das-viagens-corporativas\/\",\"name\":\"Como se preparar para a retomada das viagens corporativas - Blog Dynamic Travel\",\"isPartOf\":{\"@id\":\"https:\/\/dynamictravel.com.br\/blog\/#website\"},\"primaryImageOfPage\":{\"@id\":\"https:\/\/dynamictravel.com.br\/blog\/como-se-preparar-para-a-retomada-das-viagens-corporativas\/#primaryimage\"},\"image\":{\"@id\":\"https:\/\/dynamictravel.com.br\/blog\/como-se-preparar-para-a-retomada-das-viagens-corporativas\/#primaryimage\"},\"thumbnailUrl\":\"https:\/\/dynamictravel.com.br\/blog\/wp-content\/uploads\/2022\/04\/imagem-blog-dicas.jpg\",\"datePublished\":\"2022-04-12T18:32:34+00:00\",\"dateModified\":\"2025-10-01T13:23:52+00:00\",\"description\":\"Com a atual retomada do turismo corporativo, confira as dicas para um retorno mais pr\u00e1tico, seguro e organizado da sua viagem de neg\u00f3cios.\",\"breadcrumb\":{\"@id\":\"https:\/\/dynamictravel.com.br\/blog\/como-se-preparar-para-a-retomada-das-viagens-corporativas\/#breadcrumb\"},\"inLanguage\":\"pt-BR\",\"potentialAction\":[{\"@type\":\"ReadAction\",\"target\":[\"https:\/\/dynamictravel.com.br\/blog\/como-se-preparar-para-a-retomada-das-viagens-corporativas\/\"]}]},{\"@type\":\"ImageObject\",\"inLanguage\":\"pt-BR\",\"@id\":\"https:\/\/dynamictravel.com.br\/blog\/como-se-preparar-para-a-retomada-das-viagens-corporativas\/#primaryimage\",\"url\":\"https:\/\/dynamictravel.com.br\/blog\/wp-content\/uploads\/2022\/04\/imagem-blog-dicas.jpg\",\"contentUrl\":\"https:\/\/dynamictravel.com.br\/blog\/wp-content\/uploads\/2022\/04\/imagem-blog-dicas.jpg\",\"width\":1024,\"height\":682,\"caption\":\"Business woman in terminal with travel bag\"},{\"@type\":\"BreadcrumbList\",\"@id\":\"https:\/\/dynamictravel.com.br\/blog\/como-se-preparar-para-a-retomada-das-viagens-corporativas\/#breadcrumb\",\"itemListElement\":[{\"@type\":\"ListItem\",\"position\":1,\"name\":\"In\u00edcio\",\"item\":\"https:\/\/dynamictravel.com.br\/blog\/\"},{\"@type\":\"ListItem\",\"position\":2,\"name\":\"Como se preparar para a retomada das viagens corporativas\"}]},{\"@type\":\"WebSite\",\"@id\":\"https:\/\/dynamictravel.com.br\/blog\/#website\",\"url\":\"https:\/\/dynamictravel.com.br\/blog\/\",\"name\":\"Blog Dynamic Travel\",\"description\":\"Ag\u00eancia de Viagens Corporativas\",\"publisher\":{\"@id\":\"https:\/\/dynamictravel.com.br\/blog\/#organization\"},\"potentialAction\":[{\"@type\":\"SearchAction\",\"target\":{\"@type\":\"EntryPoint\",\"urlTemplate\":\"https:\/\/dynamictravel.com.br\/blog\/?s={search_term_string}\"},\"query-input\":{\"@type\":\"PropertyValueSpecification\",\"valueRequired\":true,\"valueName\":\"search_term_string\"}}],\"inLanguage\":\"pt-BR\"},{\"@type\":\"Organization\",\"@id\":\"https:\/\/dynamictravel.com.br\/blog\/#organization\",\"name\":\"Blog Dynamic Travel\",\"url\":\"https:\/\/dynamictravel.com.br\/blog\/\",\"logo\":{\"@type\":\"ImageObject\",\"inLanguage\":\"pt-BR\",\"@id\":\"https:\/\/dynamictravel.com.br\/blog\/#\/schema\/logo\/image\/\",\"url\":\"https:\/\/dynamictravel.com.br\/blog\/wp-content\/uploads\/2024\/10\/logo-dynamic-travel.webp\",\"contentUrl\":\"https:\/\/dynamictravel.com.br\/blog\/wp-content\/uploads\/2024\/10\/logo-dynamic-travel.webp\",\"width\":320,\"height\":111,\"caption\":\"Blog Dynamic Travel\"},\"image\":{\"@id\":\"https:\/\/dynamictravel.com.br\/blog\/#\/schema\/logo\/image\/\"}},{\"@type\":\"Person\",\"@id\":\"https:\/\/dynamictravel.com.br\/blog\/#\/schema\/person\/e7178e0a0ffb297c221bb32117d9745f\",\"name\":\"Reda\u00e7\u00e3o Dynamic Travel\",\"image\":{\"@type\":\"ImageObject\",\"inLanguage\":\"pt-BR\",\"@id\":\"https:\/\/dynamictravel.com.br\/blog\/#\/schema\/person\/image\/\",\"url\":\"https:\/\/secure.gravatar.com\/avatar\/1eb4bf102438663c299bc91dd2b1095c?s=96&d=mm&r=g\",\"contentUrl\":\"https:\/\/secure.gravatar.com\/avatar\/1eb4bf102438663c299bc91dd2b1095c?s=96&d=mm&r=g\",\"caption\":\"Reda\u00e7\u00e3o Dynamic Travel\"},\"sameAs\":[\"https:\/\/dynamictravel.com.br\"],\"url\":\"https:\/\/dynamictravel.com.br\/blog\/author\/redacao\/\"}]}<\/script>\n<!-- \/ Yoast SEO plugin. -->","yoast_head_json":{"title":"Como se preparar para a retomada das viagens corporativas - Blog Dynamic Travel","description":"Com a atual retomada do turismo corporativo, confira as dicas para um retorno mais pr\u00e1tico, seguro e organizado da sua viagem de neg\u00f3cios.","robots":{"index":"index","follow":"follow","max-snippet":"max-snippet:-1","max-image-preview":"max-image-preview:large","max-video-preview":"max-video-preview:-1"},"canonical":"https:\/\/dynamictravel.com.br\/blog\/como-se-preparar-para-a-retomada-das-viagens-corporativas\/","og_locale":"pt_BR","og_type":"article","og_title":"Como se preparar para a retomada das viagens corporativas - Blog Dynamic Travel","og_description":"Com a atual retomada do turismo corporativo, confira as dicas para um retorno mais pr\u00e1tico, seguro e organizado da sua viagem de neg\u00f3cios.","og_url":"https:\/\/dynamictravel.com.br\/blog\/como-se-preparar-para-a-retomada-das-viagens-corporativas\/","og_site_name":"Blog Dynamic Travel","article_published_time":"2022-04-12T18:32:34+00:00","article_modified_time":"2025-10-01T13:23:52+00:00","og_image":[{"width":1024,"height":682,"url":"https:\/\/dynamictravel.com.br\/blog\/wp-content\/uploads\/2022\/04\/imagem-blog-dicas.jpg","type":"image\/jpeg"}],"author":"Reda\u00e7\u00e3o Dynamic Travel","twitter_card":"summary_large_image","twitter_misc":{"Escrito por":"Reda\u00e7\u00e3o Dynamic Travel","Est. tempo de leitura":"6 minutos"},"schema":{"@context":"https:\/\/schema.org","@graph":[{"@type":"Article","@id":"https:\/\/dynamictravel.com.br\/blog\/como-se-preparar-para-a-retomada-das-viagens-corporativas\/#article","isPartOf":{"@id":"https:\/\/dynamictravel.com.br\/blog\/como-se-preparar-para-a-retomada-das-viagens-corporativas\/"},"author":{"name":"Reda\u00e7\u00e3o Dynamic Travel","@id":"https:\/\/dynamictravel.com.br\/blog\/#\/schema\/person\/e7178e0a0ffb297c221bb32117d9745f"},"headline":"Como se preparar para a retomada das viagens corporativas","datePublished":"2022-04-12T18:32:34+00:00","dateModified":"2025-10-01T13:23:52+00:00","mainEntityOfPage":{"@id":"https:\/\/dynamictravel.com.br\/blog\/como-se-preparar-para-a-retomada-das-viagens-corporativas\/"},"wordCount":1052,"commentCount":0,"publisher":{"@id":"https:\/\/dynamictravel.com.br\/blog\/#organization"},"image":{"@id":"https:\/\/dynamictravel.com.br\/blog\/como-se-preparar-para-a-retomada-das-viagens-corporativas\/#primaryimage"},"thumbnailUrl":"https:\/\/dynamictravel.com.br\/blog\/wp-content\/uploads\/2022\/04\/imagem-blog-dicas.jpg","keywords":["agenciadeviagenscorporativas","dicas","dicasdeturismo","dynamictravel","gestaodeviagens","turismocorporativo","viagenscorporativas","viagensparaempresas"],"articleSection":["Educacional","Gest\u00e3o de Viagens"],"inLanguage":"pt-BR","potentialAction":[{"@type":"CommentAction","name":"Comment","target":["https:\/\/dynamictravel.com.br\/blog\/como-se-preparar-para-a-retomada-das-viagens-corporativas\/#respond"]}]},{"@type":"WebPage","@id":"https:\/\/dynamictravel.com.br\/blog\/como-se-preparar-para-a-retomada-das-viagens-corporativas\/","url":"https:\/\/dynamictravel.com.br\/blog\/como-se-preparar-para-a-retomada-das-viagens-corporativas\/","name":"Como se preparar para a retomada das viagens corporativas - Blog Dynamic Travel","isPartOf":{"@id":"https:\/\/dynamictravel.com.br\/blog\/#website"},"primaryImageOfPage":{"@id":"https:\/\/dynamictravel.com.br\/blog\/como-se-preparar-para-a-retomada-das-viagens-corporativas\/#primaryimage"},"image":{"@id":"https:\/\/dynamictravel.com.br\/blog\/como-se-preparar-para-a-retomada-das-viagens-corporativas\/#primaryimage"},"thumbnailUrl":"https:\/\/dynamictravel.com.br\/blog\/wp-content\/uploads\/2022\/04\/imagem-blog-dicas.jpg","datePublished":"2022-04-12T18:32:34+00:00","dateModified":"2025-10-01T13:23:52+00:00","description":"Com a atual retomada do turismo corporativo, confira as dicas para um retorno mais pr\u00e1tico, seguro e organizado da sua viagem de neg\u00f3cios.","breadcrumb":{"@id":"https:\/\/dynamictravel.com.br\/blog\/como-se-preparar-para-a-retomada-das-viagens-corporativas\/#breadcrumb"},"inLanguage":"pt-BR","potentialAction":[{"@type":"ReadAction","target":["https:\/\/dynamictravel.com.br\/blog\/como-se-preparar-para-a-retomada-das-viagens-corporativas\/"]}]},{"@type":"ImageObject","inLanguage":"pt-BR","@id":"https:\/\/dynamictravel.com.br\/blog\/como-se-preparar-para-a-retomada-das-viagens-corporativas\/#primaryimage","url":"https:\/\/dynamictravel.com.br\/blog\/wp-content\/uploads\/2022\/04\/imagem-blog-dicas.jpg","contentUrl":"https:\/\/dynamictravel.com.br\/blog\/wp-content\/uploads\/2022\/04\/imagem-blog-dicas.jpg","width":1024,"height":682,"caption":"Business woman in terminal with travel bag"},{"@type":"BreadcrumbList","@id":"https:\/\/dynamictravel.com.br\/blog\/como-se-preparar-para-a-retomada-das-viagens-corporativas\/#breadcrumb","itemListElement":[{"@type":"ListItem","position":1,"name":"In\u00edcio","item":"https:\/\/dynamictravel.com.br\/blog\/"},{"@type":"ListItem","position":2,"name":"Como se preparar para a retomada das viagens corporativas"}]},{"@type":"WebSite","@id":"https:\/\/dynamictravel.com.br\/blog\/#website","url":"https:\/\/dynamictravel.com.br\/blog\/","name":"Blog Dynamic Travel","description":"Ag\u00eancia de Viagens Corporativas","publisher":{"@id":"https:\/\/dynamictravel.com.br\/blog\/#organization"},"potentialAction":[{"@type":"SearchAction","target":{"@type":"EntryPoint","urlTemplate":"https:\/\/dynamictravel.com.br\/blog\/?s={search_term_string}"},"query-input":{"@type":"PropertyValueSpecification","valueRequired":true,"valueName":"search_term_string"}}],"inLanguage":"pt-BR"},{"@type":"Organization","@id":"https:\/\/dynamictravel.com.br\/blog\/#organization","name":"Blog Dynamic Travel","url":"https:\/\/dynamictravel.com.br\/blog\/","logo":{"@type":"ImageObject","inLanguage":"pt-BR","@id":"https:\/\/dynamictravel.com.br\/blog\/#\/schema\/logo\/image\/","url":"https:\/\/dynamictravel.com.br\/blog\/wp-content\/uploads\/2024\/10\/logo-dynamic-travel.webp","contentUrl":"https:\/\/dynamictravel.com.br\/blog\/wp-content\/uploads\/2024\/10\/logo-dynamic-travel.webp","width":320,"height":111,"caption":"Blog Dynamic Travel"},"image":{"@id":"https:\/\/dynamictravel.com.br\/blog\/#\/schema\/logo\/image\/"}},{"@type":"Person","@id":"https:\/\/dynamictravel.com.br\/blog\/#\/schema\/person\/e7178e0a0ffb297c221bb32117d9745f","name":"Reda\u00e7\u00e3o Dynamic Travel","image":{"@type":"ImageObject","inLanguage":"pt-BR","@id":"https:\/\/dynamictravel.com.br\/blog\/#\/schema\/person\/image\/","url":"https:\/\/secure.gravatar.com\/avatar\/1eb4bf102438663c299bc91dd2b1095c?s=96&d=mm&r=g","contentUrl":"https:\/\/secure.gravatar.com\/avatar\/1eb4bf102438663c299bc91dd2b1095c?s=96&d=mm&r=g","caption":"Reda\u00e7\u00e3o Dynamic Travel"},"sameAs":["https:\/\/dynamictravel.com.br"],"url":"https:\/\/dynamictravel.com.br\/blog\/author\/redacao\/"}]}},"uagb_featured_image_src":{"full":["https:\/\/dynamictravel.com.br\/blog\/wp-content\/uploads\/2022\/04\/imagem-blog-dicas.jpg",1024,682,false],"thumbnail":["https:\/\/dynamictravel.com.br\/blog\/wp-content\/uploads\/2022\/04\/imagem-blog-dicas-150x150.jpg",150,150,true],"medium":["https:\/\/dynamictravel.com.br\/blog\/wp-content\/uploads\/2022\/04\/imagem-blog-dicas-300x200.jpg",300,200,true],"medium_large":["https:\/\/dynamictravel.com.br\/blog\/wp-content\/uploads\/2022\/04\/imagem-blog-dicas-768x512.jpg",768,512,true],"large":["https:\/\/dynamictravel.com.br\/blog\/wp-content\/uploads\/2022\/04\/imagem-blog-dicas.jpg",1024,682,false],"1536x1536":["https:\/\/dynamictravel.com.br\/blog\/wp-content\/uploads\/2022\/04\/imagem-blog-dicas.jpg",1024,682,false],"2048x2048":["https:\/\/dynamictravel.com.br\/blog\/wp-content\/uploads\/2022\/04\/imagem-blog-dicas.jpg",1024,682,false],"trp-custom-language-flag":["https:\/\/dynamictravel.com.br\/blog\/wp-content\/uploads\/2022\/04\/imagem-blog-dicas.jpg",18,12,false]},"uagb_author_info":{"display_name":"Reda\u00e7\u00e3o Dynamic Travel","author_link":"https:\/\/dynamictravel.com.br\/blog\/author\/redacao\/"},"uagb_comment_info":1,"uagb_excerpt":"Confira dicas para retomar as viagens da sua empresa.","_links":{"self":[{"href":"https:\/\/dynamictravel.com.br\/blog\/wp-json\/wp\/v2\/posts\/357","targetHints":{"allow":["GET"]}}],"collection":[{"href":"https:\/\/dynamictravel.com.br\/blog\/wp-json\/wp\/v2\/posts"}],"about":[{"href":"https:\/\/dynamictravel.com.br\/blog\/wp-json\/wp\/v2\/types\/post"}],"author":[{"embeddable":true,"href":"https:\/\/dynamictravel.com.br\/blog\/wp-json\/wp\/v2\/users\/4"}],"replies":[{"embeddable":true,"href":"https:\/\/dynamictravel.com.br\/blog\/wp-json\/wp\/v2\/comments?post=357"}],"version-history":[{"count":23,"href":"https:\/\/dynamictravel.com.br\/blog\/wp-json\/wp\/v2\/posts\/357\/revisions"}],"predecessor-version":[{"id":5684,"href":"https:\/\/dynamictravel.com.br\/blog\/wp-json\/wp\/v2\/posts\/357\/revisions\/5684"}],"wp:featuredmedia":[{"embeddable":true,"href":"https:\/\/dynamictravel.com.br\/blog\/wp-json\/wp\/v2\/media\/358"}],"wp:attachment":[{"href":"https:\/\/dynamictravel.com.br\/blog\/wp-json\/wp\/v2\/media?parent=357"}],"wp:term":[{"taxonomy":"category","embeddable":true,"href":"https:\/\/dynamictravel.com.br\/blog\/wp-json\/wp\/v2\/categories?post=357"},{"taxonomy":"post_tag","embeddable":true,"href":"https:\/\/dynamictravel.com.br\/blog\/wp-json\/wp\/v2\/tags?post=357"}],"curies":[{"name":"wp","href":"https:\/\/api.w.org\/{rel}","templated":true}]}}