{"id":344,"date":"2022-04-06T15:48:28","date_gmt":"2022-04-06T18:48:28","guid":{"rendered":"https:\/\/dynamictravel.com.br\/blog\/?p=344"},"modified":"2025-07-25T11:26:53","modified_gmt":"2025-07-25T14:26:53","slug":"dynamic-travel-marca-presenca-na-regiao-sul-do-pais","status":"publish","type":"post","link":"https:\/\/dynamictravel.com.br\/blog\/dynamic-travel-marca-presenca-na-regiao-sul-do-pais\/","title":{"rendered":"Dynamic Travel marca presen\u00e7a na Regi\u00e3o Sul do pa\u00eds"},"content":{"rendered":"\n<p><br><img loading=\"lazy\" decoding=\"async\" width=\"600\" height=\"400\" src=\"http:\/\/dynamictravel.com.br\/blog\/wp-content\/uploads\/2022\/04\/MicrosoftTeams-image-4.jpg\" alt=\"\"><br><\/p>\n\n\n\n<p>A Regi\u00e3o Sul \u00e9 uma das mais importantes do Estado brasileiro. Com cerca de 30 milh\u00f5es de habitantes, representa um pouco mais de 16% do produto interno bruto nacional e apresenta um dos mais elevados \u00edndices de desenvolvimento humano do pa\u00eds, segundo \u00faltimo censo do IBGE, de 2014.<\/p>\n\n\n\n<p>Ainda de acordo com o IBGE, a economia \u00e9 caracterizada por uma forte presen\u00e7a do setor de servi\u00e7os e industrial, representando, respectivamente, 62,76% e 29,03% do PIB regional. A atividade agropecu\u00e1ria, embora represente apenas 8,21% do PIB da Regi\u00e3o Sul, ainda \u00e9 muito expressiva, estando acima da m\u00e9dia brasileira (5,46%).&nbsp;<\/p>\n\n\n\n<p>Outra caracter\u00edstica importante \u00e9 a presen\u00e7a de parques tecnol\u00f3gicos e institui\u00e7\u00f5es de pesquisa e ensino, os quais ao longo dos anos receberam grandes investimentos, tanto governamentais e educacionais quanto da iniciativa privada, para o <a href=\"https:\/\/dynamictravel.com.br\/blog\/joinville-o-destino-que-oferece-qualidade-de-vida-e-oportunidade-de-negocios\/\">desenvolvimento da regi\u00e3o.<\/a><\/p>\n\n\n\n<p>Em suma, a Regi\u00e3o Sul \u00e9 um polo econ\u00f4mico muito importante para o pa\u00eds. Todos esses pontos levantados mostram o dinamismo que leva o sul do Brasil a ser uma regi\u00e3o atraente para neg\u00f3cios. Assim, atenta \u00e0s principais oportunidades, a Dynamic Travel come\u00e7ou sua expans\u00e3o regional focada na Regi\u00e3o Sul. Com mais de 16 anos de experi\u00eancia e um <a href=\"https:\/\/dynamictravel.com.br\/blog\/business-intelligence\/\">portf\u00f3lio robusto de solu\u00e7\u00f5es<\/a>, a ag\u00eancia pretende atender \u00e0s principais demandas das empresas locais, levando inova\u00e7\u00e3o e <a href=\"https:\/\/dynamictravel.com.br\/blog\/atendimento-humanizado-um-dos-caminhos-para-a-fidelizacao-de-clientes\/\">excel\u00eancia aos servi\u00e7os prestados.<\/a><\/p>\n\n\n\n<h2 class=\"wp-block-heading\"><strong>Unidade Porto Alegre<\/strong><\/h2>\n\n\n\n<p>Figurando entre os 10 maiores PIB do Brasil e o primeiro do estado do Rio Grande do Sul, Porto Alegre concentra cerca de 40% das atividades econ\u00f4micas do estado. Segundo o PNUD (Programa das Na\u00e7\u00f5es Unidas para o Desenvolvimento), a cidade ocupa o s\u00e9timo lugar na classifica\u00e7\u00e3o de maiores IDH do pa\u00eds e segue em constante crescimento desde 1991. A cidade est\u00e1 no ranking das dez cidades brasileiras que mais recebem eventos internacionais, segundo a International Congress and Convention Association (ICAA) 2018. Ao longo do ano, a capital ga\u00facha recebe diversos <b><a href=\"https:\/\/dynamictravel.com.br\/blog\/eventos-corporativos\/\">eventos corporativos<\/a><\/b> e cient\u00edficos, feiras, shows e congressos de diversas \u00e1reas.&nbsp;<\/p>\n\n\n\n<p>Em vista do grande desenvolvimento da cidade, nosso novo escrit\u00f3rio em Porto Alegre funcionar\u00e1 de forma estrat\u00e9gica, <a href=\"https:\/\/dynamictravel.com.br\/blog\/customer-experience-cx-7-dicas-simples-para-colocar-em-pratica-agora-mesmo\/\"><b>para estreitar nossos relacionamentos e melhor atender nossos clientes<\/b><\/a>, al\u00e9m de garantir presen\u00e7a f\u00edsica no Rio Grande do Sul.<\/p>\n\n\n\n<h2 class=\"wp-block-heading\"><strong>Abertura da nova filial em Joinville<\/strong><\/h2>\n\n\n\n<p>A cidade de Joinville, localizada em Santa Catarina, \u00e9 uma das mais importantes da Regi\u00e3o Sul, apresentando n\u00fameros arrojados em rela\u00e7\u00e3o \u00e0 sua economia. Detentor do maior PIB do estado, o munic\u00edpio apresentou um saldo positivo em rela\u00e7\u00e3o \u00e0 abertura e ao fechamento de empresas em 2021. Segundo o IBGE, o PIB per capita de Joinville foi maior que o de Santa Catarina e do Brasil.&nbsp;<\/p>\n\n\n\n<p>Al\u00e9m disso, de acordo com o Ranking Connected Smart Cities 2021, que mapeia as cidades com maiores potenciais de desenvolvimento, no eixo econ\u00f4mico a cidade ficou em terceiro lugar na classifica\u00e7\u00e3o nacional e em primeiro na classifica\u00e7\u00e3o regional. Joinville teve um aumento significativo no n\u00famero de empregos (12,6%), PIB per capita (11,24%), empresas de tecnologia (6,02%) e MEIs (22,97%). Em vista disso, a cidade mostra-se como uma regi\u00e3o valorosa para investimento e desenvolvimento de neg\u00f3cios, dando todo o suporte com sua infraestrutura e quest\u00f5es legais e econ\u00f4micas.<\/p>\n\n\n\n<p>Pensando nas \u00f3timas oportunidades de neg\u00f3cios, esta semana a ag\u00eancia deu um importante passo. Com o objetivo de desenvolver <a href=\"https:\/\/dynamictravel.com.br\/blog\/como-o-relacionamento-com-fornecedores-influencia-os-resultados-da-sua-empresa\/\">grandes e s\u00f3lidas parcerias<\/a>, a Dynamic Travel inaugurou sua nova filial em Joinville. A escolha da regi\u00e3o foi cuidadosamente estudada e levou em considera\u00e7\u00e3o o fato de Joinville ser o maior munic\u00edpio de Santa Catarina, al\u00e9m de ser um excelente hub para os demais munic\u00edpios da regi\u00e3o.<\/p>\n\n\n\n<p>A companhia acredita que suas solu\u00e7\u00f5es v\u00e3o ao encontro das principais car\u00eancias das empresas em termos de <b><a href=\"https:\/\/dynamictravel.com.br\/blog\/gestao-de-viagens-capacidades-e-habilidades-infaliveis-do-gestor-de-viagens\/\">gest\u00e3o de viagens<\/a><\/b> e chega com condi\u00e7\u00f5es t\u00e9cnicas e comerciais realmente muito atraentes.<\/p>\n\n\n\n<blockquote class=\"wp-block-quote is-layout-flow wp-block-quote-is-layout-flow\">\n<p>\u201cNosso principal objetivo \u00e9 aportar todo o nosso know-how, entendendo as necessidades e expectativas das empresas para que possamos customizar e oferecer um plano de gest\u00e3o eficiente, agregando valor atrav\u00e9s da excel\u00eancia em atendimento, excelentes condi\u00e7\u00f5es comerciais, al\u00e9m de garantir que estejam plenamente atualizadas com o que h\u00e1 de melhor e mais avan\u00e7ado em tecnologia, controles, economia e satisfa\u00e7\u00e3o.\u201d<\/p>\n\n\n\n<p class=\"has-text-align-right\"> -Demetrius Miguel, Diretor de Novos Neg\u00f3cios<\/p>\n<\/blockquote>\n\n\n\n<p>Flex\u00edveis e din\u00e2micos, a Dynamic Travel presta assessoria em viagens corporativas para empresas com foco em <a href=\"https:\/\/dynamictravel.com.br\/blog\/gestao-de-viagens-5-formas-de-economizar-e-reduzir-custos-em-viagens-corporativas\/\">redu\u00e7\u00e3o de custo<\/a> e experi\u00eancia do viajante a mais de 16 anos.<\/p>\n","protected":false},"excerpt":{"rendered":"<p>Confira a import\u00e2ncia da Regi\u00e3o Sul em nosso projeto de expans\u00e3o.<\/p>\n","protected":false},"author":4,"featured_media":346,"comment_status":"open","ping_status":"open","sticky":false,"template":"","format":"standard","meta":{"_uag_custom_page_level_css":"","site-sidebar-layout":"default","site-content-layout":"","ast-site-content-layout":"","site-content-style":"default","site-sidebar-style":"default","ast-global-header-display":"","ast-banner-title-visibility":"","ast-main-header-display":"","ast-hfb-above-header-display":"","ast-hfb-below-header-display":"","ast-hfb-mobile-header-display":"","site-post-title":"","ast-breadcrumbs-content":"","ast-featured-img":"","footer-sml-layout":"","theme-transparent-header-meta":"","adv-header-id-meta":"","stick-header-meta":"","header-above-stick-meta":"","header-main-stick-meta":"","header-below-stick-meta":"","astra-migrate-meta-layouts":"default","ast-page-background-enabled":"default","ast-page-background-meta":{"desktop":{"background-color":"var(--ast-global-color-4)","background-image":"","background-repeat":"repeat","background-position":"center center","background-size":"auto","background-attachment":"scroll","background-type":"","background-media":"","overlay-type":"","overlay-color":"","overlay-opacity":"","overlay-gradient":""},"tablet":{"background-color":"","background-image":"","background-repeat":"repeat","background-position":"center center","background-size":"auto","background-attachment":"scroll","background-type":"","background-media":"","overlay-type":"","overlay-color":"","overlay-opacity":"","overlay-gradient":""},"mobile":{"background-color":"","background-image":"","background-repeat":"repeat","background-position":"center center","background-size":"auto","background-attachment":"scroll","background-type":"","background-media":"","overlay-type":"","overlay-color":"","overlay-opacity":"","overlay-gradient":""}},"ast-content-background-meta":{"desktop":{"background-color":"var(--ast-global-color-5)","background-image":"","background-repeat":"repeat","background-position":"center center","background-size":"auto","background-attachment":"scroll","background-type":"","background-media":"","overlay-type":"","overlay-color":"","overlay-opacity":"","overlay-gradient":""},"tablet":{"background-color":"var(--ast-global-color-5)","background-image":"","background-repeat":"repeat","background-position":"center center","background-size":"auto","background-attachment":"scroll","background-type":"","background-media":"","overlay-type":"","overlay-color":"","overlay-opacity":"","overlay-gradient":""},"mobile":{"background-color":"var(--ast-global-color-5)","background-image":"","background-repeat":"repeat","background-position":"center center","background-size":"auto","background-attachment":"scroll","background-type":"","background-media":"","overlay-type":"","overlay-color":"","overlay-opacity":"","overlay-gradient":""}},"footnotes":""},"categories":[40,4],"tags":[31,29,20,37,36,35,38,22,14,32],"class_list":["post-344","post","type-post","status-publish","format-standard","has-post-thumbnail","hentry","category-artigo-de-diretoria","category-institucional","tag-agenciadeviagenscorporativas","tag-dynamictravel","tag-gestaodeviagens","tag-joinville","tag-portoalegre","tag-regiaosul","tag-sul","tag-turismocorporativo","tag-viagenscorporativas","tag-viagensparaempresas"],"yoast_head":"<!-- This site is optimized with the Yoast SEO plugin v24.4 - https:\/\/yoast.com\/wordpress\/plugins\/seo\/ -->\n<title>Dynamic Travel marca presen\u00e7a na Regi\u00e3o Sul do pa\u00eds - Blog Dynamic Travel<\/title>\n<meta name=\"description\" content=\"Cada vez mais atraente para os neg\u00f3cios, a regi\u00e3o Sul apresenta um desenvolvimento cont\u00ednuo e agora \u00e9 sede dos novos escrit\u00f3rios da Dynamic Travel.\" \/>\n<meta name=\"robots\" content=\"index, follow, max-snippet:-1, max-image-preview:large, max-video-preview:-1\" \/>\n<link rel=\"canonical\" href=\"https:\/\/dynamictravel.com.br\/blog\/dynamic-travel-marca-presenca-na-regiao-sul-do-pais\/\" \/>\n<meta property=\"og:locale\" content=\"pt_BR\" \/>\n<meta property=\"og:type\" content=\"article\" \/>\n<meta property=\"og:title\" content=\"Dynamic Travel marca presen\u00e7a na Regi\u00e3o Sul do pa\u00eds - Blog Dynamic Travel\" \/>\n<meta property=\"og:description\" content=\"Cada vez mais atraente para os neg\u00f3cios, a regi\u00e3o Sul apresenta um desenvolvimento cont\u00ednuo e agora \u00e9 sede dos novos escrit\u00f3rios da Dynamic Travel.\" \/>\n<meta property=\"og:url\" content=\"https:\/\/dynamictravel.com.br\/blog\/dynamic-travel-marca-presenca-na-regiao-sul-do-pais\/\" \/>\n<meta property=\"og:site_name\" content=\"Blog Dynamic Travel\" \/>\n<meta property=\"article:published_time\" content=\"2022-04-06T18:48:28+00:00\" \/>\n<meta property=\"article:modified_time\" content=\"2025-07-25T14:26:53+00:00\" \/>\n<meta property=\"og:image\" content=\"https:\/\/dynamictravel.com.br\/blog\/wp-content\/uploads\/2022\/04\/MicrosoftTeams-image-4.jpg\" \/>\n\t<meta property=\"og:image:width\" content=\"600\" \/>\n\t<meta property=\"og:image:height\" content=\"400\" \/>\n\t<meta property=\"og:image:type\" content=\"image\/jpeg\" \/>\n<meta name=\"author\" content=\"Reda\u00e7\u00e3o Dynamic Travel\" \/>\n<meta name=\"twitter:card\" content=\"summary_large_image\" \/>\n<meta name=\"twitter:label1\" content=\"Escrito por\" \/>\n\t<meta name=\"twitter:data1\" content=\"Reda\u00e7\u00e3o Dynamic Travel\" \/>\n\t<meta name=\"twitter:label2\" content=\"Est. tempo de leitura\" \/>\n\t<meta name=\"twitter:data2\" content=\"4 minutos\" \/>\n<script type=\"application\/ld+json\" class=\"yoast-schema-graph\">{\"@context\":\"https:\/\/schema.org\",\"@graph\":[{\"@type\":\"Article\",\"@id\":\"https:\/\/dynamictravel.com.br\/blog\/dynamic-travel-marca-presenca-na-regiao-sul-do-pais\/#article\",\"isPartOf\":{\"@id\":\"https:\/\/dynamictravel.com.br\/blog\/dynamic-travel-marca-presenca-na-regiao-sul-do-pais\/\"},\"author\":{\"name\":\"Reda\u00e7\u00e3o Dynamic Travel\",\"@id\":\"https:\/\/dynamictravel.com.br\/blog\/#\/schema\/person\/e7178e0a0ffb297c221bb32117d9745f\"},\"headline\":\"Dynamic Travel marca presen\u00e7a na Regi\u00e3o Sul do pa\u00eds\",\"datePublished\":\"2022-04-06T18:48:28+00:00\",\"dateModified\":\"2025-07-25T14:26:53+00:00\",\"mainEntityOfPage\":{\"@id\":\"https:\/\/dynamictravel.com.br\/blog\/dynamic-travel-marca-presenca-na-regiao-sul-do-pais\/\"},\"wordCount\":772,\"commentCount\":0,\"publisher\":{\"@id\":\"https:\/\/dynamictravel.com.br\/blog\/#organization\"},\"image\":{\"@id\":\"https:\/\/dynamictravel.com.br\/blog\/dynamic-travel-marca-presenca-na-regiao-sul-do-pais\/#primaryimage\"},\"thumbnailUrl\":\"https:\/\/dynamictravel.com.br\/blog\/wp-content\/uploads\/2022\/04\/MicrosoftTeams-image-4.jpg\",\"keywords\":[\"agenciadeviagenscorporativas\",\"dynamictravel\",\"gestaodeviagens\",\"joinville\",\"portoalegre\",\"regiaosul\",\"sul\",\"turismocorporativo\",\"viagenscorporativas\",\"viagensparaempresas\"],\"articleSection\":[\"Artigo de Diretoria\",\"Institucional\"],\"inLanguage\":\"pt-BR\",\"potentialAction\":[{\"@type\":\"CommentAction\",\"name\":\"Comment\",\"target\":[\"https:\/\/dynamictravel.com.br\/blog\/dynamic-travel-marca-presenca-na-regiao-sul-do-pais\/#respond\"]}]},{\"@type\":\"WebPage\",\"@id\":\"https:\/\/dynamictravel.com.br\/blog\/dynamic-travel-marca-presenca-na-regiao-sul-do-pais\/\",\"url\":\"https:\/\/dynamictravel.com.br\/blog\/dynamic-travel-marca-presenca-na-regiao-sul-do-pais\/\",\"name\":\"Dynamic Travel marca presen\u00e7a na Regi\u00e3o Sul do pa\u00eds - Blog Dynamic Travel\",\"isPartOf\":{\"@id\":\"https:\/\/dynamictravel.com.br\/blog\/#website\"},\"primaryImageOfPage\":{\"@id\":\"https:\/\/dynamictravel.com.br\/blog\/dynamic-travel-marca-presenca-na-regiao-sul-do-pais\/#primaryimage\"},\"image\":{\"@id\":\"https:\/\/dynamictravel.com.br\/blog\/dynamic-travel-marca-presenca-na-regiao-sul-do-pais\/#primaryimage\"},\"thumbnailUrl\":\"https:\/\/dynamictravel.com.br\/blog\/wp-content\/uploads\/2022\/04\/MicrosoftTeams-image-4.jpg\",\"datePublished\":\"2022-04-06T18:48:28+00:00\",\"dateModified\":\"2025-07-25T14:26:53+00:00\",\"description\":\"Cada vez mais atraente para os neg\u00f3cios, a regi\u00e3o Sul apresenta um desenvolvimento cont\u00ednuo e agora \u00e9 sede dos novos escrit\u00f3rios da Dynamic Travel.\",\"breadcrumb\":{\"@id\":\"https:\/\/dynamictravel.com.br\/blog\/dynamic-travel-marca-presenca-na-regiao-sul-do-pais\/#breadcrumb\"},\"inLanguage\":\"pt-BR\",\"potentialAction\":[{\"@type\":\"ReadAction\",\"target\":[\"https:\/\/dynamictravel.com.br\/blog\/dynamic-travel-marca-presenca-na-regiao-sul-do-pais\/\"]}]},{\"@type\":\"ImageObject\",\"inLanguage\":\"pt-BR\",\"@id\":\"https:\/\/dynamictravel.com.br\/blog\/dynamic-travel-marca-presenca-na-regiao-sul-do-pais\/#primaryimage\",\"url\":\"https:\/\/dynamictravel.com.br\/blog\/wp-content\/uploads\/2022\/04\/MicrosoftTeams-image-4.jpg\",\"contentUrl\":\"https:\/\/dynamictravel.com.br\/blog\/wp-content\/uploads\/2022\/04\/MicrosoftTeams-image-4.jpg\",\"width\":600,\"height\":400},{\"@type\":\"BreadcrumbList\",\"@id\":\"https:\/\/dynamictravel.com.br\/blog\/dynamic-travel-marca-presenca-na-regiao-sul-do-pais\/#breadcrumb\",\"itemListElement\":[{\"@type\":\"ListItem\",\"position\":1,\"name\":\"In\u00edcio\",\"item\":\"https:\/\/dynamictravel.com.br\/blog\/\"},{\"@type\":\"ListItem\",\"position\":2,\"name\":\"Dynamic Travel marca presen\u00e7a na Regi\u00e3o Sul do pa\u00eds\"}]},{\"@type\":\"WebSite\",\"@id\":\"https:\/\/dynamictravel.com.br\/blog\/#website\",\"url\":\"https:\/\/dynamictravel.com.br\/blog\/\",\"name\":\"Blog Dynamic Travel\",\"description\":\"Ag\u00eancia de Viagens Corporativas\",\"publisher\":{\"@id\":\"https:\/\/dynamictravel.com.br\/blog\/#organization\"},\"potentialAction\":[{\"@type\":\"SearchAction\",\"target\":{\"@type\":\"EntryPoint\",\"urlTemplate\":\"https:\/\/dynamictravel.com.br\/blog\/?s={search_term_string}\"},\"query-input\":{\"@type\":\"PropertyValueSpecification\",\"valueRequired\":true,\"valueName\":\"search_term_string\"}}],\"inLanguage\":\"pt-BR\"},{\"@type\":\"Organization\",\"@id\":\"https:\/\/dynamictravel.com.br\/blog\/#organization\",\"name\":\"Blog Dynamic Travel\",\"url\":\"https:\/\/dynamictravel.com.br\/blog\/\",\"logo\":{\"@type\":\"ImageObject\",\"inLanguage\":\"pt-BR\",\"@id\":\"https:\/\/dynamictravel.com.br\/blog\/#\/schema\/logo\/image\/\",\"url\":\"https:\/\/dynamictravel.com.br\/blog\/wp-content\/uploads\/2024\/10\/logo-dynamic-travel.webp\",\"contentUrl\":\"https:\/\/dynamictravel.com.br\/blog\/wp-content\/uploads\/2024\/10\/logo-dynamic-travel.webp\",\"width\":320,\"height\":111,\"caption\":\"Blog Dynamic Travel\"},\"image\":{\"@id\":\"https:\/\/dynamictravel.com.br\/blog\/#\/schema\/logo\/image\/\"}},{\"@type\":\"Person\",\"@id\":\"https:\/\/dynamictravel.com.br\/blog\/#\/schema\/person\/e7178e0a0ffb297c221bb32117d9745f\",\"name\":\"Reda\u00e7\u00e3o Dynamic Travel\",\"image\":{\"@type\":\"ImageObject\",\"inLanguage\":\"pt-BR\",\"@id\":\"https:\/\/dynamictravel.com.br\/blog\/#\/schema\/person\/image\/\",\"url\":\"https:\/\/secure.gravatar.com\/avatar\/1eb4bf102438663c299bc91dd2b1095c?s=96&d=mm&r=g\",\"contentUrl\":\"https:\/\/secure.gravatar.com\/avatar\/1eb4bf102438663c299bc91dd2b1095c?s=96&d=mm&r=g\",\"caption\":\"Reda\u00e7\u00e3o Dynamic Travel\"},\"sameAs\":[\"https:\/\/dynamictravel.com.br\"],\"url\":\"https:\/\/dynamictravel.com.br\/blog\/author\/redacao\/\"}]}<\/script>\n<!-- \/ Yoast SEO plugin. -->","yoast_head_json":{"title":"Dynamic Travel marca presen\u00e7a na Regi\u00e3o Sul do pa\u00eds - Blog Dynamic Travel","description":"Cada vez mais atraente para os neg\u00f3cios, a regi\u00e3o Sul apresenta um desenvolvimento cont\u00ednuo e agora \u00e9 sede dos novos escrit\u00f3rios da Dynamic Travel.","robots":{"index":"index","follow":"follow","max-snippet":"max-snippet:-1","max-image-preview":"max-image-preview:large","max-video-preview":"max-video-preview:-1"},"canonical":"https:\/\/dynamictravel.com.br\/blog\/dynamic-travel-marca-presenca-na-regiao-sul-do-pais\/","og_locale":"pt_BR","og_type":"article","og_title":"Dynamic Travel marca presen\u00e7a na Regi\u00e3o Sul do pa\u00eds - Blog Dynamic Travel","og_description":"Cada vez mais atraente para os neg\u00f3cios, a regi\u00e3o Sul apresenta um desenvolvimento cont\u00ednuo e agora \u00e9 sede dos novos escrit\u00f3rios da Dynamic Travel.","og_url":"https:\/\/dynamictravel.com.br\/blog\/dynamic-travel-marca-presenca-na-regiao-sul-do-pais\/","og_site_name":"Blog Dynamic Travel","article_published_time":"2022-04-06T18:48:28+00:00","article_modified_time":"2025-07-25T14:26:53+00:00","og_image":[{"width":600,"height":400,"url":"https:\/\/dynamictravel.com.br\/blog\/wp-content\/uploads\/2022\/04\/MicrosoftTeams-image-4.jpg","type":"image\/jpeg"}],"author":"Reda\u00e7\u00e3o Dynamic Travel","twitter_card":"summary_large_image","twitter_misc":{"Escrito por":"Reda\u00e7\u00e3o Dynamic Travel","Est. tempo de leitura":"4 minutos"},"schema":{"@context":"https:\/\/schema.org","@graph":[{"@type":"Article","@id":"https:\/\/dynamictravel.com.br\/blog\/dynamic-travel-marca-presenca-na-regiao-sul-do-pais\/#article","isPartOf":{"@id":"https:\/\/dynamictravel.com.br\/blog\/dynamic-travel-marca-presenca-na-regiao-sul-do-pais\/"},"author":{"name":"Reda\u00e7\u00e3o Dynamic Travel","@id":"https:\/\/dynamictravel.com.br\/blog\/#\/schema\/person\/e7178e0a0ffb297c221bb32117d9745f"},"headline":"Dynamic Travel marca presen\u00e7a na Regi\u00e3o Sul do pa\u00eds","datePublished":"2022-04-06T18:48:28+00:00","dateModified":"2025-07-25T14:26:53+00:00","mainEntityOfPage":{"@id":"https:\/\/dynamictravel.com.br\/blog\/dynamic-travel-marca-presenca-na-regiao-sul-do-pais\/"},"wordCount":772,"commentCount":0,"publisher":{"@id":"https:\/\/dynamictravel.com.br\/blog\/#organization"},"image":{"@id":"https:\/\/dynamictravel.com.br\/blog\/dynamic-travel-marca-presenca-na-regiao-sul-do-pais\/#primaryimage"},"thumbnailUrl":"https:\/\/dynamictravel.com.br\/blog\/wp-content\/uploads\/2022\/04\/MicrosoftTeams-image-4.jpg","keywords":["agenciadeviagenscorporativas","dynamictravel","gestaodeviagens","joinville","portoalegre","regiaosul","sul","turismocorporativo","viagenscorporativas","viagensparaempresas"],"articleSection":["Artigo de Diretoria","Institucional"],"inLanguage":"pt-BR","potentialAction":[{"@type":"CommentAction","name":"Comment","target":["https:\/\/dynamictravel.com.br\/blog\/dynamic-travel-marca-presenca-na-regiao-sul-do-pais\/#respond"]}]},{"@type":"WebPage","@id":"https:\/\/dynamictravel.com.br\/blog\/dynamic-travel-marca-presenca-na-regiao-sul-do-pais\/","url":"https:\/\/dynamictravel.com.br\/blog\/dynamic-travel-marca-presenca-na-regiao-sul-do-pais\/","name":"Dynamic Travel marca presen\u00e7a na Regi\u00e3o Sul do pa\u00eds - Blog Dynamic Travel","isPartOf":{"@id":"https:\/\/dynamictravel.com.br\/blog\/#website"},"primaryImageOfPage":{"@id":"https:\/\/dynamictravel.com.br\/blog\/dynamic-travel-marca-presenca-na-regiao-sul-do-pais\/#primaryimage"},"image":{"@id":"https:\/\/dynamictravel.com.br\/blog\/dynamic-travel-marca-presenca-na-regiao-sul-do-pais\/#primaryimage"},"thumbnailUrl":"https:\/\/dynamictravel.com.br\/blog\/wp-content\/uploads\/2022\/04\/MicrosoftTeams-image-4.jpg","datePublished":"2022-04-06T18:48:28+00:00","dateModified":"2025-07-25T14:26:53+00:00","description":"Cada vez mais atraente para os neg\u00f3cios, a regi\u00e3o Sul apresenta um desenvolvimento cont\u00ednuo e agora \u00e9 sede dos novos escrit\u00f3rios da Dynamic Travel.","breadcrumb":{"@id":"https:\/\/dynamictravel.com.br\/blog\/dynamic-travel-marca-presenca-na-regiao-sul-do-pais\/#breadcrumb"},"inLanguage":"pt-BR","potentialAction":[{"@type":"ReadAction","target":["https:\/\/dynamictravel.com.br\/blog\/dynamic-travel-marca-presenca-na-regiao-sul-do-pais\/"]}]},{"@type":"ImageObject","inLanguage":"pt-BR","@id":"https:\/\/dynamictravel.com.br\/blog\/dynamic-travel-marca-presenca-na-regiao-sul-do-pais\/#primaryimage","url":"https:\/\/dynamictravel.com.br\/blog\/wp-content\/uploads\/2022\/04\/MicrosoftTeams-image-4.jpg","contentUrl":"https:\/\/dynamictravel.com.br\/blog\/wp-content\/uploads\/2022\/04\/MicrosoftTeams-image-4.jpg","width":600,"height":400},{"@type":"BreadcrumbList","@id":"https:\/\/dynamictravel.com.br\/blog\/dynamic-travel-marca-presenca-na-regiao-sul-do-pais\/#breadcrumb","itemListElement":[{"@type":"ListItem","position":1,"name":"In\u00edcio","item":"https:\/\/dynamictravel.com.br\/blog\/"},{"@type":"ListItem","position":2,"name":"Dynamic Travel marca presen\u00e7a na Regi\u00e3o Sul do pa\u00eds"}]},{"@type":"WebSite","@id":"https:\/\/dynamictravel.com.br\/blog\/#website","url":"https:\/\/dynamictravel.com.br\/blog\/","name":"Blog Dynamic Travel","description":"Ag\u00eancia de Viagens Corporativas","publisher":{"@id":"https:\/\/dynamictravel.com.br\/blog\/#organization"},"potentialAction":[{"@type":"SearchAction","target":{"@type":"EntryPoint","urlTemplate":"https:\/\/dynamictravel.com.br\/blog\/?s={search_term_string}"},"query-input":{"@type":"PropertyValueSpecification","valueRequired":true,"valueName":"search_term_string"}}],"inLanguage":"pt-BR"},{"@type":"Organization","@id":"https:\/\/dynamictravel.com.br\/blog\/#organization","name":"Blog Dynamic Travel","url":"https:\/\/dynamictravel.com.br\/blog\/","logo":{"@type":"ImageObject","inLanguage":"pt-BR","@id":"https:\/\/dynamictravel.com.br\/blog\/#\/schema\/logo\/image\/","url":"https:\/\/dynamictravel.com.br\/blog\/wp-content\/uploads\/2024\/10\/logo-dynamic-travel.webp","contentUrl":"https:\/\/dynamictravel.com.br\/blog\/wp-content\/uploads\/2024\/10\/logo-dynamic-travel.webp","width":320,"height":111,"caption":"Blog Dynamic Travel"},"image":{"@id":"https:\/\/dynamictravel.com.br\/blog\/#\/schema\/logo\/image\/"}},{"@type":"Person","@id":"https:\/\/dynamictravel.com.br\/blog\/#\/schema\/person\/e7178e0a0ffb297c221bb32117d9745f","name":"Reda\u00e7\u00e3o Dynamic Travel","image":{"@type":"ImageObject","inLanguage":"pt-BR","@id":"https:\/\/dynamictravel.com.br\/blog\/#\/schema\/person\/image\/","url":"https:\/\/secure.gravatar.com\/avatar\/1eb4bf102438663c299bc91dd2b1095c?s=96&d=mm&r=g","contentUrl":"https:\/\/secure.gravatar.com\/avatar\/1eb4bf102438663c299bc91dd2b1095c?s=96&d=mm&r=g","caption":"Reda\u00e7\u00e3o Dynamic Travel"},"sameAs":["https:\/\/dynamictravel.com.br"],"url":"https:\/\/dynamictravel.com.br\/blog\/author\/redacao\/"}]}},"uagb_featured_image_src":{"full":["https:\/\/dynamictravel.com.br\/blog\/wp-content\/uploads\/2022\/04\/MicrosoftTeams-image-4.jpg",600,400,false],"thumbnail":["https:\/\/dynamictravel.com.br\/blog\/wp-content\/uploads\/2022\/04\/MicrosoftTeams-image-4-150x150.jpg",150,150,true],"medium":["https:\/\/dynamictravel.com.br\/blog\/wp-content\/uploads\/2022\/04\/MicrosoftTeams-image-4-300x200.jpg",300,200,true],"medium_large":["https:\/\/dynamictravel.com.br\/blog\/wp-content\/uploads\/2022\/04\/MicrosoftTeams-image-4.jpg",600,400,false],"large":["https:\/\/dynamictravel.com.br\/blog\/wp-content\/uploads\/2022\/04\/MicrosoftTeams-image-4.jpg",600,400,false],"1536x1536":["https:\/\/dynamictravel.com.br\/blog\/wp-content\/uploads\/2022\/04\/MicrosoftTeams-image-4.jpg",600,400,false],"2048x2048":["https:\/\/dynamictravel.com.br\/blog\/wp-content\/uploads\/2022\/04\/MicrosoftTeams-image-4.jpg",600,400,false],"trp-custom-language-flag":["https:\/\/dynamictravel.com.br\/blog\/wp-content\/uploads\/2022\/04\/MicrosoftTeams-image-4.jpg",18,12,false]},"uagb_author_info":{"display_name":"Reda\u00e7\u00e3o Dynamic Travel","author_link":"https:\/\/dynamictravel.com.br\/blog\/author\/redacao\/"},"uagb_comment_info":0,"uagb_excerpt":"Confira a import\u00e2ncia da Regi\u00e3o Sul em nosso projeto de expans\u00e3o.","_links":{"self":[{"href":"https:\/\/dynamictravel.com.br\/blog\/wp-json\/wp\/v2\/posts\/344","targetHints":{"allow":["GET"]}}],"collection":[{"href":"https:\/\/dynamictravel.com.br\/blog\/wp-json\/wp\/v2\/posts"}],"about":[{"href":"https:\/\/dynamictravel.com.br\/blog\/wp-json\/wp\/v2\/types\/post"}],"author":[{"embeddable":true,"href":"https:\/\/dynamictravel.com.br\/blog\/wp-json\/wp\/v2\/users\/4"}],"replies":[{"embeddable":true,"href":"https:\/\/dynamictravel.com.br\/blog\/wp-json\/wp\/v2\/comments?post=344"}],"version-history":[{"count":25,"href":"https:\/\/dynamictravel.com.br\/blog\/wp-json\/wp\/v2\/posts\/344\/revisions"}],"predecessor-version":[{"id":6204,"href":"https:\/\/dynamictravel.com.br\/blog\/wp-json\/wp\/v2\/posts\/344\/revisions\/6204"}],"wp:featuredmedia":[{"embeddable":true,"href":"https:\/\/dynamictravel.com.br\/blog\/wp-json\/wp\/v2\/media\/346"}],"wp:attachment":[{"href":"https:\/\/dynamictravel.com.br\/blog\/wp-json\/wp\/v2\/media?parent=344"}],"wp:term":[{"taxonomy":"category","embeddable":true,"href":"https:\/\/dynamictravel.com.br\/blog\/wp-json\/wp\/v2\/categories?post=344"},{"taxonomy":"post_tag","embeddable":true,"href":"https:\/\/dynamictravel.com.br\/blog\/wp-json\/wp\/v2\/tags?post=344"}],"curies":[{"name":"wp","href":"https:\/\/api.w.org\/{rel}","templated":true}]}}