{"id":2639,"date":"2023-11-23T14:15:39","date_gmt":"2023-11-23T17:15:39","guid":{"rendered":"https:\/\/dynamictravel.com.br\/blog\/?p=2639"},"modified":"2025-10-01T09:47:55","modified_gmt":"2025-10-01T12:47:55","slug":"5-dicas-e-solucoes-para-minimizar-problemas-com-bagagens-em-viagens-internacionais","status":"publish","type":"post","link":"https:\/\/dynamictravel.com.br\/blog\/5-dicas-e-solucoes-para-minimizar-problemas-com-bagagens-em-viagens-internacionais\/","title":{"rendered":"5 dicas e solu\u00e7\u00f5es para minimizar problemas com bagagens em viagens internacionais"},"content":{"rendered":"\n<p><a href=\"https:\/\/www.linkedin.com\/company\/15260704\" target=\"_blank\" rel=\"noopener\"><br><\/a><br><img loading=\"lazy\" decoding=\"async\" width=\"1024\" height=\"1024\" src=\"http:\/\/dynamictravel.com.br\/blog\/wp-content\/uploads\/2023\/11\/WhatsApp-Image-2023-11-22-at-3.33.32-PM-1024x1024.jpeg\" alt=\"\"><br><a role=\"button\" href=\"https:\/\/dynamictravel.com.br\/blog\"><br><\/a><\/p>\n\n\n\n<p>As viagens internacionais possibilitam o contato com diferentes culturas, idiomas, modos de vida, hist\u00f3rias, proporcionando momentos inesquec\u00edveis na vida de todo viajante. Portanto, as <a href=\"https:\/\/dynamictravel.com.br\/blog\/gestao-de-viagens-quais-sao-os-principais-destinos-internacionais-para-viagens-corporativas-e-como-se-preparar-para-eles\/\"><b>viagens internacionais<\/b><\/a> s\u00e3o extremamente importantes para gerar grandes oportunidades de neg\u00f3cios em todo o mundo.&nbsp;<\/p>\n\n\n\n<p>Nos \u00faltimos anos, o interesse por <a href=\"https:\/\/dynamictravel.com.br\/blog\/gestao-de-viagens-quais-sao-os-principais-destinos-internacionais-para-viagens-corporativas-e-como-se-preparar-para-eles\/\"><b>destinos internacionais<\/b><\/a> tem crescido exponencialmente, principalmente para os Estados Unidos, Portugal e Paraguai, refletido na expans\u00e3o do mercado de turismo no Brasil. Segundo o Minist\u00e9rio do Turismo, no ano passado, o setor registrou uma alta de 22% em rela\u00e7\u00e3o a 2021, atingindo US$ 7,7 trilh\u00f5es de contribui\u00e7\u00e3o para o PIB dos pa\u00edses.&nbsp;<\/p>\n\n\n\n<p>Assim, <a href=\"https:\/\/dynamictravel.com.br\/blog\/evitando-contratempos-saiba-quais-itens-nao-levar-em-suas-viagens-corporativas-nacionais-e-internacionais\/\"><b>\u00e9 fundamental estar atento aos cuidados com as bagagens para garantir uma experi\u00eancia tranquila<\/b><\/a>, evitando contratempos e garantindo uma jornada livre de preocupa\u00e7\u00f5es em viagens internacionais.&nbsp;<\/p>\n\n\n\n<p>Reunimos, neste artigo, dicas essenciais e solu\u00e7\u00f5es inteligentes para proteger suas bagagens e evitar situa\u00e7\u00f5es n\u00e3o planejadas.<\/p>\n\n\n\n<p><b>Confira 5 dicas para minimizar as chances de problemas relacionados \u00e0 bagagem durante sua jornada internacional&nbsp;<\/b><\/p>\n\n\n\n<ul class=\"wp-block-list\">\n<li>Certifique-se de etiquetar suas malas de forma clara, com fitas coloridas para f\u00e1cil identifica\u00e7\u00e3o e com informa\u00e7\u00f5es de contato atualizadas, facilitando a localiza\u00e7\u00e3o em caso de extravio;<\/li>\n\n\n\n<li>Utilize cadeados TSA, permitindo que as autoridades inspecionem sua bagagem sem danific\u00e1-la;<\/li>\n\n\n\n<li>Evite carregar objetos de valor na bagagem despachada e, se poss\u00edvel, leve-os na bagagem de m\u00e3o;<\/li>\n\n\n\n<li>Verifique sempre as restri\u00e7\u00f5es de peso e tamanho impostas pela companhia a\u00e9rea;<\/li>\n\n\n\n<li>Considere embalar itens fr\u00e1geis com cuidado.<\/li>\n<\/ul>\n\n\n\n<div class=\"wp-block-uagb-advanced-heading uagb-block-7091b086\"><h2 class=\"uagb-heading-text\"><strong>Solu\u00e7\u00f5es para quando a bagagem n\u00e3o chega ao destino planejado<\/strong><\/h2><\/div>\n\n\n\n<div class=\"wp-block-uagb-separator uagb-block-f7842953\"><div class=\"wp-block-uagb-separator__inner\" style=\"--my-background-image:\"><\/div><\/div>\n\n\n\n<p>Situa\u00e7\u00f5es como atraso de bagagem podem ocorrer em suas viagens. Para reduzir as dores de cabe\u00e7a, siga as sugest\u00f5es a seguir:<\/p>\n\n\n\n<ul class=\"wp-block-list\">\n<li>Dirija-se ao balc\u00e3o da companhia a\u00e9rea e relate o ocorrido, fornecendo dados precisos sobre sua bagagem e os voos em quest\u00e3o;<\/li>\n\n\n\n<li>Solicite o documento RIB (Registro de Irregularidade de Bagagem), essencial para que o problema fique registrado e para voc\u00ea conseguir acompanhar o rastreio;<\/li>\n\n\n\n<li>Caso a viagem internacional tenha sido adquirida por uma ag\u00eancia de <a href=\"https:\/\/dynamictravel.com.br\/blog\/gestao-de-viagens-conheca-os-tipos-de-viagens-corporativas-e-a-importancia-da-experiencia-do-cliente\/\"><b>viagens corporativas<\/b><\/a>, reporte a situa\u00e7\u00e3o para seu consultor dedicado, que imediatamente far\u00e1 contato com a companhia a\u00e9rea;<\/li>\n\n\n\n<li>Fique atento aos canais principais de contato para obter atualiza\u00e7\u00f5es sobre o status da busca;<\/li>\n\n\n\n<li>Armazene todos os recibos e comprovantes, <a href=\"https:\/\/dynamictravel.com.br\/blog\/como-reduzir-de-forma-efetiva-os-custos-em-viagens-para-empresas\/\"><b>caso a situa\u00e7\u00e3o resulte em despesas extras<\/b><\/a>.<\/li>\n<\/ul>\n\n\n\n<p>Portanto, <a href=\"https:\/\/dynamictravel.com.br\/blog\/o-que-fazer-caso-a-bagagem-seja-extraviada-avariada-ou-violada\/\"><b>a quest\u00e3o das bagagens perdidas e extraviadas nos aeroportos<\/b><\/a> \u00e9 um problema que transcende a perda de pertences pessoais. Contudo, situa\u00e7\u00f5es como essa podem acarretar preocupa\u00e7\u00f5es significativas relacionadas \u00e0 seguran\u00e7a dos passageiros, \u00e0 aten\u00e7\u00e3o e ao dever de cuidado por parte das companhias a\u00e9reas, principalmente pelo salto nas taxas de extravio de bagagens, devido ao aumento do n\u00famero de passageiros. Segundo a SITA, em 2022 as bagagens que sofreram atrasos representaram 80% de todas as malas extraviadas.<\/p>\n\n\n\n<p>Sendo assim, garantir a seguran\u00e7a dos viajantes n\u00e3o se limita aos procedimentos de triagem e inspe\u00e7\u00e3o; tamb\u00e9m envolve a responsabilidade de as companhias a\u00e9reas garantirem que as bagagens sejam manuseadas e rastreadas com precis\u00e3o, garantindo que a experi\u00eancia de voar seja mais tranquila e confi\u00e1vel para todos.&nbsp;<\/p>\n\n\n\n<p><b>E lembre-se<\/b>: todas as companhias a\u00e9reas permitem que o passageiro leve gratuitamente uma bagagem de m\u00e3o. A bagagem de m\u00e3o deve ter as seguintes dimens\u00f5es m\u00e1ximas, tanto em voos nacionais quanto internacionais: 55 cm x 35 cm x 25 cm (incluindo al\u00e7as, rodinhas e bolsos externos).<\/p>\n","protected":false},"excerpt":{"rendered":"<p>Atente-se aos cuidados com sua bagagem em viagens internacionais!<\/p>\n","protected":false},"author":4,"featured_media":2641,"comment_status":"open","ping_status":"open","sticky":false,"template":"","format":"standard","meta":{"_uag_custom_page_level_css":"","site-sidebar-layout":"default","site-content-layout":"","ast-site-content-layout":"","site-content-style":"default","site-sidebar-style":"default","ast-global-header-display":"","ast-banner-title-visibility":"","ast-main-header-display":"","ast-hfb-above-header-display":"","ast-hfb-below-header-display":"","ast-hfb-mobile-header-display":"","site-post-title":"","ast-breadcrumbs-content":"","ast-featured-img":"","footer-sml-layout":"","theme-transparent-header-meta":"","adv-header-id-meta":"","stick-header-meta":"","header-above-stick-meta":"","header-main-stick-meta":"","header-below-stick-meta":"","astra-migrate-meta-layouts":"default","ast-page-background-enabled":"default","ast-page-background-meta":{"desktop":{"background-color":"var(--ast-global-color-4)","background-image":"","background-repeat":"repeat","background-position":"center center","background-size":"auto","background-attachment":"scroll","background-type":"","background-media":"","overlay-type":"","overlay-color":"","overlay-opacity":"","overlay-gradient":""},"tablet":{"background-color":"","background-image":"","background-repeat":"repeat","background-position":"center center","background-size":"auto","background-attachment":"scroll","background-type":"","background-media":"","overlay-type":"","overlay-color":"","overlay-opacity":"","overlay-gradient":""},"mobile":{"background-color":"","background-image":"","background-repeat":"repeat","background-position":"center center","background-size":"auto","background-attachment":"scroll","background-type":"","background-media":"","overlay-type":"","overlay-color":"","overlay-opacity":"","overlay-gradient":""}},"ast-content-background-meta":{"desktop":{"background-color":"var(--ast-global-color-5)","background-image":"","background-repeat":"repeat","background-position":"center center","background-size":"auto","background-attachment":"scroll","background-type":"","background-media":"","overlay-type":"","overlay-color":"","overlay-opacity":"","overlay-gradient":""},"tablet":{"background-color":"var(--ast-global-color-5)","background-image":"","background-repeat":"repeat","background-position":"center center","background-size":"auto","background-attachment":"scroll","background-type":"","background-media":"","overlay-type":"","overlay-color":"","overlay-opacity":"","overlay-gradient":""},"mobile":{"background-color":"var(--ast-global-color-5)","background-image":"","background-repeat":"repeat","background-position":"center center","background-size":"auto","background-attachment":"scroll","background-type":"","background-media":"","overlay-type":"","overlay-color":"","overlay-opacity":"","overlay-gradient":""}},"footnotes":""},"categories":[5,236],"tags":[31,143,157,22,138,14,32],"class_list":["post-2639","post","type-post","status-publish","format-standard","has-post-thumbnail","hentry","category-educacional","category-gestao-de-viagens","tag-agenciadeviagenscorporativas","tag-bagagem","tag-internacional","tag-turismocorporativo","tag-viagem","tag-viagenscorporativas","tag-viagensparaempresas"],"yoast_head":"<!-- This site is optimized with the Yoast SEO plugin v24.4 - https:\/\/yoast.com\/wordpress\/plugins\/seo\/ -->\n<title>5 dicas e solu\u00e7\u00f5es para minimizar problemas com bagagens em viagens internacionais - Blog Dynamic Travel<\/title>\n<meta name=\"description\" content=\"Acompanhe as dicas em rela\u00e7\u00e3o as suas bagagens para uma viagem internacional tranquila e sem preocupa\u00e7\u00f5es!\" \/>\n<meta name=\"robots\" content=\"index, follow, max-snippet:-1, max-image-preview:large, max-video-preview:-1\" \/>\n<link rel=\"canonical\" href=\"https:\/\/dynamictravel.com.br\/blog\/5-dicas-e-solucoes-para-minimizar-problemas-com-bagagens-em-viagens-internacionais\/\" \/>\n<meta property=\"og:locale\" content=\"pt_BR\" \/>\n<meta property=\"og:type\" content=\"article\" \/>\n<meta property=\"og:title\" content=\"5 dicas e solu\u00e7\u00f5es para minimizar problemas com bagagens em viagens internacionais - Blog Dynamic Travel\" \/>\n<meta property=\"og:description\" content=\"Acompanhe as dicas em rela\u00e7\u00e3o as suas bagagens para uma viagem internacional tranquila e sem preocupa\u00e7\u00f5es!\" \/>\n<meta property=\"og:url\" content=\"https:\/\/dynamictravel.com.br\/blog\/5-dicas-e-solucoes-para-minimizar-problemas-com-bagagens-em-viagens-internacionais\/\" \/>\n<meta property=\"og:site_name\" content=\"Blog Dynamic Travel\" \/>\n<meta property=\"article:published_time\" content=\"2023-11-23T17:15:39+00:00\" \/>\n<meta property=\"article:modified_time\" content=\"2025-10-01T12:47:55+00:00\" \/>\n<meta property=\"og:image\" content=\"https:\/\/dynamictravel.com.br\/blog\/wp-content\/uploads\/2023\/11\/WhatsApp-Image-2023-11-22-at-3.33.32-PM.jpeg\" \/>\n\t<meta property=\"og:image:width\" content=\"1599\" \/>\n\t<meta property=\"og:image:height\" content=\"1600\" \/>\n\t<meta property=\"og:image:type\" content=\"image\/jpeg\" \/>\n<meta name=\"author\" content=\"Reda\u00e7\u00e3o Dynamic Travel\" \/>\n<meta name=\"twitter:card\" content=\"summary_large_image\" \/>\n<meta name=\"twitter:label1\" content=\"Escrito por\" \/>\n\t<meta name=\"twitter:data1\" content=\"Reda\u00e7\u00e3o Dynamic Travel\" \/>\n\t<meta name=\"twitter:label2\" content=\"Est. tempo de leitura\" \/>\n\t<meta name=\"twitter:data2\" content=\"4 minutos\" \/>\n<script type=\"application\/ld+json\" class=\"yoast-schema-graph\">{\"@context\":\"https:\/\/schema.org\",\"@graph\":[{\"@type\":\"Article\",\"@id\":\"https:\/\/dynamictravel.com.br\/blog\/5-dicas-e-solucoes-para-minimizar-problemas-com-bagagens-em-viagens-internacionais\/#article\",\"isPartOf\":{\"@id\":\"https:\/\/dynamictravel.com.br\/blog\/5-dicas-e-solucoes-para-minimizar-problemas-com-bagagens-em-viagens-internacionais\/\"},\"author\":{\"name\":\"Reda\u00e7\u00e3o Dynamic Travel\",\"@id\":\"https:\/\/dynamictravel.com.br\/blog\/#\/schema\/person\/e7178e0a0ffb297c221bb32117d9745f\"},\"headline\":\"5 dicas e solu\u00e7\u00f5es para minimizar problemas com bagagens em viagens internacionais\",\"datePublished\":\"2023-11-23T17:15:39+00:00\",\"dateModified\":\"2025-10-01T12:47:55+00:00\",\"mainEntityOfPage\":{\"@id\":\"https:\/\/dynamictravel.com.br\/blog\/5-dicas-e-solucoes-para-minimizar-problemas-com-bagagens-em-viagens-internacionais\/\"},\"wordCount\":594,\"commentCount\":0,\"publisher\":{\"@id\":\"https:\/\/dynamictravel.com.br\/blog\/#organization\"},\"image\":{\"@id\":\"https:\/\/dynamictravel.com.br\/blog\/5-dicas-e-solucoes-para-minimizar-problemas-com-bagagens-em-viagens-internacionais\/#primaryimage\"},\"thumbnailUrl\":\"https:\/\/dynamictravel.com.br\/blog\/wp-content\/uploads\/2023\/11\/WhatsApp-Image-2023-11-22-at-3.33.32-PM.jpeg\",\"keywords\":[\"agenciadeviagenscorporativas\",\"bagagem\",\"internacional\",\"turismocorporativo\",\"viagem\",\"viagenscorporativas\",\"viagensparaempresas\"],\"articleSection\":[\"Educacional\",\"Gest\u00e3o de Viagens\"],\"inLanguage\":\"pt-BR\",\"potentialAction\":[{\"@type\":\"CommentAction\",\"name\":\"Comment\",\"target\":[\"https:\/\/dynamictravel.com.br\/blog\/5-dicas-e-solucoes-para-minimizar-problemas-com-bagagens-em-viagens-internacionais\/#respond\"]}]},{\"@type\":\"WebPage\",\"@id\":\"https:\/\/dynamictravel.com.br\/blog\/5-dicas-e-solucoes-para-minimizar-problemas-com-bagagens-em-viagens-internacionais\/\",\"url\":\"https:\/\/dynamictravel.com.br\/blog\/5-dicas-e-solucoes-para-minimizar-problemas-com-bagagens-em-viagens-internacionais\/\",\"name\":\"5 dicas e solu\u00e7\u00f5es para minimizar problemas com bagagens em viagens internacionais - Blog Dynamic Travel\",\"isPartOf\":{\"@id\":\"https:\/\/dynamictravel.com.br\/blog\/#website\"},\"primaryImageOfPage\":{\"@id\":\"https:\/\/dynamictravel.com.br\/blog\/5-dicas-e-solucoes-para-minimizar-problemas-com-bagagens-em-viagens-internacionais\/#primaryimage\"},\"image\":{\"@id\":\"https:\/\/dynamictravel.com.br\/blog\/5-dicas-e-solucoes-para-minimizar-problemas-com-bagagens-em-viagens-internacionais\/#primaryimage\"},\"thumbnailUrl\":\"https:\/\/dynamictravel.com.br\/blog\/wp-content\/uploads\/2023\/11\/WhatsApp-Image-2023-11-22-at-3.33.32-PM.jpeg\",\"datePublished\":\"2023-11-23T17:15:39+00:00\",\"dateModified\":\"2025-10-01T12:47:55+00:00\",\"description\":\"Acompanhe as dicas em rela\u00e7\u00e3o as suas bagagens para uma viagem internacional tranquila e sem preocupa\u00e7\u00f5es!\",\"breadcrumb\":{\"@id\":\"https:\/\/dynamictravel.com.br\/blog\/5-dicas-e-solucoes-para-minimizar-problemas-com-bagagens-em-viagens-internacionais\/#breadcrumb\"},\"inLanguage\":\"pt-BR\",\"potentialAction\":[{\"@type\":\"ReadAction\",\"target\":[\"https:\/\/dynamictravel.com.br\/blog\/5-dicas-e-solucoes-para-minimizar-problemas-com-bagagens-em-viagens-internacionais\/\"]}]},{\"@type\":\"ImageObject\",\"inLanguage\":\"pt-BR\",\"@id\":\"https:\/\/dynamictravel.com.br\/blog\/5-dicas-e-solucoes-para-minimizar-problemas-com-bagagens-em-viagens-internacionais\/#primaryimage\",\"url\":\"https:\/\/dynamictravel.com.br\/blog\/wp-content\/uploads\/2023\/11\/WhatsApp-Image-2023-11-22-at-3.33.32-PM.jpeg\",\"contentUrl\":\"https:\/\/dynamictravel.com.br\/blog\/wp-content\/uploads\/2023\/11\/WhatsApp-Image-2023-11-22-at-3.33.32-PM.jpeg\",\"width\":1599,\"height\":1600},{\"@type\":\"BreadcrumbList\",\"@id\":\"https:\/\/dynamictravel.com.br\/blog\/5-dicas-e-solucoes-para-minimizar-problemas-com-bagagens-em-viagens-internacionais\/#breadcrumb\",\"itemListElement\":[{\"@type\":\"ListItem\",\"position\":1,\"name\":\"In\u00edcio\",\"item\":\"https:\/\/dynamictravel.com.br\/blog\/\"},{\"@type\":\"ListItem\",\"position\":2,\"name\":\"5 dicas e solu\u00e7\u00f5es para minimizar problemas com bagagens em viagens internacionais\"}]},{\"@type\":\"WebSite\",\"@id\":\"https:\/\/dynamictravel.com.br\/blog\/#website\",\"url\":\"https:\/\/dynamictravel.com.br\/blog\/\",\"name\":\"Blog Dynamic Travel\",\"description\":\"Ag\u00eancia de Viagens Corporativas\",\"publisher\":{\"@id\":\"https:\/\/dynamictravel.com.br\/blog\/#organization\"},\"potentialAction\":[{\"@type\":\"SearchAction\",\"target\":{\"@type\":\"EntryPoint\",\"urlTemplate\":\"https:\/\/dynamictravel.com.br\/blog\/?s={search_term_string}\"},\"query-input\":{\"@type\":\"PropertyValueSpecification\",\"valueRequired\":true,\"valueName\":\"search_term_string\"}}],\"inLanguage\":\"pt-BR\"},{\"@type\":\"Organization\",\"@id\":\"https:\/\/dynamictravel.com.br\/blog\/#organization\",\"name\":\"Blog Dynamic Travel\",\"url\":\"https:\/\/dynamictravel.com.br\/blog\/\",\"logo\":{\"@type\":\"ImageObject\",\"inLanguage\":\"pt-BR\",\"@id\":\"https:\/\/dynamictravel.com.br\/blog\/#\/schema\/logo\/image\/\",\"url\":\"https:\/\/dynamictravel.com.br\/blog\/wp-content\/uploads\/2024\/10\/logo-dynamic-travel.webp\",\"contentUrl\":\"https:\/\/dynamictravel.com.br\/blog\/wp-content\/uploads\/2024\/10\/logo-dynamic-travel.webp\",\"width\":320,\"height\":111,\"caption\":\"Blog Dynamic Travel\"},\"image\":{\"@id\":\"https:\/\/dynamictravel.com.br\/blog\/#\/schema\/logo\/image\/\"}},{\"@type\":\"Person\",\"@id\":\"https:\/\/dynamictravel.com.br\/blog\/#\/schema\/person\/e7178e0a0ffb297c221bb32117d9745f\",\"name\":\"Reda\u00e7\u00e3o Dynamic Travel\",\"image\":{\"@type\":\"ImageObject\",\"inLanguage\":\"pt-BR\",\"@id\":\"https:\/\/dynamictravel.com.br\/blog\/#\/schema\/person\/image\/\",\"url\":\"https:\/\/secure.gravatar.com\/avatar\/1eb4bf102438663c299bc91dd2b1095c?s=96&d=mm&r=g\",\"contentUrl\":\"https:\/\/secure.gravatar.com\/avatar\/1eb4bf102438663c299bc91dd2b1095c?s=96&d=mm&r=g\",\"caption\":\"Reda\u00e7\u00e3o Dynamic Travel\"},\"sameAs\":[\"https:\/\/dynamictravel.com.br\"],\"url\":\"https:\/\/dynamictravel.com.br\/blog\/author\/redacao\/\"}]}<\/script>\n<!-- \/ Yoast SEO plugin. -->","yoast_head_json":{"title":"5 dicas e solu\u00e7\u00f5es para minimizar problemas com bagagens em viagens internacionais - Blog Dynamic Travel","description":"Acompanhe as dicas em rela\u00e7\u00e3o as suas bagagens para uma viagem internacional tranquila e sem preocupa\u00e7\u00f5es!","robots":{"index":"index","follow":"follow","max-snippet":"max-snippet:-1","max-image-preview":"max-image-preview:large","max-video-preview":"max-video-preview:-1"},"canonical":"https:\/\/dynamictravel.com.br\/blog\/5-dicas-e-solucoes-para-minimizar-problemas-com-bagagens-em-viagens-internacionais\/","og_locale":"pt_BR","og_type":"article","og_title":"5 dicas e solu\u00e7\u00f5es para minimizar problemas com bagagens em viagens internacionais - Blog Dynamic Travel","og_description":"Acompanhe as dicas em rela\u00e7\u00e3o as suas bagagens para uma viagem internacional tranquila e sem preocupa\u00e7\u00f5es!","og_url":"https:\/\/dynamictravel.com.br\/blog\/5-dicas-e-solucoes-para-minimizar-problemas-com-bagagens-em-viagens-internacionais\/","og_site_name":"Blog Dynamic Travel","article_published_time":"2023-11-23T17:15:39+00:00","article_modified_time":"2025-10-01T12:47:55+00:00","og_image":[{"width":1599,"height":1600,"url":"https:\/\/dynamictravel.com.br\/blog\/wp-content\/uploads\/2023\/11\/WhatsApp-Image-2023-11-22-at-3.33.32-PM.jpeg","type":"image\/jpeg"}],"author":"Reda\u00e7\u00e3o Dynamic Travel","twitter_card":"summary_large_image","twitter_misc":{"Escrito por":"Reda\u00e7\u00e3o Dynamic Travel","Est. tempo de leitura":"4 minutos"},"schema":{"@context":"https:\/\/schema.org","@graph":[{"@type":"Article","@id":"https:\/\/dynamictravel.com.br\/blog\/5-dicas-e-solucoes-para-minimizar-problemas-com-bagagens-em-viagens-internacionais\/#article","isPartOf":{"@id":"https:\/\/dynamictravel.com.br\/blog\/5-dicas-e-solucoes-para-minimizar-problemas-com-bagagens-em-viagens-internacionais\/"},"author":{"name":"Reda\u00e7\u00e3o Dynamic Travel","@id":"https:\/\/dynamictravel.com.br\/blog\/#\/schema\/person\/e7178e0a0ffb297c221bb32117d9745f"},"headline":"5 dicas e solu\u00e7\u00f5es para minimizar problemas com bagagens em viagens internacionais","datePublished":"2023-11-23T17:15:39+00:00","dateModified":"2025-10-01T12:47:55+00:00","mainEntityOfPage":{"@id":"https:\/\/dynamictravel.com.br\/blog\/5-dicas-e-solucoes-para-minimizar-problemas-com-bagagens-em-viagens-internacionais\/"},"wordCount":594,"commentCount":0,"publisher":{"@id":"https:\/\/dynamictravel.com.br\/blog\/#organization"},"image":{"@id":"https:\/\/dynamictravel.com.br\/blog\/5-dicas-e-solucoes-para-minimizar-problemas-com-bagagens-em-viagens-internacionais\/#primaryimage"},"thumbnailUrl":"https:\/\/dynamictravel.com.br\/blog\/wp-content\/uploads\/2023\/11\/WhatsApp-Image-2023-11-22-at-3.33.32-PM.jpeg","keywords":["agenciadeviagenscorporativas","bagagem","internacional","turismocorporativo","viagem","viagenscorporativas","viagensparaempresas"],"articleSection":["Educacional","Gest\u00e3o de Viagens"],"inLanguage":"pt-BR","potentialAction":[{"@type":"CommentAction","name":"Comment","target":["https:\/\/dynamictravel.com.br\/blog\/5-dicas-e-solucoes-para-minimizar-problemas-com-bagagens-em-viagens-internacionais\/#respond"]}]},{"@type":"WebPage","@id":"https:\/\/dynamictravel.com.br\/blog\/5-dicas-e-solucoes-para-minimizar-problemas-com-bagagens-em-viagens-internacionais\/","url":"https:\/\/dynamictravel.com.br\/blog\/5-dicas-e-solucoes-para-minimizar-problemas-com-bagagens-em-viagens-internacionais\/","name":"5 dicas e solu\u00e7\u00f5es para minimizar problemas com bagagens em viagens internacionais - Blog Dynamic Travel","isPartOf":{"@id":"https:\/\/dynamictravel.com.br\/blog\/#website"},"primaryImageOfPage":{"@id":"https:\/\/dynamictravel.com.br\/blog\/5-dicas-e-solucoes-para-minimizar-problemas-com-bagagens-em-viagens-internacionais\/#primaryimage"},"image":{"@id":"https:\/\/dynamictravel.com.br\/blog\/5-dicas-e-solucoes-para-minimizar-problemas-com-bagagens-em-viagens-internacionais\/#primaryimage"},"thumbnailUrl":"https:\/\/dynamictravel.com.br\/blog\/wp-content\/uploads\/2023\/11\/WhatsApp-Image-2023-11-22-at-3.33.32-PM.jpeg","datePublished":"2023-11-23T17:15:39+00:00","dateModified":"2025-10-01T12:47:55+00:00","description":"Acompanhe as dicas em rela\u00e7\u00e3o as suas bagagens para uma viagem internacional tranquila e sem preocupa\u00e7\u00f5es!","breadcrumb":{"@id":"https:\/\/dynamictravel.com.br\/blog\/5-dicas-e-solucoes-para-minimizar-problemas-com-bagagens-em-viagens-internacionais\/#breadcrumb"},"inLanguage":"pt-BR","potentialAction":[{"@type":"ReadAction","target":["https:\/\/dynamictravel.com.br\/blog\/5-dicas-e-solucoes-para-minimizar-problemas-com-bagagens-em-viagens-internacionais\/"]}]},{"@type":"ImageObject","inLanguage":"pt-BR","@id":"https:\/\/dynamictravel.com.br\/blog\/5-dicas-e-solucoes-para-minimizar-problemas-com-bagagens-em-viagens-internacionais\/#primaryimage","url":"https:\/\/dynamictravel.com.br\/blog\/wp-content\/uploads\/2023\/11\/WhatsApp-Image-2023-11-22-at-3.33.32-PM.jpeg","contentUrl":"https:\/\/dynamictravel.com.br\/blog\/wp-content\/uploads\/2023\/11\/WhatsApp-Image-2023-11-22-at-3.33.32-PM.jpeg","width":1599,"height":1600},{"@type":"BreadcrumbList","@id":"https:\/\/dynamictravel.com.br\/blog\/5-dicas-e-solucoes-para-minimizar-problemas-com-bagagens-em-viagens-internacionais\/#breadcrumb","itemListElement":[{"@type":"ListItem","position":1,"name":"In\u00edcio","item":"https:\/\/dynamictravel.com.br\/blog\/"},{"@type":"ListItem","position":2,"name":"5 dicas e solu\u00e7\u00f5es para minimizar problemas com bagagens em viagens internacionais"}]},{"@type":"WebSite","@id":"https:\/\/dynamictravel.com.br\/blog\/#website","url":"https:\/\/dynamictravel.com.br\/blog\/","name":"Blog Dynamic Travel","description":"Ag\u00eancia de Viagens Corporativas","publisher":{"@id":"https:\/\/dynamictravel.com.br\/blog\/#organization"},"potentialAction":[{"@type":"SearchAction","target":{"@type":"EntryPoint","urlTemplate":"https:\/\/dynamictravel.com.br\/blog\/?s={search_term_string}"},"query-input":{"@type":"PropertyValueSpecification","valueRequired":true,"valueName":"search_term_string"}}],"inLanguage":"pt-BR"},{"@type":"Organization","@id":"https:\/\/dynamictravel.com.br\/blog\/#organization","name":"Blog Dynamic Travel","url":"https:\/\/dynamictravel.com.br\/blog\/","logo":{"@type":"ImageObject","inLanguage":"pt-BR","@id":"https:\/\/dynamictravel.com.br\/blog\/#\/schema\/logo\/image\/","url":"https:\/\/dynamictravel.com.br\/blog\/wp-content\/uploads\/2024\/10\/logo-dynamic-travel.webp","contentUrl":"https:\/\/dynamictravel.com.br\/blog\/wp-content\/uploads\/2024\/10\/logo-dynamic-travel.webp","width":320,"height":111,"caption":"Blog Dynamic Travel"},"image":{"@id":"https:\/\/dynamictravel.com.br\/blog\/#\/schema\/logo\/image\/"}},{"@type":"Person","@id":"https:\/\/dynamictravel.com.br\/blog\/#\/schema\/person\/e7178e0a0ffb297c221bb32117d9745f","name":"Reda\u00e7\u00e3o Dynamic Travel","image":{"@type":"ImageObject","inLanguage":"pt-BR","@id":"https:\/\/dynamictravel.com.br\/blog\/#\/schema\/person\/image\/","url":"https:\/\/secure.gravatar.com\/avatar\/1eb4bf102438663c299bc91dd2b1095c?s=96&d=mm&r=g","contentUrl":"https:\/\/secure.gravatar.com\/avatar\/1eb4bf102438663c299bc91dd2b1095c?s=96&d=mm&r=g","caption":"Reda\u00e7\u00e3o Dynamic Travel"},"sameAs":["https:\/\/dynamictravel.com.br"],"url":"https:\/\/dynamictravel.com.br\/blog\/author\/redacao\/"}]}},"uagb_featured_image_src":{"full":["https:\/\/dynamictravel.com.br\/blog\/wp-content\/uploads\/2023\/11\/WhatsApp-Image-2023-11-22-at-3.33.32-PM.jpeg",1599,1600,false],"thumbnail":["https:\/\/dynamictravel.com.br\/blog\/wp-content\/uploads\/2023\/11\/WhatsApp-Image-2023-11-22-at-3.33.32-PM-150x150.jpeg",150,150,true],"medium":["https:\/\/dynamictravel.com.br\/blog\/wp-content\/uploads\/2023\/11\/WhatsApp-Image-2023-11-22-at-3.33.32-PM-300x300.jpeg",300,300,true],"medium_large":["https:\/\/dynamictravel.com.br\/blog\/wp-content\/uploads\/2023\/11\/WhatsApp-Image-2023-11-22-at-3.33.32-PM-768x768.jpeg",768,768,true],"large":["https:\/\/dynamictravel.com.br\/blog\/wp-content\/uploads\/2023\/11\/WhatsApp-Image-2023-11-22-at-3.33.32-PM-1024x1024.jpeg",1024,1024,true],"1536x1536":["https:\/\/dynamictravel.com.br\/blog\/wp-content\/uploads\/2023\/11\/WhatsApp-Image-2023-11-22-at-3.33.32-PM-1536x1536.jpeg",1536,1536,true],"2048x2048":["https:\/\/dynamictravel.com.br\/blog\/wp-content\/uploads\/2023\/11\/WhatsApp-Image-2023-11-22-at-3.33.32-PM.jpeg",1599,1600,false],"trp-custom-language-flag":["https:\/\/dynamictravel.com.br\/blog\/wp-content\/uploads\/2023\/11\/WhatsApp-Image-2023-11-22-at-3.33.32-PM.jpeg",12,12,false]},"uagb_author_info":{"display_name":"Reda\u00e7\u00e3o Dynamic Travel","author_link":"https:\/\/dynamictravel.com.br\/blog\/author\/redacao\/"},"uagb_comment_info":1,"uagb_excerpt":"Atente-se aos cuidados com sua bagagem em viagens internacionais!","_links":{"self":[{"href":"https:\/\/dynamictravel.com.br\/blog\/wp-json\/wp\/v2\/posts\/2639","targetHints":{"allow":["GET"]}}],"collection":[{"href":"https:\/\/dynamictravel.com.br\/blog\/wp-json\/wp\/v2\/posts"}],"about":[{"href":"https:\/\/dynamictravel.com.br\/blog\/wp-json\/wp\/v2\/types\/post"}],"author":[{"embeddable":true,"href":"https:\/\/dynamictravel.com.br\/blog\/wp-json\/wp\/v2\/users\/4"}],"replies":[{"embeddable":true,"href":"https:\/\/dynamictravel.com.br\/blog\/wp-json\/wp\/v2\/comments?post=2639"}],"version-history":[{"count":40,"href":"https:\/\/dynamictravel.com.br\/blog\/wp-json\/wp\/v2\/posts\/2639\/revisions"}],"predecessor-version":[{"id":5547,"href":"https:\/\/dynamictravel.com.br\/blog\/wp-json\/wp\/v2\/posts\/2639\/revisions\/5547"}],"wp:featuredmedia":[{"embeddable":true,"href":"https:\/\/dynamictravel.com.br\/blog\/wp-json\/wp\/v2\/media\/2641"}],"wp:attachment":[{"href":"https:\/\/dynamictravel.com.br\/blog\/wp-json\/wp\/v2\/media?parent=2639"}],"wp:term":[{"taxonomy":"category","embeddable":true,"href":"https:\/\/dynamictravel.com.br\/blog\/wp-json\/wp\/v2\/categories?post=2639"},{"taxonomy":"post_tag","embeddable":true,"href":"https:\/\/dynamictravel.com.br\/blog\/wp-json\/wp\/v2\/tags?post=2639"}],"curies":[{"name":"wp","href":"https:\/\/api.w.org\/{rel}","templated":true}]}}