{"id":2281,"date":"2023-08-31T13:23:36","date_gmt":"2023-08-31T16:23:36","guid":{"rendered":"https:\/\/dynamictravel.com.br\/blog\/?p=2281"},"modified":"2024-12-20T11:23:50","modified_gmt":"2024-12-20T14:23:50","slug":"principais-atualizacoes-do-mes-de-agosto-sobre-o-mercado-das-viagens-corporativas","status":"publish","type":"post","link":"https:\/\/dynamictravel.com.br\/blog\/principais-atualizacoes-do-mes-de-agosto-sobre-o-mercado-das-viagens-corporativas\/","title":{"rendered":"Principais atualiza\u00e7\u00f5es do m\u00eas de agosto sobre o mercado das viagens corporativas"},"content":{"rendered":"\n<p><br><img loading=\"lazy\" decoding=\"async\" width=\"1024\" height=\"1024\" src=\"http:\/\/dynamictravel.com.br\/blog\/wp-content\/uploads\/2022\/07\/MicrosoftTeams-image-46.jpg\" alt=\"\"><br><a role=\"button\" href=\"https:\/\/dynamictravel.com.br\/blog\"><br><\/a><\/p>\n\n\n\n<p>Com o intuito de manter seus leitores sempre bem informados, a Dynamic Travel publica regularmente, em seu <a href=\"https:\/\/dynamictravel.com.br\/\"><b>site<\/b><\/a>, as principais atualiza\u00e7\u00f5es do Brasil e do mundo relacionadas \u00e0s viagens corporativas. Confira a seguir o compilado de todas as mat\u00e9rias publicadas no m\u00eas de agosto.<\/p>\n\n\n\n<div class=\"wp-block-uagb-advanced-heading uagb-block-5298670c\"><h2 class=\"uagb-heading-text\"><strong>Turismo e eventos: fortes geradores de emprego em 2023<\/strong><\/h2><\/div>\n\n\n\n<div class=\"wp-block-uagb-separator uagb-block-d3f84403\"><div class=\"wp-block-uagb-separator__inner\" style=\"--my-background-image:\"><\/div><\/div>\n\n\n\n<p><b>Turismo brasileiro criou mais de 150 mil empregos<br><\/b>No primeiro semestre deste ano, o Brasil criou mais de 105 mil novos postos de trabalho. Exclusivamente em junho, o turismo foi respons\u00e1vel pela gera\u00e7\u00e3o de mais de 21,4 mil empregos.&nbsp;<br>Os setores que mais geraram empregos foram o de transporte rodovi\u00e1rio de passageiros com mais de 2 mil novos postos, al\u00e9m de hospedagens e restaurantes com mais de 13 mil vagas. Ao todo, o grupamento de servi\u00e7os tur\u00edsticos admitiu 76.420 novos profissionais.&nbsp;<\/p>\n\n\n\n<p><b>Setor de eventos gera altas vagas de emprego em 2023<br><\/b>O setor de eventos foi um dos maiores geradores de empregos no Brasil. O segmento teve um crescimento de 42,3% somente no primeiro semestre de 2023.&nbsp;<br>De janeiro a junho o segmento chegou ao resultado de R$ 57 bilh\u00f5es, ou seja, 14,4% superior no mesmo per\u00edodo do ano de 2022.&nbsp;<br>As vagas de empregos tiveram um crescimento de 42% com 12.348 sobre 8.676 do ano passado. No m\u00eas de junho, foram abertas 4.095 vagas, melhor resultado desde o in\u00edcio de 2020.<\/p>\n\n\n\n<p><strong>Fonte:\u00a0Mercado&amp;Eventos\u00a0\u00a0<\/strong><br>(Publicado 18\/08\/2023)<\/p>\n\n\n\n<hr class=\"wp-block-separator has-alpha-channel-opacity\" \/>\n\n\n\n<div class=\"wp-block-uagb-advanced-heading uagb-block-64e8b674\"><h2 class=\"uagb-heading-text\"><strong>Mercado a\u00e9reo possui papel social significativo<\/strong><\/h2><\/div>\n\n\n\n<div class=\"wp-block-uagb-separator uagb-block-a157bd57\"><div class=\"wp-block-uagb-separator__inner\" style=\"--my-background-image:\"><\/div><\/div>\n\n\n\n<p><b>United equipa sua frota com braile&nbsp;<\/b><br>A United se tornou a primeira companhia a\u00e9rea dos Estados Unidos a adicionar o braile nos avi\u00f5es com objetivo de ajudar os passageiros com defici\u00eancia visual a se locomover mais facilmente dentro das aeronaves. Dessa forma, \u00e9 poss\u00edvel que o viajante encontre marca\u00e7\u00f5es em braile nos n\u00fameros de assentos e dentro e fora dos banheiros.&nbsp;<br>A a\u00e9rea estima equipar toda a sua frota principal at\u00e9 o final de 2026. Por enquanto, encontram-se equipadas cerca de uma d\u00fazia das aeronaves.&nbsp;<\/p>\n\n\n\n<p><b>Programa Asas do Bem<\/b><br>Segundo um levantamento feito pela Central Nacional de Transplante, as companhias a\u00e9reas brasileiras transportaram, desde o in\u00edcio de 2014 at\u00e9 o primeiro semestre desse ano, cerca de 61,3 mil itens para transplantes (\u00f3rg\u00e3os, tecidos, equipamentos m\u00e9dicos e outros materiais) de forma gratuita.&nbsp;<br>O Programa Asas do Bem foi criado em 2014 para incentivar a doa\u00e7\u00e3o e o transporte gratuito em todo pa\u00eds. Com esse projeto \u00e9 poss\u00edvel viabilizar a opera\u00e7\u00e3o de entrega dos \u00f3rg\u00e3os at\u00e9 o hospital em que o paciente se encontra, otimizando o tempo h\u00e1bil para o sucesso da cirurgia.&nbsp;<\/p>\n\n\n\n<p><strong>Fonte: Panrotas<\/strong><br>(Publicado 11\/08\/2023)<\/p>\n\n\n\n<hr class=\"wp-block-separator has-alpha-channel-opacity\" \/>\n\n\n\n<p><b style=\"font-family: var( --e-global-typography-text-font-family ), Sans-serif;font-size: var(--bodyFontSize);letter-spacing: var(--bodyLetterSpacing);text-transform: var(--bodyTextTransform);background-color: var(--nv-site-bg)\">Acesse o&nbsp;<\/b><a style=\"font-family: var( --e-global-typography-text-font-family ), Sans-serif;font-weight: var( --e-global-typography-text-font-weight );font-size: var(--bodyFontSize);letter-spacing: var(--bodyLetterSpacing);text-transform: var(--bodyTextTransform);background-color: var(--nv-site-bg)\" href=\"https:\/\/dynamictravel.com.br\/\" target=\"_blank\" rel=\"noopener\"><b>site<\/b><\/a><b style=\"font-family: var( --e-global-typography-text-font-family ), Sans-serif;font-size: var(--bodyFontSize);letter-spacing: var(--bodyLetterSpacing);text-transform: var(--bodyTextTransform);background-color: var(--nv-site-bg)\">&nbsp;e esteja sempre bem informado com a Dynamic Travel<\/b><\/p>\n","protected":false},"excerpt":{"rendered":"<p>Agosto: Confira as principais atualiza\u00e7\u00f5es do mercado das viagens corporativas.<\/p>\n","protected":false},"author":4,"featured_media":578,"comment_status":"open","ping_status":"open","sticky":false,"template":"","format":"standard","meta":{"_uag_custom_page_level_css":"","site-sidebar-layout":"default","site-content-layout":"","ast-site-content-layout":"","site-content-style":"default","site-sidebar-style":"default","ast-global-header-display":"","ast-banner-title-visibility":"","ast-main-header-display":"","ast-hfb-above-header-display":"","ast-hfb-below-header-display":"","ast-hfb-mobile-header-display":"","site-post-title":"","ast-breadcrumbs-content":"","ast-featured-img":"","footer-sml-layout":"","theme-transparent-header-meta":"","adv-header-id-meta":"","stick-header-meta":"","header-above-stick-meta":"","header-main-stick-meta":"","header-below-stick-meta":"","astra-migrate-meta-layouts":"default","ast-page-background-enabled":"default","ast-page-background-meta":{"desktop":{"background-color":"var(--ast-global-color-4)","background-image":"","background-repeat":"repeat","background-position":"center center","background-size":"auto","background-attachment":"scroll","background-type":"","background-media":"","overlay-type":"","overlay-color":"","overlay-opacity":"","overlay-gradient":""},"tablet":{"background-color":"","background-image":"","background-repeat":"repeat","background-position":"center center","background-size":"auto","background-attachment":"scroll","background-type":"","background-media":"","overlay-type":"","overlay-color":"","overlay-opacity":"","overlay-gradient":""},"mobile":{"background-color":"","background-image":"","background-repeat":"repeat","background-position":"center center","background-size":"auto","background-attachment":"scroll","background-type":"","background-media":"","overlay-type":"","overlay-color":"","overlay-opacity":"","overlay-gradient":""}},"ast-content-background-meta":{"desktop":{"background-color":"var(--ast-global-color-5)","background-image":"","background-repeat":"repeat","background-position":"center center","background-size":"auto","background-attachment":"scroll","background-type":"","background-media":"","overlay-type":"","overlay-color":"","overlay-opacity":"","overlay-gradient":""},"tablet":{"background-color":"var(--ast-global-color-5)","background-image":"","background-repeat":"repeat","background-position":"center center","background-size":"auto","background-attachment":"scroll","background-type":"","background-media":"","overlay-type":"","overlay-color":"","overlay-opacity":"","overlay-gradient":""},"mobile":{"background-color":"var(--ast-global-color-5)","background-image":"","background-repeat":"repeat","background-position":"center center","background-size":"auto","background-attachment":"scroll","background-type":"","background-media":"","overlay-type":"","overlay-color":"","overlay-opacity":"","overlay-gradient":""}},"footnotes":""},"categories":[3],"tags":[31,20,22,14,32],"class_list":["post-2281","post","type-post","status-publish","format-standard","has-post-thumbnail","hentry","category-mercado","tag-agenciadeviagenscorporativas","tag-gestaodeviagens","tag-turismocorporativo","tag-viagenscorporativas","tag-viagensparaempresas"],"yoast_head":"<!-- This site is optimized with the Yoast SEO plugin v24.4 - https:\/\/yoast.com\/wordpress\/plugins\/seo\/ -->\n<title>Principais atualiza\u00e7\u00f5es do m\u00eas de agosto sobre o mercado das viagens corporativas - Blog Dynamic Travel<\/title>\n<meta name=\"description\" content=\"Confira as principais atualiza\u00e7\u00f5es sobre o mercado das viagens corporativas.\" \/>\n<meta name=\"robots\" content=\"index, follow, max-snippet:-1, max-image-preview:large, max-video-preview:-1\" \/>\n<link rel=\"canonical\" href=\"https:\/\/dynamictravel.com.br\/blog\/principais-atualizacoes-do-mes-de-agosto-sobre-o-mercado-das-viagens-corporativas\/\" \/>\n<meta property=\"og:locale\" content=\"pt_BR\" \/>\n<meta property=\"og:type\" content=\"article\" \/>\n<meta property=\"og:title\" content=\"Principais atualiza\u00e7\u00f5es do m\u00eas de agosto sobre o mercado das viagens corporativas - Blog Dynamic Travel\" \/>\n<meta property=\"og:description\" content=\"Confira as principais atualiza\u00e7\u00f5es sobre o mercado das viagens corporativas.\" \/>\n<meta property=\"og:url\" content=\"https:\/\/dynamictravel.com.br\/blog\/principais-atualizacoes-do-mes-de-agosto-sobre-o-mercado-das-viagens-corporativas\/\" \/>\n<meta property=\"og:site_name\" content=\"Blog Dynamic Travel\" \/>\n<meta property=\"article:published_time\" content=\"2023-08-31T16:23:36+00:00\" \/>\n<meta property=\"article:modified_time\" content=\"2024-12-20T14:23:50+00:00\" \/>\n<meta property=\"og:image\" content=\"https:\/\/dynamictravel.com.br\/blog\/wp-content\/uploads\/2022\/07\/MicrosoftTeams-image-46.jpg\" \/>\n\t<meta property=\"og:image:width\" content=\"1024\" \/>\n\t<meta property=\"og:image:height\" content=\"1024\" \/>\n\t<meta property=\"og:image:type\" content=\"image\/jpeg\" \/>\n<meta name=\"author\" content=\"Reda\u00e7\u00e3o Dynamic Travel\" \/>\n<meta name=\"twitter:card\" content=\"summary_large_image\" \/>\n<meta name=\"twitter:label1\" content=\"Escrito por\" \/>\n\t<meta name=\"twitter:data1\" content=\"Reda\u00e7\u00e3o Dynamic Travel\" \/>\n\t<meta name=\"twitter:label2\" content=\"Est. tempo de leitura\" \/>\n\t<meta name=\"twitter:data2\" content=\"3 minutos\" \/>\n<script type=\"application\/ld+json\" class=\"yoast-schema-graph\">{\"@context\":\"https:\/\/schema.org\",\"@graph\":[{\"@type\":\"Article\",\"@id\":\"https:\/\/dynamictravel.com.br\/blog\/principais-atualizacoes-do-mes-de-agosto-sobre-o-mercado-das-viagens-corporativas\/#article\",\"isPartOf\":{\"@id\":\"https:\/\/dynamictravel.com.br\/blog\/principais-atualizacoes-do-mes-de-agosto-sobre-o-mercado-das-viagens-corporativas\/\"},\"author\":{\"name\":\"Reda\u00e7\u00e3o Dynamic Travel\",\"@id\":\"https:\/\/dynamictravel.com.br\/blog\/#\/schema\/person\/e7178e0a0ffb297c221bb32117d9745f\"},\"headline\":\"Principais atualiza\u00e7\u00f5es do m\u00eas de agosto sobre o mercado das viagens corporativas\",\"datePublished\":\"2023-08-31T16:23:36+00:00\",\"dateModified\":\"2024-12-20T14:23:50+00:00\",\"mainEntityOfPage\":{\"@id\":\"https:\/\/dynamictravel.com.br\/blog\/principais-atualizacoes-do-mes-de-agosto-sobre-o-mercado-das-viagens-corporativas\/\"},\"wordCount\":465,\"commentCount\":0,\"publisher\":{\"@id\":\"https:\/\/dynamictravel.com.br\/blog\/#organization\"},\"image\":{\"@id\":\"https:\/\/dynamictravel.com.br\/blog\/principais-atualizacoes-do-mes-de-agosto-sobre-o-mercado-das-viagens-corporativas\/#primaryimage\"},\"thumbnailUrl\":\"https:\/\/dynamictravel.com.br\/blog\/wp-content\/uploads\/2022\/07\/MicrosoftTeams-image-46.jpg\",\"keywords\":[\"agenciadeviagenscorporativas\",\"gestaodeviagens\",\"turismocorporativo\",\"viagenscorporativas\",\"viagensparaempresas\"],\"articleSection\":[\"Mercado\"],\"inLanguage\":\"pt-BR\",\"potentialAction\":[{\"@type\":\"CommentAction\",\"name\":\"Comment\",\"target\":[\"https:\/\/dynamictravel.com.br\/blog\/principais-atualizacoes-do-mes-de-agosto-sobre-o-mercado-das-viagens-corporativas\/#respond\"]}]},{\"@type\":\"WebPage\",\"@id\":\"https:\/\/dynamictravel.com.br\/blog\/principais-atualizacoes-do-mes-de-agosto-sobre-o-mercado-das-viagens-corporativas\/\",\"url\":\"https:\/\/dynamictravel.com.br\/blog\/principais-atualizacoes-do-mes-de-agosto-sobre-o-mercado-das-viagens-corporativas\/\",\"name\":\"Principais atualiza\u00e7\u00f5es do m\u00eas de agosto sobre o mercado das viagens corporativas - Blog Dynamic Travel\",\"isPartOf\":{\"@id\":\"https:\/\/dynamictravel.com.br\/blog\/#website\"},\"primaryImageOfPage\":{\"@id\":\"https:\/\/dynamictravel.com.br\/blog\/principais-atualizacoes-do-mes-de-agosto-sobre-o-mercado-das-viagens-corporativas\/#primaryimage\"},\"image\":{\"@id\":\"https:\/\/dynamictravel.com.br\/blog\/principais-atualizacoes-do-mes-de-agosto-sobre-o-mercado-das-viagens-corporativas\/#primaryimage\"},\"thumbnailUrl\":\"https:\/\/dynamictravel.com.br\/blog\/wp-content\/uploads\/2022\/07\/MicrosoftTeams-image-46.jpg\",\"datePublished\":\"2023-08-31T16:23:36+00:00\",\"dateModified\":\"2024-12-20T14:23:50+00:00\",\"description\":\"Confira as principais atualiza\u00e7\u00f5es sobre o mercado das viagens corporativas.\",\"breadcrumb\":{\"@id\":\"https:\/\/dynamictravel.com.br\/blog\/principais-atualizacoes-do-mes-de-agosto-sobre-o-mercado-das-viagens-corporativas\/#breadcrumb\"},\"inLanguage\":\"pt-BR\",\"potentialAction\":[{\"@type\":\"ReadAction\",\"target\":[\"https:\/\/dynamictravel.com.br\/blog\/principais-atualizacoes-do-mes-de-agosto-sobre-o-mercado-das-viagens-corporativas\/\"]}]},{\"@type\":\"ImageObject\",\"inLanguage\":\"pt-BR\",\"@id\":\"https:\/\/dynamictravel.com.br\/blog\/principais-atualizacoes-do-mes-de-agosto-sobre-o-mercado-das-viagens-corporativas\/#primaryimage\",\"url\":\"https:\/\/dynamictravel.com.br\/blog\/wp-content\/uploads\/2022\/07\/MicrosoftTeams-image-46.jpg\",\"contentUrl\":\"https:\/\/dynamictravel.com.br\/blog\/wp-content\/uploads\/2022\/07\/MicrosoftTeams-image-46.jpg\",\"width\":1024,\"height\":1024},{\"@type\":\"BreadcrumbList\",\"@id\":\"https:\/\/dynamictravel.com.br\/blog\/principais-atualizacoes-do-mes-de-agosto-sobre-o-mercado-das-viagens-corporativas\/#breadcrumb\",\"itemListElement\":[{\"@type\":\"ListItem\",\"position\":1,\"name\":\"In\u00edcio\",\"item\":\"https:\/\/dynamictravel.com.br\/blog\/\"},{\"@type\":\"ListItem\",\"position\":2,\"name\":\"Principais atualiza\u00e7\u00f5es do m\u00eas de agosto sobre o mercado das viagens corporativas\"}]},{\"@type\":\"WebSite\",\"@id\":\"https:\/\/dynamictravel.com.br\/blog\/#website\",\"url\":\"https:\/\/dynamictravel.com.br\/blog\/\",\"name\":\"Blog Dynamic Travel\",\"description\":\"Ag\u00eancia de Viagens Corporativas\",\"publisher\":{\"@id\":\"https:\/\/dynamictravel.com.br\/blog\/#organization\"},\"potentialAction\":[{\"@type\":\"SearchAction\",\"target\":{\"@type\":\"EntryPoint\",\"urlTemplate\":\"https:\/\/dynamictravel.com.br\/blog\/?s={search_term_string}\"},\"query-input\":{\"@type\":\"PropertyValueSpecification\",\"valueRequired\":true,\"valueName\":\"search_term_string\"}}],\"inLanguage\":\"pt-BR\"},{\"@type\":\"Organization\",\"@id\":\"https:\/\/dynamictravel.com.br\/blog\/#organization\",\"name\":\"Blog Dynamic Travel\",\"url\":\"https:\/\/dynamictravel.com.br\/blog\/\",\"logo\":{\"@type\":\"ImageObject\",\"inLanguage\":\"pt-BR\",\"@id\":\"https:\/\/dynamictravel.com.br\/blog\/#\/schema\/logo\/image\/\",\"url\":\"https:\/\/dynamictravel.com.br\/blog\/wp-content\/uploads\/2024\/10\/logo-dynamic-travel.webp\",\"contentUrl\":\"https:\/\/dynamictravel.com.br\/blog\/wp-content\/uploads\/2024\/10\/logo-dynamic-travel.webp\",\"width\":320,\"height\":111,\"caption\":\"Blog Dynamic Travel\"},\"image\":{\"@id\":\"https:\/\/dynamictravel.com.br\/blog\/#\/schema\/logo\/image\/\"}},{\"@type\":\"Person\",\"@id\":\"https:\/\/dynamictravel.com.br\/blog\/#\/schema\/person\/e7178e0a0ffb297c221bb32117d9745f\",\"name\":\"Reda\u00e7\u00e3o Dynamic Travel\",\"image\":{\"@type\":\"ImageObject\",\"inLanguage\":\"pt-BR\",\"@id\":\"https:\/\/dynamictravel.com.br\/blog\/#\/schema\/person\/image\/\",\"url\":\"https:\/\/secure.gravatar.com\/avatar\/1eb4bf102438663c299bc91dd2b1095c?s=96&d=mm&r=g\",\"contentUrl\":\"https:\/\/secure.gravatar.com\/avatar\/1eb4bf102438663c299bc91dd2b1095c?s=96&d=mm&r=g\",\"caption\":\"Reda\u00e7\u00e3o Dynamic Travel\"},\"sameAs\":[\"https:\/\/dynamictravel.com.br\"],\"url\":\"https:\/\/dynamictravel.com.br\/blog\/author\/redacao\/\"}]}<\/script>\n<!-- \/ Yoast SEO plugin. -->","yoast_head_json":{"title":"Principais atualiza\u00e7\u00f5es do m\u00eas de agosto sobre o mercado das viagens corporativas - Blog Dynamic Travel","description":"Confira as principais atualiza\u00e7\u00f5es sobre o mercado das viagens corporativas.","robots":{"index":"index","follow":"follow","max-snippet":"max-snippet:-1","max-image-preview":"max-image-preview:large","max-video-preview":"max-video-preview:-1"},"canonical":"https:\/\/dynamictravel.com.br\/blog\/principais-atualizacoes-do-mes-de-agosto-sobre-o-mercado-das-viagens-corporativas\/","og_locale":"pt_BR","og_type":"article","og_title":"Principais atualiza\u00e7\u00f5es do m\u00eas de agosto sobre o mercado das viagens corporativas - Blog Dynamic Travel","og_description":"Confira as principais atualiza\u00e7\u00f5es sobre o mercado das viagens corporativas.","og_url":"https:\/\/dynamictravel.com.br\/blog\/principais-atualizacoes-do-mes-de-agosto-sobre-o-mercado-das-viagens-corporativas\/","og_site_name":"Blog Dynamic Travel","article_published_time":"2023-08-31T16:23:36+00:00","article_modified_time":"2024-12-20T14:23:50+00:00","og_image":[{"width":1024,"height":1024,"url":"https:\/\/dynamictravel.com.br\/blog\/wp-content\/uploads\/2022\/07\/MicrosoftTeams-image-46.jpg","type":"image\/jpeg"}],"author":"Reda\u00e7\u00e3o Dynamic Travel","twitter_card":"summary_large_image","twitter_misc":{"Escrito por":"Reda\u00e7\u00e3o Dynamic Travel","Est. tempo de leitura":"3 minutos"},"schema":{"@context":"https:\/\/schema.org","@graph":[{"@type":"Article","@id":"https:\/\/dynamictravel.com.br\/blog\/principais-atualizacoes-do-mes-de-agosto-sobre-o-mercado-das-viagens-corporativas\/#article","isPartOf":{"@id":"https:\/\/dynamictravel.com.br\/blog\/principais-atualizacoes-do-mes-de-agosto-sobre-o-mercado-das-viagens-corporativas\/"},"author":{"name":"Reda\u00e7\u00e3o Dynamic Travel","@id":"https:\/\/dynamictravel.com.br\/blog\/#\/schema\/person\/e7178e0a0ffb297c221bb32117d9745f"},"headline":"Principais atualiza\u00e7\u00f5es do m\u00eas de agosto sobre o mercado das viagens corporativas","datePublished":"2023-08-31T16:23:36+00:00","dateModified":"2024-12-20T14:23:50+00:00","mainEntityOfPage":{"@id":"https:\/\/dynamictravel.com.br\/blog\/principais-atualizacoes-do-mes-de-agosto-sobre-o-mercado-das-viagens-corporativas\/"},"wordCount":465,"commentCount":0,"publisher":{"@id":"https:\/\/dynamictravel.com.br\/blog\/#organization"},"image":{"@id":"https:\/\/dynamictravel.com.br\/blog\/principais-atualizacoes-do-mes-de-agosto-sobre-o-mercado-das-viagens-corporativas\/#primaryimage"},"thumbnailUrl":"https:\/\/dynamictravel.com.br\/blog\/wp-content\/uploads\/2022\/07\/MicrosoftTeams-image-46.jpg","keywords":["agenciadeviagenscorporativas","gestaodeviagens","turismocorporativo","viagenscorporativas","viagensparaempresas"],"articleSection":["Mercado"],"inLanguage":"pt-BR","potentialAction":[{"@type":"CommentAction","name":"Comment","target":["https:\/\/dynamictravel.com.br\/blog\/principais-atualizacoes-do-mes-de-agosto-sobre-o-mercado-das-viagens-corporativas\/#respond"]}]},{"@type":"WebPage","@id":"https:\/\/dynamictravel.com.br\/blog\/principais-atualizacoes-do-mes-de-agosto-sobre-o-mercado-das-viagens-corporativas\/","url":"https:\/\/dynamictravel.com.br\/blog\/principais-atualizacoes-do-mes-de-agosto-sobre-o-mercado-das-viagens-corporativas\/","name":"Principais atualiza\u00e7\u00f5es do m\u00eas de agosto sobre o mercado das viagens corporativas - Blog Dynamic Travel","isPartOf":{"@id":"https:\/\/dynamictravel.com.br\/blog\/#website"},"primaryImageOfPage":{"@id":"https:\/\/dynamictravel.com.br\/blog\/principais-atualizacoes-do-mes-de-agosto-sobre-o-mercado-das-viagens-corporativas\/#primaryimage"},"image":{"@id":"https:\/\/dynamictravel.com.br\/blog\/principais-atualizacoes-do-mes-de-agosto-sobre-o-mercado-das-viagens-corporativas\/#primaryimage"},"thumbnailUrl":"https:\/\/dynamictravel.com.br\/blog\/wp-content\/uploads\/2022\/07\/MicrosoftTeams-image-46.jpg","datePublished":"2023-08-31T16:23:36+00:00","dateModified":"2024-12-20T14:23:50+00:00","description":"Confira as principais atualiza\u00e7\u00f5es sobre o mercado das viagens corporativas.","breadcrumb":{"@id":"https:\/\/dynamictravel.com.br\/blog\/principais-atualizacoes-do-mes-de-agosto-sobre-o-mercado-das-viagens-corporativas\/#breadcrumb"},"inLanguage":"pt-BR","potentialAction":[{"@type":"ReadAction","target":["https:\/\/dynamictravel.com.br\/blog\/principais-atualizacoes-do-mes-de-agosto-sobre-o-mercado-das-viagens-corporativas\/"]}]},{"@type":"ImageObject","inLanguage":"pt-BR","@id":"https:\/\/dynamictravel.com.br\/blog\/principais-atualizacoes-do-mes-de-agosto-sobre-o-mercado-das-viagens-corporativas\/#primaryimage","url":"https:\/\/dynamictravel.com.br\/blog\/wp-content\/uploads\/2022\/07\/MicrosoftTeams-image-46.jpg","contentUrl":"https:\/\/dynamictravel.com.br\/blog\/wp-content\/uploads\/2022\/07\/MicrosoftTeams-image-46.jpg","width":1024,"height":1024},{"@type":"BreadcrumbList","@id":"https:\/\/dynamictravel.com.br\/blog\/principais-atualizacoes-do-mes-de-agosto-sobre-o-mercado-das-viagens-corporativas\/#breadcrumb","itemListElement":[{"@type":"ListItem","position":1,"name":"In\u00edcio","item":"https:\/\/dynamictravel.com.br\/blog\/"},{"@type":"ListItem","position":2,"name":"Principais atualiza\u00e7\u00f5es do m\u00eas de agosto sobre o mercado das viagens corporativas"}]},{"@type":"WebSite","@id":"https:\/\/dynamictravel.com.br\/blog\/#website","url":"https:\/\/dynamictravel.com.br\/blog\/","name":"Blog Dynamic Travel","description":"Ag\u00eancia de Viagens Corporativas","publisher":{"@id":"https:\/\/dynamictravel.com.br\/blog\/#organization"},"potentialAction":[{"@type":"SearchAction","target":{"@type":"EntryPoint","urlTemplate":"https:\/\/dynamictravel.com.br\/blog\/?s={search_term_string}"},"query-input":{"@type":"PropertyValueSpecification","valueRequired":true,"valueName":"search_term_string"}}],"inLanguage":"pt-BR"},{"@type":"Organization","@id":"https:\/\/dynamictravel.com.br\/blog\/#organization","name":"Blog Dynamic Travel","url":"https:\/\/dynamictravel.com.br\/blog\/","logo":{"@type":"ImageObject","inLanguage":"pt-BR","@id":"https:\/\/dynamictravel.com.br\/blog\/#\/schema\/logo\/image\/","url":"https:\/\/dynamictravel.com.br\/blog\/wp-content\/uploads\/2024\/10\/logo-dynamic-travel.webp","contentUrl":"https:\/\/dynamictravel.com.br\/blog\/wp-content\/uploads\/2024\/10\/logo-dynamic-travel.webp","width":320,"height":111,"caption":"Blog Dynamic Travel"},"image":{"@id":"https:\/\/dynamictravel.com.br\/blog\/#\/schema\/logo\/image\/"}},{"@type":"Person","@id":"https:\/\/dynamictravel.com.br\/blog\/#\/schema\/person\/e7178e0a0ffb297c221bb32117d9745f","name":"Reda\u00e7\u00e3o Dynamic Travel","image":{"@type":"ImageObject","inLanguage":"pt-BR","@id":"https:\/\/dynamictravel.com.br\/blog\/#\/schema\/person\/image\/","url":"https:\/\/secure.gravatar.com\/avatar\/1eb4bf102438663c299bc91dd2b1095c?s=96&d=mm&r=g","contentUrl":"https:\/\/secure.gravatar.com\/avatar\/1eb4bf102438663c299bc91dd2b1095c?s=96&d=mm&r=g","caption":"Reda\u00e7\u00e3o Dynamic Travel"},"sameAs":["https:\/\/dynamictravel.com.br"],"url":"https:\/\/dynamictravel.com.br\/blog\/author\/redacao\/"}]}},"uagb_featured_image_src":{"full":["https:\/\/dynamictravel.com.br\/blog\/wp-content\/uploads\/2022\/07\/MicrosoftTeams-image-46.jpg",1024,1024,false],"thumbnail":["https:\/\/dynamictravel.com.br\/blog\/wp-content\/uploads\/2022\/07\/MicrosoftTeams-image-46-150x150.jpg",150,150,true],"medium":["https:\/\/dynamictravel.com.br\/blog\/wp-content\/uploads\/2022\/07\/MicrosoftTeams-image-46-300x300.jpg",300,300,true],"medium_large":["https:\/\/dynamictravel.com.br\/blog\/wp-content\/uploads\/2022\/07\/MicrosoftTeams-image-46-768x768.jpg",768,768,true],"large":["https:\/\/dynamictravel.com.br\/blog\/wp-content\/uploads\/2022\/07\/MicrosoftTeams-image-46.jpg",1024,1024,false],"1536x1536":["https:\/\/dynamictravel.com.br\/blog\/wp-content\/uploads\/2022\/07\/MicrosoftTeams-image-46.jpg",1024,1024,false],"2048x2048":["https:\/\/dynamictravel.com.br\/blog\/wp-content\/uploads\/2022\/07\/MicrosoftTeams-image-46.jpg",1024,1024,false],"trp-custom-language-flag":["https:\/\/dynamictravel.com.br\/blog\/wp-content\/uploads\/2022\/07\/MicrosoftTeams-image-46.jpg",12,12,false]},"uagb_author_info":{"display_name":"Reda\u00e7\u00e3o Dynamic Travel","author_link":"https:\/\/dynamictravel.com.br\/blog\/author\/redacao\/"},"uagb_comment_info":0,"uagb_excerpt":"Agosto: Confira as principais atualiza\u00e7\u00f5es do mercado das viagens corporativas.","_links":{"self":[{"href":"https:\/\/dynamictravel.com.br\/blog\/wp-json\/wp\/v2\/posts\/2281","targetHints":{"allow":["GET"]}}],"collection":[{"href":"https:\/\/dynamictravel.com.br\/blog\/wp-json\/wp\/v2\/posts"}],"about":[{"href":"https:\/\/dynamictravel.com.br\/blog\/wp-json\/wp\/v2\/types\/post"}],"author":[{"embeddable":true,"href":"https:\/\/dynamictravel.com.br\/blog\/wp-json\/wp\/v2\/users\/4"}],"replies":[{"embeddable":true,"href":"https:\/\/dynamictravel.com.br\/blog\/wp-json\/wp\/v2\/comments?post=2281"}],"version-history":[{"count":15,"href":"https:\/\/dynamictravel.com.br\/blog\/wp-json\/wp\/v2\/posts\/2281\/revisions"}],"predecessor-version":[{"id":5585,"href":"https:\/\/dynamictravel.com.br\/blog\/wp-json\/wp\/v2\/posts\/2281\/revisions\/5585"}],"wp:featuredmedia":[{"embeddable":true,"href":"https:\/\/dynamictravel.com.br\/blog\/wp-json\/wp\/v2\/media\/578"}],"wp:attachment":[{"href":"https:\/\/dynamictravel.com.br\/blog\/wp-json\/wp\/v2\/media?parent=2281"}],"wp:term":[{"taxonomy":"category","embeddable":true,"href":"https:\/\/dynamictravel.com.br\/blog\/wp-json\/wp\/v2\/categories?post=2281"},{"taxonomy":"post_tag","embeddable":true,"href":"https:\/\/dynamictravel.com.br\/blog\/wp-json\/wp\/v2\/tags?post=2281"}],"curies":[{"name":"wp","href":"https:\/\/api.w.org\/{rel}","templated":true}]}}