{"id":1956,"date":"2023-06-23T13:26:40","date_gmt":"2023-06-23T16:26:40","guid":{"rendered":"https:\/\/dynamictravel.com.br\/blog\/?p=1956"},"modified":"2025-10-01T10:05:05","modified_gmt":"2025-10-01T13:05:05","slug":"sucesso-profissional-e-um-bom-plano-de-carreira-conheca-a-trajetoria-da-nossa-colaboradora-selma","status":"publish","type":"post","link":"https:\/\/dynamictravel.com.br\/blog\/sucesso-profissional-e-um-bom-plano-de-carreira-conheca-a-trajetoria-da-nossa-colaboradora-selma\/","title":{"rendered":"Sucesso profissional e um bom plano de carreira: conhe\u00e7a a trajet\u00f3ria da nossa colaboradora Selma!"},"content":{"rendered":"\n<p><a href=\"https:\/\/www.linkedin.com\/company\/15260704\" target=\"_blank\" rel=\"noopener\"><br><\/a><br><img loading=\"lazy\" decoding=\"async\" width=\"1024\" height=\"1024\" src=\"http:\/\/dynamictravel.com.br\/blog\/wp-content\/uploads\/2023\/06\/WhatsApp-Image-2023-06-22-at-3.56.55-PM.png\" alt=\"\"><br><br><a role=\"button\" href=\"https:\/\/dynamictravel.com.br\/blog\"><br><\/a><\/p>\n\n\n\n<p>A valoriza\u00e7\u00e3o individual dos colaboradores dentro de uma empresa \u00e9 um dos pilares mais importantes para o desenvolvimento dela. Um simples ato pode fazer com que o desempenho dos funcion\u00e1rios aumente, motivando-os a continuar fazendo um servi\u00e7o de qualidade e melhorando, at\u00e9 mesmo, seu ambiente de trabalho.<\/p>\n\n\n\n<p>A promo\u00e7\u00e3o da valoriza\u00e7\u00e3o n\u00e3o s\u00f3 aumenta a produtividade, como tamb\u00e9m evita certos inc\u00f4modos em rela\u00e7\u00e3o \u00e0 sa\u00fade mental, como a s\u00edndrome de <i>burnout<\/i>, classificada pela OMS (Organiza\u00e7\u00e3o Mundial da Sa\u00fade) como doen\u00e7a ocupacional e uma das s\u00edndromes mais comuns em ambientes de trabalho em 2022, problema constante que deve ser erradicado o quanto antes.<\/p>\n\n\n\n<p>Com isso, \u00e9 de extrema import\u00e2ncia a ado\u00e7\u00e3o de avalia\u00e7\u00f5es, workshops, treinamentos, sistema de recompensas e planos de desenvolvimento individual, nos quais l\u00edderes conseguem dar feedbacks sobre o desempenho de seus funcion\u00e1rios, sempre mirando em sua melhoria e no sucesso de sua carreira.<\/p>\n\n\n\n<p>Todos os pontos de valoriza\u00e7\u00e3o s\u00e3o essenciais para um bom plano de carreira. Quando um funcion\u00e1rio se sente valorizado em seu ambiente de trabalho, automaticamente investe em seu crescimento e seu sucesso profissional. Um plano de carreira bem estruturado faz com que o colaborador se sinta motivado a crescer dentro do meio corporativo, o que \u00e9 certo na <a href=\"https:\/\/dynamictravel.com.br\/blog\/nosso-jeito-de-ser-dynamic\/\"><b>Dynamic Travel<\/b><\/a>.<\/p>\n\n\n\n<p>Na Dynamic, a vis\u00e3o de futuro \u00e9 garantida! Sempre estabelecemos um bom plano de carreira para nossos funcion\u00e1rios, e contamos sempre com o sucesso profissional dentro de nossa organiza\u00e7\u00e3o. Um bom exemplo \u00e9 a Selma! Confira a entrevista a seguir, contando um pouco mais sobre sua carreira na Dynamic e o qu\u00e3o importante \u00e9 uma empresa que valoriza seus colaboradores e planeja o crescimento do todo.&nbsp;<\/p>\n\n\n\n<div class=\"wp-block-uagb-advanced-heading uagb-block-02a22378\"><h2 class=\"uagb-heading-text\"><strong>1)\u00a0Qual o seu nome e quanto tempo de Dynamic Travel voc\u00ea tem?\u00a0<\/strong><\/h2><\/div>\n\n\n\n<div class=\"wp-block-uagb-separator uagb-block-59b48fcb\"><div class=\"wp-block-uagb-separator__inner\" style=\"--my-background-image:\"><\/div><\/div>\n\n\n\n<p>\u201cMeu nome \u00e9 Selma Gon\u00e7alves, e eu tenho quase 5 anos! Completo 5 dia 23 de julho, t\u00e1 quase l\u00e1!\u201d<\/p>\n\n\n\n<div class=\"wp-block-uagb-advanced-heading uagb-block-5290c281\"><h2 class=\"uagb-heading-text\"><strong>2)\u00a0Conte para n\u00f3s um pouquinho da sua trajet\u00f3ria dentro da Dynamic Travel.\u00a0<\/strong><\/h2><\/div>\n\n\n\n<div class=\"wp-block-uagb-separator uagb-block-ea29fcee\"><div class=\"wp-block-uagb-separator__inner\" style=\"--my-background-image:\"><\/div><\/div>\n\n\n\n<p>\u201cEnt\u00e3o, eu entrei na Dynamic como consultora pleno, depois de um ano e meio eu j\u00e1 passei a ser s\u00eanior, e depois de quase quatro anos e meio que veio a proposta de eu ser coordenadora. \u00c9 um desafio, mas n\u00e3o deixa de ser a mesma fun\u00e7\u00e3o, s\u00f3 que agora eu tenho que olhar com outros olhos, n\u00e9? Eu falo que eu tenho outras cabe\u00e7as pensando na equipe. \u00c9 diferente, s\u00f3 que eu achei que era um projeto que j\u00e1 estava no meu momento, sabe? Eu me senti preparada para isso. A\u00ed eu aceitei o desafio e estamos aqui!\u201d<\/p>\n\n\n\n<div class=\"wp-block-uagb-advanced-heading uagb-block-0c56371b\"><h2 class=\"uagb-heading-text\"><strong>3)\u00a0Como voc\u00ea julga o n\u00edvel de relacionamento com a lideran\u00e7a da sua \u00e1rea?\u00a0\u00a0<\/strong><\/h2><\/div>\n\n\n\n<div class=\"wp-block-uagb-separator uagb-block-1572a0e3\"><div class=\"wp-block-uagb-separator__inner\" style=\"--my-background-image:\"><\/div><\/div>\n\n\n\n<p>\u201cExcelente! <a href=\"https:\/\/dynamictravel.com.br\/blog\/como-melhorar-a-comunicacao-interna-da-minha-empresa\/\"><b>A Dynamic nos d\u00e1 uma liberdade total de comunica\u00e7\u00e3o<\/b><\/a>, de expor opini\u00f5es, de mostrar as nossas ideias, vontades, trocamos muitas ideias desde os meus l\u00edderes at\u00e9 os de outras \u00e1reas, isso \u00e9 excelente, a comunica\u00e7\u00e3o.\u201d<\/p>\n\n\n\n<div class=\"wp-block-uagb-advanced-heading uagb-block-1c5d03ce\"><h2 class=\"uagb-heading-text\"><strong>4)\u00a0O que voc\u00ea mais gosta dentro da Dynamic?\u00a0\u00a0<\/strong><\/h2><\/div>\n\n\n\n<div class=\"wp-block-uagb-separator uagb-block-0d6957eb\"><div class=\"wp-block-uagb-separator__inner\" style=\"--my-background-image:\"><\/div><\/div>\n\n\n\n<p>\u201cA liberdade de trabalho! Eu acho que todo mundo aqui dentro, n\u00e3o tem quem fale \u201cai, eu me sinto engessada\u201d, n\u00e3o! Na Dynamic n\u00f3s n\u00e3o somos engessados, a gente consegue plantar ideias, por isso eu acho que \u00e9 esse sucesso, sabe? Porque todo mundo rema junto, ent\u00e3o isso que \u00e9 o engajamento legal da equipe, eu falo assim, do comercial, do financeiro, <a href=\"https:\/\/dynamictravel.com.br\/blog\/gestao-de-eventos-confira-quais-sao-os-principais-tipos-de-eventos-corporativos\/\"><b>eventos<\/b><\/a>, opera\u00e7\u00e3o, eu vejo que todos est\u00e3o na mesma sintonia, sabe? Eu acho isso muito legal, ent\u00e3o de primeiro seria a liberdade de trabalho.\u201d<\/p>\n\n\n\n<div class=\"wp-block-uagb-advanced-heading uagb-block-ec4b78cc\"><h2 class=\"uagb-heading-text\"><strong>5)\u00a0O que mais chamou a sua aten\u00e7\u00e3o quando entrou empresa?<\/strong><\/h2><\/div>\n\n\n\n<div class=\"wp-block-uagb-separator uagb-block-0f0a01d9\"><div class=\"wp-block-uagb-separator__inner\" style=\"--my-background-image:\"><\/div><\/div>\n\n\n\n<p>\u201cO acolhimento da equipe! Nossa, isso pra mim foi fundamental, porque a Dynamic \u00e9 uma empresa que, mesmo tendo sido uma fus\u00e3o, n\u00e3o perdeu a essencia dessa humanidade, que eu acho que v\u00ea pesssoas como pessoas. N\u00f3s n\u00e3o somos mais um n\u00famero dentro, n\u00e9? E eu acho que isso \u00e9 muito importante pra gente se sentir acolhido.\u201d<\/p>\n\n\n\n<div class=\"wp-block-uagb-advanced-heading uagb-block-02574d69\"><h2 class=\"uagb-heading-text\"><strong>6)\u00a0Qual foi o motivo pelo qual escolheu seguir carreira na Dynamic?<\/strong><\/h2><\/div>\n\n\n\n<div class=\"wp-block-uagb-separator uagb-block-34853dc9\"><div class=\"wp-block-uagb-separator__inner\" style=\"--my-background-image:\"><\/div><\/div>\n\n\n\n<p>\u201cPor me sentir parte da equipe, sempre dentro do futuro, me senti um pilarzinho na estrutura, sabe? Eu me sinto assim! N\u00e3o me vejo em outro lugar, ainda brinco dizendo que vou me aposentar aqui, sabe? Eu quero estar aqui eternamente, at\u00e9 terminar minha vida profissional, ent\u00e3o eu acho que \u00e9 isso.\u201d<\/p>\n\n\n\n<div class=\"wp-block-uagb-advanced-heading uagb-block-9f62b5cd\"><h2 class=\"uagb-heading-text\"><strong>7)\u00a0Qual a maior dificuldade de um colaborador no in\u00edcio da carreira e o que voc\u00ea aconselha para super\u00e1-la?<\/strong><\/h2><\/div>\n\n\n\n<div class=\"wp-block-uagb-separator uagb-block-a7a3d603\"><div class=\"wp-block-uagb-separator__inner\" style=\"--my-background-image:\"><\/div><\/div>\n\n\n\n<p>\u201c\u00c9 o que eu falo: toda mudan\u00e7a \u00e9 complicada! Por exemplo, os novos colaboradores, entraram quatro de uma vez. N\u00f3s estamos lidando com pessoas diferentes, que tem vida pessoal diferente, vida profissional diferente, <a href=\"https:\/\/dynamictravel.com.br\/blog\/5-dicas-e-solucoes-para-minimizar-problemas-com-bagagens-em-viagens-internacionais\/\"><b>bagagens<\/b><\/a> diferentes! Ent\u00e3o a gente tem que, primeiro, olhar para a pessoa e entender o n\u00edvel de cada um, e saber cobrar no n\u00edvel daquela pessoa, n\u00e3o exigir a mais ou a menos. Por isso que eu acho importante, \u00e9 isso que a Dynamic tem, o olhar para a pessoa, sabe? A gente consegue sentir cada colaborador, qual \u00e9 a necessidade dele naquele momento. E a minha mensagem para eles, quando eles entraram, foi falando assim: o que voc\u00eas precisam entender \u00e9 que voc\u00eas est\u00e3o em uma empresa nova, em um processo novo, com clientes novos, s\u00e3o duas adapta\u00e7\u00f5es! Ent\u00e3o eu acho que tem que ser no tempo, e nunca ter d\u00favidas, sempre perguntar, porque o achismo \u00e0s vezes pode levar ao erro e pode desgastar [a rela\u00e7\u00e3o] com o cliente, ent\u00e3o pergunte! Por mais bobinha que voc\u00ea ache a d\u00favida, pergunte uma, duas, tr\u00eas, at\u00e9 focar. Eu acho que \u00e9 isso!\u201d<\/p>\n\n\n\n<div class=\"wp-block-uagb-advanced-heading uagb-block-fbb3a381\"><h2 class=\"uagb-heading-text\"><strong>8)\u00a0Por fim, qual dica voc\u00ea daria a algu\u00e9m que quer seguir carreira na Dynamic e atingir seu sucesso profissional?<\/strong><\/h2><\/div>\n\n\n\n<div class=\"wp-block-uagb-separator uagb-block-d2280384\"><div class=\"wp-block-uagb-separator__inner\" style=\"--my-background-image:\"><\/div><\/div>\n\n\n\n<p>\u201cEstar sempre dispon\u00edvel e com a mente aberta para novos aprendizados. A gente n\u00e3o pode engessar e dizer que sabe de tudo, n\u00e3o! Ningu\u00e9m sabe tudo, a gente sempre tem que estar disposta a aprender, essa \u00e9 minha opini\u00e3o!\u201d<\/p>\n","protected":false},"excerpt":{"rendered":"<p>Leia a seguir sobre o sucesso profissional da nossa colaboradora Selma.<\/p>\n","protected":false},"author":4,"featured_media":1959,"comment_status":"open","ping_status":"open","sticky":false,"template":"","format":"standard","meta":{"_uag_custom_page_level_css":"","site-sidebar-layout":"default","site-content-layout":"","ast-site-content-layout":"","site-content-style":"default","site-sidebar-style":"default","ast-global-header-display":"","ast-banner-title-visibility":"","ast-main-header-display":"","ast-hfb-above-header-display":"","ast-hfb-below-header-display":"","ast-hfb-mobile-header-display":"","site-post-title":"","ast-breadcrumbs-content":"","ast-featured-img":"","footer-sml-layout":"","theme-transparent-header-meta":"","adv-header-id-meta":"","stick-header-meta":"","header-above-stick-meta":"","header-main-stick-meta":"","header-below-stick-meta":"","astra-migrate-meta-layouts":"default","ast-page-background-enabled":"default","ast-page-background-meta":{"desktop":{"background-color":"var(--ast-global-color-4)","background-image":"","background-repeat":"repeat","background-position":"center center","background-size":"auto","background-attachment":"scroll","background-type":"","background-media":"","overlay-type":"","overlay-color":"","overlay-opacity":"","overlay-gradient":""},"tablet":{"background-color":"","background-image":"","background-repeat":"repeat","background-position":"center center","background-size":"auto","background-attachment":"scroll","background-type":"","background-media":"","overlay-type":"","overlay-color":"","overlay-opacity":"","overlay-gradient":""},"mobile":{"background-color":"","background-image":"","background-repeat":"repeat","background-position":"center center","background-size":"auto","background-attachment":"scroll","background-type":"","background-media":"","overlay-type":"","overlay-color":"","overlay-opacity":"","overlay-gradient":""}},"ast-content-background-meta":{"desktop":{"background-color":"var(--ast-global-color-5)","background-image":"","background-repeat":"repeat","background-position":"center center","background-size":"auto","background-attachment":"scroll","background-type":"","background-media":"","overlay-type":"","overlay-color":"","overlay-opacity":"","overlay-gradient":""},"tablet":{"background-color":"var(--ast-global-color-5)","background-image":"","background-repeat":"repeat","background-position":"center center","background-size":"auto","background-attachment":"scroll","background-type":"","background-media":"","overlay-type":"","overlay-color":"","overlay-opacity":"","overlay-gradient":""},"mobile":{"background-color":"var(--ast-global-color-5)","background-image":"","background-repeat":"repeat","background-position":"center center","background-size":"auto","background-attachment":"scroll","background-type":"","background-media":"","overlay-type":"","overlay-color":"","overlay-opacity":"","overlay-gradient":""}},"footnotes":""},"categories":[4,7],"tags":[31,126,127,22,14,32],"class_list":["post-1956","post","type-post","status-publish","format-standard","has-post-thumbnail","hentry","category-institucional","category-interno","tag-agenciadeviagenscorporativas","tag-sucesso","tag-sucessoprofissional","tag-turismocorporativo","tag-viagenscorporativas","tag-viagensparaempresas"],"yoast_head":"<!-- This site is optimized with the Yoast SEO plugin v24.4 - https:\/\/yoast.com\/wordpress\/plugins\/seo\/ -->\n<title>Sucesso profissional e um bom plano de carreira: conhe\u00e7a a trajet\u00f3ria da nossa colaboradora Selma! - Blog Dynamic Travel<\/title>\n<meta name=\"description\" content=\"Confira um pouco mais sobre o plano de carreira e a ascens\u00e3o profissional de uma de nossas colaboradoras, a Selma!\" \/>\n<meta name=\"robots\" content=\"index, follow, max-snippet:-1, max-image-preview:large, max-video-preview:-1\" \/>\n<link rel=\"canonical\" href=\"https:\/\/dynamictravel.com.br\/blog\/sucesso-profissional-e-um-bom-plano-de-carreira-conheca-a-trajetoria-da-nossa-colaboradora-selma\/\" \/>\n<meta property=\"og:locale\" content=\"pt_BR\" \/>\n<meta property=\"og:type\" content=\"article\" \/>\n<meta property=\"og:title\" content=\"Sucesso profissional e um bom plano de carreira: conhe\u00e7a a trajet\u00f3ria da nossa colaboradora Selma! - Blog Dynamic Travel\" \/>\n<meta property=\"og:description\" content=\"Confira um pouco mais sobre o plano de carreira e a ascens\u00e3o profissional de uma de nossas colaboradoras, a Selma!\" \/>\n<meta property=\"og:url\" content=\"https:\/\/dynamictravel.com.br\/blog\/sucesso-profissional-e-um-bom-plano-de-carreira-conheca-a-trajetoria-da-nossa-colaboradora-selma\/\" \/>\n<meta property=\"og:site_name\" content=\"Blog Dynamic Travel\" \/>\n<meta property=\"article:published_time\" content=\"2023-06-23T16:26:40+00:00\" \/>\n<meta property=\"article:modified_time\" content=\"2025-10-01T13:05:05+00:00\" \/>\n<meta property=\"og:image\" content=\"https:\/\/dynamictravel.com.br\/blog\/wp-content\/uploads\/2023\/06\/WhatsApp-Image-2023-06-22-at-3.56.55-PM.png\" \/>\n\t<meta property=\"og:image:width\" content=\"1024\" \/>\n\t<meta property=\"og:image:height\" content=\"1024\" \/>\n\t<meta property=\"og:image:type\" content=\"image\/png\" \/>\n<meta name=\"author\" content=\"Reda\u00e7\u00e3o Dynamic Travel\" \/>\n<meta name=\"twitter:card\" content=\"summary_large_image\" \/>\n<meta name=\"twitter:label1\" content=\"Escrito por\" \/>\n\t<meta name=\"twitter:data1\" content=\"Reda\u00e7\u00e3o Dynamic Travel\" \/>\n\t<meta name=\"twitter:label2\" content=\"Est. tempo de leitura\" \/>\n\t<meta name=\"twitter:data2\" content=\"6 minutos\" \/>\n<script type=\"application\/ld+json\" class=\"yoast-schema-graph\">{\"@context\":\"https:\/\/schema.org\",\"@graph\":[{\"@type\":\"Article\",\"@id\":\"https:\/\/dynamictravel.com.br\/blog\/sucesso-profissional-e-um-bom-plano-de-carreira-conheca-a-trajetoria-da-nossa-colaboradora-selma\/#article\",\"isPartOf\":{\"@id\":\"https:\/\/dynamictravel.com.br\/blog\/sucesso-profissional-e-um-bom-plano-de-carreira-conheca-a-trajetoria-da-nossa-colaboradora-selma\/\"},\"author\":{\"name\":\"Reda\u00e7\u00e3o Dynamic Travel\",\"@id\":\"https:\/\/dynamictravel.com.br\/blog\/#\/schema\/person\/e7178e0a0ffb297c221bb32117d9745f\"},\"headline\":\"Sucesso profissional e um bom plano de carreira: conhe\u00e7a a trajet\u00f3ria da nossa colaboradora Selma!\",\"datePublished\":\"2023-06-23T16:26:40+00:00\",\"dateModified\":\"2025-10-01T13:05:05+00:00\",\"mainEntityOfPage\":{\"@id\":\"https:\/\/dynamictravel.com.br\/blog\/sucesso-profissional-e-um-bom-plano-de-carreira-conheca-a-trajetoria-da-nossa-colaboradora-selma\/\"},\"wordCount\":1021,\"commentCount\":0,\"publisher\":{\"@id\":\"https:\/\/dynamictravel.com.br\/blog\/#organization\"},\"image\":{\"@id\":\"https:\/\/dynamictravel.com.br\/blog\/sucesso-profissional-e-um-bom-plano-de-carreira-conheca-a-trajetoria-da-nossa-colaboradora-selma\/#primaryimage\"},\"thumbnailUrl\":\"https:\/\/dynamictravel.com.br\/blog\/wp-content\/uploads\/2023\/06\/WhatsApp-Image-2023-06-22-at-3.56.55-PM.png\",\"keywords\":[\"agenciadeviagenscorporativas\",\"sucesso\",\"sucessoprofissional\",\"turismocorporativo\",\"viagenscorporativas\",\"viagensparaempresas\"],\"articleSection\":[\"Institucional\",\"Interno\"],\"inLanguage\":\"pt-BR\",\"potentialAction\":[{\"@type\":\"CommentAction\",\"name\":\"Comment\",\"target\":[\"https:\/\/dynamictravel.com.br\/blog\/sucesso-profissional-e-um-bom-plano-de-carreira-conheca-a-trajetoria-da-nossa-colaboradora-selma\/#respond\"]}]},{\"@type\":\"WebPage\",\"@id\":\"https:\/\/dynamictravel.com.br\/blog\/sucesso-profissional-e-um-bom-plano-de-carreira-conheca-a-trajetoria-da-nossa-colaboradora-selma\/\",\"url\":\"https:\/\/dynamictravel.com.br\/blog\/sucesso-profissional-e-um-bom-plano-de-carreira-conheca-a-trajetoria-da-nossa-colaboradora-selma\/\",\"name\":\"Sucesso profissional e um bom plano de carreira: conhe\u00e7a a trajet\u00f3ria da nossa colaboradora Selma! - Blog Dynamic Travel\",\"isPartOf\":{\"@id\":\"https:\/\/dynamictravel.com.br\/blog\/#website\"},\"primaryImageOfPage\":{\"@id\":\"https:\/\/dynamictravel.com.br\/blog\/sucesso-profissional-e-um-bom-plano-de-carreira-conheca-a-trajetoria-da-nossa-colaboradora-selma\/#primaryimage\"},\"image\":{\"@id\":\"https:\/\/dynamictravel.com.br\/blog\/sucesso-profissional-e-um-bom-plano-de-carreira-conheca-a-trajetoria-da-nossa-colaboradora-selma\/#primaryimage\"},\"thumbnailUrl\":\"https:\/\/dynamictravel.com.br\/blog\/wp-content\/uploads\/2023\/06\/WhatsApp-Image-2023-06-22-at-3.56.55-PM.png\",\"datePublished\":\"2023-06-23T16:26:40+00:00\",\"dateModified\":\"2025-10-01T13:05:05+00:00\",\"description\":\"Confira um pouco mais sobre o plano de carreira e a ascens\u00e3o profissional de uma de nossas colaboradoras, a Selma!\",\"breadcrumb\":{\"@id\":\"https:\/\/dynamictravel.com.br\/blog\/sucesso-profissional-e-um-bom-plano-de-carreira-conheca-a-trajetoria-da-nossa-colaboradora-selma\/#breadcrumb\"},\"inLanguage\":\"pt-BR\",\"potentialAction\":[{\"@type\":\"ReadAction\",\"target\":[\"https:\/\/dynamictravel.com.br\/blog\/sucesso-profissional-e-um-bom-plano-de-carreira-conheca-a-trajetoria-da-nossa-colaboradora-selma\/\"]}]},{\"@type\":\"ImageObject\",\"inLanguage\":\"pt-BR\",\"@id\":\"https:\/\/dynamictravel.com.br\/blog\/sucesso-profissional-e-um-bom-plano-de-carreira-conheca-a-trajetoria-da-nossa-colaboradora-selma\/#primaryimage\",\"url\":\"https:\/\/dynamictravel.com.br\/blog\/wp-content\/uploads\/2023\/06\/WhatsApp-Image-2023-06-22-at-3.56.55-PM.png\",\"contentUrl\":\"https:\/\/dynamictravel.com.br\/blog\/wp-content\/uploads\/2023\/06\/WhatsApp-Image-2023-06-22-at-3.56.55-PM.png\",\"width\":1024,\"height\":1024},{\"@type\":\"BreadcrumbList\",\"@id\":\"https:\/\/dynamictravel.com.br\/blog\/sucesso-profissional-e-um-bom-plano-de-carreira-conheca-a-trajetoria-da-nossa-colaboradora-selma\/#breadcrumb\",\"itemListElement\":[{\"@type\":\"ListItem\",\"position\":1,\"name\":\"In\u00edcio\",\"item\":\"https:\/\/dynamictravel.com.br\/blog\/\"},{\"@type\":\"ListItem\",\"position\":2,\"name\":\"Sucesso profissional e um bom plano de carreira: conhe\u00e7a a trajet\u00f3ria da nossa colaboradora Selma!\"}]},{\"@type\":\"WebSite\",\"@id\":\"https:\/\/dynamictravel.com.br\/blog\/#website\",\"url\":\"https:\/\/dynamictravel.com.br\/blog\/\",\"name\":\"Blog Dynamic Travel\",\"description\":\"Ag\u00eancia de Viagens Corporativas\",\"publisher\":{\"@id\":\"https:\/\/dynamictravel.com.br\/blog\/#organization\"},\"potentialAction\":[{\"@type\":\"SearchAction\",\"target\":{\"@type\":\"EntryPoint\",\"urlTemplate\":\"https:\/\/dynamictravel.com.br\/blog\/?s={search_term_string}\"},\"query-input\":{\"@type\":\"PropertyValueSpecification\",\"valueRequired\":true,\"valueName\":\"search_term_string\"}}],\"inLanguage\":\"pt-BR\"},{\"@type\":\"Organization\",\"@id\":\"https:\/\/dynamictravel.com.br\/blog\/#organization\",\"name\":\"Blog Dynamic Travel\",\"url\":\"https:\/\/dynamictravel.com.br\/blog\/\",\"logo\":{\"@type\":\"ImageObject\",\"inLanguage\":\"pt-BR\",\"@id\":\"https:\/\/dynamictravel.com.br\/blog\/#\/schema\/logo\/image\/\",\"url\":\"https:\/\/dynamictravel.com.br\/blog\/wp-content\/uploads\/2024\/10\/logo-dynamic-travel.webp\",\"contentUrl\":\"https:\/\/dynamictravel.com.br\/blog\/wp-content\/uploads\/2024\/10\/logo-dynamic-travel.webp\",\"width\":320,\"height\":111,\"caption\":\"Blog Dynamic Travel\"},\"image\":{\"@id\":\"https:\/\/dynamictravel.com.br\/blog\/#\/schema\/logo\/image\/\"}},{\"@type\":\"Person\",\"@id\":\"https:\/\/dynamictravel.com.br\/blog\/#\/schema\/person\/e7178e0a0ffb297c221bb32117d9745f\",\"name\":\"Reda\u00e7\u00e3o Dynamic Travel\",\"image\":{\"@type\":\"ImageObject\",\"inLanguage\":\"pt-BR\",\"@id\":\"https:\/\/dynamictravel.com.br\/blog\/#\/schema\/person\/image\/\",\"url\":\"https:\/\/secure.gravatar.com\/avatar\/1eb4bf102438663c299bc91dd2b1095c?s=96&d=mm&r=g\",\"contentUrl\":\"https:\/\/secure.gravatar.com\/avatar\/1eb4bf102438663c299bc91dd2b1095c?s=96&d=mm&r=g\",\"caption\":\"Reda\u00e7\u00e3o Dynamic Travel\"},\"sameAs\":[\"https:\/\/dynamictravel.com.br\"],\"url\":\"https:\/\/dynamictravel.com.br\/blog\/author\/redacao\/\"}]}<\/script>\n<!-- \/ Yoast SEO plugin. -->","yoast_head_json":{"title":"Sucesso profissional e um bom plano de carreira: conhe\u00e7a a trajet\u00f3ria da nossa colaboradora Selma! - Blog Dynamic Travel","description":"Confira um pouco mais sobre o plano de carreira e a ascens\u00e3o profissional de uma de nossas colaboradoras, a Selma!","robots":{"index":"index","follow":"follow","max-snippet":"max-snippet:-1","max-image-preview":"max-image-preview:large","max-video-preview":"max-video-preview:-1"},"canonical":"https:\/\/dynamictravel.com.br\/blog\/sucesso-profissional-e-um-bom-plano-de-carreira-conheca-a-trajetoria-da-nossa-colaboradora-selma\/","og_locale":"pt_BR","og_type":"article","og_title":"Sucesso profissional e um bom plano de carreira: conhe\u00e7a a trajet\u00f3ria da nossa colaboradora Selma! - Blog Dynamic Travel","og_description":"Confira um pouco mais sobre o plano de carreira e a ascens\u00e3o profissional de uma de nossas colaboradoras, a Selma!","og_url":"https:\/\/dynamictravel.com.br\/blog\/sucesso-profissional-e-um-bom-plano-de-carreira-conheca-a-trajetoria-da-nossa-colaboradora-selma\/","og_site_name":"Blog Dynamic Travel","article_published_time":"2023-06-23T16:26:40+00:00","article_modified_time":"2025-10-01T13:05:05+00:00","og_image":[{"width":1024,"height":1024,"url":"https:\/\/dynamictravel.com.br\/blog\/wp-content\/uploads\/2023\/06\/WhatsApp-Image-2023-06-22-at-3.56.55-PM.png","type":"image\/png"}],"author":"Reda\u00e7\u00e3o Dynamic Travel","twitter_card":"summary_large_image","twitter_misc":{"Escrito por":"Reda\u00e7\u00e3o Dynamic Travel","Est. tempo de leitura":"6 minutos"},"schema":{"@context":"https:\/\/schema.org","@graph":[{"@type":"Article","@id":"https:\/\/dynamictravel.com.br\/blog\/sucesso-profissional-e-um-bom-plano-de-carreira-conheca-a-trajetoria-da-nossa-colaboradora-selma\/#article","isPartOf":{"@id":"https:\/\/dynamictravel.com.br\/blog\/sucesso-profissional-e-um-bom-plano-de-carreira-conheca-a-trajetoria-da-nossa-colaboradora-selma\/"},"author":{"name":"Reda\u00e7\u00e3o Dynamic Travel","@id":"https:\/\/dynamictravel.com.br\/blog\/#\/schema\/person\/e7178e0a0ffb297c221bb32117d9745f"},"headline":"Sucesso profissional e um bom plano de carreira: conhe\u00e7a a trajet\u00f3ria da nossa colaboradora Selma!","datePublished":"2023-06-23T16:26:40+00:00","dateModified":"2025-10-01T13:05:05+00:00","mainEntityOfPage":{"@id":"https:\/\/dynamictravel.com.br\/blog\/sucesso-profissional-e-um-bom-plano-de-carreira-conheca-a-trajetoria-da-nossa-colaboradora-selma\/"},"wordCount":1021,"commentCount":0,"publisher":{"@id":"https:\/\/dynamictravel.com.br\/blog\/#organization"},"image":{"@id":"https:\/\/dynamictravel.com.br\/blog\/sucesso-profissional-e-um-bom-plano-de-carreira-conheca-a-trajetoria-da-nossa-colaboradora-selma\/#primaryimage"},"thumbnailUrl":"https:\/\/dynamictravel.com.br\/blog\/wp-content\/uploads\/2023\/06\/WhatsApp-Image-2023-06-22-at-3.56.55-PM.png","keywords":["agenciadeviagenscorporativas","sucesso","sucessoprofissional","turismocorporativo","viagenscorporativas","viagensparaempresas"],"articleSection":["Institucional","Interno"],"inLanguage":"pt-BR","potentialAction":[{"@type":"CommentAction","name":"Comment","target":["https:\/\/dynamictravel.com.br\/blog\/sucesso-profissional-e-um-bom-plano-de-carreira-conheca-a-trajetoria-da-nossa-colaboradora-selma\/#respond"]}]},{"@type":"WebPage","@id":"https:\/\/dynamictravel.com.br\/blog\/sucesso-profissional-e-um-bom-plano-de-carreira-conheca-a-trajetoria-da-nossa-colaboradora-selma\/","url":"https:\/\/dynamictravel.com.br\/blog\/sucesso-profissional-e-um-bom-plano-de-carreira-conheca-a-trajetoria-da-nossa-colaboradora-selma\/","name":"Sucesso profissional e um bom plano de carreira: conhe\u00e7a a trajet\u00f3ria da nossa colaboradora Selma! - Blog Dynamic Travel","isPartOf":{"@id":"https:\/\/dynamictravel.com.br\/blog\/#website"},"primaryImageOfPage":{"@id":"https:\/\/dynamictravel.com.br\/blog\/sucesso-profissional-e-um-bom-plano-de-carreira-conheca-a-trajetoria-da-nossa-colaboradora-selma\/#primaryimage"},"image":{"@id":"https:\/\/dynamictravel.com.br\/blog\/sucesso-profissional-e-um-bom-plano-de-carreira-conheca-a-trajetoria-da-nossa-colaboradora-selma\/#primaryimage"},"thumbnailUrl":"https:\/\/dynamictravel.com.br\/blog\/wp-content\/uploads\/2023\/06\/WhatsApp-Image-2023-06-22-at-3.56.55-PM.png","datePublished":"2023-06-23T16:26:40+00:00","dateModified":"2025-10-01T13:05:05+00:00","description":"Confira um pouco mais sobre o plano de carreira e a ascens\u00e3o profissional de uma de nossas colaboradoras, a Selma!","breadcrumb":{"@id":"https:\/\/dynamictravel.com.br\/blog\/sucesso-profissional-e-um-bom-plano-de-carreira-conheca-a-trajetoria-da-nossa-colaboradora-selma\/#breadcrumb"},"inLanguage":"pt-BR","potentialAction":[{"@type":"ReadAction","target":["https:\/\/dynamictravel.com.br\/blog\/sucesso-profissional-e-um-bom-plano-de-carreira-conheca-a-trajetoria-da-nossa-colaboradora-selma\/"]}]},{"@type":"ImageObject","inLanguage":"pt-BR","@id":"https:\/\/dynamictravel.com.br\/blog\/sucesso-profissional-e-um-bom-plano-de-carreira-conheca-a-trajetoria-da-nossa-colaboradora-selma\/#primaryimage","url":"https:\/\/dynamictravel.com.br\/blog\/wp-content\/uploads\/2023\/06\/WhatsApp-Image-2023-06-22-at-3.56.55-PM.png","contentUrl":"https:\/\/dynamictravel.com.br\/blog\/wp-content\/uploads\/2023\/06\/WhatsApp-Image-2023-06-22-at-3.56.55-PM.png","width":1024,"height":1024},{"@type":"BreadcrumbList","@id":"https:\/\/dynamictravel.com.br\/blog\/sucesso-profissional-e-um-bom-plano-de-carreira-conheca-a-trajetoria-da-nossa-colaboradora-selma\/#breadcrumb","itemListElement":[{"@type":"ListItem","position":1,"name":"In\u00edcio","item":"https:\/\/dynamictravel.com.br\/blog\/"},{"@type":"ListItem","position":2,"name":"Sucesso profissional e um bom plano de carreira: conhe\u00e7a a trajet\u00f3ria da nossa colaboradora Selma!"}]},{"@type":"WebSite","@id":"https:\/\/dynamictravel.com.br\/blog\/#website","url":"https:\/\/dynamictravel.com.br\/blog\/","name":"Blog Dynamic Travel","description":"Ag\u00eancia de Viagens Corporativas","publisher":{"@id":"https:\/\/dynamictravel.com.br\/blog\/#organization"},"potentialAction":[{"@type":"SearchAction","target":{"@type":"EntryPoint","urlTemplate":"https:\/\/dynamictravel.com.br\/blog\/?s={search_term_string}"},"query-input":{"@type":"PropertyValueSpecification","valueRequired":true,"valueName":"search_term_string"}}],"inLanguage":"pt-BR"},{"@type":"Organization","@id":"https:\/\/dynamictravel.com.br\/blog\/#organization","name":"Blog Dynamic Travel","url":"https:\/\/dynamictravel.com.br\/blog\/","logo":{"@type":"ImageObject","inLanguage":"pt-BR","@id":"https:\/\/dynamictravel.com.br\/blog\/#\/schema\/logo\/image\/","url":"https:\/\/dynamictravel.com.br\/blog\/wp-content\/uploads\/2024\/10\/logo-dynamic-travel.webp","contentUrl":"https:\/\/dynamictravel.com.br\/blog\/wp-content\/uploads\/2024\/10\/logo-dynamic-travel.webp","width":320,"height":111,"caption":"Blog Dynamic Travel"},"image":{"@id":"https:\/\/dynamictravel.com.br\/blog\/#\/schema\/logo\/image\/"}},{"@type":"Person","@id":"https:\/\/dynamictravel.com.br\/blog\/#\/schema\/person\/e7178e0a0ffb297c221bb32117d9745f","name":"Reda\u00e7\u00e3o Dynamic Travel","image":{"@type":"ImageObject","inLanguage":"pt-BR","@id":"https:\/\/dynamictravel.com.br\/blog\/#\/schema\/person\/image\/","url":"https:\/\/secure.gravatar.com\/avatar\/1eb4bf102438663c299bc91dd2b1095c?s=96&d=mm&r=g","contentUrl":"https:\/\/secure.gravatar.com\/avatar\/1eb4bf102438663c299bc91dd2b1095c?s=96&d=mm&r=g","caption":"Reda\u00e7\u00e3o Dynamic Travel"},"sameAs":["https:\/\/dynamictravel.com.br"],"url":"https:\/\/dynamictravel.com.br\/blog\/author\/redacao\/"}]}},"uagb_featured_image_src":{"full":["https:\/\/dynamictravel.com.br\/blog\/wp-content\/uploads\/2023\/06\/WhatsApp-Image-2023-06-22-at-3.56.55-PM.png",1024,1024,false],"thumbnail":["https:\/\/dynamictravel.com.br\/blog\/wp-content\/uploads\/2023\/06\/WhatsApp-Image-2023-06-22-at-3.56.55-PM-150x150.png",150,150,true],"medium":["https:\/\/dynamictravel.com.br\/blog\/wp-content\/uploads\/2023\/06\/WhatsApp-Image-2023-06-22-at-3.56.55-PM-300x300.png",300,300,true],"medium_large":["https:\/\/dynamictravel.com.br\/blog\/wp-content\/uploads\/2023\/06\/WhatsApp-Image-2023-06-22-at-3.56.55-PM-768x768.png",768,768,true],"large":["https:\/\/dynamictravel.com.br\/blog\/wp-content\/uploads\/2023\/06\/WhatsApp-Image-2023-06-22-at-3.56.55-PM.png",1024,1024,false],"1536x1536":["https:\/\/dynamictravel.com.br\/blog\/wp-content\/uploads\/2023\/06\/WhatsApp-Image-2023-06-22-at-3.56.55-PM.png",1024,1024,false],"2048x2048":["https:\/\/dynamictravel.com.br\/blog\/wp-content\/uploads\/2023\/06\/WhatsApp-Image-2023-06-22-at-3.56.55-PM.png",1024,1024,false],"trp-custom-language-flag":["https:\/\/dynamictravel.com.br\/blog\/wp-content\/uploads\/2023\/06\/WhatsApp-Image-2023-06-22-at-3.56.55-PM.png",12,12,false]},"uagb_author_info":{"display_name":"Reda\u00e7\u00e3o Dynamic Travel","author_link":"https:\/\/dynamictravel.com.br\/blog\/author\/redacao\/"},"uagb_comment_info":1,"uagb_excerpt":"Leia a seguir sobre o sucesso profissional da nossa colaboradora Selma.","_links":{"self":[{"href":"https:\/\/dynamictravel.com.br\/blog\/wp-json\/wp\/v2\/posts\/1956","targetHints":{"allow":["GET"]}}],"collection":[{"href":"https:\/\/dynamictravel.com.br\/blog\/wp-json\/wp\/v2\/posts"}],"about":[{"href":"https:\/\/dynamictravel.com.br\/blog\/wp-json\/wp\/v2\/types\/post"}],"author":[{"embeddable":true,"href":"https:\/\/dynamictravel.com.br\/blog\/wp-json\/wp\/v2\/users\/4"}],"replies":[{"embeddable":true,"href":"https:\/\/dynamictravel.com.br\/blog\/wp-json\/wp\/v2\/comments?post=1956"}],"version-history":[{"count":43,"href":"https:\/\/dynamictravel.com.br\/blog\/wp-json\/wp\/v2\/posts\/1956\/revisions"}],"predecessor-version":[{"id":5602,"href":"https:\/\/dynamictravel.com.br\/blog\/wp-json\/wp\/v2\/posts\/1956\/revisions\/5602"}],"wp:featuredmedia":[{"embeddable":true,"href":"https:\/\/dynamictravel.com.br\/blog\/wp-json\/wp\/v2\/media\/1959"}],"wp:attachment":[{"href":"https:\/\/dynamictravel.com.br\/blog\/wp-json\/wp\/v2\/media?parent=1956"}],"wp:term":[{"taxonomy":"category","embeddable":true,"href":"https:\/\/dynamictravel.com.br\/blog\/wp-json\/wp\/v2\/categories?post=1956"},{"taxonomy":"post_tag","embeddable":true,"href":"https:\/\/dynamictravel.com.br\/blog\/wp-json\/wp\/v2\/tags?post=1956"}],"curies":[{"name":"wp","href":"https:\/\/api.w.org\/{rel}","templated":true}]}}