{"id":1518,"date":"2023-04-20T13:55:33","date_gmt":"2023-04-20T16:55:33","guid":{"rendered":"https:\/\/dynamictravel.com.br\/blog\/?p=1518"},"modified":"2025-10-01T15:16:34","modified_gmt":"2025-10-01T18:16:34","slug":"gestao-de-viagens-pontos-importantes-ao-elaborar-ou-reestruturar-a-sua-politica-de-viagens","status":"publish","type":"post","link":"https:\/\/dynamictravel.com.br\/blog\/gestao-de-viagens-pontos-importantes-ao-elaborar-ou-reestruturar-a-sua-politica-de-viagens\/","title":{"rendered":"Gest\u00e3o de Viagens: pontos importantes ao elaborar ou reestruturar a sua pol\u00edtica de viagens"},"content":{"rendered":"\n<p><br><img loading=\"lazy\" decoding=\"async\" width=\"1024\" height=\"1024\" src=\"http:\/\/dynamictravel.com.br\/blog\/wp-content\/uploads\/2023\/04\/pessoas-de-tiro-medio-discutindo.png\" alt=\"\"><br><a role=\"button\" href=\"https:\/\/dynamictravel.com.br\/blog\"><br><\/a><\/p>\n\n\n\n<p>A <a href=\"https:\/\/dynamictravel.com.br\/blog\/introducao-a-politica-de-viagens\/\"><b>pol\u00edtica de viagens <\/b><\/a>\u00e9 um conjunto de diretrizes e regras estabelecidas por uma organiza\u00e7\u00e3o para gerenciar processos de viagens de neg\u00f3cios e a log\u00edstica de seus funcion\u00e1rios, ou seja, \u00e9 um <a href=\"https:\/\/dynamictravel.com.br\/blog\/confira-quais-sao-os-itens-necessarios-para-uma-viagem-corporativa-segura-e-sem-imprevistos\/\"><b>documento<\/b><\/a> que re\u00fane todas as normas e regras necess\u00e1rias para uma \u00f3tima gest\u00e3o de viagens corporativas.&nbsp;<\/p>\n\n\n\n<p><a href=\"https:\/\/dynamictravel.com.br\/blog\/gestao-de-viagens-como-saber-se-a-sua-politica-de-viagens-esta-sendo-utilizada-corretamente\/\"><b>A pol\u00edtica de viagens tem como objetivo maximizar a efici\u00eancia, reduzir custos e garantir a seguran\u00e7a dos passageiros, sempre evitando riscos<\/b><\/a>.&nbsp;<\/p>\n\n\n\n<div class=\"wp-block-uagb-advanced-heading uagb-block-84a688ec\"><h2 class=\"uagb-heading-text\"><strong>Neste documento podemos encontrar as seguintes informa\u00e7\u00f5es:<\/strong><\/h2><\/div>\n\n\n\n<ul class=\"wp-block-list\">\n<li><b>Tipos de viagens permitidas<\/b>: por exemplo, viagens de neg\u00f3cios, viagens de treinamento, viagens para confer\u00eancias, eventos etc.;<\/li>\n\n\n\n<li><b>Procedimentos para reserva de viagens<\/b>: por exemplo, qual ag\u00eancia de viagens utilizar, quando reservar, quais classes de viagem s\u00e3o permitidas;<\/li>\n\n\n\n<li><b>Limites or\u00e7ament\u00e1rios para diversos tipos de despesas:<\/b> como <a href=\"https:\/\/dynamictravel.com.br\/blog\/gestao-de-viagens-quais-cuidados-deve-se-tomar-ao-comprar-uma-passagem-aerea\/\"><b>passagem a\u00e9rea<\/b><\/a>, hospedagem, alimenta\u00e7\u00e3o e transporte terrestre;<\/li>\n\n\n\n<li><b>Regras para pagamento de despesas de viagens:<\/b> com cart\u00f5es de cr\u00e9dito corporativos, faturamento ou adiantamentos em dinheiro;<\/li>\n\n\n\n<li><b>Pol\u00edticas de sa\u00fade e seguran\u00e7a do viajante:<\/b> como<b> <a href=\"https:\/\/dynamictravel.com.br\/blog\/seguro-viagem-um-guia-para-viagens-corporativas-sem-imprevistos\/\">informa\u00e7\u00f5es sobre seguro de viagem<\/a><\/b>, requisitos de vacina\u00e7\u00e3o e restri\u00e7\u00f5es de viagem.<\/li>\n<\/ul>\n\n\n\n<p>Uma pol\u00edtica de viagens ajuda a garantir que as viagens de neg\u00f3cios sejam gerenciadas de maneira eficaz, econ\u00f4mica e com a maior seguran\u00e7a poss\u00edvel, ao mesmo tempo que garante a conformidade com as expectativas da empresa.<\/p>\n\n\n\n<p>Caso a empresa n\u00e3o possua ou n\u00e3o pratique pol\u00edticas em vigor, isso pode resultar em uma s\u00e9rie de problemas, como aumento de custos, dificuldade de gerenciamento de despesas e riscos ao viajante.<\/p>\n\n\n\n<p>Portanto, al\u00e9m de ter uma pol\u00edtica bem estruturada, \u00e9 importante que as empresas monitorem a aplica\u00e7\u00e3o e desvios para garantir uma gest\u00e3o de viagens eficiente e econ\u00f4mica.<\/p>\n\n\n\n<div class=\"wp-block-uagb-advanced-heading uagb-block-b954bab3\"><h2 class=\"uagb-heading-text\"><strong>Quais benef\u00edcios a pol\u00edtica de viagem traz para a empresa e para o gestor de viagens?<\/strong><\/h2><\/div>\n\n\n\n<div class=\"wp-block-uagb-separator uagb-block-b10c47ae\"><div class=\"wp-block-uagb-separator__inner\" style=\"--my-background-image:\"><\/div><\/div>\n\n\n\n<p>A institucionaliza\u00e7\u00e3o desse documento garante a padroniza\u00e7\u00e3o dos processos e a garantia de fluidez nas viagens, fazendo com que todo o fluxo, desde a compra das passagens at\u00e9 a finaliza\u00e7\u00e3o e presta\u00e7\u00e3o de contas, seja realizado com excel\u00eancia e assertividade.<\/p>\n\n\n\n<p>A pol\u00edtica de viagem pode ser ben\u00e9fica tanto para a empresa quanto para os <a href=\"https:\/\/dynamictravel.com.br\/blog\/importancia-do-gestor-de-viagens\/\"><b>gestores <\/b><\/a>e seus viajantes. Confira a seguir alguns desses benef\u00edcios:<\/p>\n\n\n\n<ul class=\"wp-block-list\">\n<li><a href=\"https:\/\/dynamictravel.com.br\/blog\/gestao-de-viagens-5-formas-de-economizar-e-reduzir-custos-em-viagens-corporativas\/\"><b>Redu\u00e7\u00e3o de custos excessivo e um maior controle dos gastos<\/b><\/a>;<\/li>\n\n\n\n<li>Otimiza\u00e7\u00e3o dos processos;<\/li>\n\n\n\n<li>Seguran\u00e7a ao viajante;<\/li>\n\n\n\n<li>Maiores transpar\u00eancia e visibilidade;<\/li>\n\n\n\n<li>Redu\u00e7\u00e3o do tempo de planejamento;<\/li>\n\n\n\n<li>Aumento da efici\u00eancia.<\/li>\n<\/ul>\n\n\n\n<div class=\"wp-block-uagb-advanced-heading uagb-block-1fa7b211\"><h2 class=\"uagb-heading-text\"><strong>Pol\u00edtica de anteced\u00eancia: existe um prazo certo para as solicita\u00e7\u00f5es?\u00a0<\/strong><\/h2><\/div>\n\n\n\n<div class=\"wp-block-uagb-separator uagb-block-b28c3f89\"><div class=\"wp-block-uagb-separator__inner\" style=\"--my-background-image:\"><\/div><\/div>\n\n\n\n<p>N\u00e3o existe um prazo 100% exato para as solicita\u00e7\u00f5es. Esse tipo de pol\u00edtica depende de v\u00e1rios fatores, como: o perfil do cliente, suas principais rotas, principais dias da semana para embarque e a dura\u00e7\u00e3o total da viagem. Baseando-se nas an\u00e1lises e com a ajuda do <a href=\"https:\/\/dynamictravel.com.br\/blog\/business-intelligence\/\"><b>B.I<\/b><\/a>, conseguimos chegar a tais conclus\u00f5es, como, por exemplo, se a viagem de uma determinada rota normalmente dura um dia, a anteced\u00eancia da compra pode ser de cinco a sete dias, diferentemente de viagens que t\u00eam perman\u00eancia maior. Por\u00e9m, nem sempre a empresa tem um perfil que permite planejamento de suas viagens, fazendo com que as solicita\u00e7\u00f5es sejam emergenciais, ou seja, nesses casos, a pol\u00edtica de anteced\u00eancia n\u00e3o se aplica. <a href=\"https:\/\/dynamictravel.com.br\/blog\/como-realizar-a-melhor-compra-de-passagens-para-sua-empresa\/\"><b>Saiba mais sobre o assunto clicando aqui.<\/b><\/a>\u00a0<\/p>\n\n\n\n<div class=\"wp-block-uagb-advanced-heading uagb-block-7979d66f\"><h2 class=\"uagb-heading-text\"><strong>Adotar uma pol\u00edtica or\u00e7ament\u00e1ria\u00a0<\/strong><\/h2><\/div>\n\n\n\n<div class=\"wp-block-uagb-separator uagb-block-edef62de\"><div class=\"wp-block-uagb-separator__inner\" style=\"--my-background-image:\"><\/div><\/div>\n\n\n\n<p>Algumas empresas adotam pol\u00edticas de valor m\u00e1ximo em hospedagens, considerando o n\u00edvel hier\u00e1rquico dos colaboradores e a cidade de destino. Essa pol\u00edtica \u00e9 conhecida como City Cap, na qual \u00e9 estabelecido um valor teto, de acordo com o cargo e a cidade em que o viajante ir\u00e1 se hospedar, controlando o or\u00e7amento. Por exemplo: para a categoria de t\u00e9cnicos, o valor teto de gasto \u00e9 de R$ 250, j\u00e1 para a categoria de gerentes o valor teto de gasto \u00e9 de R$ 400 a di\u00e1ria, enquanto da diretoria o valor teto \u00e9 de R$ 600.\u00a0\u00a0<\/p>\n\n\n\n<div class=\"wp-block-uagb-advanced-heading uagb-block-69f0e6f9\"><h2 class=\"uagb-heading-text\"><strong>Processo de solicita\u00e7\u00e3o: centralizado ou descentralizado\u00a0<\/strong><\/h2><\/div>\n\n\n\n<div class=\"wp-block-uagb-separator uagb-block-292c5cae\"><div class=\"wp-block-uagb-separator__inner\" style=\"--my-background-image:\"><\/div><\/div>\n\n\n\n<p>Os processos de solicita\u00e7\u00e3o tamb\u00e9m devem ser considerados na pol\u00edtica de viagem, considerando o perfil da empresa. No modelo centralizado, a empresa define uma pessoa ou grupo para atuarem como solicitantes. A <a href=\"https:\/\/dynamictravel.com.br\/blog\/gestao-de-viagens-entenda-como-potencializar-a-comunicacao-entre-gestor-solicitante-e-viajante\/\"><b>interlocu\u00e7\u00e3o com o solicitante<\/b><\/a>, pelo ponto de vista da ag\u00eancia, se torna mais f\u00e1cil, pois o processo \u00e9 focado em pessoas espec\u00edficas e mais familiarizadas com procedimentos que fazem parte do seu escopo de atua\u00e7\u00e3o dentro da organiza\u00e7\u00e3o, situa\u00e7\u00e3o que normalmente diminui a autonomia do viajante.&nbsp;<\/p>\n\n\n\n<p>Em contrapartida, o processo descentralizado significa que o pr\u00f3prio viajante pode solicitar as viagens \u00e0 ag\u00eancia. Ou seja, o viajante pode fazer sua pr\u00f3pria requisi\u00e7\u00e3o, sem depender de um intermedi\u00e1rio para realizar solicita\u00e7\u00f5es em seu nome.&nbsp;<\/p>\n\n\n\n<p>Ambos os processos funcionam, por\u00e9m isso depende do perfil e da demanda de cada empresa. Algumas preferem que o processo de solicita\u00e7\u00e3o fique centralizado em uma, duas ou dez pessoas. J\u00e1 outras preferem dar autonomia para que os colaboradores consigam solicitar diretamente suas viagens, respeitando suas prefer\u00eancias, mas sempre em conformidade com a pol\u00edtica estabelecida.&nbsp;<\/p>\n\n\n\n<div class=\"wp-block-uagb-advanced-heading uagb-block-2c8088f2\"><h2 class=\"uagb-heading-text\"><strong>Pol\u00edtica de adiantamento e reembolso<\/strong><\/h2><\/div>\n\n\n\n<div class=\"wp-block-uagb-separator uagb-block-a4351e42\"><div class=\"wp-block-uagb-separator__inner\" style=\"--my-background-image:\"><\/div><\/div>\n\n\n\n<p>A pol\u00edtica de adiantamento e reembolso prev\u00ea regras e procedimentos estabelecidos por uma organiza\u00e7\u00e3o para gerenciar o processo de pagamento de despesas dos funcion\u00e1rios.<\/p>\n\n\n\n<p>O adiantamento \u00e9 um pagamento antecipado feito a um funcion\u00e1rio para cobrir as despesas relacionadas ao trabalho, como viagens, <a href=\"https:\/\/dynamictravel.com.br\/blog\/6-dicas-para-escolher-o-melhor-hotel-para-a-sua-viagem-corporativa\/\"><b>hospedagem<\/b><\/a>, alimenta\u00e7\u00e3o, transporte, entre outros. Essa pr\u00e1tica pode ser \u00fatil para evitar que os funcion\u00e1rios tenham que pagar essas despesas do pr\u00f3prio bolso e, posteriormente, solicitar o reembolso. Para cada situa\u00e7\u00e3o, h\u00e1 um valor espec\u00edfico que n\u00e3o deve ser ultrapassado.<\/p>\n\n\n\n<p>J\u00e1 o reembolso \u00e9 o processo em que o funcion\u00e1rio apresenta as despesas comprovadas por meio de recibos e outros documentos e solicita o reembolso desses valores. A pol\u00edtica de reembolso tamb\u00e9m deve estabelecer um limite m\u00e1ximo para cada categoria de despesa, al\u00e9m de especificar quais tipos de despesas s\u00e3o eleg\u00edveis para reembolso.<\/p>\n\n\n\n<p>\u00c9 importante que esse tipo de pol\u00edtica seja claro e transparente, para evitar mal-entendidos e inconsist\u00eancias nos processos de pagamento. Al\u00e9m disso, as pol\u00edticas devem ser consistentes com as <a href=\"https:\/\/dynamictravel.com.br\/blog\/introducao-a-lgpd-entenda-qual-sua-importancia-e-beneficio-para-as-empresas\/\"><b>leis<\/b><\/a> e regulamenta\u00e7\u00f5es aplic\u00e1veis, centralizadas em uma gest\u00e3o de <a href=\"https:\/\/dynamictravel.com.br\/blog\/expense-management-tudo-o-que-voce-precisa-saber-para-uma-excelente-gestao-de-despesas-corporativas-para-sua-empresa\/\"><b>Expense Management<\/b><\/a>, para que os processos sejam realizados de forma assertiva, possibilitando que o gestor identifique os <a href=\"https:\/\/dynamictravel.com.br\/blog\/como-reduzir-de-forma-efetiva-os-custos-em-viagens-para-empresas\/\"><b>custos totais de uma viagem.<\/b><\/a><\/p>\n\n\n\n<div class=\"wp-block-uagb-advanced-heading uagb-block-eeef3a17\"><h2 class=\"uagb-heading-text\"><strong>Pol\u00edtica de seguran\u00e7a dos viajantes\u00a0\u00a0\u00a0<\/strong><\/h2><\/div>\n\n\n\n<div class=\"wp-block-uagb-separator uagb-block-7f57ab77\"><div class=\"wp-block-uagb-separator__inner\" style=\"--my-background-image:\"><\/div><\/div>\n\n\n\n<p>Este tipo de pol\u00edtica est\u00e1 atrelado diretamente ao <a href=\"https:\/\/dynamictravel.com.br\/blog\/duty-of-care-garanta-a-seguranca-e-a-satisfacao-do-viajante-corporativo\/\"><b>Duty of Care<\/b><\/a>, um termo utilizado para descrever a responsabilidade legal e \u00e9tica de uma organiza\u00e7\u00e3o em rela\u00e7\u00e3o \u00e0 seguran\u00e7a e bem-estar de seus funcion\u00e1rios, clientes e outros stakeholders. Essa responsabilidade inclui a obriga\u00e7\u00e3o de prevenir riscos, minimizar perigos e proteger os interesses das partes envolvidas.<\/p>\n\n\n\n<p>Aplica-se em diferentes contextos, como no pr\u00f3prio ambiente de trabalho, em <a href=\"https:\/\/dynamictravel.com.br\/blog\/gestao-de-eventos-confira-quais-sao-os-principais-tipos-de-eventos-corporativos\/\"><b>eventos corporativos<\/b><\/a>, e diretamente relacionado \u00e0 seguran\u00e7a e bem-estar dos funcion\u00e1rios em <a href=\"https:\/\/dynamictravel.com.br\/blog\/gestao-de-viagens-conheca-os-tipos-de-viagens-corporativas-e-a-importancia-da-experiencia-do-cliente\/\"><b>viagens corporativas<\/b><\/a>. \u00c9 importante que as organiza\u00e7\u00f5es estabele\u00e7am pol\u00edticas e procedimentos adequados para garantir que os riscos sejam identificados e gerenciados de maneira apropriada, garantindo uma boa <a href=\"https:\/\/dynamictravel.com.br\/blog\/gestao-de-viagens-capacidades-e-habilidades-infaliveis-do-gestor-de-viagens\/\"><b>gest\u00e3o de viagens corporativas<\/b><\/a>.&nbsp;<\/p>\n\n\n\n<p>Por exemplo, \u00e9 importante definir um n\u00famero m\u00e1ximo de integrantes para utiliza\u00e7\u00e3o do mesmo transporte e separ\u00e1-los, para que n\u00e3o haja risco de impacto aos neg\u00f3cios ou mesmo a descontinuidade da em caso de acidente.<\/p>\n\n\n\n<div class=\"wp-block-uagb-advanced-heading uagb-block-214434cb\"><h2 class=\"uagb-heading-text\"><strong>Plano de comunica\u00e7\u00e3o\u00a0<\/strong><\/h2><\/div>\n\n\n\n<div class=\"wp-block-uagb-separator uagb-block-f4ad1cfd\"><div class=\"wp-block-uagb-separator__inner\" style=\"--my-background-image:\"><\/div><\/div>\n\n\n\n<p>A maior parte dos colaboradores n\u00e3o conhece as pol\u00edticas de sua empresa, <a href=\"https:\/\/dynamictravel.com.br\/blog\/como-melhorar-a-comunicacao-interna-da-minha-empresa\/\"><b>fato que compromete boa parte da comunica\u00e7\u00e3o e da gest\u00e3o dentro de uma organiza\u00e7\u00e3o.<\/b><\/a> \u00c9 de extrema import\u00e2ncia n\u00e3o s\u00f3 definir pol\u00edticas, mas apresent\u00e1-las aos colaboradores, de forma a terem um conhecimento claro e profundo sobre o tema para que, assim, consigam pratic\u00e1-las da melhor forma poss\u00edvel. O plano de comunica\u00e7\u00e3o pode ser feito atrav\u00e9s de insights nos e-mails, realiza\u00e7\u00e3o de workshops e palestras, fazendo com que esses ensinamentos sejam passados com intuito de melhorar o relacionamento e a transpar\u00eancia entre as equipes.<\/p>\n\n\n\n<p>Aqui, na Dynamic Travel, prestamos consultoria para elabora\u00e7\u00e3o de pol\u00edtica de viagens do zero, como tamb\u00e9m na reestrutura\u00e7\u00e3o de pol\u00edticas j\u00e1 existentes. Todos as \u00e1reas da Dynamic contribuem com pontos de observa\u00e7\u00e3o para maior robustez nos processos de viagens, <a href=\"https:\/\/dynamictravel.com.br\/blog\/gestao-de-viagens-quais-sao-os-maiores-desafios-enfrentados-pelos-gestores-de-viagens-corporativas\/\"><b>visando sempre \u00e0 melhor experi\u00eancia de gestores<\/b><\/a>, solicitantes e viajantes.<\/p>\n\n\n\n<p>A pol\u00edtica de viagem precisa ser atualizada periodicamente, pois a demanda, a quantidade de colaboradores em viagem e os trechos de deslocamento podem sofrer altera\u00e7\u00f5es, bem como haver mudan\u00e7as e tend\u00eancias externas. Por conta disso, \u00e9 extremamente importante fazer a revis\u00e3o peri\u00f3dica da sua pol\u00edtica de viagens. Em breve, traremos um conte\u00fado dedicado ao tema!&nbsp;<\/p>\n\n\n\n<p><b style=\"font-family: Arial, sans-serif\">Se voc\u00ea deseja potencializar a sua gest\u00e3o de viagens, fale agora mesmo com nossos especialistas!&nbsp;<\/b><\/p>\n","protected":false},"excerpt":{"rendered":"<p>Saiba como potencializar sua pol\u00edtica de viagens.<\/p>\n","protected":false},"author":6,"featured_media":1519,"comment_status":"open","ping_status":"open","sticky":false,"template":"","format":"standard","meta":{"_uag_custom_page_level_css":"","site-sidebar-layout":"default","site-content-layout":"","ast-site-content-layout":"","site-content-style":"default","site-sidebar-style":"default","ast-global-header-display":"","ast-banner-title-visibility":"","ast-main-header-display":"","ast-hfb-above-header-display":"","ast-hfb-below-header-display":"","ast-hfb-mobile-header-display":"","site-post-title":"","ast-breadcrumbs-content":"","ast-featured-img":"","footer-sml-layout":"","theme-transparent-header-meta":"","adv-header-id-meta":"","stick-header-meta":"","header-above-stick-meta":"","header-main-stick-meta":"","header-below-stick-meta":"","astra-migrate-meta-layouts":"default","ast-page-background-enabled":"default","ast-page-background-meta":{"desktop":{"background-color":"var(--ast-global-color-4)","background-image":"","background-repeat":"repeat","background-position":"center center","background-size":"auto","background-attachment":"scroll","background-type":"","background-media":"","overlay-type":"","overlay-color":"","overlay-opacity":"","overlay-gradient":""},"tablet":{"background-color":"","background-image":"","background-repeat":"repeat","background-position":"center center","background-size":"auto","background-attachment":"scroll","background-type":"","background-media":"","overlay-type":"","overlay-color":"","overlay-opacity":"","overlay-gradient":""},"mobile":{"background-color":"","background-image":"","background-repeat":"repeat","background-position":"center center","background-size":"auto","background-attachment":"scroll","background-type":"","background-media":"","overlay-type":"","overlay-color":"","overlay-opacity":"","overlay-gradient":""}},"ast-content-background-meta":{"desktop":{"background-color":"var(--ast-global-color-5)","background-image":"","background-repeat":"repeat","background-position":"center center","background-size":"auto","background-attachment":"scroll","background-type":"","background-media":"","overlay-type":"","overlay-color":"","overlay-opacity":"","overlay-gradient":""},"tablet":{"background-color":"var(--ast-global-color-5)","background-image":"","background-repeat":"repeat","background-position":"center center","background-size":"auto","background-attachment":"scroll","background-type":"","background-media":"","overlay-type":"","overlay-color":"","overlay-opacity":"","overlay-gradient":""},"mobile":{"background-color":"var(--ast-global-color-5)","background-image":"","background-repeat":"repeat","background-position":"center center","background-size":"auto","background-attachment":"scroll","background-type":"","background-media":"","overlay-type":"","overlay-color":"","overlay-opacity":"","overlay-gradient":""}},"footnotes":""},"categories":[40,5,236],"tags":[31,115,20,119,15,22,14,32],"class_list":["post-1518","post","type-post","status-publish","format-standard","has-post-thumbnail","hentry","category-artigo-de-diretoria","category-educacional","category-gestao-de-viagens","tag-agenciadeviagenscorporativas","tag-gestao","tag-gestaodeviagens","tag-gestor","tag-politicadeviagens","tag-turismocorporativo","tag-viagenscorporativas","tag-viagensparaempresas"],"yoast_head":"<!-- This site is optimized with the Yoast SEO plugin v24.4 - https:\/\/yoast.com\/wordpress\/plugins\/seo\/ -->\n<title>Gest\u00e3o de Viagens: pontos importantes ao elaborar ou reestruturar a sua pol\u00edtica de viagens - Blog Dynamic Travel<\/title>\n<meta name=\"description\" content=\"Confira alguns pontos importantes para constar em sua pol\u00edtica de viagens contribuindo para uma gest\u00e3o apurada de viagens corporativas\" \/>\n<meta name=\"robots\" content=\"index, follow, max-snippet:-1, max-image-preview:large, max-video-preview:-1\" \/>\n<link rel=\"canonical\" href=\"https:\/\/dynamictravel.com.br\/blog\/gestao-de-viagens-pontos-importantes-ao-elaborar-ou-reestruturar-a-sua-politica-de-viagens\/\" \/>\n<meta property=\"og:locale\" content=\"pt_BR\" \/>\n<meta property=\"og:type\" content=\"article\" \/>\n<meta property=\"og:title\" content=\"Gest\u00e3o de Viagens: pontos importantes ao elaborar ou reestruturar a sua pol\u00edtica de viagens - Blog Dynamic Travel\" \/>\n<meta property=\"og:description\" content=\"Confira alguns pontos importantes para constar em sua pol\u00edtica de viagens contribuindo para uma gest\u00e3o apurada de viagens corporativas\" \/>\n<meta property=\"og:url\" content=\"https:\/\/dynamictravel.com.br\/blog\/gestao-de-viagens-pontos-importantes-ao-elaborar-ou-reestruturar-a-sua-politica-de-viagens\/\" \/>\n<meta property=\"og:site_name\" content=\"Blog Dynamic Travel\" \/>\n<meta property=\"article:published_time\" content=\"2023-04-20T16:55:33+00:00\" \/>\n<meta property=\"article:modified_time\" content=\"2025-10-01T18:16:34+00:00\" \/>\n<meta property=\"og:image\" content=\"https:\/\/dynamictravel.com.br\/blog\/wp-content\/uploads\/2023\/04\/pessoas-de-tiro-medio-discutindo.png\" \/>\n\t<meta property=\"og:image:width\" content=\"1024\" \/>\n\t<meta property=\"og:image:height\" content=\"1024\" \/>\n\t<meta property=\"og:image:type\" content=\"image\/png\" \/>\n<meta name=\"author\" content=\"Demetrius Miguel\" \/>\n<meta name=\"twitter:card\" content=\"summary_large_image\" \/>\n<meta name=\"twitter:label1\" content=\"Escrito por\" \/>\n\t<meta name=\"twitter:data1\" content=\"Demetrius Miguel\" \/>\n\t<meta name=\"twitter:label2\" content=\"Est. tempo de leitura\" \/>\n\t<meta name=\"twitter:data2\" content=\"8 minutos\" \/>\n<script type=\"application\/ld+json\" class=\"yoast-schema-graph\">{\"@context\":\"https:\/\/schema.org\",\"@graph\":[{\"@type\":\"Article\",\"@id\":\"https:\/\/dynamictravel.com.br\/blog\/gestao-de-viagens-pontos-importantes-ao-elaborar-ou-reestruturar-a-sua-politica-de-viagens\/#article\",\"isPartOf\":{\"@id\":\"https:\/\/dynamictravel.com.br\/blog\/gestao-de-viagens-pontos-importantes-ao-elaborar-ou-reestruturar-a-sua-politica-de-viagens\/\"},\"author\":{\"name\":\"Demetrius Miguel\",\"@id\":\"https:\/\/dynamictravel.com.br\/blog\/#\/schema\/person\/2f7d1b1b4635dd147a966f6e4186c665\"},\"headline\":\"Gest\u00e3o de Viagens: pontos importantes ao elaborar ou reestruturar a sua pol\u00edtica de viagens\",\"datePublished\":\"2023-04-20T16:55:33+00:00\",\"dateModified\":\"2025-10-01T18:16:34+00:00\",\"mainEntityOfPage\":{\"@id\":\"https:\/\/dynamictravel.com.br\/blog\/gestao-de-viagens-pontos-importantes-ao-elaborar-ou-reestruturar-a-sua-politica-de-viagens\/\"},\"wordCount\":1528,\"commentCount\":0,\"publisher\":{\"@id\":\"https:\/\/dynamictravel.com.br\/blog\/#organization\"},\"image\":{\"@id\":\"https:\/\/dynamictravel.com.br\/blog\/gestao-de-viagens-pontos-importantes-ao-elaborar-ou-reestruturar-a-sua-politica-de-viagens\/#primaryimage\"},\"thumbnailUrl\":\"https:\/\/dynamictravel.com.br\/blog\/wp-content\/uploads\/2023\/04\/pessoas-de-tiro-medio-discutindo.png\",\"keywords\":[\"agenciadeviagenscorporativas\",\"gest\u00e3o\",\"gestaodeviagens\",\"gestor\",\"politicadeviagens\",\"turismocorporativo\",\"viagenscorporativas\",\"viagensparaempresas\"],\"articleSection\":[\"Artigo de Diretoria\",\"Educacional\",\"Gest\u00e3o de Viagens\"],\"inLanguage\":\"pt-BR\",\"potentialAction\":[{\"@type\":\"CommentAction\",\"name\":\"Comment\",\"target\":[\"https:\/\/dynamictravel.com.br\/blog\/gestao-de-viagens-pontos-importantes-ao-elaborar-ou-reestruturar-a-sua-politica-de-viagens\/#respond\"]}]},{\"@type\":\"WebPage\",\"@id\":\"https:\/\/dynamictravel.com.br\/blog\/gestao-de-viagens-pontos-importantes-ao-elaborar-ou-reestruturar-a-sua-politica-de-viagens\/\",\"url\":\"https:\/\/dynamictravel.com.br\/blog\/gestao-de-viagens-pontos-importantes-ao-elaborar-ou-reestruturar-a-sua-politica-de-viagens\/\",\"name\":\"Gest\u00e3o de Viagens: pontos importantes ao elaborar ou reestruturar a sua pol\u00edtica de viagens - Blog Dynamic Travel\",\"isPartOf\":{\"@id\":\"https:\/\/dynamictravel.com.br\/blog\/#website\"},\"primaryImageOfPage\":{\"@id\":\"https:\/\/dynamictravel.com.br\/blog\/gestao-de-viagens-pontos-importantes-ao-elaborar-ou-reestruturar-a-sua-politica-de-viagens\/#primaryimage\"},\"image\":{\"@id\":\"https:\/\/dynamictravel.com.br\/blog\/gestao-de-viagens-pontos-importantes-ao-elaborar-ou-reestruturar-a-sua-politica-de-viagens\/#primaryimage\"},\"thumbnailUrl\":\"https:\/\/dynamictravel.com.br\/blog\/wp-content\/uploads\/2023\/04\/pessoas-de-tiro-medio-discutindo.png\",\"datePublished\":\"2023-04-20T16:55:33+00:00\",\"dateModified\":\"2025-10-01T18:16:34+00:00\",\"description\":\"Confira alguns pontos importantes para constar em sua pol\u00edtica de viagens contribuindo para uma gest\u00e3o apurada de viagens corporativas\",\"breadcrumb\":{\"@id\":\"https:\/\/dynamictravel.com.br\/blog\/gestao-de-viagens-pontos-importantes-ao-elaborar-ou-reestruturar-a-sua-politica-de-viagens\/#breadcrumb\"},\"inLanguage\":\"pt-BR\",\"potentialAction\":[{\"@type\":\"ReadAction\",\"target\":[\"https:\/\/dynamictravel.com.br\/blog\/gestao-de-viagens-pontos-importantes-ao-elaborar-ou-reestruturar-a-sua-politica-de-viagens\/\"]}]},{\"@type\":\"ImageObject\",\"inLanguage\":\"pt-BR\",\"@id\":\"https:\/\/dynamictravel.com.br\/blog\/gestao-de-viagens-pontos-importantes-ao-elaborar-ou-reestruturar-a-sua-politica-de-viagens\/#primaryimage\",\"url\":\"https:\/\/dynamictravel.com.br\/blog\/wp-content\/uploads\/2023\/04\/pessoas-de-tiro-medio-discutindo.png\",\"contentUrl\":\"https:\/\/dynamictravel.com.br\/blog\/wp-content\/uploads\/2023\/04\/pessoas-de-tiro-medio-discutindo.png\",\"width\":1024,\"height\":1024},{\"@type\":\"BreadcrumbList\",\"@id\":\"https:\/\/dynamictravel.com.br\/blog\/gestao-de-viagens-pontos-importantes-ao-elaborar-ou-reestruturar-a-sua-politica-de-viagens\/#breadcrumb\",\"itemListElement\":[{\"@type\":\"ListItem\",\"position\":1,\"name\":\"In\u00edcio\",\"item\":\"https:\/\/dynamictravel.com.br\/blog\/\"},{\"@type\":\"ListItem\",\"position\":2,\"name\":\"Gest\u00e3o de Viagens: pontos importantes ao elaborar ou reestruturar a sua pol\u00edtica de viagens\"}]},{\"@type\":\"WebSite\",\"@id\":\"https:\/\/dynamictravel.com.br\/blog\/#website\",\"url\":\"https:\/\/dynamictravel.com.br\/blog\/\",\"name\":\"Blog Dynamic Travel\",\"description\":\"Ag\u00eancia de Viagens Corporativas\",\"publisher\":{\"@id\":\"https:\/\/dynamictravel.com.br\/blog\/#organization\"},\"potentialAction\":[{\"@type\":\"SearchAction\",\"target\":{\"@type\":\"EntryPoint\",\"urlTemplate\":\"https:\/\/dynamictravel.com.br\/blog\/?s={search_term_string}\"},\"query-input\":{\"@type\":\"PropertyValueSpecification\",\"valueRequired\":true,\"valueName\":\"search_term_string\"}}],\"inLanguage\":\"pt-BR\"},{\"@type\":\"Organization\",\"@id\":\"https:\/\/dynamictravel.com.br\/blog\/#organization\",\"name\":\"Blog Dynamic Travel\",\"url\":\"https:\/\/dynamictravel.com.br\/blog\/\",\"logo\":{\"@type\":\"ImageObject\",\"inLanguage\":\"pt-BR\",\"@id\":\"https:\/\/dynamictravel.com.br\/blog\/#\/schema\/logo\/image\/\",\"url\":\"https:\/\/dynamictravel.com.br\/blog\/wp-content\/uploads\/2024\/10\/logo-dynamic-travel.webp\",\"contentUrl\":\"https:\/\/dynamictravel.com.br\/blog\/wp-content\/uploads\/2024\/10\/logo-dynamic-travel.webp\",\"width\":320,\"height\":111,\"caption\":\"Blog Dynamic Travel\"},\"image\":{\"@id\":\"https:\/\/dynamictravel.com.br\/blog\/#\/schema\/logo\/image\/\"}},{\"@type\":\"Person\",\"@id\":\"https:\/\/dynamictravel.com.br\/blog\/#\/schema\/person\/2f7d1b1b4635dd147a966f6e4186c665\",\"name\":\"Demetrius Miguel\",\"image\":{\"@type\":\"ImageObject\",\"inLanguage\":\"pt-BR\",\"@id\":\"https:\/\/dynamictravel.com.br\/blog\/#\/schema\/person\/image\/\",\"url\":\"https:\/\/secure.gravatar.com\/avatar\/c62f3c3c5f5bd47c89559cb2556077f4?s=96&d=mm&r=g\",\"contentUrl\":\"https:\/\/secure.gravatar.com\/avatar\/c62f3c3c5f5bd47c89559cb2556077f4?s=96&d=mm&r=g\",\"caption\":\"Demetrius Miguel\"},\"sameAs\":[\"https:\/\/dynamictravel.com.br\"],\"url\":\"https:\/\/dynamictravel.com.br\/blog\/author\/demetrius\/\"}]}<\/script>\n<!-- \/ Yoast SEO plugin. -->","yoast_head_json":{"title":"Gest\u00e3o de Viagens: pontos importantes ao elaborar ou reestruturar a sua pol\u00edtica de viagens - Blog Dynamic Travel","description":"Confira alguns pontos importantes para constar em sua pol\u00edtica de viagens contribuindo para uma gest\u00e3o apurada de viagens corporativas","robots":{"index":"index","follow":"follow","max-snippet":"max-snippet:-1","max-image-preview":"max-image-preview:large","max-video-preview":"max-video-preview:-1"},"canonical":"https:\/\/dynamictravel.com.br\/blog\/gestao-de-viagens-pontos-importantes-ao-elaborar-ou-reestruturar-a-sua-politica-de-viagens\/","og_locale":"pt_BR","og_type":"article","og_title":"Gest\u00e3o de Viagens: pontos importantes ao elaborar ou reestruturar a sua pol\u00edtica de viagens - Blog Dynamic Travel","og_description":"Confira alguns pontos importantes para constar em sua pol\u00edtica de viagens contribuindo para uma gest\u00e3o apurada de viagens corporativas","og_url":"https:\/\/dynamictravel.com.br\/blog\/gestao-de-viagens-pontos-importantes-ao-elaborar-ou-reestruturar-a-sua-politica-de-viagens\/","og_site_name":"Blog Dynamic Travel","article_published_time":"2023-04-20T16:55:33+00:00","article_modified_time":"2025-10-01T18:16:34+00:00","og_image":[{"width":1024,"height":1024,"url":"https:\/\/dynamictravel.com.br\/blog\/wp-content\/uploads\/2023\/04\/pessoas-de-tiro-medio-discutindo.png","type":"image\/png"}],"author":"Demetrius Miguel","twitter_card":"summary_large_image","twitter_misc":{"Escrito por":"Demetrius Miguel","Est. tempo de leitura":"8 minutos"},"schema":{"@context":"https:\/\/schema.org","@graph":[{"@type":"Article","@id":"https:\/\/dynamictravel.com.br\/blog\/gestao-de-viagens-pontos-importantes-ao-elaborar-ou-reestruturar-a-sua-politica-de-viagens\/#article","isPartOf":{"@id":"https:\/\/dynamictravel.com.br\/blog\/gestao-de-viagens-pontos-importantes-ao-elaborar-ou-reestruturar-a-sua-politica-de-viagens\/"},"author":{"name":"Demetrius Miguel","@id":"https:\/\/dynamictravel.com.br\/blog\/#\/schema\/person\/2f7d1b1b4635dd147a966f6e4186c665"},"headline":"Gest\u00e3o de Viagens: pontos importantes ao elaborar ou reestruturar a sua pol\u00edtica de viagens","datePublished":"2023-04-20T16:55:33+00:00","dateModified":"2025-10-01T18:16:34+00:00","mainEntityOfPage":{"@id":"https:\/\/dynamictravel.com.br\/blog\/gestao-de-viagens-pontos-importantes-ao-elaborar-ou-reestruturar-a-sua-politica-de-viagens\/"},"wordCount":1528,"commentCount":0,"publisher":{"@id":"https:\/\/dynamictravel.com.br\/blog\/#organization"},"image":{"@id":"https:\/\/dynamictravel.com.br\/blog\/gestao-de-viagens-pontos-importantes-ao-elaborar-ou-reestruturar-a-sua-politica-de-viagens\/#primaryimage"},"thumbnailUrl":"https:\/\/dynamictravel.com.br\/blog\/wp-content\/uploads\/2023\/04\/pessoas-de-tiro-medio-discutindo.png","keywords":["agenciadeviagenscorporativas","gest\u00e3o","gestaodeviagens","gestor","politicadeviagens","turismocorporativo","viagenscorporativas","viagensparaempresas"],"articleSection":["Artigo de Diretoria","Educacional","Gest\u00e3o de Viagens"],"inLanguage":"pt-BR","potentialAction":[{"@type":"CommentAction","name":"Comment","target":["https:\/\/dynamictravel.com.br\/blog\/gestao-de-viagens-pontos-importantes-ao-elaborar-ou-reestruturar-a-sua-politica-de-viagens\/#respond"]}]},{"@type":"WebPage","@id":"https:\/\/dynamictravel.com.br\/blog\/gestao-de-viagens-pontos-importantes-ao-elaborar-ou-reestruturar-a-sua-politica-de-viagens\/","url":"https:\/\/dynamictravel.com.br\/blog\/gestao-de-viagens-pontos-importantes-ao-elaborar-ou-reestruturar-a-sua-politica-de-viagens\/","name":"Gest\u00e3o de Viagens: pontos importantes ao elaborar ou reestruturar a sua pol\u00edtica de viagens - Blog Dynamic Travel","isPartOf":{"@id":"https:\/\/dynamictravel.com.br\/blog\/#website"},"primaryImageOfPage":{"@id":"https:\/\/dynamictravel.com.br\/blog\/gestao-de-viagens-pontos-importantes-ao-elaborar-ou-reestruturar-a-sua-politica-de-viagens\/#primaryimage"},"image":{"@id":"https:\/\/dynamictravel.com.br\/blog\/gestao-de-viagens-pontos-importantes-ao-elaborar-ou-reestruturar-a-sua-politica-de-viagens\/#primaryimage"},"thumbnailUrl":"https:\/\/dynamictravel.com.br\/blog\/wp-content\/uploads\/2023\/04\/pessoas-de-tiro-medio-discutindo.png","datePublished":"2023-04-20T16:55:33+00:00","dateModified":"2025-10-01T18:16:34+00:00","description":"Confira alguns pontos importantes para constar em sua pol\u00edtica de viagens contribuindo para uma gest\u00e3o apurada de viagens corporativas","breadcrumb":{"@id":"https:\/\/dynamictravel.com.br\/blog\/gestao-de-viagens-pontos-importantes-ao-elaborar-ou-reestruturar-a-sua-politica-de-viagens\/#breadcrumb"},"inLanguage":"pt-BR","potentialAction":[{"@type":"ReadAction","target":["https:\/\/dynamictravel.com.br\/blog\/gestao-de-viagens-pontos-importantes-ao-elaborar-ou-reestruturar-a-sua-politica-de-viagens\/"]}]},{"@type":"ImageObject","inLanguage":"pt-BR","@id":"https:\/\/dynamictravel.com.br\/blog\/gestao-de-viagens-pontos-importantes-ao-elaborar-ou-reestruturar-a-sua-politica-de-viagens\/#primaryimage","url":"https:\/\/dynamictravel.com.br\/blog\/wp-content\/uploads\/2023\/04\/pessoas-de-tiro-medio-discutindo.png","contentUrl":"https:\/\/dynamictravel.com.br\/blog\/wp-content\/uploads\/2023\/04\/pessoas-de-tiro-medio-discutindo.png","width":1024,"height":1024},{"@type":"BreadcrumbList","@id":"https:\/\/dynamictravel.com.br\/blog\/gestao-de-viagens-pontos-importantes-ao-elaborar-ou-reestruturar-a-sua-politica-de-viagens\/#breadcrumb","itemListElement":[{"@type":"ListItem","position":1,"name":"In\u00edcio","item":"https:\/\/dynamictravel.com.br\/blog\/"},{"@type":"ListItem","position":2,"name":"Gest\u00e3o de Viagens: pontos importantes ao elaborar ou reestruturar a sua pol\u00edtica de viagens"}]},{"@type":"WebSite","@id":"https:\/\/dynamictravel.com.br\/blog\/#website","url":"https:\/\/dynamictravel.com.br\/blog\/","name":"Blog Dynamic Travel","description":"Ag\u00eancia de Viagens Corporativas","publisher":{"@id":"https:\/\/dynamictravel.com.br\/blog\/#organization"},"potentialAction":[{"@type":"SearchAction","target":{"@type":"EntryPoint","urlTemplate":"https:\/\/dynamictravel.com.br\/blog\/?s={search_term_string}"},"query-input":{"@type":"PropertyValueSpecification","valueRequired":true,"valueName":"search_term_string"}}],"inLanguage":"pt-BR"},{"@type":"Organization","@id":"https:\/\/dynamictravel.com.br\/blog\/#organization","name":"Blog Dynamic Travel","url":"https:\/\/dynamictravel.com.br\/blog\/","logo":{"@type":"ImageObject","inLanguage":"pt-BR","@id":"https:\/\/dynamictravel.com.br\/blog\/#\/schema\/logo\/image\/","url":"https:\/\/dynamictravel.com.br\/blog\/wp-content\/uploads\/2024\/10\/logo-dynamic-travel.webp","contentUrl":"https:\/\/dynamictravel.com.br\/blog\/wp-content\/uploads\/2024\/10\/logo-dynamic-travel.webp","width":320,"height":111,"caption":"Blog Dynamic Travel"},"image":{"@id":"https:\/\/dynamictravel.com.br\/blog\/#\/schema\/logo\/image\/"}},{"@type":"Person","@id":"https:\/\/dynamictravel.com.br\/blog\/#\/schema\/person\/2f7d1b1b4635dd147a966f6e4186c665","name":"Demetrius Miguel","image":{"@type":"ImageObject","inLanguage":"pt-BR","@id":"https:\/\/dynamictravel.com.br\/blog\/#\/schema\/person\/image\/","url":"https:\/\/secure.gravatar.com\/avatar\/c62f3c3c5f5bd47c89559cb2556077f4?s=96&d=mm&r=g","contentUrl":"https:\/\/secure.gravatar.com\/avatar\/c62f3c3c5f5bd47c89559cb2556077f4?s=96&d=mm&r=g","caption":"Demetrius Miguel"},"sameAs":["https:\/\/dynamictravel.com.br"],"url":"https:\/\/dynamictravel.com.br\/blog\/author\/demetrius\/"}]}},"uagb_featured_image_src":{"full":["https:\/\/dynamictravel.com.br\/blog\/wp-content\/uploads\/2023\/04\/pessoas-de-tiro-medio-discutindo.png",1024,1024,false],"thumbnail":["https:\/\/dynamictravel.com.br\/blog\/wp-content\/uploads\/2023\/04\/pessoas-de-tiro-medio-discutindo-150x150.png",150,150,true],"medium":["https:\/\/dynamictravel.com.br\/blog\/wp-content\/uploads\/2023\/04\/pessoas-de-tiro-medio-discutindo-300x300.png",300,300,true],"medium_large":["https:\/\/dynamictravel.com.br\/blog\/wp-content\/uploads\/2023\/04\/pessoas-de-tiro-medio-discutindo-768x768.png",768,768,true],"large":["https:\/\/dynamictravel.com.br\/blog\/wp-content\/uploads\/2023\/04\/pessoas-de-tiro-medio-discutindo.png",1024,1024,false],"1536x1536":["https:\/\/dynamictravel.com.br\/blog\/wp-content\/uploads\/2023\/04\/pessoas-de-tiro-medio-discutindo.png",1024,1024,false],"2048x2048":["https:\/\/dynamictravel.com.br\/blog\/wp-content\/uploads\/2023\/04\/pessoas-de-tiro-medio-discutindo.png",1024,1024,false],"trp-custom-language-flag":["https:\/\/dynamictravel.com.br\/blog\/wp-content\/uploads\/2023\/04\/pessoas-de-tiro-medio-discutindo.png",12,12,false]},"uagb_author_info":{"display_name":"Demetrius Miguel","author_link":"https:\/\/dynamictravel.com.br\/blog\/author\/demetrius\/"},"uagb_comment_info":6,"uagb_excerpt":"Saiba como potencializar sua pol\u00edtica de viagens.","_links":{"self":[{"href":"https:\/\/dynamictravel.com.br\/blog\/wp-json\/wp\/v2\/posts\/1518","targetHints":{"allow":["GET"]}}],"collection":[{"href":"https:\/\/dynamictravel.com.br\/blog\/wp-json\/wp\/v2\/posts"}],"about":[{"href":"https:\/\/dynamictravel.com.br\/blog\/wp-json\/wp\/v2\/types\/post"}],"author":[{"embeddable":true,"href":"https:\/\/dynamictravel.com.br\/blog\/wp-json\/wp\/v2\/users\/6"}],"replies":[{"embeddable":true,"href":"https:\/\/dynamictravel.com.br\/blog\/wp-json\/wp\/v2\/comments?post=1518"}],"version-history":[{"count":116,"href":"https:\/\/dynamictravel.com.br\/blog\/wp-json\/wp\/v2\/posts\/1518\/revisions"}],"predecessor-version":[{"id":5623,"href":"https:\/\/dynamictravel.com.br\/blog\/wp-json\/wp\/v2\/posts\/1518\/revisions\/5623"}],"wp:featuredmedia":[{"embeddable":true,"href":"https:\/\/dynamictravel.com.br\/blog\/wp-json\/wp\/v2\/media\/1519"}],"wp:attachment":[{"href":"https:\/\/dynamictravel.com.br\/blog\/wp-json\/wp\/v2\/media?parent=1518"}],"wp:term":[{"taxonomy":"category","embeddable":true,"href":"https:\/\/dynamictravel.com.br\/blog\/wp-json\/wp\/v2\/categories?post=1518"},{"taxonomy":"post_tag","embeddable":true,"href":"https:\/\/dynamictravel.com.br\/blog\/wp-json\/wp\/v2\/tags?post=1518"}],"curies":[{"name":"wp","href":"https:\/\/api.w.org\/{rel}","templated":true}]}}