{"id":1301,"date":"2023-03-30T13:39:01","date_gmt":"2023-03-30T16:39:01","guid":{"rendered":"https:\/\/dynamictravel.com.br\/blog\/?p=1301"},"modified":"2024-12-20T15:55:00","modified_gmt":"2024-12-20T18:55:00","slug":"principais-atualizacoes-do-mes-de-marco-sobre-o-mercado-das-viagens-corporativas","status":"publish","type":"post","link":"https:\/\/dynamictravel.com.br\/blog\/principais-atualizacoes-do-mes-de-marco-sobre-o-mercado-das-viagens-corporativas\/","title":{"rendered":"Principais atualiza\u00e7\u00f5es do m\u00eas de mar\u00e7o sobre o mercado das viagens corporativas"},"content":{"rendered":"\n<p><a href=\"https:\/\/www.linkedin.com\/company\/15260704\" target=\"_blank\" rel=\"noopener\"><br><\/a><br><img loading=\"lazy\" decoding=\"async\" width=\"1024\" height=\"1024\" src=\"http:\/\/dynamictravel.com.br\/blog\/wp-content\/uploads\/2022\/07\/MicrosoftTeams-image-46.jpg\" alt=\"\"><a role=\"button\" href=\"https:\/\/dynamictravel.com.br\/blog\"><br><\/a><\/p>\n\n\n\n<p>Com o intuito de manter seus leitores sempre bem informados, a Dynamic Travel publica regularmente, em seu <a href=\"https:\/\/dynamictravel.com.br\/\"><b>site<\/b><\/a>, as principais atualiza\u00e7\u00f5es do Brasil e do mundo relacionadas \u00e0s viagens corporativas. Confira a seguir o compilado de todas as mat\u00e9rias publicadas no m\u00eas de mar\u00e7o.<\/p>\n\n\n\n<hr class=\"wp-block-separator has-alpha-channel-opacity\" \/>\n\n\n\n<div class=\"wp-block-uagb-advanced-heading uagb-block-36751078\"><h2 class=\"uagb-heading-text\"><strong>Sita e Lufthansa automatizam opera\u00e7\u00f5es de bagagens extraviadas<\/strong><\/h2><\/div>\n\n\n\n<div class=\"wp-block-uagb-separator uagb-block-bdab0349\"><div class=\"wp-block-uagb-separator__inner\" style=\"--my-background-image:\"><\/div><\/div>\n\n\n\n<p>A companhia a\u00e9rea Lufthansa e a empresa de tecnologia Sita, se reuniram para automatizar as opera\u00e7\u00f5es de reenvio das bagagens.<\/p>\n\n\n\n<p>O WordTracer Auto Reflight permite que as bagagens extraviadas sejam redirecionadas entre duas conex\u00f5es de voo, sem nenhuma a\u00e7\u00e3o humana.<\/p>\n\n\n\n<p>Essa a\u00e7\u00e3o reduz custos, evita inc\u00f4modos aos passageiros e contribui para a diminui\u00e7\u00e3o de emiss\u00f5es de carbono, al\u00e9m de economizar tempo.<\/p>\n\n\n\n<p>A Lufthansa acredita que essa inova\u00e7\u00e3o em seus processos, far\u00e1 uma mudan\u00e7a significativa nas experi\u00eancias dos passageiros.<\/p>\n\n\n\n<p><strong>Fonte: Mercado &amp; Eventos<\/strong><br><i style=\"font-family: var( --e-global-typography-text-font-family ), Sans-serif;font-weight: var( --e-global-typography-text-font-weight );font-size: var(--bodyFontSize);letter-spacing: var(--bodyLetterSpacing);text-transform: var(--bodyTextTransform);background-color: var(--nv-site-bg)\">(<\/i>Publicado 29\/03\/2023)<\/p>\n\n\n\n<hr class=\"wp-block-separator has-alpha-channel-opacity\" \/>\n\n\n\n<div class=\"wp-block-uagb-advanced-heading uagb-block-cfe24188\"><h2 class=\"uagb-heading-text\"><strong>Deixa de ser obrigat\u00f3rio o uso de m\u00e1scaras em aeroportos e aeronaves.<\/strong><\/h2><\/div>\n\n\n\n<div class=\"wp-block-uagb-separator uagb-block-849e93d9\"><div class=\"wp-block-uagb-separator__inner\" style=\"--my-background-image:\"><\/div><\/div>\n\n\n\n<p>No in\u00edcio de mar\u00e7o (01\/03), foi aprovado pela Ag\u00eancia de Vigil\u00e2ncia Sanit\u00e1ria (Anvisa) a flexibiliza\u00e7\u00e3o do uso de m\u00e1scaras em aeroportos e aeronaves no Brasil.<\/p>\n\n\n\n<p>Caso os viajantes apresentem sintomas de Covid-19, a tripula\u00e7\u00e3o tem como responsabilidade o fornecimento de m\u00e1scaras.<\/p>\n\n\n\n<p><strong>Fonte: G1 e UOL<\/strong><br>(Publicado 24\/03\/2023)<\/p>\n\n\n\n<hr class=\"wp-block-separator has-alpha-channel-opacity\" \/>\n\n\n\n<div class=\"wp-block-uagb-advanced-heading uagb-block-a1aaded6\"><h2 class=\"uagb-heading-text\"><strong>Latam utiliza SAF em voo internacional<\/strong><\/h2><\/div>\n\n\n\n<div class=\"wp-block-uagb-separator uagb-block-50712ba0\"><div class=\"wp-block-uagb-separator__inner\" style=\"--my-background-image:\"><\/div><\/div>\n\n\n\n<p>A Latam utilizou combust\u00edvel sustent\u00e1vel de avia\u00e7\u00e3o (SAF) em um voo saindo da Espanha para a Am\u00e9rica do Norte.<\/p>\n\n\n\n<p>O SAF reduz em at\u00e9 80% as emiss\u00f5es de carbono ao longo de seu ciclo de vida, se comparado ao combust\u00edvel convencional. Al\u00e9m disso, o SAF apresenta relev\u00e2ncia significativa na gest\u00e3o de mudan\u00e7as clim\u00e1ticas, incluindo o famoso aquecimento global.<\/p>\n\n\n\n<p>A Latam tem como meta, eliminar pl\u00e1sticos de uso \u00fanico at\u00e9 o final deste ano, bem como, ser uma companhia a\u00e9rea com zero res\u00edduos de aterros sanit\u00e1rios at\u00e9 2027. Portanto, quanto mais atitudes sustent\u00e1veis forem adotadas e colocadas em pr\u00e1tica, maiores ser\u00e3o as chances de preserva\u00e7\u00e3o ao meio ambiente.<\/p>\n\n\n\n<p>Essa \u00e9 uma das medidas adotadas pela empresa para ter um menor impacto ambiental e ser carbono neutro at\u00e9 2050.<\/p>\n\n\n\n<p><strong>Fonte: Panrotas\u00a0<\/strong><br>(Publicado 23\/03\/2023)<\/p>\n\n\n\n<div class=\"wp-block-uagb-separator uagb-block-8b695804\"><div class=\"wp-block-uagb-separator__inner\" style=\"--my-background-image:\"><\/div><\/div>\n\n\n\n<div class=\"wp-block-uagb-advanced-heading uagb-block-a77bcbef\"><h2 class=\"uagb-heading-text\"><strong>EgyptAir ter\u00e1 voos diretos entre S\u00e3o Paulo e Cairo<\/strong><\/h2><\/div>\n\n\n\n<p>A partir do dia 4 de setembro, a companhia a\u00e9rea EgyptAir ter\u00e1 voos diretos da Capital do Egito para S\u00e3o Paulo no aeroporto de Guarulhos.<\/p>\n\n\n\n<p>O voo tem capacidade para 300 passageiros, sendo 279 assentos na classe econ\u00f4mica e 21 na executiva.\u00a0<\/p>\n\n\n\n<p>A ANAC aprovou o projeto, que teve in\u00edcio das negocia\u00e7\u00f5es entre os pa\u00edses em 2021.<\/p>\n\n\n\n<p><strong>Fonte: Mercado &amp; Eventos\u00a0<\/strong><br>(Publicado 23\/03\/2023)<\/p>\n\n\n\n<hr class=\"wp-block-separator has-alpha-channel-opacity\" \/>\n\n\n\n<div class=\"wp-block-uagb-separator uagb-block-c2e9697c\"><div class=\"wp-block-uagb-separator__inner\" style=\"--my-background-image:\"><\/div><\/div>\n\n\n\n<div class=\"wp-block-uagb-advanced-heading uagb-block-13cfb9ea\"><h2 class=\"uagb-heading-text\"><strong>Alta no setor de viagens corporativas<\/strong><\/h2><\/div>\n\n\n\n<div class=\"wp-block-uagb-separator uagb-block-fad1558c\"><div class=\"wp-block-uagb-separator__inner\" style=\"--my-background-image:\"><\/div><\/div>\n\n\n\n<p>O setor de viagens corporativas no Brasil est\u00e1 em forte expans\u00e3o e no \u00faltimo ano registrou um faturamento acumulado de R$ 93,6 bilh\u00f5es. Os dados s\u00e3o do Levantamento de Viagens Corporativas (LVC). Esta quantia representa um aumento de 81,6% em rela\u00e7\u00e3o a 2021, somente 4,7% abaixo do ano pr\u00e9-pandemia de 2019.<\/p>\n\n\n\n<p>Em dezembro de 2022, o gasto estimado com viagens corporativas no Brasil foi de R$ 6,5 apresentando uma alta 15,7% com rela\u00e7\u00e3o ao ano anterior e superando em 2,3% o n\u00edvel pr\u00e9-pand\u00eamico.<\/p>\n\n\n\n<p>A atua\u00e7\u00e3o do turismo corporativo tem sido cada vez mais intensa e as perspectivas futuras para todo o setor s\u00e3o muito positivas.<\/p>\n\n\n\n<p><strong>Fonte: Panrotas<\/strong><br><span style=\"font-family: Roboto, sans-serif\">(Publicado 15\/03\/2023)<\/span><\/p>\n\n\n\n<hr class=\"wp-block-separator has-alpha-channel-opacity\" \/>\n\n\n\n<div class=\"wp-block-uagb-advanced-heading uagb-block-1eb5c842\"><h2 class=\"uagb-heading-text\"><strong>EUA aprova projeto de lei para retirar exig\u00eancia de vacina aos visitantes<\/strong><\/h2><\/div>\n\n\n\n<div class=\"wp-block-uagb-separator uagb-block-e44ab76e\"><div class=\"wp-block-uagb-separator__inner\" style=\"--my-background-image:\"><\/div><\/div>\n\n\n\n<p>A c\u00e2mara dos Estados Unidos aprovou o projeto de lei HR 185 que encerra a exig\u00eancia de comprova\u00e7\u00e3o da vacina contra o Corona V\u00edrus para visitantes que chegam de avi\u00e3o ao pa\u00eds.<\/p>\n\n\n\n<p>A US Travel Association, uma das principais organiza\u00e7\u00f5es de lobby e turismo dos EUA, considera a imposi\u00e7\u00e3o do CDC (Centro de Controle e Preven\u00e7\u00e3o de Doen\u00e7as) uma pol\u00edtica desatualizada.<\/p>\n\n\n\n<p>Com o encerramento do comprovante de vacina\u00e7\u00e3o, espera-se que o pa\u00eds receba ainda mais turistas, aumentando o \u00edndice de viagens internacionais.<\/p>\n\n\n\n<p>Para mais informa\u00e7\u00f5es, acesse o <a href=\"https:\/\/www.travelweekly.com\/Travel-News\/Government\/House-passes-bill-dump-vaccine-mandate-for-visitors\"><b>Travel Weekly<\/b><\/a>.<\/p>\n\n\n\n<p><strong>Fonte: Panrotas<\/strong><br>(Publicado 08\/03\/2023)<\/p>\n\n\n\n<hr class=\"wp-block-separator has-alpha-channel-opacity\" \/>\n\n\n\n<p><b style=\"font-family: var( --e-global-typography-text-font-family ), Sans-serif;font-size: var(--bodyFontSize);letter-spacing: var(--bodyLetterSpacing);text-transform: var(--bodyTextTransform);background-color: var(--nv-site-bg)\">Acesse o&nbsp;<\/b><a style=\"font-family: var( --e-global-typography-text-font-family ), Sans-serif;font-weight: var( --e-global-typography-text-font-weight );font-size: var(--bodyFontSize);letter-spacing: var(--bodyLetterSpacing);text-transform: var(--bodyTextTransform);background-color: var(--nv-site-bg)\" href=\"https:\/\/dynamictravel.com.br\/\" target=\"_blank\" rel=\"noopener\"><b>site<\/b><\/a><b style=\"font-family: var( --e-global-typography-text-font-family ), Sans-serif;font-size: var(--bodyFontSize);letter-spacing: var(--bodyLetterSpacing);text-transform: var(--bodyTextTransform);background-color: var(--nv-site-bg)\">&nbsp;e esteja sempre bem informado com a Dynamic Travel<\/b><\/p>\n","protected":false},"excerpt":{"rendered":"<p>Mar\u00e7o: Confira as principais atualiza\u00e7\u00f5es do mercado das viagens corporativas.<\/p>\n","protected":false},"author":4,"featured_media":578,"comment_status":"open","ping_status":"open","sticky":false,"template":"","format":"standard","meta":{"_uag_custom_page_level_css":"","site-sidebar-layout":"default","site-content-layout":"","ast-site-content-layout":"","site-content-style":"default","site-sidebar-style":"default","ast-global-header-display":"","ast-banner-title-visibility":"","ast-main-header-display":"","ast-hfb-above-header-display":"","ast-hfb-below-header-display":"","ast-hfb-mobile-header-display":"","site-post-title":"","ast-breadcrumbs-content":"","ast-featured-img":"","footer-sml-layout":"","theme-transparent-header-meta":"","adv-header-id-meta":"","stick-header-meta":"","header-above-stick-meta":"","header-main-stick-meta":"","header-below-stick-meta":"","astra-migrate-meta-layouts":"default","ast-page-background-enabled":"default","ast-page-background-meta":{"desktop":{"background-color":"var(--ast-global-color-4)","background-image":"","background-repeat":"repeat","background-position":"center center","background-size":"auto","background-attachment":"scroll","background-type":"","background-media":"","overlay-type":"","overlay-color":"","overlay-opacity":"","overlay-gradient":""},"tablet":{"background-color":"","background-image":"","background-repeat":"repeat","background-position":"center center","background-size":"auto","background-attachment":"scroll","background-type":"","background-media":"","overlay-type":"","overlay-color":"","overlay-opacity":"","overlay-gradient":""},"mobile":{"background-color":"","background-image":"","background-repeat":"repeat","background-position":"center center","background-size":"auto","background-attachment":"scroll","background-type":"","background-media":"","overlay-type":"","overlay-color":"","overlay-opacity":"","overlay-gradient":""}},"ast-content-background-meta":{"desktop":{"background-color":"var(--ast-global-color-5)","background-image":"","background-repeat":"repeat","background-position":"center center","background-size":"auto","background-attachment":"scroll","background-type":"","background-media":"","overlay-type":"","overlay-color":"","overlay-opacity":"","overlay-gradient":""},"tablet":{"background-color":"var(--ast-global-color-5)","background-image":"","background-repeat":"repeat","background-position":"center center","background-size":"auto","background-attachment":"scroll","background-type":"","background-media":"","overlay-type":"","overlay-color":"","overlay-opacity":"","overlay-gradient":""},"mobile":{"background-color":"var(--ast-global-color-5)","background-image":"","background-repeat":"repeat","background-position":"center center","background-size":"auto","background-attachment":"scroll","background-type":"","background-media":"","overlay-type":"","overlay-color":"","overlay-opacity":"","overlay-gradient":""}},"footnotes":""},"categories":[3],"tags":[31,20,22,14,32],"class_list":["post-1301","post","type-post","status-publish","format-standard","has-post-thumbnail","hentry","category-mercado","tag-agenciadeviagenscorporativas","tag-gestaodeviagens","tag-turismocorporativo","tag-viagenscorporativas","tag-viagensparaempresas"],"yoast_head":"<!-- This site is optimized with the Yoast SEO plugin v24.4 - https:\/\/yoast.com\/wordpress\/plugins\/seo\/ -->\n<title>Principais atualiza\u00e7\u00f5es do m\u00eas de mar\u00e7o sobre o mercado das viagens corporativas - Blog Dynamic Travel<\/title>\n<meta name=\"description\" content=\"Confira as principais atualiza\u00e7\u00f5es sobre o mercado das viagens corporativas.\" \/>\n<meta name=\"robots\" content=\"index, follow, max-snippet:-1, max-image-preview:large, max-video-preview:-1\" \/>\n<link rel=\"canonical\" href=\"https:\/\/dynamictravel.com.br\/blog\/principais-atualizacoes-do-mes-de-marco-sobre-o-mercado-das-viagens-corporativas\/\" \/>\n<meta property=\"og:locale\" content=\"pt_BR\" \/>\n<meta property=\"og:type\" content=\"article\" \/>\n<meta property=\"og:title\" content=\"Principais atualiza\u00e7\u00f5es do m\u00eas de mar\u00e7o sobre o mercado das viagens corporativas - Blog Dynamic Travel\" \/>\n<meta property=\"og:description\" content=\"Confira as principais atualiza\u00e7\u00f5es sobre o mercado das viagens corporativas.\" \/>\n<meta property=\"og:url\" content=\"https:\/\/dynamictravel.com.br\/blog\/principais-atualizacoes-do-mes-de-marco-sobre-o-mercado-das-viagens-corporativas\/\" \/>\n<meta property=\"og:site_name\" content=\"Blog Dynamic Travel\" \/>\n<meta property=\"article:published_time\" content=\"2023-03-30T16:39:01+00:00\" \/>\n<meta property=\"article:modified_time\" content=\"2024-12-20T18:55:00+00:00\" \/>\n<meta property=\"og:image\" content=\"https:\/\/dynamictravel.com.br\/blog\/wp-content\/uploads\/2022\/07\/MicrosoftTeams-image-46.jpg\" \/>\n\t<meta property=\"og:image:width\" content=\"1024\" \/>\n\t<meta property=\"og:image:height\" content=\"1024\" \/>\n\t<meta property=\"og:image:type\" content=\"image\/jpeg\" \/>\n<meta name=\"author\" content=\"Reda\u00e7\u00e3o Dynamic Travel\" \/>\n<meta name=\"twitter:card\" content=\"summary_large_image\" \/>\n<meta name=\"twitter:label1\" content=\"Escrito por\" \/>\n\t<meta name=\"twitter:data1\" content=\"Reda\u00e7\u00e3o Dynamic Travel\" \/>\n\t<meta name=\"twitter:label2\" content=\"Est. tempo de leitura\" \/>\n\t<meta name=\"twitter:data2\" content=\"4 minutos\" \/>\n<script type=\"application\/ld+json\" class=\"yoast-schema-graph\">{\"@context\":\"https:\/\/schema.org\",\"@graph\":[{\"@type\":\"Article\",\"@id\":\"https:\/\/dynamictravel.com.br\/blog\/principais-atualizacoes-do-mes-de-marco-sobre-o-mercado-das-viagens-corporativas\/#article\",\"isPartOf\":{\"@id\":\"https:\/\/dynamictravel.com.br\/blog\/principais-atualizacoes-do-mes-de-marco-sobre-o-mercado-das-viagens-corporativas\/\"},\"author\":{\"name\":\"Reda\u00e7\u00e3o Dynamic Travel\",\"@id\":\"https:\/\/dynamictravel.com.br\/blog\/#\/schema\/person\/e7178e0a0ffb297c221bb32117d9745f\"},\"headline\":\"Principais atualiza\u00e7\u00f5es do m\u00eas de mar\u00e7o sobre o mercado das viagens corporativas\",\"datePublished\":\"2023-03-30T16:39:01+00:00\",\"dateModified\":\"2024-12-20T18:55:00+00:00\",\"mainEntityOfPage\":{\"@id\":\"https:\/\/dynamictravel.com.br\/blog\/principais-atualizacoes-do-mes-de-marco-sobre-o-mercado-das-viagens-corporativas\/\"},\"wordCount\":707,\"commentCount\":0,\"publisher\":{\"@id\":\"https:\/\/dynamictravel.com.br\/blog\/#organization\"},\"image\":{\"@id\":\"https:\/\/dynamictravel.com.br\/blog\/principais-atualizacoes-do-mes-de-marco-sobre-o-mercado-das-viagens-corporativas\/#primaryimage\"},\"thumbnailUrl\":\"https:\/\/dynamictravel.com.br\/blog\/wp-content\/uploads\/2022\/07\/MicrosoftTeams-image-46.jpg\",\"keywords\":[\"agenciadeviagenscorporativas\",\"gestaodeviagens\",\"turismocorporativo\",\"viagenscorporativas\",\"viagensparaempresas\"],\"articleSection\":[\"Mercado\"],\"inLanguage\":\"pt-BR\",\"potentialAction\":[{\"@type\":\"CommentAction\",\"name\":\"Comment\",\"target\":[\"https:\/\/dynamictravel.com.br\/blog\/principais-atualizacoes-do-mes-de-marco-sobre-o-mercado-das-viagens-corporativas\/#respond\"]}]},{\"@type\":\"WebPage\",\"@id\":\"https:\/\/dynamictravel.com.br\/blog\/principais-atualizacoes-do-mes-de-marco-sobre-o-mercado-das-viagens-corporativas\/\",\"url\":\"https:\/\/dynamictravel.com.br\/blog\/principais-atualizacoes-do-mes-de-marco-sobre-o-mercado-das-viagens-corporativas\/\",\"name\":\"Principais atualiza\u00e7\u00f5es do m\u00eas de mar\u00e7o sobre o mercado das viagens corporativas - Blog Dynamic Travel\",\"isPartOf\":{\"@id\":\"https:\/\/dynamictravel.com.br\/blog\/#website\"},\"primaryImageOfPage\":{\"@id\":\"https:\/\/dynamictravel.com.br\/blog\/principais-atualizacoes-do-mes-de-marco-sobre-o-mercado-das-viagens-corporativas\/#primaryimage\"},\"image\":{\"@id\":\"https:\/\/dynamictravel.com.br\/blog\/principais-atualizacoes-do-mes-de-marco-sobre-o-mercado-das-viagens-corporativas\/#primaryimage\"},\"thumbnailUrl\":\"https:\/\/dynamictravel.com.br\/blog\/wp-content\/uploads\/2022\/07\/MicrosoftTeams-image-46.jpg\",\"datePublished\":\"2023-03-30T16:39:01+00:00\",\"dateModified\":\"2024-12-20T18:55:00+00:00\",\"description\":\"Confira as principais atualiza\u00e7\u00f5es sobre o mercado das viagens corporativas.\",\"breadcrumb\":{\"@id\":\"https:\/\/dynamictravel.com.br\/blog\/principais-atualizacoes-do-mes-de-marco-sobre-o-mercado-das-viagens-corporativas\/#breadcrumb\"},\"inLanguage\":\"pt-BR\",\"potentialAction\":[{\"@type\":\"ReadAction\",\"target\":[\"https:\/\/dynamictravel.com.br\/blog\/principais-atualizacoes-do-mes-de-marco-sobre-o-mercado-das-viagens-corporativas\/\"]}]},{\"@type\":\"ImageObject\",\"inLanguage\":\"pt-BR\",\"@id\":\"https:\/\/dynamictravel.com.br\/blog\/principais-atualizacoes-do-mes-de-marco-sobre-o-mercado-das-viagens-corporativas\/#primaryimage\",\"url\":\"https:\/\/dynamictravel.com.br\/blog\/wp-content\/uploads\/2022\/07\/MicrosoftTeams-image-46.jpg\",\"contentUrl\":\"https:\/\/dynamictravel.com.br\/blog\/wp-content\/uploads\/2022\/07\/MicrosoftTeams-image-46.jpg\",\"width\":1024,\"height\":1024},{\"@type\":\"BreadcrumbList\",\"@id\":\"https:\/\/dynamictravel.com.br\/blog\/principais-atualizacoes-do-mes-de-marco-sobre-o-mercado-das-viagens-corporativas\/#breadcrumb\",\"itemListElement\":[{\"@type\":\"ListItem\",\"position\":1,\"name\":\"In\u00edcio\",\"item\":\"https:\/\/dynamictravel.com.br\/blog\/\"},{\"@type\":\"ListItem\",\"position\":2,\"name\":\"Principais atualiza\u00e7\u00f5es do m\u00eas de mar\u00e7o sobre o mercado das viagens corporativas\"}]},{\"@type\":\"WebSite\",\"@id\":\"https:\/\/dynamictravel.com.br\/blog\/#website\",\"url\":\"https:\/\/dynamictravel.com.br\/blog\/\",\"name\":\"Blog Dynamic Travel\",\"description\":\"Ag\u00eancia de Viagens Corporativas\",\"publisher\":{\"@id\":\"https:\/\/dynamictravel.com.br\/blog\/#organization\"},\"potentialAction\":[{\"@type\":\"SearchAction\",\"target\":{\"@type\":\"EntryPoint\",\"urlTemplate\":\"https:\/\/dynamictravel.com.br\/blog\/?s={search_term_string}\"},\"query-input\":{\"@type\":\"PropertyValueSpecification\",\"valueRequired\":true,\"valueName\":\"search_term_string\"}}],\"inLanguage\":\"pt-BR\"},{\"@type\":\"Organization\",\"@id\":\"https:\/\/dynamictravel.com.br\/blog\/#organization\",\"name\":\"Blog Dynamic Travel\",\"url\":\"https:\/\/dynamictravel.com.br\/blog\/\",\"logo\":{\"@type\":\"ImageObject\",\"inLanguage\":\"pt-BR\",\"@id\":\"https:\/\/dynamictravel.com.br\/blog\/#\/schema\/logo\/image\/\",\"url\":\"https:\/\/dynamictravel.com.br\/blog\/wp-content\/uploads\/2024\/10\/logo-dynamic-travel.webp\",\"contentUrl\":\"https:\/\/dynamictravel.com.br\/blog\/wp-content\/uploads\/2024\/10\/logo-dynamic-travel.webp\",\"width\":320,\"height\":111,\"caption\":\"Blog Dynamic Travel\"},\"image\":{\"@id\":\"https:\/\/dynamictravel.com.br\/blog\/#\/schema\/logo\/image\/\"}},{\"@type\":\"Person\",\"@id\":\"https:\/\/dynamictravel.com.br\/blog\/#\/schema\/person\/e7178e0a0ffb297c221bb32117d9745f\",\"name\":\"Reda\u00e7\u00e3o Dynamic Travel\",\"image\":{\"@type\":\"ImageObject\",\"inLanguage\":\"pt-BR\",\"@id\":\"https:\/\/dynamictravel.com.br\/blog\/#\/schema\/person\/image\/\",\"url\":\"https:\/\/secure.gravatar.com\/avatar\/1eb4bf102438663c299bc91dd2b1095c?s=96&d=mm&r=g\",\"contentUrl\":\"https:\/\/secure.gravatar.com\/avatar\/1eb4bf102438663c299bc91dd2b1095c?s=96&d=mm&r=g\",\"caption\":\"Reda\u00e7\u00e3o Dynamic Travel\"},\"sameAs\":[\"https:\/\/dynamictravel.com.br\"],\"url\":\"https:\/\/dynamictravel.com.br\/blog\/author\/redacao\/\"}]}<\/script>\n<!-- \/ Yoast SEO plugin. -->","yoast_head_json":{"title":"Principais atualiza\u00e7\u00f5es do m\u00eas de mar\u00e7o sobre o mercado das viagens corporativas - Blog Dynamic Travel","description":"Confira as principais atualiza\u00e7\u00f5es sobre o mercado das viagens corporativas.","robots":{"index":"index","follow":"follow","max-snippet":"max-snippet:-1","max-image-preview":"max-image-preview:large","max-video-preview":"max-video-preview:-1"},"canonical":"https:\/\/dynamictravel.com.br\/blog\/principais-atualizacoes-do-mes-de-marco-sobre-o-mercado-das-viagens-corporativas\/","og_locale":"pt_BR","og_type":"article","og_title":"Principais atualiza\u00e7\u00f5es do m\u00eas de mar\u00e7o sobre o mercado das viagens corporativas - Blog Dynamic Travel","og_description":"Confira as principais atualiza\u00e7\u00f5es sobre o mercado das viagens corporativas.","og_url":"https:\/\/dynamictravel.com.br\/blog\/principais-atualizacoes-do-mes-de-marco-sobre-o-mercado-das-viagens-corporativas\/","og_site_name":"Blog Dynamic Travel","article_published_time":"2023-03-30T16:39:01+00:00","article_modified_time":"2024-12-20T18:55:00+00:00","og_image":[{"width":1024,"height":1024,"url":"https:\/\/dynamictravel.com.br\/blog\/wp-content\/uploads\/2022\/07\/MicrosoftTeams-image-46.jpg","type":"image\/jpeg"}],"author":"Reda\u00e7\u00e3o Dynamic Travel","twitter_card":"summary_large_image","twitter_misc":{"Escrito por":"Reda\u00e7\u00e3o Dynamic Travel","Est. tempo de leitura":"4 minutos"},"schema":{"@context":"https:\/\/schema.org","@graph":[{"@type":"Article","@id":"https:\/\/dynamictravel.com.br\/blog\/principais-atualizacoes-do-mes-de-marco-sobre-o-mercado-das-viagens-corporativas\/#article","isPartOf":{"@id":"https:\/\/dynamictravel.com.br\/blog\/principais-atualizacoes-do-mes-de-marco-sobre-o-mercado-das-viagens-corporativas\/"},"author":{"name":"Reda\u00e7\u00e3o Dynamic Travel","@id":"https:\/\/dynamictravel.com.br\/blog\/#\/schema\/person\/e7178e0a0ffb297c221bb32117d9745f"},"headline":"Principais atualiza\u00e7\u00f5es do m\u00eas de mar\u00e7o sobre o mercado das viagens corporativas","datePublished":"2023-03-30T16:39:01+00:00","dateModified":"2024-12-20T18:55:00+00:00","mainEntityOfPage":{"@id":"https:\/\/dynamictravel.com.br\/blog\/principais-atualizacoes-do-mes-de-marco-sobre-o-mercado-das-viagens-corporativas\/"},"wordCount":707,"commentCount":0,"publisher":{"@id":"https:\/\/dynamictravel.com.br\/blog\/#organization"},"image":{"@id":"https:\/\/dynamictravel.com.br\/blog\/principais-atualizacoes-do-mes-de-marco-sobre-o-mercado-das-viagens-corporativas\/#primaryimage"},"thumbnailUrl":"https:\/\/dynamictravel.com.br\/blog\/wp-content\/uploads\/2022\/07\/MicrosoftTeams-image-46.jpg","keywords":["agenciadeviagenscorporativas","gestaodeviagens","turismocorporativo","viagenscorporativas","viagensparaempresas"],"articleSection":["Mercado"],"inLanguage":"pt-BR","potentialAction":[{"@type":"CommentAction","name":"Comment","target":["https:\/\/dynamictravel.com.br\/blog\/principais-atualizacoes-do-mes-de-marco-sobre-o-mercado-das-viagens-corporativas\/#respond"]}]},{"@type":"WebPage","@id":"https:\/\/dynamictravel.com.br\/blog\/principais-atualizacoes-do-mes-de-marco-sobre-o-mercado-das-viagens-corporativas\/","url":"https:\/\/dynamictravel.com.br\/blog\/principais-atualizacoes-do-mes-de-marco-sobre-o-mercado-das-viagens-corporativas\/","name":"Principais atualiza\u00e7\u00f5es do m\u00eas de mar\u00e7o sobre o mercado das viagens corporativas - Blog Dynamic Travel","isPartOf":{"@id":"https:\/\/dynamictravel.com.br\/blog\/#website"},"primaryImageOfPage":{"@id":"https:\/\/dynamictravel.com.br\/blog\/principais-atualizacoes-do-mes-de-marco-sobre-o-mercado-das-viagens-corporativas\/#primaryimage"},"image":{"@id":"https:\/\/dynamictravel.com.br\/blog\/principais-atualizacoes-do-mes-de-marco-sobre-o-mercado-das-viagens-corporativas\/#primaryimage"},"thumbnailUrl":"https:\/\/dynamictravel.com.br\/blog\/wp-content\/uploads\/2022\/07\/MicrosoftTeams-image-46.jpg","datePublished":"2023-03-30T16:39:01+00:00","dateModified":"2024-12-20T18:55:00+00:00","description":"Confira as principais atualiza\u00e7\u00f5es sobre o mercado das viagens corporativas.","breadcrumb":{"@id":"https:\/\/dynamictravel.com.br\/blog\/principais-atualizacoes-do-mes-de-marco-sobre-o-mercado-das-viagens-corporativas\/#breadcrumb"},"inLanguage":"pt-BR","potentialAction":[{"@type":"ReadAction","target":["https:\/\/dynamictravel.com.br\/blog\/principais-atualizacoes-do-mes-de-marco-sobre-o-mercado-das-viagens-corporativas\/"]}]},{"@type":"ImageObject","inLanguage":"pt-BR","@id":"https:\/\/dynamictravel.com.br\/blog\/principais-atualizacoes-do-mes-de-marco-sobre-o-mercado-das-viagens-corporativas\/#primaryimage","url":"https:\/\/dynamictravel.com.br\/blog\/wp-content\/uploads\/2022\/07\/MicrosoftTeams-image-46.jpg","contentUrl":"https:\/\/dynamictravel.com.br\/blog\/wp-content\/uploads\/2022\/07\/MicrosoftTeams-image-46.jpg","width":1024,"height":1024},{"@type":"BreadcrumbList","@id":"https:\/\/dynamictravel.com.br\/blog\/principais-atualizacoes-do-mes-de-marco-sobre-o-mercado-das-viagens-corporativas\/#breadcrumb","itemListElement":[{"@type":"ListItem","position":1,"name":"In\u00edcio","item":"https:\/\/dynamictravel.com.br\/blog\/"},{"@type":"ListItem","position":2,"name":"Principais atualiza\u00e7\u00f5es do m\u00eas de mar\u00e7o sobre o mercado das viagens corporativas"}]},{"@type":"WebSite","@id":"https:\/\/dynamictravel.com.br\/blog\/#website","url":"https:\/\/dynamictravel.com.br\/blog\/","name":"Blog Dynamic Travel","description":"Ag\u00eancia de Viagens Corporativas","publisher":{"@id":"https:\/\/dynamictravel.com.br\/blog\/#organization"},"potentialAction":[{"@type":"SearchAction","target":{"@type":"EntryPoint","urlTemplate":"https:\/\/dynamictravel.com.br\/blog\/?s={search_term_string}"},"query-input":{"@type":"PropertyValueSpecification","valueRequired":true,"valueName":"search_term_string"}}],"inLanguage":"pt-BR"},{"@type":"Organization","@id":"https:\/\/dynamictravel.com.br\/blog\/#organization","name":"Blog Dynamic Travel","url":"https:\/\/dynamictravel.com.br\/blog\/","logo":{"@type":"ImageObject","inLanguage":"pt-BR","@id":"https:\/\/dynamictravel.com.br\/blog\/#\/schema\/logo\/image\/","url":"https:\/\/dynamictravel.com.br\/blog\/wp-content\/uploads\/2024\/10\/logo-dynamic-travel.webp","contentUrl":"https:\/\/dynamictravel.com.br\/blog\/wp-content\/uploads\/2024\/10\/logo-dynamic-travel.webp","width":320,"height":111,"caption":"Blog Dynamic Travel"},"image":{"@id":"https:\/\/dynamictravel.com.br\/blog\/#\/schema\/logo\/image\/"}},{"@type":"Person","@id":"https:\/\/dynamictravel.com.br\/blog\/#\/schema\/person\/e7178e0a0ffb297c221bb32117d9745f","name":"Reda\u00e7\u00e3o Dynamic Travel","image":{"@type":"ImageObject","inLanguage":"pt-BR","@id":"https:\/\/dynamictravel.com.br\/blog\/#\/schema\/person\/image\/","url":"https:\/\/secure.gravatar.com\/avatar\/1eb4bf102438663c299bc91dd2b1095c?s=96&d=mm&r=g","contentUrl":"https:\/\/secure.gravatar.com\/avatar\/1eb4bf102438663c299bc91dd2b1095c?s=96&d=mm&r=g","caption":"Reda\u00e7\u00e3o Dynamic Travel"},"sameAs":["https:\/\/dynamictravel.com.br"],"url":"https:\/\/dynamictravel.com.br\/blog\/author\/redacao\/"}]}},"uagb_featured_image_src":{"full":["https:\/\/dynamictravel.com.br\/blog\/wp-content\/uploads\/2022\/07\/MicrosoftTeams-image-46.jpg",1024,1024,false],"thumbnail":["https:\/\/dynamictravel.com.br\/blog\/wp-content\/uploads\/2022\/07\/MicrosoftTeams-image-46-150x150.jpg",150,150,true],"medium":["https:\/\/dynamictravel.com.br\/blog\/wp-content\/uploads\/2022\/07\/MicrosoftTeams-image-46-300x300.jpg",300,300,true],"medium_large":["https:\/\/dynamictravel.com.br\/blog\/wp-content\/uploads\/2022\/07\/MicrosoftTeams-image-46-768x768.jpg",768,768,true],"large":["https:\/\/dynamictravel.com.br\/blog\/wp-content\/uploads\/2022\/07\/MicrosoftTeams-image-46.jpg",1024,1024,false],"1536x1536":["https:\/\/dynamictravel.com.br\/blog\/wp-content\/uploads\/2022\/07\/MicrosoftTeams-image-46.jpg",1024,1024,false],"2048x2048":["https:\/\/dynamictravel.com.br\/blog\/wp-content\/uploads\/2022\/07\/MicrosoftTeams-image-46.jpg",1024,1024,false],"trp-custom-language-flag":["https:\/\/dynamictravel.com.br\/blog\/wp-content\/uploads\/2022\/07\/MicrosoftTeams-image-46.jpg",12,12,false]},"uagb_author_info":{"display_name":"Reda\u00e7\u00e3o Dynamic Travel","author_link":"https:\/\/dynamictravel.com.br\/blog\/author\/redacao\/"},"uagb_comment_info":0,"uagb_excerpt":"Mar\u00e7o: Confira as principais atualiza\u00e7\u00f5es do mercado das viagens corporativas.","_links":{"self":[{"href":"https:\/\/dynamictravel.com.br\/blog\/wp-json\/wp\/v2\/posts\/1301","targetHints":{"allow":["GET"]}}],"collection":[{"href":"https:\/\/dynamictravel.com.br\/blog\/wp-json\/wp\/v2\/posts"}],"about":[{"href":"https:\/\/dynamictravel.com.br\/blog\/wp-json\/wp\/v2\/types\/post"}],"author":[{"embeddable":true,"href":"https:\/\/dynamictravel.com.br\/blog\/wp-json\/wp\/v2\/users\/4"}],"replies":[{"embeddable":true,"href":"https:\/\/dynamictravel.com.br\/blog\/wp-json\/wp\/v2\/comments?post=1301"}],"version-history":[{"count":28,"href":"https:\/\/dynamictravel.com.br\/blog\/wp-json\/wp\/v2\/posts\/1301\/revisions"}],"predecessor-version":[{"id":5625,"href":"https:\/\/dynamictravel.com.br\/blog\/wp-json\/wp\/v2\/posts\/1301\/revisions\/5625"}],"wp:featuredmedia":[{"embeddable":true,"href":"https:\/\/dynamictravel.com.br\/blog\/wp-json\/wp\/v2\/media\/578"}],"wp:attachment":[{"href":"https:\/\/dynamictravel.com.br\/blog\/wp-json\/wp\/v2\/media?parent=1301"}],"wp:term":[{"taxonomy":"category","embeddable":true,"href":"https:\/\/dynamictravel.com.br\/blog\/wp-json\/wp\/v2\/categories?post=1301"},{"taxonomy":"post_tag","embeddable":true,"href":"https:\/\/dynamictravel.com.br\/blog\/wp-json\/wp\/v2\/tags?post=1301"}],"curies":[{"name":"wp","href":"https:\/\/api.w.org\/{rel}","templated":true}]}}